{"id":7152,"date":"2017-06-24T13:02:32","date_gmt":"2017-06-24T11:02:32","guid":{"rendered":"http:\/\/www.altercampagne.net\/?p=7152"},"modified":"2020-02-24T14:25:21","modified_gmt":"2020-02-24T13:25:21","slug":"sur-le-chemin-de-transtion-de-clemence","status":"publish","type":"post","link":"https:\/\/www.altercampagne.net\/?p=7152","title":{"rendered":"Sur le chemin de Transtion de Cl\u00e9mence"},"content":{"rendered":"<p><a href=\"http:\/\/www.altercampagne.net\/wp-content\/uploads\/2017\/06\/2014-08-13_19.31.46_0620.jpg\"><img loading=\"lazy\" decoding=\"async\" class=\" size-medium wp-image-7153 alignright\" src=\"http:\/\/www.altercampagne.net\/wp-content\/uploads\/2017\/06\/2014-08-13_19.31.46_0620-201x300.jpg\" alt=\"2014-08-13_19.31.46_0620\" width=\"201\" height=\"300\" srcset=\"https:\/\/www.altercampagne.net\/wp-content\/uploads\/2017\/06\/2014-08-13_19.31.46_0620-201x300.jpg 201w, https:\/\/www.altercampagne.net\/wp-content\/uploads\/2017\/06\/2014-08-13_19.31.46_0620-687x1024.jpg 687w, https:\/\/www.altercampagne.net\/wp-content\/uploads\/2017\/06\/2014-08-13_19.31.46_0620.jpg 992w\" sizes=\"auto, (max-width: 201px) 100vw, 201px\" \/><\/a>\u201cJe suis arriv\u00e9e sur l\u2019AlterTour 2012 avec une grosse peur de faire du v\u00e9lo tous les jours.<\/p>\n<p>Mais \u00e7a s\u2019est tr\u00e8s bien pass\u00e9 gr\u00e2ce \u00e0 l\u2019effet bienveillance du groupe !<\/p>\n<p>Salari\u00e9e sur Paris du Genepi, le Groupement \u00c9tudiant National d\u2019Enseignement aux Personnes Incarc\u00e9r\u00e9es, j\u2019\u00e9tais d\u00e9j\u00e0 dans l\u2019alternative de mani\u00e8re g\u00e9n\u00e9rale. Mais l\u00e0-bas, c\u2019est quand m\u00eame compliqu\u00e9.<\/p>\n<p>De rencontrer des alternatives m\u2019a rassur\u00e9e. Y compris pour surmonter certaines difficult\u00e9s, toujours gr\u00e2ce \u00e0 la force d\u2019un groupe.<\/p>\n<p>Apr\u00e8s un essai en mara\u00eechage, des potes de coloc\u2019 ont ramen\u00e9 du levain d\u2019Espagne. Je me suis mise \u00e0 faire du pain pour tout le monde.<\/p>\n<p>Plus tard, lors des rencontres de \u201cReclaim the field \/ Ram\u00e8ne ta fourche\u201d, j\u2019ai fait ma premi\u00e8re fourn\u00e9e. Et l\u00e0, le d\u00e9clic ! C\u2019est all\u00e9 tr\u00e8s vite. Je suis devenue une machine \u00e0 d\u00e9velopper mon activit\u00e9 Pain.<\/p>\n<p>Aujourd\u2019hui, je suis entrepreneure-salari\u00e9e au sein de la<br \/>\ncoop\u00e9rative d\u2019activit\u00e9s Chrysalide. Gr\u00e2ce \u00e0 un financement et un chantier participatifs d\u00e9but 2016, j\u2019ai pu faire mon four en Bretagne. J&rsquo;ai rejoins la <strong><a href=\"https:\/\/lascidekervel.wordpress.com\/les-ateliers\/\" target=\"_blank\" rel=\"noopener noreferrer\">Ferme collective de Kervel<\/a><\/strong> \u00e0 Hanvec (29).<\/p>\n<p>Le 21 juin, c\u2019\u00e9tait ma premi\u00e8re fourn\u00e9e, et 1 mois plus tard, je livrais mon pain \u00e0 \u2026 l\u2019AlterTour 2016 !!!\u201d<\/p>\n","protected":false},"excerpt":{"rendered":"<p>\u201cJe suis arriv\u00e9e sur l\u2019AlterTour 2012 avec une grosse peur de faire du v\u00e9lo tous les jours. Mais \u00e7a s\u2019est tr\u00e8s bien pass\u00e9 gr\u00e2ce \u00e0 l\u2019effet bienveillance du groupe ! Salari\u00e9e sur Paris du Genepi, le Groupement \u00c9tudiant National d\u2019Enseignement aux Personnes Incarc\u00e9r\u00e9es, j\u2019\u00e9tais d\u00e9j\u00e0 dans l\u2019alternative de mani\u00e8re g\u00e9n\u00e9rale. &#8230; <\/p>\n<div><a href=\"https:\/\/www.altercampagne.net\/?p=7152\" class=\"more-link\">Read More<\/a><\/div>\n","protected":false},"author":214,"featured_media":0,"comment_status":"closed","ping_status":"closed","sticky":false,"template":"","format":"standard","meta":{"footnotes":""},"categories":[3483,3472,4054],"tags":[964,4118,4120,4121,4122],"class_list":["post-7152","post","type-post","status-publish","format-standard","hentry","category-agriculture","category-bretagne","category-temoignages","tag-pain","tag-clemence-paillard","tag-boulangere","tag-ferme-de-kervel","tag-hanvec","no-post-thumbnail"],"yoast_head":"<!-- This site is optimized with the Yoast SEO plugin v27.3 - https:\/\/yoast.com\/product\/yoast-seo-wordpress\/ -->\n<title>Sur le chemin de Transtion de Cl\u00e9mence - AlterTour<\/title>\n<meta name=\"robots\" content=\"index, follow, max-snippet:-1, max-image-preview:large, max-video-preview:-1\" \/>\n<link rel=\"canonical\" href=\"https:\/\/www.altercampagne.net\/?p=7152\" \/>\n<meta property=\"og:locale\" content=\"fr_FR\" \/>\n<meta property=\"og:type\" content=\"article\" \/>\n<meta property=\"og:title\" content=\"Sur le chemin de Transtion de Cl\u00e9mence - AlterTour\" \/>\n<meta property=\"og:description\" content=\"\u201cJe suis arriv\u00e9e sur l\u2019AlterTour 2012 avec une grosse peur de faire du v\u00e9lo tous les jours. Mais \u00e7a s\u2019est tr\u00e8s bien pass\u00e9 gr\u00e2ce \u00e0 l\u2019effet bienveillance du groupe ! Salari\u00e9e sur Paris du Genepi, le Groupement \u00c9tudiant National d\u2019Enseignement aux Personnes Incarc\u00e9r\u00e9es, j\u2019\u00e9tais d\u00e9j\u00e0 dans l\u2019alternative de mani\u00e8re g\u00e9n\u00e9rale. ... Read More\" \/>\n<meta property=\"og:url\" content=\"https:\/\/www.altercampagne.net\/?p=7152\" \/>\n<meta property=\"og:site_name\" content=\"AlterTour\" \/>\n<meta property=\"article:published_time\" content=\"2017-06-24T11:02:32+00:00\" \/>\n<meta property=\"article:modified_time\" content=\"2020-02-24T13:25:21+00:00\" \/>\n<meta property=\"og:image\" content=\"http:\/\/www.altercampagne.net\/wp-content\/uploads\/2017\/06\/2014-08-13_19.31.46_0620-201x300.jpg\" \/>\n<meta name=\"author\" content=\"Mathieu\" \/>\n<meta name=\"twitter:card\" content=\"summary_large_image\" \/>\n<meta name=\"twitter:label1\" content=\"\u00c9crit par\" \/>\n\t<meta name=\"twitter:data1\" content=\"Mathieu\" \/>\n\t<meta name=\"twitter:label2\" content=\"Dur\u00e9e de lecture estim\u00e9e\" \/>\n\t<meta name=\"twitter:data2\" content=\"1 minute\" \/>\n<script type=\"application\/ld+json\" class=\"yoast-schema-graph\">{\"@context\":\"https:\\\/\\\/schema.org\",\"@graph\":[{\"@type\":\"Article\",\"@id\":\"https:\\\/\\\/www.altercampagne.net\\\/?p=7152#article\",\"isPartOf\":{\"@id\":\"https:\\\/\\\/www.altercampagne.net\\\/?p=7152\"},\"author\":{\"name\":\"Mathieu\",\"@id\":\"https:\\\/\\\/www.altercampagne.net\\\/#\\\/schema\\\/person\\\/0f261460c09e430caa0f9bcffa319109\"},\"headline\":\"Sur le chemin de Transtion de Cl\u00e9mence\",\"datePublished\":\"2017-06-24T11:02:32+00:00\",\"dateModified\":\"2020-02-24T13:25:21+00:00\",\"mainEntityOfPage\":{\"@id\":\"https:\\\/\\\/www.altercampagne.net\\\/?p=7152\"},\"wordCount\":236,\"image\":{\"@id\":\"https:\\\/\\\/www.altercampagne.net\\\/?p=7152#primaryimage\"},\"thumbnailUrl\":\"http:\\\/\\\/www.altercampagne.net\\\/wp-content\\\/uploads\\\/2017\\\/06\\\/2014-08-13_19.31.46_0620-201x300.jpg\",\"keywords\":[\"pain\",\"Cl\u00e9mence Paillard\",\"boulang\u00e8re\",\"ferme de kervel\",\"Hanvec\"],\"articleSection\":[\"Agriculture\",\"Bretagne\",\"T\u00e9moignages\"],\"inLanguage\":\"fr-FR\"},{\"@type\":\"WebPage\",\"@id\":\"https:\\\/\\\/www.altercampagne.net\\\/?p=7152\",\"url\":\"https:\\\/\\\/www.altercampagne.net\\\/?p=7152\",\"name\":\"Sur le chemin de Transtion de Cl\u00e9mence - AlterTour\",\"isPartOf\":{\"@id\":\"https:\\\/\\\/www.altercampagne.net\\\/#website\"},\"primaryImageOfPage\":{\"@id\":\"https:\\\/\\\/www.altercampagne.net\\\/?p=7152#primaryimage\"},\"image\":{\"@id\":\"https:\\\/\\\/www.altercampagne.net\\\/?p=7152#primaryimage\"},\"thumbnailUrl\":\"http:\\\/\\\/www.altercampagne.net\\\/wp-content\\\/uploads\\\/2017\\\/06\\\/2014-08-13_19.31.46_0620-201x300.jpg\",\"datePublished\":\"2017-06-24T11:02:32+00:00\",\"dateModified\":\"2020-02-24T13:25:21+00:00\",\"author\":{\"@id\":\"https:\\\/\\\/www.altercampagne.net\\\/#\\\/schema\\\/person\\\/0f261460c09e430caa0f9bcffa319109\"},\"breadcrumb\":{\"@id\":\"https:\\\/\\\/www.altercampagne.net\\\/?p=7152#breadcrumb\"},\"inLanguage\":\"fr-FR\",\"potentialAction\":[{\"@type\":\"ReadAction\",\"target\":[\"https:\\\/\\\/www.altercampagne.net\\\/?p=7152\"]}]},{\"@type\":\"ImageObject\",\"inLanguage\":\"fr-FR\",\"@id\":\"https:\\\/\\\/www.altercampagne.net\\\/?p=7152#primaryimage\",\"url\":\"https:\\\/\\\/www.altercampagne.net\\\/wp-content\\\/uploads\\\/2017\\\/06\\\/2014-08-13_19.31.46_0620.jpg\",\"contentUrl\":\"https:\\\/\\\/www.altercampagne.net\\\/wp-content\\\/uploads\\\/2017\\\/06\\\/2014-08-13_19.31.46_0620.jpg\",\"width\":992,\"height\":1478},{\"@type\":\"BreadcrumbList\",\"@id\":\"https:\\\/\\\/www.altercampagne.net\\\/?p=7152#breadcrumb\",\"itemListElement\":[{\"@type\":\"ListItem\",\"position\":1,\"name\":\"Accueil\",\"item\":\"https:\\\/\\\/www.altercampagne.net\\\/\"},{\"@type\":\"ListItem\",\"position\":2,\"name\":\"Sur le chemin de Transtion de Cl\u00e9mence\"}]},{\"@type\":\"WebSite\",\"@id\":\"https:\\\/\\\/www.altercampagne.net\\\/#website\",\"url\":\"https:\\\/\\\/www.altercampagne.net\\\/\",\"name\":\"AlterTour\",\"description\":\"Reliez les Alternatives \u00e0 v\u00e9lo\",\"potentialAction\":[{\"@type\":\"SearchAction\",\"target\":{\"@type\":\"EntryPoint\",\"urlTemplate\":\"https:\\\/\\\/www.altercampagne.net\\\/?s={search_term_string}\"},\"query-input\":{\"@type\":\"PropertyValueSpecification\",\"valueRequired\":true,\"valueName\":\"search_term_string\"}}],\"inLanguage\":\"fr-FR\"},{\"@type\":\"Person\",\"@id\":\"https:\\\/\\\/www.altercampagne.net\\\/#\\\/schema\\\/person\\\/0f261460c09e430caa0f9bcffa319109\",\"name\":\"Mathieu\",\"image\":{\"@type\":\"ImageObject\",\"inLanguage\":\"fr-FR\",\"@id\":\"https:\\\/\\\/secure.gravatar.com\\\/avatar\\\/aa9d3d24c83f2141e5e2709d0f63d09a99f6be6bb7a50abc4915838d9f54501a?s=96&d=mm&r=g\",\"url\":\"https:\\\/\\\/secure.gravatar.com\\\/avatar\\\/aa9d3d24c83f2141e5e2709d0f63d09a99f6be6bb7a50abc4915838d9f54501a?s=96&d=mm&r=g\",\"contentUrl\":\"https:\\\/\\\/secure.gravatar.com\\\/avatar\\\/aa9d3d24c83f2141e5e2709d0f63d09a99f6be6bb7a50abc4915838d9f54501a?s=96&d=mm&r=g\",\"caption\":\"Mathieu\"},\"url\":\"https:\\\/\\\/www.altercampagne.net\\\/?author=214\"}]}<\/script>\n<!-- \/ Yoast SEO plugin. -->","yoast_head_json":{"title":"Sur le chemin de Transtion de Cl\u00e9mence - AlterTour","robots":{"index":"index","follow":"follow","max-snippet":"max-snippet:-1","max-image-preview":"max-image-preview:large","max-video-preview":"max-video-preview:-1"},"canonical":"https:\/\/www.altercampagne.net\/?p=7152","og_locale":"fr_FR","og_type":"article","og_title":"Sur le chemin de Transtion de Cl\u00e9mence - AlterTour","og_description":"\u201cJe suis arriv\u00e9e sur l\u2019AlterTour 2012 avec une grosse peur de faire du v\u00e9lo tous les jours. Mais \u00e7a s\u2019est tr\u00e8s bien pass\u00e9 gr\u00e2ce \u00e0 l\u2019effet bienveillance du groupe ! Salari\u00e9e sur Paris du Genepi, le Groupement \u00c9tudiant National d\u2019Enseignement aux Personnes Incarc\u00e9r\u00e9es, j\u2019\u00e9tais d\u00e9j\u00e0 dans l\u2019alternative de mani\u00e8re g\u00e9n\u00e9rale. ... Read More","og_url":"https:\/\/www.altercampagne.net\/?p=7152","og_site_name":"AlterTour","article_published_time":"2017-06-24T11:02:32+00:00","article_modified_time":"2020-02-24T13:25:21+00:00","og_image":[{"url":"http:\/\/www.altercampagne.net\/wp-content\/uploads\/2017\/06\/2014-08-13_19.31.46_0620-201x300.jpg","type":"","width":"","height":""}],"author":"Mathieu","twitter_card":"summary_large_image","twitter_misc":{"\u00c9crit par":"Mathieu","Dur\u00e9e de lecture estim\u00e9e":"1 minute"},"schema":{"@context":"https:\/\/schema.org","@graph":[{"@type":"Article","@id":"https:\/\/www.altercampagne.net\/?p=7152#article","isPartOf":{"@id":"https:\/\/www.altercampagne.net\/?p=7152"},"author":{"name":"Mathieu","@id":"https:\/\/www.altercampagne.net\/#\/schema\/person\/0f261460c09e430caa0f9bcffa319109"},"headline":"Sur le chemin de Transtion de Cl\u00e9mence","datePublished":"2017-06-24T11:02:32+00:00","dateModified":"2020-02-24T13:25:21+00:00","mainEntityOfPage":{"@id":"https:\/\/www.altercampagne.net\/?p=7152"},"wordCount":236,"image":{"@id":"https:\/\/www.altercampagne.net\/?p=7152#primaryimage"},"thumbnailUrl":"http:\/\/www.altercampagne.net\/wp-content\/uploads\/2017\/06\/2014-08-13_19.31.46_0620-201x300.jpg","keywords":["pain","Cl\u00e9mence Paillard","boulang\u00e8re","ferme de kervel","Hanvec"],"articleSection":["Agriculture","Bretagne","T\u00e9moignages"],"inLanguage":"fr-FR"},{"@type":"WebPage","@id":"https:\/\/www.altercampagne.net\/?p=7152","url":"https:\/\/www.altercampagne.net\/?p=7152","name":"Sur le chemin de Transtion de Cl\u00e9mence - AlterTour","isPartOf":{"@id":"https:\/\/www.altercampagne.net\/#website"},"primaryImageOfPage":{"@id":"https:\/\/www.altercampagne.net\/?p=7152#primaryimage"},"image":{"@id":"https:\/\/www.altercampagne.net\/?p=7152#primaryimage"},"thumbnailUrl":"http:\/\/www.altercampagne.net\/wp-content\/uploads\/2017\/06\/2014-08-13_19.31.46_0620-201x300.jpg","datePublished":"2017-06-24T11:02:32+00:00","dateModified":"2020-02-24T13:25:21+00:00","author":{"@id":"https:\/\/www.altercampagne.net\/#\/schema\/person\/0f261460c09e430caa0f9bcffa319109"},"breadcrumb":{"@id":"https:\/\/www.altercampagne.net\/?p=7152#breadcrumb"},"inLanguage":"fr-FR","potentialAction":[{"@type":"ReadAction","target":["https:\/\/www.altercampagne.net\/?p=7152"]}]},{"@type":"ImageObject","inLanguage":"fr-FR","@id":"https:\/\/www.altercampagne.net\/?p=7152#primaryimage","url":"https:\/\/www.altercampagne.net\/wp-content\/uploads\/2017\/06\/2014-08-13_19.31.46_0620.jpg","contentUrl":"https:\/\/www.altercampagne.net\/wp-content\/uploads\/2017\/06\/2014-08-13_19.31.46_0620.jpg","width":992,"height":1478},{"@type":"BreadcrumbList","@id":"https:\/\/www.altercampagne.net\/?p=7152#breadcrumb","itemListElement":[{"@type":"ListItem","position":1,"name":"Accueil","item":"https:\/\/www.altercampagne.net\/"},{"@type":"ListItem","position":2,"name":"Sur le chemin de Transtion de Cl\u00e9mence"}]},{"@type":"WebSite","@id":"https:\/\/www.altercampagne.net\/#website","url":"https:\/\/www.altercampagne.net\/","name":"AlterTour","description":"Reliez les Alternatives \u00e0 v\u00e9lo","potentialAction":[{"@type":"SearchAction","target":{"@type":"EntryPoint","urlTemplate":"https:\/\/www.altercampagne.net\/?s={search_term_string}"},"query-input":{"@type":"PropertyValueSpecification","valueRequired":true,"valueName":"search_term_string"}}],"inLanguage":"fr-FR"},{"@type":"Person","@id":"https:\/\/www.altercampagne.net\/#\/schema\/person\/0f261460c09e430caa0f9bcffa319109","name":"Mathieu","image":{"@type":"ImageObject","inLanguage":"fr-FR","@id":"https:\/\/secure.gravatar.com\/avatar\/aa9d3d24c83f2141e5e2709d0f63d09a99f6be6bb7a50abc4915838d9f54501a?s=96&d=mm&r=g","url":"https:\/\/secure.gravatar.com\/avatar\/aa9d3d24c83f2141e5e2709d0f63d09a99f6be6bb7a50abc4915838d9f54501a?s=96&d=mm&r=g","contentUrl":"https:\/\/secure.gravatar.com\/avatar\/aa9d3d24c83f2141e5e2709d0f63d09a99f6be6bb7a50abc4915838d9f54501a?s=96&d=mm&r=g","caption":"Mathieu"},"url":"https:\/\/www.altercampagne.net\/?author=214"}]}},"_links":{"self":[{"href":"https:\/\/www.altercampagne.net\/index.php?rest_route=\/wp\/v2\/posts\/7152","targetHints":{"allow":["GET"]}}],"collection":[{"href":"https:\/\/www.altercampagne.net\/index.php?rest_route=\/wp\/v2\/posts"}],"about":[{"href":"https:\/\/www.altercampagne.net\/index.php?rest_route=\/wp\/v2\/types\/post"}],"author":[{"embeddable":true,"href":"https:\/\/www.altercampagne.net\/index.php?rest_route=\/wp\/v2\/users\/214"}],"replies":[{"embeddable":true,"href":"https:\/\/www.altercampagne.net\/index.php?rest_route=%2Fwp%2Fv2%2Fcomments&post=7152"}],"version-history":[{"count":1,"href":"https:\/\/www.altercampagne.net\/index.php?rest_route=\/wp\/v2\/posts\/7152\/revisions"}],"predecessor-version":[{"id":17292,"href":"https:\/\/www.altercampagne.net\/index.php?rest_route=\/wp\/v2\/posts\/7152\/revisions\/17292"}],"wp:attachment":[{"href":"https:\/\/www.altercampagne.net\/index.php?rest_route=%2Fwp%2Fv2%2Fmedia&parent=7152"}],"wp:term":[{"taxonomy":"category","embeddable":true,"href":"https:\/\/www.altercampagne.net\/index.php?rest_route=%2Fwp%2Fv2%2Fcategories&post=7152"},{"taxonomy":"post_tag","embeddable":true,"href":"https:\/\/www.altercampagne.net\/index.php?rest_route=%2Fwp%2Fv2%2Ftags&post=7152"}],"curies":[{"name":"wp","href":"https:\/\/api.w.org\/{rel}","templated":true}]}}