{"id":7195,"date":"2017-06-20T09:02:54","date_gmt":"2017-06-20T07:02:54","guid":{"rendered":"http:\/\/www.altercampagne.net\/?p=7195"},"modified":"2020-02-24T17:51:22","modified_gmt":"2020-02-24T16:51:22","slug":"alternatiba-montpellier-herault-les-25-et-26-juillet-2017-a-montpellier","status":"publish","type":"post","link":"https:\/\/www.altercampagne.net\/?p=7195","title":{"rendered":"Alternatiba Montpellier-H\u00e9rault les 25 et 26 juillet 2017 \u00e0 Montpellier"},"content":{"rendered":"<p><a href=\"http:\/\/www.altercampagne.net\/wp-content\/uploads\/2017\/06\/logo-Alternatiba-Montpellier.jpg\"><img loading=\"lazy\" decoding=\"async\" class=\" size-medium wp-image-7172 alignright\" src=\"http:\/\/www.altercampagne.net\/wp-content\/uploads\/2017\/06\/logo-Alternatiba-Montpellier-300x182.jpg\" alt=\"logo-Alternatiba-Montpellier\" width=\"300\" height=\"182\" srcset=\"https:\/\/www.altercampagne.net\/wp-content\/uploads\/2017\/06\/logo-Alternatiba-Montpellier-300x182.jpg 300w, https:\/\/www.altercampagne.net\/wp-content\/uploads\/2017\/06\/logo-Alternatiba-Montpellier.jpg 680w\" sizes=\"auto, (max-width: 300px) 100vw, 300px\" \/><\/a>Membre du r\u00e9seau europ\u00e9en Alternatiba qui regroupe plus de 100 collectifs locaux, autour d&rsquo;un enjeu primordial :<\/p>\n<p style=\"text-align: center;\">L\u2019urgence climatique<br \/>\nChanger le syst\u00e8me, pas le climat<\/p>\n<p>Lanc\u00e9 fin 2014, Alternatiba-Montpellier-H\u00e9rault est un collectif d\u2019associations et de citoyens qui se mobilise pour agir en faveur des alternatives locales aux crises climatique \u00e9cologique et sociale. Avec une approche r\u00e9solument positive, il appelle le public le plus large \u00e0 les d\u00e9couvrir, \u00e0 les exp\u00e9rimenter et \u00e0 s\u2019en emparer \u00e0 l\u2019occasion de manifestations diverses.<br \/>\nEn 2015, apr\u00e8s avoir accueilli en juin le tour Alternatiba en velo quadruplette (500 personnes dont plus de 100 cyclistes, d\u00e9ambulation festive et soir\u00e9e conf\u00e9rences &#8211; d\u00e9bats + artistes), en septembre Alternatiba Montpellier a organis\u00e9 avec plus de 100 collectifs un village des Alternatives. Install\u00e9 dans un quartier populaire de la ville, ce festival a attir\u00e9 <a href=\"http:\/\/www.altercampagne.net\/wp-content\/uploads\/2017\/06\/Alternatiba-Montpellier.jpg\"><img loading=\"lazy\" decoding=\"async\" class=\" size-medium wp-image-7174 alignleft\" src=\"http:\/\/www.altercampagne.net\/wp-content\/uploads\/2017\/06\/Alternatiba-Montpellier-300x219.jpg\" alt=\"Alternatiba Montpellier\" width=\"300\" height=\"219\" srcset=\"https:\/\/www.altercampagne.net\/wp-content\/uploads\/2017\/06\/Alternatiba-Montpellier-300x219.jpg 300w, https:\/\/www.altercampagne.net\/wp-content\/uploads\/2017\/06\/Alternatiba-Montpellier.jpg 686w\" sizes=\"auto, (max-width: 300px) 100vw, 300px\" \/><\/a>sur une journ\u00e9e plus de 10000 personnes de toutes origines. Fin novembre, Alternatiba a \u00e9galement organis\u00e9 la marche pour le climat, lors de l\u2019ouverture de la COP 21.<br \/>\nDepuis lors, le collectif poursuit son action de mise en convergence des collectifs et des citoyens pour la promotion et la mise en place de la transition \u00e9cologique et sociale. Exemples : co-organisation de la journ\u00e9e de la Transition citoyenne en septembre 2016 et 2017, co-organisation en mars 2017 d\u2019un week end de construction du r\u00e9seau Territoire en transition (100 participants entre Nimes, le Vigan et Montpellier), participation au mois de l\u2019agro-\u00e9cologie sur la m\u00e9tropole de Montpellier, accueil de l&rsquo;AlterTour les 25 et 26 juillet 2017, etc\u2026<br \/>\nAlternatiba c\u2019est aussi r\u00e9sister ou lutter contre les fausses solutions ou les projets climaticides : manifestation contre le gaz de schiste et les infrastructures inutiles, d\u00e9nonciation publique de l\u2019\u00e9vasion fiscale organis\u00e9e par les banques au d\u00e9triment des budgets publics pour la transition\u2026<\/p>\n<p>Alternatiba Montpellier-H\u00e9rault accueillera l\u2019AlterTour les 25 et 26 juillet 2017 \u00e0 Montpellier. Pour plus d\u2019infos consultez le <a href=\"http:\/\/www.altercampagne.net\/?page_id=150\">programme<\/a><\/p>\n","protected":false},"excerpt":{"rendered":"<p>Membre du r\u00e9seau europ\u00e9en Alternatiba qui regroupe plus de 100 collectifs locaux, autour d&rsquo;un enjeu primordial : L\u2019urgence climatique Changer le syst\u00e8me, pas le climat Lanc\u00e9 fin 2014, Alternatiba-Montpellier-H\u00e9rault est un collectif d\u2019associations et de citoyens qui se mobilise pour agir en faveur des alternatives locales aux crises climatique \u00e9cologique &#8230; <\/p>\n<div><a href=\"https:\/\/www.altercampagne.net\/?p=7195\" class=\"more-link\">Read More<\/a><\/div>\n","protected":false},"author":215,"featured_media":0,"comment_status":"closed","ping_status":"closed","sticky":false,"template":"","format":"standard","meta":{"footnotes":""},"categories":[3457,3542,3480],"tags":[11,1341,1972,1973,2783,2784,2785,3035,3038],"class_list":["post-7195","post","type-post","status-publish","format-standard","hentry","category-edition-2017","category-lutte","category-occitanie","tag-alternatiba","tag-montpellier","tag-herault","tag-languedoc-roussillon","tag-altertour-2017","tag-2784","tag-occitanie","tag-cop-21","tag-alternatiba-montpellier","no-post-thumbnail"],"yoast_head":"<!-- This site is optimized with the Yoast SEO plugin v27.3 - https:\/\/yoast.com\/product\/yoast-seo-wordpress\/ -->\n<title>Alternatiba Montpellier-H\u00e9rault les 25 et 26 juillet 2017 \u00e0 Montpellier - AlterTour<\/title>\n<meta name=\"robots\" content=\"index, follow, max-snippet:-1, max-image-preview:large, max-video-preview:-1\" \/>\n<link rel=\"canonical\" href=\"https:\/\/www.altercampagne.net\/?p=7195\" \/>\n<meta property=\"og:locale\" content=\"fr_FR\" \/>\n<meta property=\"og:type\" content=\"article\" \/>\n<meta property=\"og:title\" content=\"Alternatiba Montpellier-H\u00e9rault les 25 et 26 juillet 2017 \u00e0 Montpellier - AlterTour\" \/>\n<meta property=\"og:description\" content=\"Membre du r\u00e9seau europ\u00e9en Alternatiba qui regroupe plus de 100 collectifs locaux, autour d&rsquo;un enjeu primordial : L\u2019urgence climatique Changer le syst\u00e8me, pas le climat Lanc\u00e9 fin 2014, Alternatiba-Montpellier-H\u00e9rault est un collectif d\u2019associations et de citoyens qui se mobilise pour agir en faveur des alternatives locales aux crises climatique \u00e9cologique ... Read More\" \/>\n<meta property=\"og:url\" content=\"https:\/\/www.altercampagne.net\/?p=7195\" \/>\n<meta property=\"og:site_name\" content=\"AlterTour\" \/>\n<meta property=\"article:published_time\" content=\"2017-06-20T07:02:54+00:00\" \/>\n<meta property=\"article:modified_time\" content=\"2020-02-24T16:51:22+00:00\" \/>\n<meta property=\"og:image\" content=\"http:\/\/www.altercampagne.net\/wp-content\/uploads\/2017\/06\/logo-Alternatiba-Montpellier-300x182.jpg\" \/>\n<meta name=\"author\" content=\"AlterTour\" \/>\n<meta name=\"twitter:card\" content=\"summary_large_image\" \/>\n<meta name=\"twitter:label1\" content=\"\u00c9crit par\" \/>\n\t<meta name=\"twitter:data1\" content=\"AlterTour\" \/>\n\t<meta name=\"twitter:label2\" content=\"Dur\u00e9e de lecture estim\u00e9e\" \/>\n\t<meta name=\"twitter:data2\" content=\"2 minutes\" \/>\n<script type=\"application\/ld+json\" class=\"yoast-schema-graph\">{\"@context\":\"https:\\\/\\\/schema.org\",\"@graph\":[{\"@type\":\"Article\",\"@id\":\"https:\\\/\\\/www.altercampagne.net\\\/?p=7195#article\",\"isPartOf\":{\"@id\":\"https:\\\/\\\/www.altercampagne.net\\\/?p=7195\"},\"author\":{\"name\":\"AlterTour\",\"@id\":\"https:\\\/\\\/www.altercampagne.net\\\/#\\\/schema\\\/person\\\/e5b68c803196f649c2152249d262d94a\"},\"headline\":\"Alternatiba Montpellier-H\u00e9rault les 25 et 26 juillet 2017 \u00e0 Montpellier\",\"datePublished\":\"2017-06-20T07:02:54+00:00\",\"dateModified\":\"2020-02-24T16:51:22+00:00\",\"mainEntityOfPage\":{\"@id\":\"https:\\\/\\\/www.altercampagne.net\\\/?p=7195\"},\"wordCount\":325,\"image\":{\"@id\":\"https:\\\/\\\/www.altercampagne.net\\\/?p=7195#primaryimage\"},\"thumbnailUrl\":\"http:\\\/\\\/www.altercampagne.net\\\/wp-content\\\/uploads\\\/2017\\\/06\\\/logo-Alternatiba-Montpellier-300x182.jpg\",\"keywords\":[\"alternatiba\",\"Montpellier\",\"h\u00e9rault\",\"languedoc-roussillon\",\"AlterTour 2017\",\"2017\",\"Occitanie\",\"COP 21\",\"Alternatiba Montpellier\"],\"articleSection\":[\"\u00c9dition 2017\",\"Lutte\",\"Occitanie\"],\"inLanguage\":\"fr-FR\"},{\"@type\":\"WebPage\",\"@id\":\"https:\\\/\\\/www.altercampagne.net\\\/?p=7195\",\"url\":\"https:\\\/\\\/www.altercampagne.net\\\/?p=7195\",\"name\":\"Alternatiba Montpellier-H\u00e9rault les 25 et 26 juillet 2017 \u00e0 Montpellier - AlterTour\",\"isPartOf\":{\"@id\":\"https:\\\/\\\/www.altercampagne.net\\\/#website\"},\"primaryImageOfPage\":{\"@id\":\"https:\\\/\\\/www.altercampagne.net\\\/?p=7195#primaryimage\"},\"image\":{\"@id\":\"https:\\\/\\\/www.altercampagne.net\\\/?p=7195#primaryimage\"},\"thumbnailUrl\":\"http:\\\/\\\/www.altercampagne.net\\\/wp-content\\\/uploads\\\/2017\\\/06\\\/logo-Alternatiba-Montpellier-300x182.jpg\",\"datePublished\":\"2017-06-20T07:02:54+00:00\",\"dateModified\":\"2020-02-24T16:51:22+00:00\",\"author\":{\"@id\":\"https:\\\/\\\/www.altercampagne.net\\\/#\\\/schema\\\/person\\\/e5b68c803196f649c2152249d262d94a\"},\"breadcrumb\":{\"@id\":\"https:\\\/\\\/www.altercampagne.net\\\/?p=7195#breadcrumb\"},\"inLanguage\":\"fr-FR\",\"potentialAction\":[{\"@type\":\"ReadAction\",\"target\":[\"https:\\\/\\\/www.altercampagne.net\\\/?p=7195\"]}]},{\"@type\":\"ImageObject\",\"inLanguage\":\"fr-FR\",\"@id\":\"https:\\\/\\\/www.altercampagne.net\\\/?p=7195#primaryimage\",\"url\":\"https:\\\/\\\/www.altercampagne.net\\\/wp-content\\\/uploads\\\/2017\\\/06\\\/logo-Alternatiba-Montpellier.jpg\",\"contentUrl\":\"https:\\\/\\\/www.altercampagne.net\\\/wp-content\\\/uploads\\\/2017\\\/06\\\/logo-Alternatiba-Montpellier.jpg\",\"width\":680,\"height\":413},{\"@type\":\"BreadcrumbList\",\"@id\":\"https:\\\/\\\/www.altercampagne.net\\\/?p=7195#breadcrumb\",\"itemListElement\":[{\"@type\":\"ListItem\",\"position\":1,\"name\":\"Accueil\",\"item\":\"https:\\\/\\\/www.altercampagne.net\\\/\"},{\"@type\":\"ListItem\",\"position\":2,\"name\":\"Alternatiba Montpellier-H\u00e9rault les 25 et 26 juillet 2017 \u00e0 Montpellier\"}]},{\"@type\":\"WebSite\",\"@id\":\"https:\\\/\\\/www.altercampagne.net\\\/#website\",\"url\":\"https:\\\/\\\/www.altercampagne.net\\\/\",\"name\":\"AlterTour\",\"description\":\"Reliez les Alternatives \u00e0 v\u00e9lo\",\"potentialAction\":[{\"@type\":\"SearchAction\",\"target\":{\"@type\":\"EntryPoint\",\"urlTemplate\":\"https:\\\/\\\/www.altercampagne.net\\\/?s={search_term_string}\"},\"query-input\":{\"@type\":\"PropertyValueSpecification\",\"valueRequired\":true,\"valueName\":\"search_term_string\"}}],\"inLanguage\":\"fr-FR\"},{\"@type\":\"Person\",\"@id\":\"https:\\\/\\\/www.altercampagne.net\\\/#\\\/schema\\\/person\\\/e5b68c803196f649c2152249d262d94a\",\"name\":\"AlterTour\",\"image\":{\"@type\":\"ImageObject\",\"inLanguage\":\"fr-FR\",\"@id\":\"https:\\\/\\\/secure.gravatar.com\\\/avatar\\\/3f2ed77f8506b8ea264ad5938bb0114bfa10f35b64086a66dfbb6e9f58ad9693?s=96&d=mm&r=g\",\"url\":\"https:\\\/\\\/secure.gravatar.com\\\/avatar\\\/3f2ed77f8506b8ea264ad5938bb0114bfa10f35b64086a66dfbb6e9f58ad9693?s=96&d=mm&r=g\",\"contentUrl\":\"https:\\\/\\\/secure.gravatar.com\\\/avatar\\\/3f2ed77f8506b8ea264ad5938bb0114bfa10f35b64086a66dfbb6e9f58ad9693?s=96&d=mm&r=g\",\"caption\":\"AlterTour\"},\"url\":\"https:\\\/\\\/www.altercampagne.net\\\/?author=215\"}]}<\/script>\n<!-- \/ Yoast SEO plugin. -->","yoast_head_json":{"title":"Alternatiba Montpellier-H\u00e9rault les 25 et 26 juillet 2017 \u00e0 Montpellier - AlterTour","robots":{"index":"index","follow":"follow","max-snippet":"max-snippet:-1","max-image-preview":"max-image-preview:large","max-video-preview":"max-video-preview:-1"},"canonical":"https:\/\/www.altercampagne.net\/?p=7195","og_locale":"fr_FR","og_type":"article","og_title":"Alternatiba Montpellier-H\u00e9rault les 25 et 26 juillet 2017 \u00e0 Montpellier - AlterTour","og_description":"Membre du r\u00e9seau europ\u00e9en Alternatiba qui regroupe plus de 100 collectifs locaux, autour d&rsquo;un enjeu primordial : L\u2019urgence climatique Changer le syst\u00e8me, pas le climat Lanc\u00e9 fin 2014, Alternatiba-Montpellier-H\u00e9rault est un collectif d\u2019associations et de citoyens qui se mobilise pour agir en faveur des alternatives locales aux crises climatique \u00e9cologique ... Read More","og_url":"https:\/\/www.altercampagne.net\/?p=7195","og_site_name":"AlterTour","article_published_time":"2017-06-20T07:02:54+00:00","article_modified_time":"2020-02-24T16:51:22+00:00","og_image":[{"url":"http:\/\/www.altercampagne.net\/wp-content\/uploads\/2017\/06\/logo-Alternatiba-Montpellier-300x182.jpg","type":"","width":"","height":""}],"author":"AlterTour","twitter_card":"summary_large_image","twitter_misc":{"\u00c9crit par":"AlterTour","Dur\u00e9e de lecture estim\u00e9e":"2 minutes"},"schema":{"@context":"https:\/\/schema.org","@graph":[{"@type":"Article","@id":"https:\/\/www.altercampagne.net\/?p=7195#article","isPartOf":{"@id":"https:\/\/www.altercampagne.net\/?p=7195"},"author":{"name":"AlterTour","@id":"https:\/\/www.altercampagne.net\/#\/schema\/person\/e5b68c803196f649c2152249d262d94a"},"headline":"Alternatiba Montpellier-H\u00e9rault les 25 et 26 juillet 2017 \u00e0 Montpellier","datePublished":"2017-06-20T07:02:54+00:00","dateModified":"2020-02-24T16:51:22+00:00","mainEntityOfPage":{"@id":"https:\/\/www.altercampagne.net\/?p=7195"},"wordCount":325,"image":{"@id":"https:\/\/www.altercampagne.net\/?p=7195#primaryimage"},"thumbnailUrl":"http:\/\/www.altercampagne.net\/wp-content\/uploads\/2017\/06\/logo-Alternatiba-Montpellier-300x182.jpg","keywords":["alternatiba","Montpellier","h\u00e9rault","languedoc-roussillon","AlterTour 2017","2017","Occitanie","COP 21","Alternatiba Montpellier"],"articleSection":["\u00c9dition 2017","Lutte","Occitanie"],"inLanguage":"fr-FR"},{"@type":"WebPage","@id":"https:\/\/www.altercampagne.net\/?p=7195","url":"https:\/\/www.altercampagne.net\/?p=7195","name":"Alternatiba Montpellier-H\u00e9rault les 25 et 26 juillet 2017 \u00e0 Montpellier - AlterTour","isPartOf":{"@id":"https:\/\/www.altercampagne.net\/#website"},"primaryImageOfPage":{"@id":"https:\/\/www.altercampagne.net\/?p=7195#primaryimage"},"image":{"@id":"https:\/\/www.altercampagne.net\/?p=7195#primaryimage"},"thumbnailUrl":"http:\/\/www.altercampagne.net\/wp-content\/uploads\/2017\/06\/logo-Alternatiba-Montpellier-300x182.jpg","datePublished":"2017-06-20T07:02:54+00:00","dateModified":"2020-02-24T16:51:22+00:00","author":{"@id":"https:\/\/www.altercampagne.net\/#\/schema\/person\/e5b68c803196f649c2152249d262d94a"},"breadcrumb":{"@id":"https:\/\/www.altercampagne.net\/?p=7195#breadcrumb"},"inLanguage":"fr-FR","potentialAction":[{"@type":"ReadAction","target":["https:\/\/www.altercampagne.net\/?p=7195"]}]},{"@type":"ImageObject","inLanguage":"fr-FR","@id":"https:\/\/www.altercampagne.net\/?p=7195#primaryimage","url":"https:\/\/www.altercampagne.net\/wp-content\/uploads\/2017\/06\/logo-Alternatiba-Montpellier.jpg","contentUrl":"https:\/\/www.altercampagne.net\/wp-content\/uploads\/2017\/06\/logo-Alternatiba-Montpellier.jpg","width":680,"height":413},{"@type":"BreadcrumbList","@id":"https:\/\/www.altercampagne.net\/?p=7195#breadcrumb","itemListElement":[{"@type":"ListItem","position":1,"name":"Accueil","item":"https:\/\/www.altercampagne.net\/"},{"@type":"ListItem","position":2,"name":"Alternatiba Montpellier-H\u00e9rault les 25 et 26 juillet 2017 \u00e0 Montpellier"}]},{"@type":"WebSite","@id":"https:\/\/www.altercampagne.net\/#website","url":"https:\/\/www.altercampagne.net\/","name":"AlterTour","description":"Reliez les Alternatives \u00e0 v\u00e9lo","potentialAction":[{"@type":"SearchAction","target":{"@type":"EntryPoint","urlTemplate":"https:\/\/www.altercampagne.net\/?s={search_term_string}"},"query-input":{"@type":"PropertyValueSpecification","valueRequired":true,"valueName":"search_term_string"}}],"inLanguage":"fr-FR"},{"@type":"Person","@id":"https:\/\/www.altercampagne.net\/#\/schema\/person\/e5b68c803196f649c2152249d262d94a","name":"AlterTour","image":{"@type":"ImageObject","inLanguage":"fr-FR","@id":"https:\/\/secure.gravatar.com\/avatar\/3f2ed77f8506b8ea264ad5938bb0114bfa10f35b64086a66dfbb6e9f58ad9693?s=96&d=mm&r=g","url":"https:\/\/secure.gravatar.com\/avatar\/3f2ed77f8506b8ea264ad5938bb0114bfa10f35b64086a66dfbb6e9f58ad9693?s=96&d=mm&r=g","contentUrl":"https:\/\/secure.gravatar.com\/avatar\/3f2ed77f8506b8ea264ad5938bb0114bfa10f35b64086a66dfbb6e9f58ad9693?s=96&d=mm&r=g","caption":"AlterTour"},"url":"https:\/\/www.altercampagne.net\/?author=215"}]}},"_links":{"self":[{"href":"https:\/\/www.altercampagne.net\/index.php?rest_route=\/wp\/v2\/posts\/7195","targetHints":{"allow":["GET"]}}],"collection":[{"href":"https:\/\/www.altercampagne.net\/index.php?rest_route=\/wp\/v2\/posts"}],"about":[{"href":"https:\/\/www.altercampagne.net\/index.php?rest_route=\/wp\/v2\/types\/post"}],"author":[{"embeddable":true,"href":"https:\/\/www.altercampagne.net\/index.php?rest_route=\/wp\/v2\/users\/215"}],"replies":[{"embeddable":true,"href":"https:\/\/www.altercampagne.net\/index.php?rest_route=%2Fwp%2Fv2%2Fcomments&post=7195"}],"version-history":[{"count":1,"href":"https:\/\/www.altercampagne.net\/index.php?rest_route=\/wp\/v2\/posts\/7195\/revisions"}],"predecessor-version":[{"id":17492,"href":"https:\/\/www.altercampagne.net\/index.php?rest_route=\/wp\/v2\/posts\/7195\/revisions\/17492"}],"wp:attachment":[{"href":"https:\/\/www.altercampagne.net\/index.php?rest_route=%2Fwp%2Fv2%2Fmedia&parent=7195"}],"wp:term":[{"taxonomy":"category","embeddable":true,"href":"https:\/\/www.altercampagne.net\/index.php?rest_route=%2Fwp%2Fv2%2Fcategories&post=7195"},{"taxonomy":"post_tag","embeddable":true,"href":"https:\/\/www.altercampagne.net\/index.php?rest_route=%2Fwp%2Fv2%2Ftags&post=7195"}],"curies":[{"name":"wp","href":"https:\/\/api.w.org\/{rel}","templated":true}]}}