{"id":7199,"date":"2017-06-20T10:28:57","date_gmt":"2017-06-20T08:28:57","guid":{"rendered":"http:\/\/www.altercampagne.net\/?p=7199"},"modified":"2020-02-24T17:50:16","modified_gmt":"2020-02-24T16:50:16","slug":"lassociation-c-h-e-v-a-l-les-1er-et-2-aout-2017-a-salindres","status":"publish","type":"post","link":"https:\/\/www.altercampagne.net\/?p=7199","title":{"rendered":"Heureux de sauver des martyrs de la soci\u00e9t\u00e9 de consommation"},"content":{"rendered":"<p><a href=\"http:\/\/www.altercampagne.net\/wp-content\/uploads\/2017\/05\/Asso-cheval.jpg\"><img loading=\"lazy\" decoding=\"async\" class=\" size-medium wp-image-6951 alignright\" src=\"http:\/\/www.altercampagne.net\/wp-content\/uploads\/2017\/05\/Asso-cheval-300x219.jpg\" alt=\"Asso cheval\" width=\"300\" height=\"219\" srcset=\"https:\/\/www.altercampagne.net\/wp-content\/uploads\/2017\/05\/Asso-cheval-300x219.jpg 300w, https:\/\/www.altercampagne.net\/wp-content\/uploads\/2017\/05\/Asso-cheval.jpg 686w\" sizes=\"auto, (max-width: 300px) 100vw, 300px\" \/><\/a>\u201cTout animal \u00e9tant un \u00eatre sensible doit \u00eatre plac\u00e9 par son propri\u00e9taire dans des conditions compatibles avec les imp\u00e9ratifs biologiques de son esp\u00e8ce.\u201d Normal non ? Eh bien c\u2019est l\u2019article L214-1 du code rural. Paula n\u2019a pas attendu 2000 et ce texte pour fonder en 1992 C.H.E.V.A.L. : le Centre d\u2019H\u00e9bergement pour \u00c9quid\u00e9s V\u00e9t\u00e9rans Antenne Languedoc. Pr\u00e8s d\u2019Al\u00e8s, le terrain de 70 hectares accueille hommes et animaux. 5 \u00e0 6 salari\u00e9s et b\u00e9n\u00e9voles se relaient aupr\u00e8s de 250 chevaux. Mais aussi chiens, chats, ch\u00e8vres, daims, vaches, moutons, cochons, oiseaux de bassecour\u2026<br \/>\nTous en souffrance. Ce refuge est aujourd\u2019hui celui qui accueille le plus de chevaux en France. D\u2019int\u00e9r\u00eat g\u00e9n\u00e9ral, il est r\u00e9quisitionn\u00e9 par la gendarmerie, les services judiciaires et v\u00e9t\u00e9rinaires. Saisie d\u2019animaux, d\u00e9marches administratives, C.H.E.V.A.L. alerte, informe et toujours veille au bien\u2011\u00eatre de ses pensionnaires. Sans subvention, Paula et son mari Jean-Claude font face \u00e0 des d\u00e9penses quotidiennes de 1200 euros. En plus de sa fortune personnelle, Paula compte sur les adh\u00e9rents, les dons, les legs, et appelle \u00e0 l\u2019aide ! Alors, \u00e0 bons entendeurs\u2026<\/p>\n<p><strong>Heureux de sauver des martyrs de la soci\u00e9t\u00e9 de consommation<\/strong><\/p>\n<p>\u201cJ\u2019ai un jour entendu des hennissements \u00e0 fendre l\u2019\u00e2me sur un march\u00e9. Je suis tomb\u00e9e sur des maquignons faisant peu \u00e9tat de leurs 5 chevaux. Je les ai tous achet\u00e9s pour les sauver ! Depuis la lutte est incessante. Chaque jour les animaux payent un lourd tribut, dans les \u00e9levages, les cirques, les ar\u00e8nes, chez les n\u00e9gligents, tous cruels et irrespectueux de la vie. Apr\u00e8s r\u00e9cup\u00e9ration, nous rentrons au refuge tr\u00e8s fatigu\u00e9s mais heureux d\u2019avoir pu, une fois de plus, sauver ces martyrs de la soci\u00e9t\u00e9 de consommation. Elle n\u2019a de cesse de produire dans le seul but du lucre ! Il est temps de prendre conscience de cette cruaut\u00e9 insupportable, d\u2019arr\u00eater les complices de cette barbarie en diminuant petit \u00e0 petit notre consommation de viande. Notre association est f\u00e9d\u00e9r\u00e9e \u00e0 la Conf\u00e9d\u00e9ration des S.P.A. et partenaire de l\u2019association L214. Quand l\u2019\u00c9tat assurerat-il son r\u00f4le de contr\u00f4le et protection ?\u201d<\/p>\n<p style=\"text-align: right;\"><strong>Paula, pr\u00e9sidente-fondatrice de C.H.E.V.A.L.<\/strong><\/p>\n<p>Extrait du Recueil des Alternatives de l\u2019AlterTour 2017, disponible dans le num\u00e9ro de juin de la Revue Silence.<\/p>\n<p>L&rsquo;association C.H.E.V.A.L. accueillera l\u2019\u00c9chapp\u00e9e Belle de l\u2019AlterTour les 1er et 2 ao\u00fbt 2017 \u00e0 Salindres (Gard). Pour plus d\u2019infos consultez le <a href=\"http:\/\/www.altercampagne.net\/?page_id=150\">programme<\/a><\/p>\n","protected":false},"excerpt":{"rendered":"<p>\u201cTout animal \u00e9tant un \u00eatre sensible doit \u00eatre plac\u00e9 par son propri\u00e9taire dans des conditions compatibles avec les imp\u00e9ratifs biologiques de son esp\u00e8ce.\u201d Normal non ? Eh bien c\u2019est l\u2019article L214-1 du code rural. Paula n\u2019a pas attendu 2000 et ce texte pour fonder en 1992 C.H.E.V.A.L. : le Centre &#8230; <\/p>\n<div><a href=\"https:\/\/www.altercampagne.net\/?p=7199\" class=\"more-link\">Read More<\/a><\/div>\n","protected":false},"author":214,"featured_media":0,"comment_status":"closed","ping_status":"closed","sticky":false,"template":"","format":"standard","meta":{"footnotes":""},"categories":[3483,3457,3480],"tags":[358,1075,1973,2783,2784,2995,3039,3040],"class_list":["post-7199","post","type-post","status-publish","format-standard","hentry","category-agriculture","category-edition-2017","category-occitanie","tag-altertour","tag-gard","tag-languedoc-roussillon","tag-altertour-2017","tag-2784","tag-association-c-h-e-v-a-l","tag-salindres","tag-occiatanie","no-post-thumbnail"],"yoast_head":"<!-- This site is optimized with the Yoast SEO plugin v27.3 - https:\/\/yoast.com\/product\/yoast-seo-wordpress\/ -->\n<title>Heureux de sauver des martyrs de la soci\u00e9t\u00e9 de consommation - AlterTour<\/title>\n<meta name=\"robots\" content=\"index, follow, max-snippet:-1, max-image-preview:large, max-video-preview:-1\" \/>\n<link rel=\"canonical\" href=\"https:\/\/www.altercampagne.net\/?p=7199\" \/>\n<meta property=\"og:locale\" content=\"fr_FR\" \/>\n<meta property=\"og:type\" content=\"article\" \/>\n<meta property=\"og:title\" content=\"Heureux de sauver des martyrs de la soci\u00e9t\u00e9 de consommation - AlterTour\" \/>\n<meta property=\"og:description\" content=\"\u201cTout animal \u00e9tant un \u00eatre sensible doit \u00eatre plac\u00e9 par son propri\u00e9taire dans des conditions compatibles avec les imp\u00e9ratifs biologiques de son esp\u00e8ce.\u201d Normal non ? Eh bien c\u2019est l\u2019article L214-1 du code rural. Paula n\u2019a pas attendu 2000 et ce texte pour fonder en 1992 C.H.E.V.A.L. : le Centre ... Read More\" \/>\n<meta property=\"og:url\" content=\"https:\/\/www.altercampagne.net\/?p=7199\" \/>\n<meta property=\"og:site_name\" content=\"AlterTour\" \/>\n<meta property=\"article:published_time\" content=\"2017-06-20T08:28:57+00:00\" \/>\n<meta property=\"article:modified_time\" content=\"2020-02-24T16:50:16+00:00\" \/>\n<meta property=\"og:image\" content=\"http:\/\/www.altercampagne.net\/wp-content\/uploads\/2017\/05\/Asso-cheval-300x219.jpg\" \/>\n<meta name=\"author\" content=\"Mathieu\" \/>\n<meta name=\"twitter:card\" content=\"summary_large_image\" \/>\n<meta name=\"twitter:label1\" content=\"\u00c9crit par\" \/>\n\t<meta name=\"twitter:data1\" content=\"Mathieu\" \/>\n\t<meta name=\"twitter:label2\" content=\"Dur\u00e9e de lecture estim\u00e9e\" \/>\n\t<meta name=\"twitter:data2\" content=\"2 minutes\" \/>\n<script type=\"application\/ld+json\" class=\"yoast-schema-graph\">{\"@context\":\"https:\\\/\\\/schema.org\",\"@graph\":[{\"@type\":\"Article\",\"@id\":\"https:\\\/\\\/www.altercampagne.net\\\/?p=7199#article\",\"isPartOf\":{\"@id\":\"https:\\\/\\\/www.altercampagne.net\\\/?p=7199\"},\"author\":{\"name\":\"Mathieu\",\"@id\":\"https:\\\/\\\/www.altercampagne.net\\\/#\\\/schema\\\/person\\\/0f261460c09e430caa0f9bcffa319109\"},\"headline\":\"Heureux de sauver des martyrs de la soci\u00e9t\u00e9 de consommation\",\"datePublished\":\"2017-06-20T08:28:57+00:00\",\"dateModified\":\"2020-02-24T16:50:16+00:00\",\"mainEntityOfPage\":{\"@id\":\"https:\\\/\\\/www.altercampagne.net\\\/?p=7199\"},\"wordCount\":457,\"image\":{\"@id\":\"https:\\\/\\\/www.altercampagne.net\\\/?p=7199#primaryimage\"},\"thumbnailUrl\":\"http:\\\/\\\/www.altercampagne.net\\\/wp-content\\\/uploads\\\/2017\\\/05\\\/Asso-cheval-300x219.jpg\",\"keywords\":[\"AlterTour\",\"Gard\",\"languedoc-roussillon\",\"AlterTour 2017\",\"2017\",\"Association C.H.E.V.A.L\",\"Salindres\",\"Occiatanie\"],\"articleSection\":[\"Agriculture\",\"\u00c9dition 2017\",\"Occitanie\"],\"inLanguage\":\"fr-FR\"},{\"@type\":\"WebPage\",\"@id\":\"https:\\\/\\\/www.altercampagne.net\\\/?p=7199\",\"url\":\"https:\\\/\\\/www.altercampagne.net\\\/?p=7199\",\"name\":\"Heureux de sauver des martyrs de la soci\u00e9t\u00e9 de consommation - AlterTour\",\"isPartOf\":{\"@id\":\"https:\\\/\\\/www.altercampagne.net\\\/#website\"},\"primaryImageOfPage\":{\"@id\":\"https:\\\/\\\/www.altercampagne.net\\\/?p=7199#primaryimage\"},\"image\":{\"@id\":\"https:\\\/\\\/www.altercampagne.net\\\/?p=7199#primaryimage\"},\"thumbnailUrl\":\"http:\\\/\\\/www.altercampagne.net\\\/wp-content\\\/uploads\\\/2017\\\/05\\\/Asso-cheval-300x219.jpg\",\"datePublished\":\"2017-06-20T08:28:57+00:00\",\"dateModified\":\"2020-02-24T16:50:16+00:00\",\"author\":{\"@id\":\"https:\\\/\\\/www.altercampagne.net\\\/#\\\/schema\\\/person\\\/0f261460c09e430caa0f9bcffa319109\"},\"breadcrumb\":{\"@id\":\"https:\\\/\\\/www.altercampagne.net\\\/?p=7199#breadcrumb\"},\"inLanguage\":\"fr-FR\",\"potentialAction\":[{\"@type\":\"ReadAction\",\"target\":[\"https:\\\/\\\/www.altercampagne.net\\\/?p=7199\"]}]},{\"@type\":\"ImageObject\",\"inLanguage\":\"fr-FR\",\"@id\":\"https:\\\/\\\/www.altercampagne.net\\\/?p=7199#primaryimage\",\"url\":\"https:\\\/\\\/www.altercampagne.net\\\/wp-content\\\/uploads\\\/2017\\\/05\\\/Asso-cheval.jpg\",\"contentUrl\":\"https:\\\/\\\/www.altercampagne.net\\\/wp-content\\\/uploads\\\/2017\\\/05\\\/Asso-cheval.jpg\",\"width\":686,\"height\":500},{\"@type\":\"BreadcrumbList\",\"@id\":\"https:\\\/\\\/www.altercampagne.net\\\/?p=7199#breadcrumb\",\"itemListElement\":[{\"@type\":\"ListItem\",\"position\":1,\"name\":\"Accueil\",\"item\":\"https:\\\/\\\/www.altercampagne.net\\\/\"},{\"@type\":\"ListItem\",\"position\":2,\"name\":\"Heureux de sauver des martyrs de la soci\u00e9t\u00e9 de consommation\"}]},{\"@type\":\"WebSite\",\"@id\":\"https:\\\/\\\/www.altercampagne.net\\\/#website\",\"url\":\"https:\\\/\\\/www.altercampagne.net\\\/\",\"name\":\"AlterTour\",\"description\":\"Reliez les Alternatives \u00e0 v\u00e9lo\",\"potentialAction\":[{\"@type\":\"SearchAction\",\"target\":{\"@type\":\"EntryPoint\",\"urlTemplate\":\"https:\\\/\\\/www.altercampagne.net\\\/?s={search_term_string}\"},\"query-input\":{\"@type\":\"PropertyValueSpecification\",\"valueRequired\":true,\"valueName\":\"search_term_string\"}}],\"inLanguage\":\"fr-FR\"},{\"@type\":\"Person\",\"@id\":\"https:\\\/\\\/www.altercampagne.net\\\/#\\\/schema\\\/person\\\/0f261460c09e430caa0f9bcffa319109\",\"name\":\"Mathieu\",\"image\":{\"@type\":\"ImageObject\",\"inLanguage\":\"fr-FR\",\"@id\":\"https:\\\/\\\/secure.gravatar.com\\\/avatar\\\/aa9d3d24c83f2141e5e2709d0f63d09a99f6be6bb7a50abc4915838d9f54501a?s=96&d=mm&r=g\",\"url\":\"https:\\\/\\\/secure.gravatar.com\\\/avatar\\\/aa9d3d24c83f2141e5e2709d0f63d09a99f6be6bb7a50abc4915838d9f54501a?s=96&d=mm&r=g\",\"contentUrl\":\"https:\\\/\\\/secure.gravatar.com\\\/avatar\\\/aa9d3d24c83f2141e5e2709d0f63d09a99f6be6bb7a50abc4915838d9f54501a?s=96&d=mm&r=g\",\"caption\":\"Mathieu\"},\"url\":\"https:\\\/\\\/www.altercampagne.net\\\/?author=214\"}]}<\/script>\n<!-- \/ Yoast SEO plugin. -->","yoast_head_json":{"title":"Heureux de sauver des martyrs de la soci\u00e9t\u00e9 de consommation - AlterTour","robots":{"index":"index","follow":"follow","max-snippet":"max-snippet:-1","max-image-preview":"max-image-preview:large","max-video-preview":"max-video-preview:-1"},"canonical":"https:\/\/www.altercampagne.net\/?p=7199","og_locale":"fr_FR","og_type":"article","og_title":"Heureux de sauver des martyrs de la soci\u00e9t\u00e9 de consommation - AlterTour","og_description":"\u201cTout animal \u00e9tant un \u00eatre sensible doit \u00eatre plac\u00e9 par son propri\u00e9taire dans des conditions compatibles avec les imp\u00e9ratifs biologiques de son esp\u00e8ce.\u201d Normal non ? Eh bien c\u2019est l\u2019article L214-1 du code rural. Paula n\u2019a pas attendu 2000 et ce texte pour fonder en 1992 C.H.E.V.A.L. : le Centre ... Read More","og_url":"https:\/\/www.altercampagne.net\/?p=7199","og_site_name":"AlterTour","article_published_time":"2017-06-20T08:28:57+00:00","article_modified_time":"2020-02-24T16:50:16+00:00","og_image":[{"url":"http:\/\/www.altercampagne.net\/wp-content\/uploads\/2017\/05\/Asso-cheval-300x219.jpg","type":"","width":"","height":""}],"author":"Mathieu","twitter_card":"summary_large_image","twitter_misc":{"\u00c9crit par":"Mathieu","Dur\u00e9e de lecture estim\u00e9e":"2 minutes"},"schema":{"@context":"https:\/\/schema.org","@graph":[{"@type":"Article","@id":"https:\/\/www.altercampagne.net\/?p=7199#article","isPartOf":{"@id":"https:\/\/www.altercampagne.net\/?p=7199"},"author":{"name":"Mathieu","@id":"https:\/\/www.altercampagne.net\/#\/schema\/person\/0f261460c09e430caa0f9bcffa319109"},"headline":"Heureux de sauver des martyrs de la soci\u00e9t\u00e9 de consommation","datePublished":"2017-06-20T08:28:57+00:00","dateModified":"2020-02-24T16:50:16+00:00","mainEntityOfPage":{"@id":"https:\/\/www.altercampagne.net\/?p=7199"},"wordCount":457,"image":{"@id":"https:\/\/www.altercampagne.net\/?p=7199#primaryimage"},"thumbnailUrl":"http:\/\/www.altercampagne.net\/wp-content\/uploads\/2017\/05\/Asso-cheval-300x219.jpg","keywords":["AlterTour","Gard","languedoc-roussillon","AlterTour 2017","2017","Association C.H.E.V.A.L","Salindres","Occiatanie"],"articleSection":["Agriculture","\u00c9dition 2017","Occitanie"],"inLanguage":"fr-FR"},{"@type":"WebPage","@id":"https:\/\/www.altercampagne.net\/?p=7199","url":"https:\/\/www.altercampagne.net\/?p=7199","name":"Heureux de sauver des martyrs de la soci\u00e9t\u00e9 de consommation - AlterTour","isPartOf":{"@id":"https:\/\/www.altercampagne.net\/#website"},"primaryImageOfPage":{"@id":"https:\/\/www.altercampagne.net\/?p=7199#primaryimage"},"image":{"@id":"https:\/\/www.altercampagne.net\/?p=7199#primaryimage"},"thumbnailUrl":"http:\/\/www.altercampagne.net\/wp-content\/uploads\/2017\/05\/Asso-cheval-300x219.jpg","datePublished":"2017-06-20T08:28:57+00:00","dateModified":"2020-02-24T16:50:16+00:00","author":{"@id":"https:\/\/www.altercampagne.net\/#\/schema\/person\/0f261460c09e430caa0f9bcffa319109"},"breadcrumb":{"@id":"https:\/\/www.altercampagne.net\/?p=7199#breadcrumb"},"inLanguage":"fr-FR","potentialAction":[{"@type":"ReadAction","target":["https:\/\/www.altercampagne.net\/?p=7199"]}]},{"@type":"ImageObject","inLanguage":"fr-FR","@id":"https:\/\/www.altercampagne.net\/?p=7199#primaryimage","url":"https:\/\/www.altercampagne.net\/wp-content\/uploads\/2017\/05\/Asso-cheval.jpg","contentUrl":"https:\/\/www.altercampagne.net\/wp-content\/uploads\/2017\/05\/Asso-cheval.jpg","width":686,"height":500},{"@type":"BreadcrumbList","@id":"https:\/\/www.altercampagne.net\/?p=7199#breadcrumb","itemListElement":[{"@type":"ListItem","position":1,"name":"Accueil","item":"https:\/\/www.altercampagne.net\/"},{"@type":"ListItem","position":2,"name":"Heureux de sauver des martyrs de la soci\u00e9t\u00e9 de consommation"}]},{"@type":"WebSite","@id":"https:\/\/www.altercampagne.net\/#website","url":"https:\/\/www.altercampagne.net\/","name":"AlterTour","description":"Reliez les Alternatives \u00e0 v\u00e9lo","potentialAction":[{"@type":"SearchAction","target":{"@type":"EntryPoint","urlTemplate":"https:\/\/www.altercampagne.net\/?s={search_term_string}"},"query-input":{"@type":"PropertyValueSpecification","valueRequired":true,"valueName":"search_term_string"}}],"inLanguage":"fr-FR"},{"@type":"Person","@id":"https:\/\/www.altercampagne.net\/#\/schema\/person\/0f261460c09e430caa0f9bcffa319109","name":"Mathieu","image":{"@type":"ImageObject","inLanguage":"fr-FR","@id":"https:\/\/secure.gravatar.com\/avatar\/aa9d3d24c83f2141e5e2709d0f63d09a99f6be6bb7a50abc4915838d9f54501a?s=96&d=mm&r=g","url":"https:\/\/secure.gravatar.com\/avatar\/aa9d3d24c83f2141e5e2709d0f63d09a99f6be6bb7a50abc4915838d9f54501a?s=96&d=mm&r=g","contentUrl":"https:\/\/secure.gravatar.com\/avatar\/aa9d3d24c83f2141e5e2709d0f63d09a99f6be6bb7a50abc4915838d9f54501a?s=96&d=mm&r=g","caption":"Mathieu"},"url":"https:\/\/www.altercampagne.net\/?author=214"}]}},"_links":{"self":[{"href":"https:\/\/www.altercampagne.net\/index.php?rest_route=\/wp\/v2\/posts\/7199","targetHints":{"allow":["GET"]}}],"collection":[{"href":"https:\/\/www.altercampagne.net\/index.php?rest_route=\/wp\/v2\/posts"}],"about":[{"href":"https:\/\/www.altercampagne.net\/index.php?rest_route=\/wp\/v2\/types\/post"}],"author":[{"embeddable":true,"href":"https:\/\/www.altercampagne.net\/index.php?rest_route=\/wp\/v2\/users\/214"}],"replies":[{"embeddable":true,"href":"https:\/\/www.altercampagne.net\/index.php?rest_route=%2Fwp%2Fv2%2Fcomments&post=7199"}],"version-history":[{"count":1,"href":"https:\/\/www.altercampagne.net\/index.php?rest_route=\/wp\/v2\/posts\/7199\/revisions"}],"predecessor-version":[{"id":17490,"href":"https:\/\/www.altercampagne.net\/index.php?rest_route=\/wp\/v2\/posts\/7199\/revisions\/17490"}],"wp:attachment":[{"href":"https:\/\/www.altercampagne.net\/index.php?rest_route=%2Fwp%2Fv2%2Fmedia&parent=7199"}],"wp:term":[{"taxonomy":"category","embeddable":true,"href":"https:\/\/www.altercampagne.net\/index.php?rest_route=%2Fwp%2Fv2%2Fcategories&post=7199"},{"taxonomy":"post_tag","embeddable":true,"href":"https:\/\/www.altercampagne.net\/index.php?rest_route=%2Fwp%2Fv2%2Ftags&post=7199"}],"curies":[{"name":"wp","href":"https:\/\/api.w.org\/{rel}","templated":true}]}}