{"id":7203,"date":"2017-06-19T18:57:45","date_gmt":"2017-06-19T16:57:45","guid":{"rendered":"http:\/\/www.altercampagne.net\/?p=7203"},"modified":"2024-08-27T16:52:46","modified_gmt":"2024-08-27T14:52:46","slug":"a-velo-320-citoyens-partent-faire-le-tour-de-france-des-solutions-solidaires-et-ecologiques","status":"publish","type":"post","link":"https:\/\/www.altercampagne.net\/?p=7203","title":{"rendered":"\u00c0 v\u00e9lo, 320 citoyens partent faire le tour de France des solutions solidaires et \u00e9cologiques"},"content":{"rendered":"<p>Du 10 juillet au 20 ao\u00fbt, \u00e0 l&rsquo;occasion de l&rsquo;AlterTour, des centaines de cyclistes vont parcourir les routes de France pour d\u00e9couvrir des solutions solidaires et \u00e9cologiques.<\/p>\n<p>Pendant six semaines, ils vont parcourir 1 200 kilom\u00e8tres ; faisant halte dans des \u00e9colieux, des fermes agro\u00e9cologiques, des micro brasseries, des chantiers d\u2019\u00e9coconstruction, des ateliers v\u00e9los participatifs et solidaires ou encore des ZAD\u2026<\/p>\n<p>Le 10 juillet, (au moins) 320 cyclistes s\u2019\u00e9lanceront sur les route de France, dans la r\u00e9gion Rh\u00f4ne-Alpes, en Occitanie et en Catalogne. Une fa\u00e7on slow d&rsquo;aller \u00e0 la rencontre des citoyens investis dans le transition solidaire et \u00e9cologique.<\/p>\n<p><a href=\"http:\/\/www.altercampagne.net\/wp-content\/uploads\/2017\/06\/2015-08-21_15.12.jpg\"><img loading=\"lazy\" decoding=\"async\" class=\" size-medium wp-image-7207 alignleft\" src=\"http:\/\/www.altercampagne.net\/wp-content\/uploads\/2017\/06\/2015-08-21_15.12-300x202.jpg\" alt=\"2015-08-21_15.12\" width=\"300\" height=\"202\" srcset=\"https:\/\/www.altercampagne.net\/wp-content\/uploads\/2017\/06\/2015-08-21_15.12-300x202.jpg 300w, https:\/\/www.altercampagne.net\/wp-content\/uploads\/2017\/06\/2015-08-21_15.12.jpg 695w\" sizes=\"auto, (max-width: 300px) 100vw, 300px\" \/><\/a>\u00ab\u00a0Les participants viennent de France, de Belgique, de Suisse ou encore d\u2019Espagne. L\u2019AlterTour est vraiment ouvert \u00e0 tous. Cette ann\u00e9e, notre participant le plus jeune a deux ans et voyagera en carriole. Le plus \u00e2g\u00e9 en a 73 ! \u00ab\u00a0, explique Mathieu Fromont, coordinateur de l\u2019AlterTour. Les h\u00f4tes partageront leurs exp\u00e9riences, leurs chemins de transition, mais aussi \u00e9voqueront le d\u00e9clic qui leur a permis de changer de vie.\u00a0\u00bb<\/p>\n<p>Les inscriptions sont encore ouvertes, et ce jusqu\u2019au 3 juillet. Afin d&rsquo;assurer l&rsquo;\u00e9quilibre financier de l&rsquo;aventure, une participation moyenne de 32 euros par jours est demand\u00e9e. En moyenne, car l&rsquo;association a mis en place un tableau des tarifs en fonction des revenus de chacun.<\/p>\n<p>Un int\u00e9r\u00eat du grand public grandissant<br \/>\nAux dires de Mathieu Fromont, l\u2019int\u00e9r\u00eat du public pour les questions de transition solidaire et \u00e9cologique ne cesse d\u2019augmenter. Lorsque les Altercyclistes s\u2019arr\u00eatent entre deux \u00e9tapes, ils sont toujours tr\u00e8s \u00ab\u00a0bien accueillis\u00a0\u00bb et on leurs ouvre les portes \u00ab\u00a0en saluant leur projet\u00a0\u00bb, relate-t-il.<\/p>\n<p>Quant aux participants, ils sont de plus en plus nombreux. Alors qu\u2019ils \u00e9taient 120 en 2007, ils sont aujourd\u2019hui 320.<\/p>\n<p>\u00ab\u00a0C\u2019est assez impressionnant de voir comme cela a \u00e9volu\u00e9. Pour le premier AlterTour, nous devions faire un grand tour de France car il n\u2019y avait pas assez de projets en lien avec la transition \u00e9cologique. Nous parcourions 80 et 120 kilom\u00e8tres par jour. Cela rendait notre tour beaucoup moins accessible. Dix ans apr\u00e8s, nous trouvons des projets tous les trente kilom\u00e8tres !\u00a0\u00bb<\/p>\n<p style=\"text-align: right;\"><strong>Julie Jeunejean, <a href=\"https:\/\/www.wedemain.fr\/A-velo-320-citoyens-partent-faire-le-tour-de-France-des-solutions-solidaires-et-ecologiques_a2782.html\" target=\"_blank\" rel=\"noopener\">We Demain<\/a><br \/>\n<\/strong><\/p>\n","protected":false},"excerpt":{"rendered":"<p>Du 10 juillet au 20 ao\u00fbt, \u00e0 l&rsquo;occasion de l&rsquo;AlterTour, des centaines de cyclistes vont parcourir les routes de France pour d\u00e9couvrir des solutions solidaires et \u00e9cologiques. Pendant six semaines, ils vont parcourir 1 200 kilom\u00e8tres ; faisant halte dans des \u00e9colieux, des fermes agro\u00e9cologiques, des micro brasseries, des chantiers &#8230; <\/p>\n<div><a href=\"https:\/\/www.altercampagne.net\/?p=7203\" class=\"more-link\">Read More<\/a><\/div>\n","protected":false},"author":214,"featured_media":7205,"comment_status":"closed","ping_status":"closed","sticky":false,"template":"","format":"standard","meta":{"footnotes":""},"categories":[239],"tags":[552,2783,2784,3041,3042],"class_list":["post-7203","post","type-post","status-publish","format-standard","has-post-thumbnail","hentry","category-revue-de-presse","tag-mathieu-fromont","tag-altertour-2017","tag-2784","tag-julie-jeunejean","tag-we-demain"],"yoast_head":"<!-- This site is optimized with the Yoast SEO plugin v27.3 - https:\/\/yoast.com\/product\/yoast-seo-wordpress\/ -->\n<title>\u00c0 v\u00e9lo, 320 citoyens partent faire le tour de France des solutions solidaires et \u00e9cologiques - AlterTour<\/title>\n<meta name=\"robots\" content=\"index, follow, max-snippet:-1, max-image-preview:large, max-video-preview:-1\" \/>\n<link rel=\"canonical\" href=\"https:\/\/www.altercampagne.net\/?p=7203\" \/>\n<meta property=\"og:locale\" content=\"fr_FR\" \/>\n<meta property=\"og:type\" content=\"article\" \/>\n<meta property=\"og:title\" content=\"\u00c0 v\u00e9lo, 320 citoyens partent faire le tour de France des solutions solidaires et \u00e9cologiques - AlterTour\" \/>\n<meta property=\"og:description\" content=\"Du 10 juillet au 20 ao\u00fbt, \u00e0 l&rsquo;occasion de l&rsquo;AlterTour, des centaines de cyclistes vont parcourir les routes de France pour d\u00e9couvrir des solutions solidaires et \u00e9cologiques. Pendant six semaines, ils vont parcourir 1 200 kilom\u00e8tres ; faisant halte dans des \u00e9colieux, des fermes agro\u00e9cologiques, des micro brasseries, des chantiers ... Read More\" \/>\n<meta property=\"og:url\" content=\"https:\/\/www.altercampagne.net\/?p=7203\" \/>\n<meta property=\"og:site_name\" content=\"AlterTour\" \/>\n<meta property=\"article:published_time\" content=\"2017-06-19T16:57:45+00:00\" \/>\n<meta property=\"article:modified_time\" content=\"2024-08-27T14:52:46+00:00\" \/>\n<meta property=\"og:image\" content=\"https:\/\/www.altercampagne.net\/wp-content\/uploads\/2017\/06\/2016-07-27_16.00.54_7678.jpg\" \/>\n\t<meta property=\"og:image:width\" content=\"695\" \/>\n\t<meta property=\"og:image:height\" content=\"467\" \/>\n\t<meta property=\"og:image:type\" content=\"image\/jpeg\" \/>\n<meta name=\"author\" content=\"Mathieu\" \/>\n<meta name=\"twitter:card\" content=\"summary_large_image\" \/>\n<meta name=\"twitter:label1\" content=\"\u00c9crit par\" \/>\n\t<meta name=\"twitter:data1\" content=\"Mathieu\" \/>\n\t<meta name=\"twitter:label2\" content=\"Dur\u00e9e de lecture estim\u00e9e\" \/>\n\t<meta name=\"twitter:data2\" content=\"3 minutes\" \/>\n<script type=\"application\/ld+json\" class=\"yoast-schema-graph\">{\"@context\":\"https:\\\/\\\/schema.org\",\"@graph\":[{\"@type\":\"Article\",\"@id\":\"https:\\\/\\\/www.altercampagne.net\\\/?p=7203#article\",\"isPartOf\":{\"@id\":\"https:\\\/\\\/www.altercampagne.net\\\/?p=7203\"},\"author\":{\"name\":\"Mathieu\",\"@id\":\"https:\\\/\\\/www.altercampagne.net\\\/#\\\/schema\\\/person\\\/0f261460c09e430caa0f9bcffa319109\"},\"headline\":\"\u00c0 v\u00e9lo, 320 citoyens partent faire le tour de France des solutions solidaires et \u00e9cologiques\",\"datePublished\":\"2017-06-19T16:57:45+00:00\",\"dateModified\":\"2024-08-27T14:52:46+00:00\",\"mainEntityOfPage\":{\"@id\":\"https:\\\/\\\/www.altercampagne.net\\\/?p=7203\"},\"wordCount\":381,\"image\":{\"@id\":\"https:\\\/\\\/www.altercampagne.net\\\/?p=7203#primaryimage\"},\"thumbnailUrl\":\"https:\\\/\\\/www.altercampagne.net\\\/wp-content\\\/uploads\\\/2017\\\/06\\\/2016-07-27_16.00.54_7678.jpg\",\"keywords\":[\"Mathieu Fromont\",\"AlterTour 2017\",\"2017\",\"Julie Jeunejean\",\"we demain\"],\"articleSection\":[\"Revue de presse\"],\"inLanguage\":\"fr-FR\"},{\"@type\":\"WebPage\",\"@id\":\"https:\\\/\\\/www.altercampagne.net\\\/?p=7203\",\"url\":\"https:\\\/\\\/www.altercampagne.net\\\/?p=7203\",\"name\":\"\u00c0 v\u00e9lo, 320 citoyens partent faire le tour de France des solutions solidaires et \u00e9cologiques - AlterTour\",\"isPartOf\":{\"@id\":\"https:\\\/\\\/www.altercampagne.net\\\/#website\"},\"primaryImageOfPage\":{\"@id\":\"https:\\\/\\\/www.altercampagne.net\\\/?p=7203#primaryimage\"},\"image\":{\"@id\":\"https:\\\/\\\/www.altercampagne.net\\\/?p=7203#primaryimage\"},\"thumbnailUrl\":\"https:\\\/\\\/www.altercampagne.net\\\/wp-content\\\/uploads\\\/2017\\\/06\\\/2016-07-27_16.00.54_7678.jpg\",\"datePublished\":\"2017-06-19T16:57:45+00:00\",\"dateModified\":\"2024-08-27T14:52:46+00:00\",\"author\":{\"@id\":\"https:\\\/\\\/www.altercampagne.net\\\/#\\\/schema\\\/person\\\/0f261460c09e430caa0f9bcffa319109\"},\"breadcrumb\":{\"@id\":\"https:\\\/\\\/www.altercampagne.net\\\/?p=7203#breadcrumb\"},\"inLanguage\":\"fr-FR\",\"potentialAction\":[{\"@type\":\"ReadAction\",\"target\":[\"https:\\\/\\\/www.altercampagne.net\\\/?p=7203\"]}]},{\"@type\":\"ImageObject\",\"inLanguage\":\"fr-FR\",\"@id\":\"https:\\\/\\\/www.altercampagne.net\\\/?p=7203#primaryimage\",\"url\":\"https:\\\/\\\/www.altercampagne.net\\\/wp-content\\\/uploads\\\/2017\\\/06\\\/2016-07-27_16.00.54_7678.jpg\",\"contentUrl\":\"https:\\\/\\\/www.altercampagne.net\\\/wp-content\\\/uploads\\\/2017\\\/06\\\/2016-07-27_16.00.54_7678.jpg\",\"width\":695,\"height\":467},{\"@type\":\"BreadcrumbList\",\"@id\":\"https:\\\/\\\/www.altercampagne.net\\\/?p=7203#breadcrumb\",\"itemListElement\":[{\"@type\":\"ListItem\",\"position\":1,\"name\":\"Accueil\",\"item\":\"https:\\\/\\\/www.altercampagne.net\\\/\"},{\"@type\":\"ListItem\",\"position\":2,\"name\":\"\u00c0 v\u00e9lo, 320 citoyens partent faire le tour de France des solutions solidaires et \u00e9cologiques\"}]},{\"@type\":\"WebSite\",\"@id\":\"https:\\\/\\\/www.altercampagne.net\\\/#website\",\"url\":\"https:\\\/\\\/www.altercampagne.net\\\/\",\"name\":\"AlterTour\",\"description\":\"Reliez les Alternatives \u00e0 v\u00e9lo\",\"potentialAction\":[{\"@type\":\"SearchAction\",\"target\":{\"@type\":\"EntryPoint\",\"urlTemplate\":\"https:\\\/\\\/www.altercampagne.net\\\/?s={search_term_string}\"},\"query-input\":{\"@type\":\"PropertyValueSpecification\",\"valueRequired\":true,\"valueName\":\"search_term_string\"}}],\"inLanguage\":\"fr-FR\"},{\"@type\":\"Person\",\"@id\":\"https:\\\/\\\/www.altercampagne.net\\\/#\\\/schema\\\/person\\\/0f261460c09e430caa0f9bcffa319109\",\"name\":\"Mathieu\",\"image\":{\"@type\":\"ImageObject\",\"inLanguage\":\"fr-FR\",\"@id\":\"https:\\\/\\\/secure.gravatar.com\\\/avatar\\\/aa9d3d24c83f2141e5e2709d0f63d09a99f6be6bb7a50abc4915838d9f54501a?s=96&d=mm&r=g\",\"url\":\"https:\\\/\\\/secure.gravatar.com\\\/avatar\\\/aa9d3d24c83f2141e5e2709d0f63d09a99f6be6bb7a50abc4915838d9f54501a?s=96&d=mm&r=g\",\"contentUrl\":\"https:\\\/\\\/secure.gravatar.com\\\/avatar\\\/aa9d3d24c83f2141e5e2709d0f63d09a99f6be6bb7a50abc4915838d9f54501a?s=96&d=mm&r=g\",\"caption\":\"Mathieu\"},\"url\":\"https:\\\/\\\/www.altercampagne.net\\\/?author=214\"}]}<\/script>\n<!-- \/ Yoast SEO plugin. -->","yoast_head_json":{"title":"\u00c0 v\u00e9lo, 320 citoyens partent faire le tour de France des solutions solidaires et \u00e9cologiques - AlterTour","robots":{"index":"index","follow":"follow","max-snippet":"max-snippet:-1","max-image-preview":"max-image-preview:large","max-video-preview":"max-video-preview:-1"},"canonical":"https:\/\/www.altercampagne.net\/?p=7203","og_locale":"fr_FR","og_type":"article","og_title":"\u00c0 v\u00e9lo, 320 citoyens partent faire le tour de France des solutions solidaires et \u00e9cologiques - AlterTour","og_description":"Du 10 juillet au 20 ao\u00fbt, \u00e0 l&rsquo;occasion de l&rsquo;AlterTour, des centaines de cyclistes vont parcourir les routes de France pour d\u00e9couvrir des solutions solidaires et \u00e9cologiques. Pendant six semaines, ils vont parcourir 1 200 kilom\u00e8tres ; faisant halte dans des \u00e9colieux, des fermes agro\u00e9cologiques, des micro brasseries, des chantiers ... Read More","og_url":"https:\/\/www.altercampagne.net\/?p=7203","og_site_name":"AlterTour","article_published_time":"2017-06-19T16:57:45+00:00","article_modified_time":"2024-08-27T14:52:46+00:00","og_image":[{"width":695,"height":467,"url":"https:\/\/www.altercampagne.net\/wp-content\/uploads\/2017\/06\/2016-07-27_16.00.54_7678.jpg","type":"image\/jpeg"}],"author":"Mathieu","twitter_card":"summary_large_image","twitter_misc":{"\u00c9crit par":"Mathieu","Dur\u00e9e de lecture estim\u00e9e":"3 minutes"},"schema":{"@context":"https:\/\/schema.org","@graph":[{"@type":"Article","@id":"https:\/\/www.altercampagne.net\/?p=7203#article","isPartOf":{"@id":"https:\/\/www.altercampagne.net\/?p=7203"},"author":{"name":"Mathieu","@id":"https:\/\/www.altercampagne.net\/#\/schema\/person\/0f261460c09e430caa0f9bcffa319109"},"headline":"\u00c0 v\u00e9lo, 320 citoyens partent faire le tour de France des solutions solidaires et \u00e9cologiques","datePublished":"2017-06-19T16:57:45+00:00","dateModified":"2024-08-27T14:52:46+00:00","mainEntityOfPage":{"@id":"https:\/\/www.altercampagne.net\/?p=7203"},"wordCount":381,"image":{"@id":"https:\/\/www.altercampagne.net\/?p=7203#primaryimage"},"thumbnailUrl":"https:\/\/www.altercampagne.net\/wp-content\/uploads\/2017\/06\/2016-07-27_16.00.54_7678.jpg","keywords":["Mathieu Fromont","AlterTour 2017","2017","Julie Jeunejean","we demain"],"articleSection":["Revue de presse"],"inLanguage":"fr-FR"},{"@type":"WebPage","@id":"https:\/\/www.altercampagne.net\/?p=7203","url":"https:\/\/www.altercampagne.net\/?p=7203","name":"\u00c0 v\u00e9lo, 320 citoyens partent faire le tour de France des solutions solidaires et \u00e9cologiques - AlterTour","isPartOf":{"@id":"https:\/\/www.altercampagne.net\/#website"},"primaryImageOfPage":{"@id":"https:\/\/www.altercampagne.net\/?p=7203#primaryimage"},"image":{"@id":"https:\/\/www.altercampagne.net\/?p=7203#primaryimage"},"thumbnailUrl":"https:\/\/www.altercampagne.net\/wp-content\/uploads\/2017\/06\/2016-07-27_16.00.54_7678.jpg","datePublished":"2017-06-19T16:57:45+00:00","dateModified":"2024-08-27T14:52:46+00:00","author":{"@id":"https:\/\/www.altercampagne.net\/#\/schema\/person\/0f261460c09e430caa0f9bcffa319109"},"breadcrumb":{"@id":"https:\/\/www.altercampagne.net\/?p=7203#breadcrumb"},"inLanguage":"fr-FR","potentialAction":[{"@type":"ReadAction","target":["https:\/\/www.altercampagne.net\/?p=7203"]}]},{"@type":"ImageObject","inLanguage":"fr-FR","@id":"https:\/\/www.altercampagne.net\/?p=7203#primaryimage","url":"https:\/\/www.altercampagne.net\/wp-content\/uploads\/2017\/06\/2016-07-27_16.00.54_7678.jpg","contentUrl":"https:\/\/www.altercampagne.net\/wp-content\/uploads\/2017\/06\/2016-07-27_16.00.54_7678.jpg","width":695,"height":467},{"@type":"BreadcrumbList","@id":"https:\/\/www.altercampagne.net\/?p=7203#breadcrumb","itemListElement":[{"@type":"ListItem","position":1,"name":"Accueil","item":"https:\/\/www.altercampagne.net\/"},{"@type":"ListItem","position":2,"name":"\u00c0 v\u00e9lo, 320 citoyens partent faire le tour de France des solutions solidaires et \u00e9cologiques"}]},{"@type":"WebSite","@id":"https:\/\/www.altercampagne.net\/#website","url":"https:\/\/www.altercampagne.net\/","name":"AlterTour","description":"Reliez les Alternatives \u00e0 v\u00e9lo","potentialAction":[{"@type":"SearchAction","target":{"@type":"EntryPoint","urlTemplate":"https:\/\/www.altercampagne.net\/?s={search_term_string}"},"query-input":{"@type":"PropertyValueSpecification","valueRequired":true,"valueName":"search_term_string"}}],"inLanguage":"fr-FR"},{"@type":"Person","@id":"https:\/\/www.altercampagne.net\/#\/schema\/person\/0f261460c09e430caa0f9bcffa319109","name":"Mathieu","image":{"@type":"ImageObject","inLanguage":"fr-FR","@id":"https:\/\/secure.gravatar.com\/avatar\/aa9d3d24c83f2141e5e2709d0f63d09a99f6be6bb7a50abc4915838d9f54501a?s=96&d=mm&r=g","url":"https:\/\/secure.gravatar.com\/avatar\/aa9d3d24c83f2141e5e2709d0f63d09a99f6be6bb7a50abc4915838d9f54501a?s=96&d=mm&r=g","contentUrl":"https:\/\/secure.gravatar.com\/avatar\/aa9d3d24c83f2141e5e2709d0f63d09a99f6be6bb7a50abc4915838d9f54501a?s=96&d=mm&r=g","caption":"Mathieu"},"url":"https:\/\/www.altercampagne.net\/?author=214"}]}},"_links":{"self":[{"href":"https:\/\/www.altercampagne.net\/index.php?rest_route=\/wp\/v2\/posts\/7203","targetHints":{"allow":["GET"]}}],"collection":[{"href":"https:\/\/www.altercampagne.net\/index.php?rest_route=\/wp\/v2\/posts"}],"about":[{"href":"https:\/\/www.altercampagne.net\/index.php?rest_route=\/wp\/v2\/types\/post"}],"author":[{"embeddable":true,"href":"https:\/\/www.altercampagne.net\/index.php?rest_route=\/wp\/v2\/users\/214"}],"replies":[{"embeddable":true,"href":"https:\/\/www.altercampagne.net\/index.php?rest_route=%2Fwp%2Fv2%2Fcomments&post=7203"}],"version-history":[{"count":2,"href":"https:\/\/www.altercampagne.net\/index.php?rest_route=\/wp\/v2\/posts\/7203\/revisions"}],"predecessor-version":[{"id":28632,"href":"https:\/\/www.altercampagne.net\/index.php?rest_route=\/wp\/v2\/posts\/7203\/revisions\/28632"}],"wp:featuredmedia":[{"embeddable":true,"href":"https:\/\/www.altercampagne.net\/index.php?rest_route=\/wp\/v2\/media\/7205"}],"wp:attachment":[{"href":"https:\/\/www.altercampagne.net\/index.php?rest_route=%2Fwp%2Fv2%2Fmedia&parent=7203"}],"wp:term":[{"taxonomy":"category","embeddable":true,"href":"https:\/\/www.altercampagne.net\/index.php?rest_route=%2Fwp%2Fv2%2Fcategories&post=7203"},{"taxonomy":"post_tag","embeddable":true,"href":"https:\/\/www.altercampagne.net\/index.php?rest_route=%2Fwp%2Fv2%2Ftags&post=7203"}],"curies":[{"name":"wp","href":"https:\/\/api.w.org\/{rel}","templated":true}]}}