{"id":7212,"date":"2017-05-29T17:07:23","date_gmt":"2017-05-29T15:07:23","guid":{"rendered":"http:\/\/www.altercampagne.net\/?p=7212"},"modified":"2017-06-20T17:13:01","modified_gmt":"2017-06-20T15:13:01","slug":"10e-edition-de-laltertour-le-tour-de-france-des-alternatives","status":"publish","type":"post","link":"https:\/\/www.altercampagne.net\/?p=7212","title":{"rendered":"10e \u00e9dition de l&rsquo;AlterTour, le Tour de France des Alternatives"},"content":{"rendered":"<p>D\u00e9part officiel : lundi 10 juillet de la Maison de l\u2019Economie Solidaire \u00e0 Ramonville-Saint-Agne. Fin du parcours le 20 ao\u00fbt.<\/p>\n<p><a href=\"http:\/\/www.altercampagne.net\/wp-content\/uploads\/2017\/06\/2016-07-22_11.33.jpg\"><img loading=\"lazy\" decoding=\"async\" class=\" size-full wp-image-7213 aligncenter\" src=\"http:\/\/www.altercampagne.net\/wp-content\/uploads\/2017\/06\/2016-07-22_11.33.jpg\" alt=\"2016-07-22_11.33\" width=\"695\" height=\"467\" srcset=\"https:\/\/www.altercampagne.net\/wp-content\/uploads\/2017\/06\/2016-07-22_11.33.jpg 695w, https:\/\/www.altercampagne.net\/wp-content\/uploads\/2017\/06\/2016-07-22_11.33-300x202.jpg 300w\" sizes=\"auto, (max-width: 695px) 100vw, 695px\" \/><\/a><\/p>\n<p>Pour la 10\u00e8me ann\u00e9e cons\u00e9cutive, l\u2019AlterTour, le Tour de France des Alternatives, s\u2019\u00e9lancera sur les routes \u00e0 la rencontre des actrices et des acteurs de la Transition.<\/p>\n<p>Rendez-vous \u00e0 Toulouse les 8 et 9 juillet 2017 pour deux jours de festivit\u00e9s avec les Alternatives locales.<\/p>\n<p>Le d\u00e9part officiel sera donn\u00e9 lundi 10 juillet de la Maison de l\u2019Economie Solidaire \u00e0 Ramonville-Saint-Agne.<\/p>\n<p>Les 320 Altercyclistes parcourront 1200 kilom\u00e8tres en 6 semaines \u00e0 la d\u00e9couverte de 104 Alternatives en Occitanie, Catalogne et Rh\u00f4ne-Alpes. Ils termineront leur parcours le 20 ao\u00fbt 2017 \u00e0 Valence.<\/p>\n<p>Chaque jour, ils seront accueillis dans des \u00e9colieux, des fermes agro\u00e9cologiques, des micro-brasseries, des chantiers en \u00e9coconstruction, des ateliers v\u00e9los participatifs et solidaires, des Zad\u2026 des lieux, des collectifs o\u00f9 l\u2019on vit la transition \u00e9cologique.<\/p>\n<p>Sur les chemins de la Transition<\/p>\n<p>Sur les \u00e9tapes, des visites, des chantiers collectifs et des soir\u00e9es festives seront organis\u00e9s afin d\u2019apprendre \u00e0 conna\u00eetre les accueillants et leurs activit\u00e9s. Ils auront \u00e0 c\u0153ur de partager leurs exp\u00e9riences, leurs chemins de transition, mais aussi le d\u00e9clic qui leur a permis de changer de vie.<\/p>\n<p>Les \u00c9chapp\u00e9es Belles<\/p>\n<p>Pour les plus aventuriers, rendez-vous sur les Echapp\u00e9es Belles : deux parcours parall\u00e8les \u00e0 l\u2019AlterTour, en petit groupe et sans assistance moteur. Chacun porte sa tente et ses bagages, une partie de la nourriture commune et le mat\u00e9riel n\u00e9cessaire \u00e0 la r\u00e9paration des v\u00e9los. Le reste ne change pas, \u00e0 chaque \u00e9tape la d\u00e9couverte d\u2019Alternative(s) !<\/p>\n<p>\u2013 Une \u00c9chapp\u00e9e Belle Espagnole en juillet : de G\u00e9rone (en Espagne) \u00e0 Armissan (dans l\u2019Aude)<br \/>\n\u2013 Une \u00c9chapp\u00e9e Belle Musicale en ao\u00fbt de Thoiras (dans le Gard) \u00e0 Eurre (dans la Dr\u00f4me)<\/p>\n<p>Les retrouvailles avec l\u2019AlterTour seront l\u2019occasion d\u2019\u00e9changes sur les rencontres des diff\u00e9rents parcours.<\/p>\n<p>Les inscriptions sont ouvertes jusqu\u2019au 3 juillet 2016 sur le site internet de l\u2019AlterTour<\/p>\n<p style=\"text-align: right;\"><strong>Lucile Vilboux, <a href=\"http:\/\/www.villagemagazine.fr\/actualites\/10e-edition-de-laltertour-le-tour-de-france-des-alternatives\" target=\"_blank\">Village Magazine<\/a><\/strong><\/p>\n","protected":false},"excerpt":{"rendered":"<p>D\u00e9part officiel : lundi 10 juillet de la Maison de l\u2019Economie Solidaire \u00e0 Ramonville-Saint-Agne. Fin du parcours le 20 ao\u00fbt. Pour la 10\u00e8me ann\u00e9e cons\u00e9cutive, l\u2019AlterTour, le Tour de France des Alternatives, s\u2019\u00e9lancera sur les routes \u00e0 la rencontre des actrices et des acteurs de la Transition. Rendez-vous \u00e0 Toulouse &#8230; <\/p>\n<div><a href=\"https:\/\/www.altercampagne.net\/?p=7212\" class=\"more-link\">Read More<\/a><\/div>\n","protected":false},"author":214,"featured_media":0,"comment_status":"closed","ping_status":"closed","sticky":false,"template":"","format":"standard","meta":{"footnotes":""},"categories":[239],"tags":[643,2783,2784,3043,3044],"class_list":["post-7212","post","type-post","status-publish","format-standard","hentry","category-revue-de-presse","tag-village","tag-altertour-2017","tag-2784","tag-village-magazine","tag-lucile-vilboux","no-post-thumbnail"],"yoast_head":"<!-- This site is optimized with the Yoast SEO plugin v27.3 - https:\/\/yoast.com\/product\/yoast-seo-wordpress\/ -->\n<title>10e \u00e9dition de l&#039;AlterTour, le Tour de France des Alternatives - AlterTour<\/title>\n<meta name=\"robots\" content=\"index, follow, max-snippet:-1, max-image-preview:large, max-video-preview:-1\" \/>\n<link rel=\"canonical\" href=\"https:\/\/www.altercampagne.net\/?p=7212\" \/>\n<meta property=\"og:locale\" content=\"fr_FR\" \/>\n<meta property=\"og:type\" content=\"article\" \/>\n<meta property=\"og:title\" content=\"10e \u00e9dition de l&#039;AlterTour, le Tour de France des Alternatives - AlterTour\" \/>\n<meta property=\"og:description\" content=\"D\u00e9part officiel : lundi 10 juillet de la Maison de l\u2019Economie Solidaire \u00e0 Ramonville-Saint-Agne. Fin du parcours le 20 ao\u00fbt. Pour la 10\u00e8me ann\u00e9e cons\u00e9cutive, l\u2019AlterTour, le Tour de France des Alternatives, s\u2019\u00e9lancera sur les routes \u00e0 la rencontre des actrices et des acteurs de la Transition. Rendez-vous \u00e0 Toulouse ... Read More\" \/>\n<meta property=\"og:url\" content=\"https:\/\/www.altercampagne.net\/?p=7212\" \/>\n<meta property=\"og:site_name\" content=\"AlterTour\" \/>\n<meta property=\"article:published_time\" content=\"2017-05-29T15:07:23+00:00\" \/>\n<meta property=\"article:modified_time\" content=\"2017-06-20T15:13:01+00:00\" \/>\n<meta property=\"og:image\" content=\"http:\/\/www.altercampagne.net\/wp-content\/uploads\/2017\/06\/2016-07-22_11.33.jpg\" \/>\n<meta name=\"author\" content=\"Mathieu\" \/>\n<meta name=\"twitter:card\" content=\"summary_large_image\" \/>\n<meta name=\"twitter:label1\" content=\"\u00c9crit par\" \/>\n\t<meta name=\"twitter:data1\" content=\"Mathieu\" \/>\n\t<meta name=\"twitter:label2\" content=\"Dur\u00e9e de lecture estim\u00e9e\" \/>\n\t<meta name=\"twitter:data2\" content=\"2 minutes\" \/>\n<script type=\"application\/ld+json\" class=\"yoast-schema-graph\">{\"@context\":\"https:\\\/\\\/schema.org\",\"@graph\":[{\"@type\":\"Article\",\"@id\":\"https:\\\/\\\/www.altercampagne.net\\\/?p=7212#article\",\"isPartOf\":{\"@id\":\"https:\\\/\\\/www.altercampagne.net\\\/?p=7212\"},\"author\":{\"name\":\"Mathieu\",\"@id\":\"https:\\\/\\\/www.altercampagne.net\\\/#\\\/schema\\\/person\\\/0f261460c09e430caa0f9bcffa319109\"},\"headline\":\"10e \u00e9dition de l&rsquo;AlterTour, le Tour de France des Alternatives\",\"datePublished\":\"2017-05-29T15:07:23+00:00\",\"dateModified\":\"2017-06-20T15:13:01+00:00\",\"mainEntityOfPage\":{\"@id\":\"https:\\\/\\\/www.altercampagne.net\\\/?p=7212\"},\"wordCount\":348,\"image\":{\"@id\":\"https:\\\/\\\/www.altercampagne.net\\\/?p=7212#primaryimage\"},\"thumbnailUrl\":\"http:\\\/\\\/www.altercampagne.net\\\/wp-content\\\/uploads\\\/2017\\\/06\\\/2016-07-22_11.33.jpg\",\"keywords\":[\"Village\",\"AlterTour 2017\",\"2017\",\"Village magazine\",\"Lucile Vilboux\"],\"articleSection\":[\"Revue de presse\"],\"inLanguage\":\"fr-FR\"},{\"@type\":\"WebPage\",\"@id\":\"https:\\\/\\\/www.altercampagne.net\\\/?p=7212\",\"url\":\"https:\\\/\\\/www.altercampagne.net\\\/?p=7212\",\"name\":\"10e \u00e9dition de l'AlterTour, le Tour de France des Alternatives - AlterTour\",\"isPartOf\":{\"@id\":\"https:\\\/\\\/www.altercampagne.net\\\/#website\"},\"primaryImageOfPage\":{\"@id\":\"https:\\\/\\\/www.altercampagne.net\\\/?p=7212#primaryimage\"},\"image\":{\"@id\":\"https:\\\/\\\/www.altercampagne.net\\\/?p=7212#primaryimage\"},\"thumbnailUrl\":\"http:\\\/\\\/www.altercampagne.net\\\/wp-content\\\/uploads\\\/2017\\\/06\\\/2016-07-22_11.33.jpg\",\"datePublished\":\"2017-05-29T15:07:23+00:00\",\"dateModified\":\"2017-06-20T15:13:01+00:00\",\"author\":{\"@id\":\"https:\\\/\\\/www.altercampagne.net\\\/#\\\/schema\\\/person\\\/0f261460c09e430caa0f9bcffa319109\"},\"breadcrumb\":{\"@id\":\"https:\\\/\\\/www.altercampagne.net\\\/?p=7212#breadcrumb\"},\"inLanguage\":\"fr-FR\",\"potentialAction\":[{\"@type\":\"ReadAction\",\"target\":[\"https:\\\/\\\/www.altercampagne.net\\\/?p=7212\"]}]},{\"@type\":\"ImageObject\",\"inLanguage\":\"fr-FR\",\"@id\":\"https:\\\/\\\/www.altercampagne.net\\\/?p=7212#primaryimage\",\"url\":\"http:\\\/\\\/www.altercampagne.net\\\/wp-content\\\/uploads\\\/2017\\\/06\\\/2016-07-22_11.33.jpg\",\"contentUrl\":\"http:\\\/\\\/www.altercampagne.net\\\/wp-content\\\/uploads\\\/2017\\\/06\\\/2016-07-22_11.33.jpg\"},{\"@type\":\"BreadcrumbList\",\"@id\":\"https:\\\/\\\/www.altercampagne.net\\\/?p=7212#breadcrumb\",\"itemListElement\":[{\"@type\":\"ListItem\",\"position\":1,\"name\":\"Accueil\",\"item\":\"https:\\\/\\\/www.altercampagne.net\\\/\"},{\"@type\":\"ListItem\",\"position\":2,\"name\":\"10e \u00e9dition de l&rsquo;AlterTour, le Tour de France des Alternatives\"}]},{\"@type\":\"WebSite\",\"@id\":\"https:\\\/\\\/www.altercampagne.net\\\/#website\",\"url\":\"https:\\\/\\\/www.altercampagne.net\\\/\",\"name\":\"AlterTour\",\"description\":\"Reliez les Alternatives \u00e0 v\u00e9lo\",\"potentialAction\":[{\"@type\":\"SearchAction\",\"target\":{\"@type\":\"EntryPoint\",\"urlTemplate\":\"https:\\\/\\\/www.altercampagne.net\\\/?s={search_term_string}\"},\"query-input\":{\"@type\":\"PropertyValueSpecification\",\"valueRequired\":true,\"valueName\":\"search_term_string\"}}],\"inLanguage\":\"fr-FR\"},{\"@type\":\"Person\",\"@id\":\"https:\\\/\\\/www.altercampagne.net\\\/#\\\/schema\\\/person\\\/0f261460c09e430caa0f9bcffa319109\",\"name\":\"Mathieu\",\"image\":{\"@type\":\"ImageObject\",\"inLanguage\":\"fr-FR\",\"@id\":\"https:\\\/\\\/secure.gravatar.com\\\/avatar\\\/aa9d3d24c83f2141e5e2709d0f63d09a99f6be6bb7a50abc4915838d9f54501a?s=96&d=mm&r=g\",\"url\":\"https:\\\/\\\/secure.gravatar.com\\\/avatar\\\/aa9d3d24c83f2141e5e2709d0f63d09a99f6be6bb7a50abc4915838d9f54501a?s=96&d=mm&r=g\",\"contentUrl\":\"https:\\\/\\\/secure.gravatar.com\\\/avatar\\\/aa9d3d24c83f2141e5e2709d0f63d09a99f6be6bb7a50abc4915838d9f54501a?s=96&d=mm&r=g\",\"caption\":\"Mathieu\"},\"url\":\"https:\\\/\\\/www.altercampagne.net\\\/?author=214\"}]}<\/script>\n<!-- \/ Yoast SEO plugin. -->","yoast_head_json":{"title":"10e \u00e9dition de l'AlterTour, le Tour de France des Alternatives - AlterTour","robots":{"index":"index","follow":"follow","max-snippet":"max-snippet:-1","max-image-preview":"max-image-preview:large","max-video-preview":"max-video-preview:-1"},"canonical":"https:\/\/www.altercampagne.net\/?p=7212","og_locale":"fr_FR","og_type":"article","og_title":"10e \u00e9dition de l'AlterTour, le Tour de France des Alternatives - AlterTour","og_description":"D\u00e9part officiel : lundi 10 juillet de la Maison de l\u2019Economie Solidaire \u00e0 Ramonville-Saint-Agne. Fin du parcours le 20 ao\u00fbt. Pour la 10\u00e8me ann\u00e9e cons\u00e9cutive, l\u2019AlterTour, le Tour de France des Alternatives, s\u2019\u00e9lancera sur les routes \u00e0 la rencontre des actrices et des acteurs de la Transition. Rendez-vous \u00e0 Toulouse ... Read More","og_url":"https:\/\/www.altercampagne.net\/?p=7212","og_site_name":"AlterTour","article_published_time":"2017-05-29T15:07:23+00:00","article_modified_time":"2017-06-20T15:13:01+00:00","og_image":[{"url":"http:\/\/www.altercampagne.net\/wp-content\/uploads\/2017\/06\/2016-07-22_11.33.jpg","type":"","width":"","height":""}],"author":"Mathieu","twitter_card":"summary_large_image","twitter_misc":{"\u00c9crit par":"Mathieu","Dur\u00e9e de lecture estim\u00e9e":"2 minutes"},"schema":{"@context":"https:\/\/schema.org","@graph":[{"@type":"Article","@id":"https:\/\/www.altercampagne.net\/?p=7212#article","isPartOf":{"@id":"https:\/\/www.altercampagne.net\/?p=7212"},"author":{"name":"Mathieu","@id":"https:\/\/www.altercampagne.net\/#\/schema\/person\/0f261460c09e430caa0f9bcffa319109"},"headline":"10e \u00e9dition de l&rsquo;AlterTour, le Tour de France des Alternatives","datePublished":"2017-05-29T15:07:23+00:00","dateModified":"2017-06-20T15:13:01+00:00","mainEntityOfPage":{"@id":"https:\/\/www.altercampagne.net\/?p=7212"},"wordCount":348,"image":{"@id":"https:\/\/www.altercampagne.net\/?p=7212#primaryimage"},"thumbnailUrl":"http:\/\/www.altercampagne.net\/wp-content\/uploads\/2017\/06\/2016-07-22_11.33.jpg","keywords":["Village","AlterTour 2017","2017","Village magazine","Lucile Vilboux"],"articleSection":["Revue de presse"],"inLanguage":"fr-FR"},{"@type":"WebPage","@id":"https:\/\/www.altercampagne.net\/?p=7212","url":"https:\/\/www.altercampagne.net\/?p=7212","name":"10e \u00e9dition de l'AlterTour, le Tour de France des Alternatives - AlterTour","isPartOf":{"@id":"https:\/\/www.altercampagne.net\/#website"},"primaryImageOfPage":{"@id":"https:\/\/www.altercampagne.net\/?p=7212#primaryimage"},"image":{"@id":"https:\/\/www.altercampagne.net\/?p=7212#primaryimage"},"thumbnailUrl":"http:\/\/www.altercampagne.net\/wp-content\/uploads\/2017\/06\/2016-07-22_11.33.jpg","datePublished":"2017-05-29T15:07:23+00:00","dateModified":"2017-06-20T15:13:01+00:00","author":{"@id":"https:\/\/www.altercampagne.net\/#\/schema\/person\/0f261460c09e430caa0f9bcffa319109"},"breadcrumb":{"@id":"https:\/\/www.altercampagne.net\/?p=7212#breadcrumb"},"inLanguage":"fr-FR","potentialAction":[{"@type":"ReadAction","target":["https:\/\/www.altercampagne.net\/?p=7212"]}]},{"@type":"ImageObject","inLanguage":"fr-FR","@id":"https:\/\/www.altercampagne.net\/?p=7212#primaryimage","url":"http:\/\/www.altercampagne.net\/wp-content\/uploads\/2017\/06\/2016-07-22_11.33.jpg","contentUrl":"http:\/\/www.altercampagne.net\/wp-content\/uploads\/2017\/06\/2016-07-22_11.33.jpg"},{"@type":"BreadcrumbList","@id":"https:\/\/www.altercampagne.net\/?p=7212#breadcrumb","itemListElement":[{"@type":"ListItem","position":1,"name":"Accueil","item":"https:\/\/www.altercampagne.net\/"},{"@type":"ListItem","position":2,"name":"10e \u00e9dition de l&rsquo;AlterTour, le Tour de France des Alternatives"}]},{"@type":"WebSite","@id":"https:\/\/www.altercampagne.net\/#website","url":"https:\/\/www.altercampagne.net\/","name":"AlterTour","description":"Reliez les Alternatives \u00e0 v\u00e9lo","potentialAction":[{"@type":"SearchAction","target":{"@type":"EntryPoint","urlTemplate":"https:\/\/www.altercampagne.net\/?s={search_term_string}"},"query-input":{"@type":"PropertyValueSpecification","valueRequired":true,"valueName":"search_term_string"}}],"inLanguage":"fr-FR"},{"@type":"Person","@id":"https:\/\/www.altercampagne.net\/#\/schema\/person\/0f261460c09e430caa0f9bcffa319109","name":"Mathieu","image":{"@type":"ImageObject","inLanguage":"fr-FR","@id":"https:\/\/secure.gravatar.com\/avatar\/aa9d3d24c83f2141e5e2709d0f63d09a99f6be6bb7a50abc4915838d9f54501a?s=96&d=mm&r=g","url":"https:\/\/secure.gravatar.com\/avatar\/aa9d3d24c83f2141e5e2709d0f63d09a99f6be6bb7a50abc4915838d9f54501a?s=96&d=mm&r=g","contentUrl":"https:\/\/secure.gravatar.com\/avatar\/aa9d3d24c83f2141e5e2709d0f63d09a99f6be6bb7a50abc4915838d9f54501a?s=96&d=mm&r=g","caption":"Mathieu"},"url":"https:\/\/www.altercampagne.net\/?author=214"}]}},"_links":{"self":[{"href":"https:\/\/www.altercampagne.net\/index.php?rest_route=\/wp\/v2\/posts\/7212","targetHints":{"allow":["GET"]}}],"collection":[{"href":"https:\/\/www.altercampagne.net\/index.php?rest_route=\/wp\/v2\/posts"}],"about":[{"href":"https:\/\/www.altercampagne.net\/index.php?rest_route=\/wp\/v2\/types\/post"}],"author":[{"embeddable":true,"href":"https:\/\/www.altercampagne.net\/index.php?rest_route=\/wp\/v2\/users\/214"}],"replies":[{"embeddable":true,"href":"https:\/\/www.altercampagne.net\/index.php?rest_route=%2Fwp%2Fv2%2Fcomments&post=7212"}],"version-history":[{"count":0,"href":"https:\/\/www.altercampagne.net\/index.php?rest_route=\/wp\/v2\/posts\/7212\/revisions"}],"wp:attachment":[{"href":"https:\/\/www.altercampagne.net\/index.php?rest_route=%2Fwp%2Fv2%2Fmedia&parent=7212"}],"wp:term":[{"taxonomy":"category","embeddable":true,"href":"https:\/\/www.altercampagne.net\/index.php?rest_route=%2Fwp%2Fv2%2Fcategories&post=7212"},{"taxonomy":"post_tag","embeddable":true,"href":"https:\/\/www.altercampagne.net\/index.php?rest_route=%2Fwp%2Fv2%2Ftags&post=7212"}],"curies":[{"name":"wp","href":"https:\/\/api.w.org\/{rel}","templated":true}]}}