{"id":7216,"date":"2017-06-01T17:13:44","date_gmt":"2017-06-01T15:13:44","guid":{"rendered":"http:\/\/www.altercampagne.net\/?p=7216"},"modified":"2017-06-20T17:17:09","modified_gmt":"2017-06-20T15:17:09","slug":"altertour-linitiative-citoyenne-qui-fait-le-tour-des-modes-de-vie-alternatifs","status":"publish","type":"post","link":"https:\/\/www.altercampagne.net\/?p=7216","title":{"rendered":"AlterTour, l\u2019initiative citoyenne qui fait le tour des modes de vie alternatifs"},"content":{"rendered":"<p><strong><a href=\"http:\/\/www.altercampagne.net\/wp-content\/uploads\/2017\/06\/image-couv-site-82822222.jpg\"><img loading=\"lazy\" decoding=\"async\" class=\" size-full wp-image-7217 aligncenter\" src=\"http:\/\/www.altercampagne.net\/wp-content\/uploads\/2017\/06\/image-couv-site-82822222.jpg\" alt=\"image-couv-site-82822222\" width=\"750\" height=\"500\" srcset=\"https:\/\/www.altercampagne.net\/wp-content\/uploads\/2017\/06\/image-couv-site-82822222.jpg 750w, https:\/\/www.altercampagne.net\/wp-content\/uploads\/2017\/06\/image-couv-site-82822222-300x200.jpg 300w\" sizes=\"auto, (max-width: 750px) 100vw, 750px\" \/><\/a>L\u2019AlterTour est une initiative citoyenne regroupant des cyclistes amateurs afin de faire le tour des initiatives de modes de vie alternatifs. 2017 signe le 10\u00e8me anniversaire de cette petite aventure qui informe, sensibilise et surtout rapproche.<\/strong><\/p>\n<p><strong>A la rencontre de ceux qui fa\u00e7onnent un futur durable<\/strong><\/p>\n<p>Pour son 10\u00e8me anniversaire, l\u2019AlterTour a pr\u00e9vu un parcours qui arpente le sud de la France entre le 8 juillet et le 20 ao\u00fbt ; le d\u00e9part se fait \u00e0 Toulouse et l\u2019arriv\u00e9e \u00e0 Valence. Durant 6 semaines et sur 1 200 kilom\u00e8tres, des citoyens curieux d\u00e9couvriront des modes de vie alternatifs et des initiatives durables dans de nombreux secteurs tels que l\u2019\u00e9ducation, l\u2019agriculture, l\u2019\u00e9nergie, l\u2019urbanisme ou encore la culture. Le petit troupeau engag\u00e9 et joyeux se d\u00e9placera \u00e0 v\u00e9lo et plantera ses tentes lors de chaque \u00e9tape. Les participants, en solo ou en famille, s\u2019inscrivent pour environ une semaine sur cinq et parcourront une cinquantaine de kilom\u00e8tres par jour. La randonn\u00e9e cycliste est un moyen d\u2019information et de sensibilisation ing\u00e9nieux : la connaissance par l\u2019exp\u00e9rience. La rencontre entre les cyclistes et avec leurs h\u00f4tes permet de relayer et de relier des id\u00e9es pratiques afin de r\u00e9pondre aux challenges de la soci\u00e9t\u00e9 contemporaine.<\/p>\n<p><strong>Communaut\u00e9 de cyclistes solidaires<\/strong><\/p>\n<p>L\u2019AlterTour \u00e9tant une activit\u00e9 \u00e0 but non lucratif, le tarif est d\u00e9gressif et co\u00fbte jusqu\u2019\u00e0 42 \u20ac par jour pour les revenus annuels sup\u00e9rieurs \u00e0 36 000 \u20ac par an, et 18 \u20ac pour les revenus annuels inf\u00e9rieurs \u00e0 4 000 \u20ac par an. Dans la joyeuse exp\u00e9dition, pas de hi\u00e9rarchie ! Les t\u00e2ches sont r\u00e9parties entre les participants : installation des toilettes s\u00e8ches, vaisselle, conduite des v\u00e9hicules d\u2019assistance, pr\u00e9paration du repas, journalisme, vaisselle etc. Chaque jour, ces t\u00e2ches sont r\u00e9parties et tout le monde change de poste !<\/p>\n<p><strong>Un louable manifeste<\/strong><\/p>\n<p>La ligne directrice de l\u2019AlterTour est : \u00ab Pour une plan\u00e8te sans dopage \u00bb. Ce jeu de mot n\u2019est pas anodin pour une discipline telle que le v\u00e9lo. En effet, l\u2019AlterTour plaide pour un refus du dopage dans le sport, dans l\u2019agriculture, l\u2019\u00e9conomie de march\u00e9, l\u2019\u00e9nergie, les t\u00e9l\u00e9communications, les transports, le tourisme, l\u2019enseignement\u2026 La soci\u00e9t\u00e9 en somme ! Ce tour peut \u00eatre consid\u00e9r\u00e9 comme un outil d\u2019\u00e9ducation populaire qui \u00e9veille les consciences et \u00e9duque les esprits dans le but d\u2019adopter et de faire adopter des modes de vie plus responsables, plus solidaires, plus humains ! Chaque ann\u00e9e, une trentaine de citoyens se regroupent r\u00e9guli\u00e8rement afin de mettre sur pied cette belle escapade qui n\u2019est autre qu\u2019une superbe aventure humaine faite d\u2019\u00e9changes, de d\u00e9couvertes et de discussions.<\/p>\n<p style=\"text-align: right;\"><strong>Diane Deswarte, <a href=\"https:\/\/lareleveetlapeste.fr\/altertour-linitiative-citoyenne-tour-modes-de-vie-alternatifs\/\" target=\"_blank\">La Rel\u00e8ve et La Peste<\/a><\/strong><\/p>\n","protected":false},"excerpt":{"rendered":"<p>L\u2019AlterTour est une initiative citoyenne regroupant des cyclistes amateurs afin de faire le tour des initiatives de modes de vie alternatifs. 2017 signe le 10\u00e8me anniversaire de cette petite aventure qui informe, sensibilise et surtout rapproche. A la rencontre de ceux qui fa\u00e7onnent un futur durable Pour son 10\u00e8me anniversaire, &#8230; <\/p>\n<div><a href=\"https:\/\/www.altercampagne.net\/?p=7216\" class=\"more-link\">Read More<\/a><\/div>\n","protected":false},"author":214,"featured_media":0,"comment_status":"closed","ping_status":"closed","sticky":false,"template":"","format":"standard","meta":{"footnotes":""},"categories":[239],"tags":[2783,2784,3045,3046],"class_list":["post-7216","post","type-post","status-publish","format-standard","hentry","category-revue-de-presse","tag-altertour-2017","tag-2784","tag-diane-deswarte","tag-la-releve-et-la-peste","no-post-thumbnail"],"yoast_head":"<!-- This site is optimized with the Yoast SEO plugin v27.3 - https:\/\/yoast.com\/product\/yoast-seo-wordpress\/ -->\n<title>AlterTour, l\u2019initiative citoyenne qui fait le tour des modes de vie alternatifs - AlterTour<\/title>\n<meta name=\"robots\" content=\"index, follow, max-snippet:-1, max-image-preview:large, max-video-preview:-1\" \/>\n<link rel=\"canonical\" href=\"https:\/\/www.altercampagne.net\/?p=7216\" \/>\n<meta property=\"og:locale\" content=\"fr_FR\" \/>\n<meta property=\"og:type\" content=\"article\" \/>\n<meta property=\"og:title\" content=\"AlterTour, l\u2019initiative citoyenne qui fait le tour des modes de vie alternatifs - AlterTour\" \/>\n<meta property=\"og:description\" content=\"L\u2019AlterTour est une initiative citoyenne regroupant des cyclistes amateurs afin de faire le tour des initiatives de modes de vie alternatifs. 2017 signe le 10\u00e8me anniversaire de cette petite aventure qui informe, sensibilise et surtout rapproche. A la rencontre de ceux qui fa\u00e7onnent un futur durable Pour son 10\u00e8me anniversaire, ... Read More\" \/>\n<meta property=\"og:url\" content=\"https:\/\/www.altercampagne.net\/?p=7216\" \/>\n<meta property=\"og:site_name\" content=\"AlterTour\" \/>\n<meta property=\"article:published_time\" content=\"2017-06-01T15:13:44+00:00\" \/>\n<meta property=\"article:modified_time\" content=\"2017-06-20T15:17:09+00:00\" \/>\n<meta property=\"og:image\" content=\"http:\/\/www.altercampagne.net\/wp-content\/uploads\/2017\/06\/image-couv-site-82822222.jpg\" \/>\n<meta name=\"author\" content=\"Mathieu\" \/>\n<meta name=\"twitter:card\" content=\"summary_large_image\" \/>\n<meta name=\"twitter:label1\" content=\"\u00c9crit par\" \/>\n\t<meta name=\"twitter:data1\" content=\"Mathieu\" \/>\n\t<meta name=\"twitter:label2\" content=\"Dur\u00e9e de lecture estim\u00e9e\" \/>\n\t<meta name=\"twitter:data2\" content=\"2 minutes\" \/>\n<script type=\"application\/ld+json\" class=\"yoast-schema-graph\">{\"@context\":\"https:\\\/\\\/schema.org\",\"@graph\":[{\"@type\":\"Article\",\"@id\":\"https:\\\/\\\/www.altercampagne.net\\\/?p=7216#article\",\"isPartOf\":{\"@id\":\"https:\\\/\\\/www.altercampagne.net\\\/?p=7216\"},\"author\":{\"name\":\"Mathieu\",\"@id\":\"https:\\\/\\\/www.altercampagne.net\\\/#\\\/schema\\\/person\\\/0f261460c09e430caa0f9bcffa319109\"},\"headline\":\"AlterTour, l\u2019initiative citoyenne qui fait le tour des modes de vie alternatifs\",\"datePublished\":\"2017-06-01T15:13:44+00:00\",\"dateModified\":\"2017-06-20T15:17:09+00:00\",\"mainEntityOfPage\":{\"@id\":\"https:\\\/\\\/www.altercampagne.net\\\/?p=7216\"},\"wordCount\":474,\"image\":{\"@id\":\"https:\\\/\\\/www.altercampagne.net\\\/?p=7216#primaryimage\"},\"thumbnailUrl\":\"http:\\\/\\\/www.altercampagne.net\\\/wp-content\\\/uploads\\\/2017\\\/06\\\/image-couv-site-82822222.jpg\",\"keywords\":[\"AlterTour 2017\",\"2017\",\"Diane Deswarte\",\"La Rel\u00e8ve et La Peste\"],\"articleSection\":[\"Revue de presse\"],\"inLanguage\":\"fr-FR\"},{\"@type\":\"WebPage\",\"@id\":\"https:\\\/\\\/www.altercampagne.net\\\/?p=7216\",\"url\":\"https:\\\/\\\/www.altercampagne.net\\\/?p=7216\",\"name\":\"AlterTour, l\u2019initiative citoyenne qui fait le tour des modes de vie alternatifs - AlterTour\",\"isPartOf\":{\"@id\":\"https:\\\/\\\/www.altercampagne.net\\\/#website\"},\"primaryImageOfPage\":{\"@id\":\"https:\\\/\\\/www.altercampagne.net\\\/?p=7216#primaryimage\"},\"image\":{\"@id\":\"https:\\\/\\\/www.altercampagne.net\\\/?p=7216#primaryimage\"},\"thumbnailUrl\":\"http:\\\/\\\/www.altercampagne.net\\\/wp-content\\\/uploads\\\/2017\\\/06\\\/image-couv-site-82822222.jpg\",\"datePublished\":\"2017-06-01T15:13:44+00:00\",\"dateModified\":\"2017-06-20T15:17:09+00:00\",\"author\":{\"@id\":\"https:\\\/\\\/www.altercampagne.net\\\/#\\\/schema\\\/person\\\/0f261460c09e430caa0f9bcffa319109\"},\"breadcrumb\":{\"@id\":\"https:\\\/\\\/www.altercampagne.net\\\/?p=7216#breadcrumb\"},\"inLanguage\":\"fr-FR\",\"potentialAction\":[{\"@type\":\"ReadAction\",\"target\":[\"https:\\\/\\\/www.altercampagne.net\\\/?p=7216\"]}]},{\"@type\":\"ImageObject\",\"inLanguage\":\"fr-FR\",\"@id\":\"https:\\\/\\\/www.altercampagne.net\\\/?p=7216#primaryimage\",\"url\":\"http:\\\/\\\/www.altercampagne.net\\\/wp-content\\\/uploads\\\/2017\\\/06\\\/image-couv-site-82822222.jpg\",\"contentUrl\":\"http:\\\/\\\/www.altercampagne.net\\\/wp-content\\\/uploads\\\/2017\\\/06\\\/image-couv-site-82822222.jpg\"},{\"@type\":\"BreadcrumbList\",\"@id\":\"https:\\\/\\\/www.altercampagne.net\\\/?p=7216#breadcrumb\",\"itemListElement\":[{\"@type\":\"ListItem\",\"position\":1,\"name\":\"Accueil\",\"item\":\"https:\\\/\\\/www.altercampagne.net\\\/\"},{\"@type\":\"ListItem\",\"position\":2,\"name\":\"AlterTour, l\u2019initiative citoyenne qui fait le tour des modes de vie alternatifs\"}]},{\"@type\":\"WebSite\",\"@id\":\"https:\\\/\\\/www.altercampagne.net\\\/#website\",\"url\":\"https:\\\/\\\/www.altercampagne.net\\\/\",\"name\":\"AlterTour\",\"description\":\"Reliez les Alternatives \u00e0 v\u00e9lo\",\"potentialAction\":[{\"@type\":\"SearchAction\",\"target\":{\"@type\":\"EntryPoint\",\"urlTemplate\":\"https:\\\/\\\/www.altercampagne.net\\\/?s={search_term_string}\"},\"query-input\":{\"@type\":\"PropertyValueSpecification\",\"valueRequired\":true,\"valueName\":\"search_term_string\"}}],\"inLanguage\":\"fr-FR\"},{\"@type\":\"Person\",\"@id\":\"https:\\\/\\\/www.altercampagne.net\\\/#\\\/schema\\\/person\\\/0f261460c09e430caa0f9bcffa319109\",\"name\":\"Mathieu\",\"image\":{\"@type\":\"ImageObject\",\"inLanguage\":\"fr-FR\",\"@id\":\"https:\\\/\\\/secure.gravatar.com\\\/avatar\\\/aa9d3d24c83f2141e5e2709d0f63d09a99f6be6bb7a50abc4915838d9f54501a?s=96&d=mm&r=g\",\"url\":\"https:\\\/\\\/secure.gravatar.com\\\/avatar\\\/aa9d3d24c83f2141e5e2709d0f63d09a99f6be6bb7a50abc4915838d9f54501a?s=96&d=mm&r=g\",\"contentUrl\":\"https:\\\/\\\/secure.gravatar.com\\\/avatar\\\/aa9d3d24c83f2141e5e2709d0f63d09a99f6be6bb7a50abc4915838d9f54501a?s=96&d=mm&r=g\",\"caption\":\"Mathieu\"},\"url\":\"https:\\\/\\\/www.altercampagne.net\\\/?author=214\"}]}<\/script>\n<!-- \/ Yoast SEO plugin. -->","yoast_head_json":{"title":"AlterTour, l\u2019initiative citoyenne qui fait le tour des modes de vie alternatifs - AlterTour","robots":{"index":"index","follow":"follow","max-snippet":"max-snippet:-1","max-image-preview":"max-image-preview:large","max-video-preview":"max-video-preview:-1"},"canonical":"https:\/\/www.altercampagne.net\/?p=7216","og_locale":"fr_FR","og_type":"article","og_title":"AlterTour, l\u2019initiative citoyenne qui fait le tour des modes de vie alternatifs - AlterTour","og_description":"L\u2019AlterTour est une initiative citoyenne regroupant des cyclistes amateurs afin de faire le tour des initiatives de modes de vie alternatifs. 2017 signe le 10\u00e8me anniversaire de cette petite aventure qui informe, sensibilise et surtout rapproche. A la rencontre de ceux qui fa\u00e7onnent un futur durable Pour son 10\u00e8me anniversaire, ... Read More","og_url":"https:\/\/www.altercampagne.net\/?p=7216","og_site_name":"AlterTour","article_published_time":"2017-06-01T15:13:44+00:00","article_modified_time":"2017-06-20T15:17:09+00:00","og_image":[{"url":"http:\/\/www.altercampagne.net\/wp-content\/uploads\/2017\/06\/image-couv-site-82822222.jpg","type":"","width":"","height":""}],"author":"Mathieu","twitter_card":"summary_large_image","twitter_misc":{"\u00c9crit par":"Mathieu","Dur\u00e9e de lecture estim\u00e9e":"2 minutes"},"schema":{"@context":"https:\/\/schema.org","@graph":[{"@type":"Article","@id":"https:\/\/www.altercampagne.net\/?p=7216#article","isPartOf":{"@id":"https:\/\/www.altercampagne.net\/?p=7216"},"author":{"name":"Mathieu","@id":"https:\/\/www.altercampagne.net\/#\/schema\/person\/0f261460c09e430caa0f9bcffa319109"},"headline":"AlterTour, l\u2019initiative citoyenne qui fait le tour des modes de vie alternatifs","datePublished":"2017-06-01T15:13:44+00:00","dateModified":"2017-06-20T15:17:09+00:00","mainEntityOfPage":{"@id":"https:\/\/www.altercampagne.net\/?p=7216"},"wordCount":474,"image":{"@id":"https:\/\/www.altercampagne.net\/?p=7216#primaryimage"},"thumbnailUrl":"http:\/\/www.altercampagne.net\/wp-content\/uploads\/2017\/06\/image-couv-site-82822222.jpg","keywords":["AlterTour 2017","2017","Diane Deswarte","La Rel\u00e8ve et La Peste"],"articleSection":["Revue de presse"],"inLanguage":"fr-FR"},{"@type":"WebPage","@id":"https:\/\/www.altercampagne.net\/?p=7216","url":"https:\/\/www.altercampagne.net\/?p=7216","name":"AlterTour, l\u2019initiative citoyenne qui fait le tour des modes de vie alternatifs - AlterTour","isPartOf":{"@id":"https:\/\/www.altercampagne.net\/#website"},"primaryImageOfPage":{"@id":"https:\/\/www.altercampagne.net\/?p=7216#primaryimage"},"image":{"@id":"https:\/\/www.altercampagne.net\/?p=7216#primaryimage"},"thumbnailUrl":"http:\/\/www.altercampagne.net\/wp-content\/uploads\/2017\/06\/image-couv-site-82822222.jpg","datePublished":"2017-06-01T15:13:44+00:00","dateModified":"2017-06-20T15:17:09+00:00","author":{"@id":"https:\/\/www.altercampagne.net\/#\/schema\/person\/0f261460c09e430caa0f9bcffa319109"},"breadcrumb":{"@id":"https:\/\/www.altercampagne.net\/?p=7216#breadcrumb"},"inLanguage":"fr-FR","potentialAction":[{"@type":"ReadAction","target":["https:\/\/www.altercampagne.net\/?p=7216"]}]},{"@type":"ImageObject","inLanguage":"fr-FR","@id":"https:\/\/www.altercampagne.net\/?p=7216#primaryimage","url":"http:\/\/www.altercampagne.net\/wp-content\/uploads\/2017\/06\/image-couv-site-82822222.jpg","contentUrl":"http:\/\/www.altercampagne.net\/wp-content\/uploads\/2017\/06\/image-couv-site-82822222.jpg"},{"@type":"BreadcrumbList","@id":"https:\/\/www.altercampagne.net\/?p=7216#breadcrumb","itemListElement":[{"@type":"ListItem","position":1,"name":"Accueil","item":"https:\/\/www.altercampagne.net\/"},{"@type":"ListItem","position":2,"name":"AlterTour, l\u2019initiative citoyenne qui fait le tour des modes de vie alternatifs"}]},{"@type":"WebSite","@id":"https:\/\/www.altercampagne.net\/#website","url":"https:\/\/www.altercampagne.net\/","name":"AlterTour","description":"Reliez les Alternatives \u00e0 v\u00e9lo","potentialAction":[{"@type":"SearchAction","target":{"@type":"EntryPoint","urlTemplate":"https:\/\/www.altercampagne.net\/?s={search_term_string}"},"query-input":{"@type":"PropertyValueSpecification","valueRequired":true,"valueName":"search_term_string"}}],"inLanguage":"fr-FR"},{"@type":"Person","@id":"https:\/\/www.altercampagne.net\/#\/schema\/person\/0f261460c09e430caa0f9bcffa319109","name":"Mathieu","image":{"@type":"ImageObject","inLanguage":"fr-FR","@id":"https:\/\/secure.gravatar.com\/avatar\/aa9d3d24c83f2141e5e2709d0f63d09a99f6be6bb7a50abc4915838d9f54501a?s=96&d=mm&r=g","url":"https:\/\/secure.gravatar.com\/avatar\/aa9d3d24c83f2141e5e2709d0f63d09a99f6be6bb7a50abc4915838d9f54501a?s=96&d=mm&r=g","contentUrl":"https:\/\/secure.gravatar.com\/avatar\/aa9d3d24c83f2141e5e2709d0f63d09a99f6be6bb7a50abc4915838d9f54501a?s=96&d=mm&r=g","caption":"Mathieu"},"url":"https:\/\/www.altercampagne.net\/?author=214"}]}},"_links":{"self":[{"href":"https:\/\/www.altercampagne.net\/index.php?rest_route=\/wp\/v2\/posts\/7216","targetHints":{"allow":["GET"]}}],"collection":[{"href":"https:\/\/www.altercampagne.net\/index.php?rest_route=\/wp\/v2\/posts"}],"about":[{"href":"https:\/\/www.altercampagne.net\/index.php?rest_route=\/wp\/v2\/types\/post"}],"author":[{"embeddable":true,"href":"https:\/\/www.altercampagne.net\/index.php?rest_route=\/wp\/v2\/users\/214"}],"replies":[{"embeddable":true,"href":"https:\/\/www.altercampagne.net\/index.php?rest_route=%2Fwp%2Fv2%2Fcomments&post=7216"}],"version-history":[{"count":0,"href":"https:\/\/www.altercampagne.net\/index.php?rest_route=\/wp\/v2\/posts\/7216\/revisions"}],"wp:attachment":[{"href":"https:\/\/www.altercampagne.net\/index.php?rest_route=%2Fwp%2Fv2%2Fmedia&parent=7216"}],"wp:term":[{"taxonomy":"category","embeddable":true,"href":"https:\/\/www.altercampagne.net\/index.php?rest_route=%2Fwp%2Fv2%2Fcategories&post=7216"},{"taxonomy":"post_tag","embeddable":true,"href":"https:\/\/www.altercampagne.net\/index.php?rest_route=%2Fwp%2Fv2%2Ftags&post=7216"}],"curies":[{"name":"wp","href":"https:\/\/api.w.org\/{rel}","templated":true}]}}