{"id":7222,"date":"2017-05-31T17:22:51","date_gmt":"2017-05-31T15:22:51","guid":{"rendered":"http:\/\/www.altercampagne.net\/?p=7222"},"modified":"2017-06-20T17:28:53","modified_gmt":"2017-06-20T15:28:53","slug":"des-idees-pour-un-ete-utile","status":"publish","type":"post","link":"https:\/\/www.altercampagne.net\/?p=7222","title":{"rendered":"Des id\u00e9es pour un \u00e9t\u00e9 utile"},"content":{"rendered":"<p><strong>Si \u00e9t\u00e9 rime avec plage et voyage (ou petits boulots !), c\u2019est aussi la p\u00e9riode id\u00e9ale pour participer \u00e0 des exp\u00e9riences qui ont du sens. Voici notre bo\u00eete \u00e0 id\u00e9es pour construire le monde de demain au soleil\u2026<\/strong><br \/>\n<a href=\"http:\/\/www.altercampagne.net\/wp-content\/uploads\/2017\/06\/2016-08-06_17.40.jpg\"><img loading=\"lazy\" decoding=\"async\" class=\" size-full wp-image-7223 aligncenter\" src=\"http:\/\/www.altercampagne.net\/wp-content\/uploads\/2017\/06\/2016-08-06_17.40.jpg\" alt=\"2016-08-06_17.40\" width=\"695\" height=\"467\" srcset=\"https:\/\/www.altercampagne.net\/wp-content\/uploads\/2017\/06\/2016-08-06_17.40.jpg 695w, https:\/\/www.altercampagne.net\/wp-content\/uploads\/2017\/06\/2016-08-06_17.40-300x202.jpg 300w\" sizes=\"auto, (max-width: 695px) 100vw, 695px\" \/><\/a><strong>Pour les cyclistes en herbe\u00a0:<\/strong><br \/>\nDe juin \u00e0 septembre 2017, l\u2019association Ferme d\u2019avenir organise le <a href=\"https:\/\/fermesdavenir.org\/fermes-davenir\/nos-actions\/tour-fermes-davenir\" target=\"_blank\" rel=\"noopener noreferrer\">1<sup>er<\/sup> Tour de France d\u00e9di\u00e9 \u00e0 l\u2019agro\u00e9cologie<\/a>. Pour la p\u00e9riode de leur choix, les motiv\u00e9s parcourront la France \u00e0 v\u00e9lo pour rencontrer des paysans engag\u00e9s, pour planter des plants dans l\u2019espace public, pour organiser des <a href=\"http:\/\/www.say-yess.com\/tutolutions\/disco-soupe\/\" target=\"_blank\" rel=\"noopener noreferrer\">disco-soupe<\/a>\u2026 Allez, petit secret\u00a0: pour les moins t\u00e9m\u00e9raires, le trajet peut se faire en bus.<\/p>\n<p>Plus alternatif, l\u2019<a href=\"http:\/\/www.altercampagne.net\/\" target=\"_blank\" rel=\"noopener noreferrer\">Alter Tour<\/a> est aussi un tour de France v\u00e9lo \u00e0 la rencontre d\u2019initiatives inspirantes, dans le champ agricole mais pas que. En selle pour le Hameau des buis, <a href=\"http:\/\/www.say-yess.com\/2014\/6874\/ardelaine-retricote-la-filiere-laine-2\/\" target=\"_blank\" rel=\"noopener noreferrer\">Ardelaine<\/a> ou encore la Biovall\u00e9e. Pendant le tour, le ma\u00eetre mot est l\u2019autogestion : chacun met la main \u00e0 la p\u00e2te\u00a0pour les t\u00e2ches quotidiennes.<\/p>\n<p><strong>Pour les aventuriers\u00a0:<\/strong><br \/>\nL\u2019arriv\u00e9e de l\u2019\u00e9t\u00e9 vous donne envie de prendre le large\u00a0? Les chantiers internationaux peuvent vous s\u00e9duire. Parmi les missions propos\u00e9es cet \u00e9t\u00e9 par <a href=\"https:\/\/www.france-volontaires.org\/\" target=\"_blank\" rel=\"noopener noreferrer\">France Volontaires<\/a> et <a href=\"http:\/\/www.solidaritesjeunesses.org\/\" target=\"_blank\" rel=\"noopener noreferrer\">Solidarit\u00e9s Jeunesses<\/a> : l\u2019organisation d\u2019animations pour les enfants dans une ancienne zone de conflit au Kenya, la formation de la population togolaise aux gestes de premiers secours, de la plong\u00e9e \u00e0 Alicante pour ramasser les d\u00e9chets en mer m\u00e9diterran\u00e9e\u2026 Des\u00a0exp\u00e9riences o\u00f9 vous aidez, tout en apprenant. Et pour partir bien pr\u00e9par\u00e9, suivez nos <a href=\"http:\/\/www.say-yess.com\/2014\/3511\/chantiers-internationaux-partez-bien-preparee\/\" target=\"_blank\" rel=\"noopener noreferrer\">conseils<\/a>. Pour les salari\u00e9s, un dispositif peut faciliter votre d\u00e9part\u00a0: le <a href=\"http:\/\/www.say-yess.com\/2013\/1108\/conge-solidaire-agir-avec-les-moyens-dont-on-dispose\/\" target=\"_blank\" rel=\"noopener noreferrer\">cong\u00e9 solidaire<\/a>.<\/p>\n<p>Si vos billets sont d\u00e9j\u00e0 pris, joignez l\u2019utile \u00e0 l\u2019agr\u00e9able en participant \u00e0 la <a href=\"https:\/\/www.jaccede.com\/fr\/\" target=\"_blank\" rel=\"noopener noreferrer\">carte de l\u2019accessibilit\u00e9<\/a> tout au long de votre voyage. Imagin\u00e9e par l\u2019association \u00ab\u00a0J\u2019acc\u00e8de\u00a0\u00bb, cette carte collaborative d\u00e9taille l\u2019accessibilit\u00e9 des lieux en France et \u00e0 l\u2019\u00e9tranger. Une aide pr\u00e9cieuse\u00a0pour les personnes \u00e0 mobilit\u00e9 r\u00e9duite qui souhaitent voyager ou trouver des adresses de proximit\u00e9. Avant votre d\u00e9part, n\u2019oubliez pas de vous procurer le <a href=\"http:\/\/www.viatao.com\/\" target=\"_blank\" rel=\"noopener noreferrer\">guide Tao original &amp; durable<\/a> de votre destination.<\/p>\n<p><strong>Pour les aventuriers\u2026\u00a0de proximit\u00e9\u00a0:<\/strong><br \/>\nQuel que soit la saison, les besoins perdurent au coin de nos rues. Donnez un coup de main sur les campements de migrants et am\u00e9liorez le quotidien de ces personnes qui ont fui leur pays (voir <a href=\"http:\/\/www.say-yess.com\/2016\/12095\/venir-en-aide-aux-mineurs-isoles-etrangers\/\" target=\"_blank\" rel=\"noopener noreferrer\">notre article d\u00e9di\u00e9<\/a>) ou aidez les sans-abris \u00e0 votre niveau. Si vous ne savez pas comment vous y prendre, Say Yess vous donne <a href=\"http:\/\/www.say-yess.com\/2014\/5544\/aider-les-sans-abris\/\" target=\"_blank\" rel=\"noopener noreferrer\">ses conseils<\/a>.<\/p>\n<p><strong>Pour les amoureux de la mer\u00a0:<\/strong><br \/>\nChaque ann\u00e9e, 20 milliards de tonnes de d\u00e9chets sont d\u00e9vers\u00e9es dans les oc\u00e9ans ! Pour lutter contre cette pollution, <a href=\"http:\/\/www.surfrider.eu\/\" target=\"_blank\" rel=\"noopener noreferrer\">Surfrider Foundation<\/a> organise les Initiatives Oc\u00e9anes, des actions de collecte des d\u00e9chets sur les plages, les fonds-marins mais aussi dans les lacs et rivi\u00e8res. Depuis sa cr\u00e9ation par un groupe de surfeurs en 1990, l\u2019association a organis\u00e9 plus de 6 500 op\u00e9rations dans le monde entier. Renseignez-vous sur les <a href=\"http:\/\/www.initiativesoceanes.org\/participate.php\" target=\"_blank\" rel=\"noopener noreferrer\">lieux et dates de collecte<\/a> ou <a href=\"http:\/\/www.initiativesoceanes.org\/fr\/organiser.php\" target=\"_blank\" rel=\"noopener noreferrer\">organisez-en une pr\u00e8s de chez vous<\/a>.<\/p>\n<p><strong>Pour les fourmis\u00a0:<\/strong><br \/>\nOn vous en parle toute l\u2019ann\u00e9e sur Say Yess mais des <a href=\"http:\/\/www.say-yess.com\/categorie\/emploi\/\" target=\"_blank\" rel=\"noopener noreferrer\">postes sont \u00e0 pourvoir dans l\u2019ESS\u00a0<\/a>! Et c\u2019est vrai aussi pour la p\u00e9riode estivale. Quelques id\u00e9es en vrac\u00a0: accompagner des personnes handicap\u00e9es en vacances, recruter des adh\u00e9rents pour les mutuelles \u00e9tudiantes, cr\u00e9er une coop\u00e9rative de jeunesse\u2026 Plus d\u2019<a href=\"http:\/\/www.say-yess.com\/2014\/4201\/jobs-dete-avez-vous-pense-leconomie-sociale-solidaire\/\" target=\"_blank\" rel=\"noopener noreferrer\">id\u00e9es ici.<\/a><\/p>\n<p><strong>Et les cigales\u00a0:<\/strong><br \/>\nEt bien, dansez maintenant\u00a0! Beaucoup de festivals de musique m\u00e8nent <a href=\"http:\/\/www.say-yess.com\/2015\/8716\/un-vent-solidaire-et-social-souffle-sur-les-festivals\/\" target=\"_blank\" rel=\"noopener noreferrer\">un vrai combat<\/a> pour allier f\u00eate, musique et environnement. L\u2019essence m\u00eame de certains festivals est de d\u00e9fendre une cause, comme les <a href=\"http:\/\/www.solidays.org\/\" target=\"_blank\" rel=\"noopener noreferrer\">Solidays<\/a> organis\u00e9 par Solidarit\u00e9 Sida depuis pr\u00e8s de 20 ans ou <a href=\"http:\/\/solidaires.eurockeennes.fr\/\" target=\"_blank\" rel=\"noopener noreferrer\">les Eurock\u00e9ennes et leurs nombreuses initiatives solidaires<\/a>. Votre participation, en tant que b\u00e9n\u00e9vole ou simple festivalier, est donc utile. Chaque ann\u00e9e, Say Yess propose une <a href=\"http:\/\/www.say-yess.com\/2017\/13507\/la-carte-des-festivals-green-et-solidaires-2017\/\" target=\"_blank\" rel=\"noopener noreferrer\">carte des festivals solidaires<\/a>. Stay tuned\u00a0!<\/p>\n<p style=\"text-align: right;\"><strong>Pauline Bian-Gazeau, <a href=\"http:\/\/www.say-yess.com\/2017\/13988\/des-idees-pour-un-ete-utile\/\" target=\"_blank\">Say Yess<\/a><\/strong><\/p>\n","protected":false},"excerpt":{"rendered":"<p>Si \u00e9t\u00e9 rime avec plage et voyage (ou petits boulots !), c\u2019est aussi la p\u00e9riode id\u00e9ale pour participer \u00e0 des exp\u00e9riences qui ont du sens. Voici notre bo\u00eete \u00e0 id\u00e9es pour construire le monde de demain au soleil\u2026 Pour les cyclistes en herbe\u00a0: De juin \u00e0 septembre 2017, l\u2019association Ferme &#8230; <\/p>\n<div><a href=\"https:\/\/www.altercampagne.net\/?p=7222\" class=\"more-link\">Read More<\/a><\/div>\n","protected":false},"author":214,"featured_media":0,"comment_status":"closed","ping_status":"closed","sticky":false,"template":"","format":"standard","meta":{"footnotes":""},"categories":[239],"tags":[2783,2784,3049,3050],"class_list":["post-7222","post","type-post","status-publish","format-standard","hentry","category-revue-de-presse","tag-altertour-2017","tag-2784","tag-pauline-bian-gazeau","tag-say-yess","no-post-thumbnail"],"yoast_head":"<!-- This site is optimized with the Yoast SEO plugin v27.3 - https:\/\/yoast.com\/product\/yoast-seo-wordpress\/ -->\n<title>Des id\u00e9es pour un \u00e9t\u00e9 utile - AlterTour<\/title>\n<meta name=\"robots\" content=\"index, follow, max-snippet:-1, max-image-preview:large, max-video-preview:-1\" \/>\n<link rel=\"canonical\" href=\"https:\/\/www.altercampagne.net\/?p=7222\" \/>\n<meta property=\"og:locale\" content=\"fr_FR\" \/>\n<meta property=\"og:type\" content=\"article\" \/>\n<meta property=\"og:title\" content=\"Des id\u00e9es pour un \u00e9t\u00e9 utile - AlterTour\" \/>\n<meta property=\"og:description\" content=\"Si \u00e9t\u00e9 rime avec plage et voyage (ou petits boulots !), c\u2019est aussi la p\u00e9riode id\u00e9ale pour participer \u00e0 des exp\u00e9riences qui ont du sens. Voici notre bo\u00eete \u00e0 id\u00e9es pour construire le monde de demain au soleil\u2026 Pour les cyclistes en herbe\u00a0: De juin \u00e0 septembre 2017, l\u2019association Ferme ... Read More\" \/>\n<meta property=\"og:url\" content=\"https:\/\/www.altercampagne.net\/?p=7222\" \/>\n<meta property=\"og:site_name\" content=\"AlterTour\" \/>\n<meta property=\"article:published_time\" content=\"2017-05-31T15:22:51+00:00\" \/>\n<meta property=\"article:modified_time\" content=\"2017-06-20T15:28:53+00:00\" \/>\n<meta property=\"og:image\" content=\"http:\/\/www.altercampagne.net\/wp-content\/uploads\/2017\/06\/2016-08-06_17.40.jpg\" \/>\n<meta name=\"author\" content=\"Mathieu\" \/>\n<meta name=\"twitter:card\" content=\"summary_large_image\" \/>\n<meta name=\"twitter:label1\" content=\"\u00c9crit par\" \/>\n\t<meta name=\"twitter:data1\" content=\"Mathieu\" \/>\n\t<meta name=\"twitter:label2\" content=\"Dur\u00e9e de lecture estim\u00e9e\" \/>\n\t<meta name=\"twitter:data2\" content=\"3 minutes\" \/>\n<script type=\"application\/ld+json\" class=\"yoast-schema-graph\">{\"@context\":\"https:\\\/\\\/schema.org\",\"@graph\":[{\"@type\":\"Article\",\"@id\":\"https:\\\/\\\/www.altercampagne.net\\\/?p=7222#article\",\"isPartOf\":{\"@id\":\"https:\\\/\\\/www.altercampagne.net\\\/?p=7222\"},\"author\":{\"name\":\"Mathieu\",\"@id\":\"https:\\\/\\\/www.altercampagne.net\\\/#\\\/schema\\\/person\\\/0f261460c09e430caa0f9bcffa319109\"},\"headline\":\"Des id\u00e9es pour un \u00e9t\u00e9 utile\",\"datePublished\":\"2017-05-31T15:22:51+00:00\",\"dateModified\":\"2017-06-20T15:28:53+00:00\",\"mainEntityOfPage\":{\"@id\":\"https:\\\/\\\/www.altercampagne.net\\\/?p=7222\"},\"wordCount\":690,\"image\":{\"@id\":\"https:\\\/\\\/www.altercampagne.net\\\/?p=7222#primaryimage\"},\"thumbnailUrl\":\"http:\\\/\\\/www.altercampagne.net\\\/wp-content\\\/uploads\\\/2017\\\/06\\\/2016-08-06_17.40.jpg\",\"keywords\":[\"AlterTour 2017\",\"2017\",\"Pauline Bian-Gazeau\",\"Say Yess\"],\"articleSection\":[\"Revue de presse\"],\"inLanguage\":\"fr-FR\"},{\"@type\":\"WebPage\",\"@id\":\"https:\\\/\\\/www.altercampagne.net\\\/?p=7222\",\"url\":\"https:\\\/\\\/www.altercampagne.net\\\/?p=7222\",\"name\":\"Des id\u00e9es pour un \u00e9t\u00e9 utile - AlterTour\",\"isPartOf\":{\"@id\":\"https:\\\/\\\/www.altercampagne.net\\\/#website\"},\"primaryImageOfPage\":{\"@id\":\"https:\\\/\\\/www.altercampagne.net\\\/?p=7222#primaryimage\"},\"image\":{\"@id\":\"https:\\\/\\\/www.altercampagne.net\\\/?p=7222#primaryimage\"},\"thumbnailUrl\":\"http:\\\/\\\/www.altercampagne.net\\\/wp-content\\\/uploads\\\/2017\\\/06\\\/2016-08-06_17.40.jpg\",\"datePublished\":\"2017-05-31T15:22:51+00:00\",\"dateModified\":\"2017-06-20T15:28:53+00:00\",\"author\":{\"@id\":\"https:\\\/\\\/www.altercampagne.net\\\/#\\\/schema\\\/person\\\/0f261460c09e430caa0f9bcffa319109\"},\"breadcrumb\":{\"@id\":\"https:\\\/\\\/www.altercampagne.net\\\/?p=7222#breadcrumb\"},\"inLanguage\":\"fr-FR\",\"potentialAction\":[{\"@type\":\"ReadAction\",\"target\":[\"https:\\\/\\\/www.altercampagne.net\\\/?p=7222\"]}]},{\"@type\":\"ImageObject\",\"inLanguage\":\"fr-FR\",\"@id\":\"https:\\\/\\\/www.altercampagne.net\\\/?p=7222#primaryimage\",\"url\":\"http:\\\/\\\/www.altercampagne.net\\\/wp-content\\\/uploads\\\/2017\\\/06\\\/2016-08-06_17.40.jpg\",\"contentUrl\":\"http:\\\/\\\/www.altercampagne.net\\\/wp-content\\\/uploads\\\/2017\\\/06\\\/2016-08-06_17.40.jpg\"},{\"@type\":\"BreadcrumbList\",\"@id\":\"https:\\\/\\\/www.altercampagne.net\\\/?p=7222#breadcrumb\",\"itemListElement\":[{\"@type\":\"ListItem\",\"position\":1,\"name\":\"Accueil\",\"item\":\"https:\\\/\\\/www.altercampagne.net\\\/\"},{\"@type\":\"ListItem\",\"position\":2,\"name\":\"Des id\u00e9es pour un \u00e9t\u00e9 utile\"}]},{\"@type\":\"WebSite\",\"@id\":\"https:\\\/\\\/www.altercampagne.net\\\/#website\",\"url\":\"https:\\\/\\\/www.altercampagne.net\\\/\",\"name\":\"AlterTour\",\"description\":\"Reliez les Alternatives \u00e0 v\u00e9lo\",\"potentialAction\":[{\"@type\":\"SearchAction\",\"target\":{\"@type\":\"EntryPoint\",\"urlTemplate\":\"https:\\\/\\\/www.altercampagne.net\\\/?s={search_term_string}\"},\"query-input\":{\"@type\":\"PropertyValueSpecification\",\"valueRequired\":true,\"valueName\":\"search_term_string\"}}],\"inLanguage\":\"fr-FR\"},{\"@type\":\"Person\",\"@id\":\"https:\\\/\\\/www.altercampagne.net\\\/#\\\/schema\\\/person\\\/0f261460c09e430caa0f9bcffa319109\",\"name\":\"Mathieu\",\"image\":{\"@type\":\"ImageObject\",\"inLanguage\":\"fr-FR\",\"@id\":\"https:\\\/\\\/secure.gravatar.com\\\/avatar\\\/aa9d3d24c83f2141e5e2709d0f63d09a99f6be6bb7a50abc4915838d9f54501a?s=96&d=mm&r=g\",\"url\":\"https:\\\/\\\/secure.gravatar.com\\\/avatar\\\/aa9d3d24c83f2141e5e2709d0f63d09a99f6be6bb7a50abc4915838d9f54501a?s=96&d=mm&r=g\",\"contentUrl\":\"https:\\\/\\\/secure.gravatar.com\\\/avatar\\\/aa9d3d24c83f2141e5e2709d0f63d09a99f6be6bb7a50abc4915838d9f54501a?s=96&d=mm&r=g\",\"caption\":\"Mathieu\"},\"url\":\"https:\\\/\\\/www.altercampagne.net\\\/?author=214\"}]}<\/script>\n<!-- \/ Yoast SEO plugin. -->","yoast_head_json":{"title":"Des id\u00e9es pour un \u00e9t\u00e9 utile - AlterTour","robots":{"index":"index","follow":"follow","max-snippet":"max-snippet:-1","max-image-preview":"max-image-preview:large","max-video-preview":"max-video-preview:-1"},"canonical":"https:\/\/www.altercampagne.net\/?p=7222","og_locale":"fr_FR","og_type":"article","og_title":"Des id\u00e9es pour un \u00e9t\u00e9 utile - AlterTour","og_description":"Si \u00e9t\u00e9 rime avec plage et voyage (ou petits boulots !), c\u2019est aussi la p\u00e9riode id\u00e9ale pour participer \u00e0 des exp\u00e9riences qui ont du sens. Voici notre bo\u00eete \u00e0 id\u00e9es pour construire le monde de demain au soleil\u2026 Pour les cyclistes en herbe\u00a0: De juin \u00e0 septembre 2017, l\u2019association Ferme ... Read More","og_url":"https:\/\/www.altercampagne.net\/?p=7222","og_site_name":"AlterTour","article_published_time":"2017-05-31T15:22:51+00:00","article_modified_time":"2017-06-20T15:28:53+00:00","og_image":[{"url":"http:\/\/www.altercampagne.net\/wp-content\/uploads\/2017\/06\/2016-08-06_17.40.jpg","type":"","width":"","height":""}],"author":"Mathieu","twitter_card":"summary_large_image","twitter_misc":{"\u00c9crit par":"Mathieu","Dur\u00e9e de lecture estim\u00e9e":"3 minutes"},"schema":{"@context":"https:\/\/schema.org","@graph":[{"@type":"Article","@id":"https:\/\/www.altercampagne.net\/?p=7222#article","isPartOf":{"@id":"https:\/\/www.altercampagne.net\/?p=7222"},"author":{"name":"Mathieu","@id":"https:\/\/www.altercampagne.net\/#\/schema\/person\/0f261460c09e430caa0f9bcffa319109"},"headline":"Des id\u00e9es pour un \u00e9t\u00e9 utile","datePublished":"2017-05-31T15:22:51+00:00","dateModified":"2017-06-20T15:28:53+00:00","mainEntityOfPage":{"@id":"https:\/\/www.altercampagne.net\/?p=7222"},"wordCount":690,"image":{"@id":"https:\/\/www.altercampagne.net\/?p=7222#primaryimage"},"thumbnailUrl":"http:\/\/www.altercampagne.net\/wp-content\/uploads\/2017\/06\/2016-08-06_17.40.jpg","keywords":["AlterTour 2017","2017","Pauline Bian-Gazeau","Say Yess"],"articleSection":["Revue de presse"],"inLanguage":"fr-FR"},{"@type":"WebPage","@id":"https:\/\/www.altercampagne.net\/?p=7222","url":"https:\/\/www.altercampagne.net\/?p=7222","name":"Des id\u00e9es pour un \u00e9t\u00e9 utile - AlterTour","isPartOf":{"@id":"https:\/\/www.altercampagne.net\/#website"},"primaryImageOfPage":{"@id":"https:\/\/www.altercampagne.net\/?p=7222#primaryimage"},"image":{"@id":"https:\/\/www.altercampagne.net\/?p=7222#primaryimage"},"thumbnailUrl":"http:\/\/www.altercampagne.net\/wp-content\/uploads\/2017\/06\/2016-08-06_17.40.jpg","datePublished":"2017-05-31T15:22:51+00:00","dateModified":"2017-06-20T15:28:53+00:00","author":{"@id":"https:\/\/www.altercampagne.net\/#\/schema\/person\/0f261460c09e430caa0f9bcffa319109"},"breadcrumb":{"@id":"https:\/\/www.altercampagne.net\/?p=7222#breadcrumb"},"inLanguage":"fr-FR","potentialAction":[{"@type":"ReadAction","target":["https:\/\/www.altercampagne.net\/?p=7222"]}]},{"@type":"ImageObject","inLanguage":"fr-FR","@id":"https:\/\/www.altercampagne.net\/?p=7222#primaryimage","url":"http:\/\/www.altercampagne.net\/wp-content\/uploads\/2017\/06\/2016-08-06_17.40.jpg","contentUrl":"http:\/\/www.altercampagne.net\/wp-content\/uploads\/2017\/06\/2016-08-06_17.40.jpg"},{"@type":"BreadcrumbList","@id":"https:\/\/www.altercampagne.net\/?p=7222#breadcrumb","itemListElement":[{"@type":"ListItem","position":1,"name":"Accueil","item":"https:\/\/www.altercampagne.net\/"},{"@type":"ListItem","position":2,"name":"Des id\u00e9es pour un \u00e9t\u00e9 utile"}]},{"@type":"WebSite","@id":"https:\/\/www.altercampagne.net\/#website","url":"https:\/\/www.altercampagne.net\/","name":"AlterTour","description":"Reliez les Alternatives \u00e0 v\u00e9lo","potentialAction":[{"@type":"SearchAction","target":{"@type":"EntryPoint","urlTemplate":"https:\/\/www.altercampagne.net\/?s={search_term_string}"},"query-input":{"@type":"PropertyValueSpecification","valueRequired":true,"valueName":"search_term_string"}}],"inLanguage":"fr-FR"},{"@type":"Person","@id":"https:\/\/www.altercampagne.net\/#\/schema\/person\/0f261460c09e430caa0f9bcffa319109","name":"Mathieu","image":{"@type":"ImageObject","inLanguage":"fr-FR","@id":"https:\/\/secure.gravatar.com\/avatar\/aa9d3d24c83f2141e5e2709d0f63d09a99f6be6bb7a50abc4915838d9f54501a?s=96&d=mm&r=g","url":"https:\/\/secure.gravatar.com\/avatar\/aa9d3d24c83f2141e5e2709d0f63d09a99f6be6bb7a50abc4915838d9f54501a?s=96&d=mm&r=g","contentUrl":"https:\/\/secure.gravatar.com\/avatar\/aa9d3d24c83f2141e5e2709d0f63d09a99f6be6bb7a50abc4915838d9f54501a?s=96&d=mm&r=g","caption":"Mathieu"},"url":"https:\/\/www.altercampagne.net\/?author=214"}]}},"_links":{"self":[{"href":"https:\/\/www.altercampagne.net\/index.php?rest_route=\/wp\/v2\/posts\/7222","targetHints":{"allow":["GET"]}}],"collection":[{"href":"https:\/\/www.altercampagne.net\/index.php?rest_route=\/wp\/v2\/posts"}],"about":[{"href":"https:\/\/www.altercampagne.net\/index.php?rest_route=\/wp\/v2\/types\/post"}],"author":[{"embeddable":true,"href":"https:\/\/www.altercampagne.net\/index.php?rest_route=\/wp\/v2\/users\/214"}],"replies":[{"embeddable":true,"href":"https:\/\/www.altercampagne.net\/index.php?rest_route=%2Fwp%2Fv2%2Fcomments&post=7222"}],"version-history":[{"count":0,"href":"https:\/\/www.altercampagne.net\/index.php?rest_route=\/wp\/v2\/posts\/7222\/revisions"}],"wp:attachment":[{"href":"https:\/\/www.altercampagne.net\/index.php?rest_route=%2Fwp%2Fv2%2Fmedia&parent=7222"}],"wp:term":[{"taxonomy":"category","embeddable":true,"href":"https:\/\/www.altercampagne.net\/index.php?rest_route=%2Fwp%2Fv2%2Fcategories&post=7222"},{"taxonomy":"post_tag","embeddable":true,"href":"https:\/\/www.altercampagne.net\/index.php?rest_route=%2Fwp%2Fv2%2Ftags&post=7222"}],"curies":[{"name":"wp","href":"https:\/\/api.w.org\/{rel}","templated":true}]}}