{"id":7229,"date":"2017-06-21T08:55:02","date_gmt":"2017-06-21T06:55:02","guid":{"rendered":"http:\/\/www.altercampagne.net\/?p=7229"},"modified":"2020-02-24T17:49:15","modified_gmt":"2020-02-24T16:49:15","slug":"le-collectif-creatif-du-castellas-les-3-et-4-aout-2017-a-besseges","status":"publish","type":"post","link":"https:\/\/www.altercampagne.net\/?p=7229","title":{"rendered":"Toujours rester cr\u00e9atifs, imaginer, exp\u00e9rimenter"},"content":{"rendered":"<p><a href=\"http:\/\/www.altercampagne.net\/wp-content\/uploads\/2017\/05\/Collectif-cr\u00e9atif-du-castellas.jpg\"><img loading=\"lazy\" decoding=\"async\" class=\" size-medium wp-image-6784 alignleft\" src=\"http:\/\/www.altercampagne.net\/wp-content\/uploads\/2017\/05\/Collectif-cr\u00e9atif-du-castellas-300x219.jpg\" alt=\"Collectif cr\u00e9atif du castellas\" width=\"300\" height=\"219\" srcset=\"https:\/\/www.altercampagne.net\/wp-content\/uploads\/2017\/05\/Collectif-cr\u00e9atif-du-castellas-300x219.jpg 300w, https:\/\/www.altercampagne.net\/wp-content\/uploads\/2017\/05\/Collectif-cr\u00e9atif-du-castellas.jpg 686w\" sizes=\"auto, (max-width: 300px) 100vw, 300px\" \/><\/a>Participer \u00e0 l\u2019\u00e9mergence de dynamiques collectives et cr\u00e9atives : \u00e7a vous fait r\u00eaver ? Eux l\u2019exp\u00e9rimentent depuis bient\u00f4t 10 ans. Le Collectif Cr\u00e9atif C\u00e9venol bas\u00e9 \u00e0 Al\u00e8s, prend un nouvel essor en 2012 avec un lieu : un hospice du XIXe si\u00e8cle \u00e0 l\u2019abandon, d\u00e9nich\u00e9 au d\u00e9tour d\u2019une promenade. Devenus le <strong><a href=\"http:\/\/www.collectifcreatifcastellas.org\/#\/\" target=\"_blank\" rel=\"noopener noreferrer\">Collectif Cr\u00e9atif de Castellas<\/a><\/strong>, ils d\u00e9cident de l\u2019acheter et s\u2019y installent en habitat participatif. Dix la premi\u00e8re ann\u00e9e, ils sont aujourd\u2019hui 3, toujours avec l\u2019\u00e9nergie et le d\u00e9sir de cr\u00e9er en commun. Cette p\u00e9pini\u00e8re d\u2019activit\u00e9s propose des ateliers menuiserie, aluminium, avec leurs fameuses remorques cyclistes, des stages petite enfance, une cantine bio v\u00e9g\u00e9tarienne, des \u00e9changes autour des Ecolieux, des espaces de r\u00e9sidence. \u00c7a fourmille d\u2019envies, de projets, de rencontres. On en oublierait presque de se poser pour une petite sieste \u00e0 l\u2019ombre des platanes ou de fl\u00e2ner dans le beau<\/p>\n<p><strong>Toujours rester cr\u00e9atifs, imaginer, exp\u00e9rimenter<\/strong><\/p>\n<p>\u201cLa transition est une mani\u00e8re de vivre, de r\u00e9fl\u00e9chir et d\u2019agir. Dans nos actions de tous les jours, cela se traduit par une nouvelle fa\u00e7on d\u2019aborder, de cr\u00e9er et de penser le monde en collectif. Ainsi, nous partageons le v\u00e9hicule de l\u2019asso Roule ma poule avec d\u2019autres personnes du coin. Nous achetons local et mangeons le plus possible de notre jardin en biodynamie. Cela nous semble juste. Le collectif et le vivre ensemble apparaissent particuli\u00e8rement importants dans la soci\u00e9t\u00e9 d\u2019aujourd\u2019hui. Notre optique est de toujours rester cr\u00e9atifs, d\u2019imaginer des choses diff\u00e9rentes, d\u2019exp\u00e9rimenter. Nous rencontrons beaucoup de personnes int\u00e9ress\u00e9es par le sujet. Nous proposons des formations et faisons b\u00e9n\u00e9ficier de notre exp\u00e9rience sur les enjeux de la transition, pour aller vers des modes de vie plus respectueux, une intelligence et des actions collectives, un n\u00e9cessaire ancrage dans le r\u00e9el et le local.\u201d<\/p>\n<p style=\"text-align: right;\"><strong>Dourga, d\u00e9l\u00e9gu\u00e9e de communication du Collectif Cr\u00e9atif de Castellas<\/strong><\/p>\n<p>Extrait du Recueil des Alternatives de l\u2019AlterTour 2017, disponible dans le num\u00e9ro de juin de la Revue Silence.<\/p>\n<p>Le Collectif Cr\u00e9atif du Castellas accueillera l\u2019AlterTour les 3 et 4 ao\u00fbt 2017 \u00e0 Bess\u00e8ges (Gard). Pour plus d\u2019infos consultez le <a href=\"http:\/\/www.altercampagne.net\/?page_id=150\">programme<\/a><\/p>\n","protected":false},"excerpt":{"rendered":"<p>Participer \u00e0 l\u2019\u00e9mergence de dynamiques collectives et cr\u00e9atives : \u00e7a vous fait r\u00eaver ? Eux l\u2019exp\u00e9rimentent depuis bient\u00f4t 10 ans. Le Collectif Cr\u00e9atif C\u00e9venol bas\u00e9 \u00e0 Al\u00e8s, prend un nouvel essor en 2012 avec un lieu : un hospice du XIXe si\u00e8cle \u00e0 l\u2019abandon, d\u00e9nich\u00e9 au d\u00e9tour d\u2019une promenade. Devenus &#8230; <\/p>\n<div><a href=\"https:\/\/www.altercampagne.net\/?p=7229\" class=\"more-link\">Read More<\/a><\/div>\n","protected":false},"author":214,"featured_media":0,"comment_status":"closed","ping_status":"closed","sticky":false,"template":"","format":"standard","meta":{"footnotes":""},"categories":[3471,3457,3485],"tags":[1075,1338,1452,1973,2783,2784,2785,2857,3051,3053,3054,3055],"class_list":["post-7229","post","type-post","status-publish","format-standard","hentry","category-auvergne-rhone-alpes","category-edition-2017","category-habitat","tag-gard","tag-ales","tag-biodynamie","tag-languedoc-roussillon","tag-altertour-2017","tag-2784","tag-occitanie","tag-collectif-creatif-du-castellas","tag-besseges","tag-ecolieux","tag-cantine-bio-vegetarienne","tag-roule-ma-poule","no-post-thumbnail"],"yoast_head":"<!-- This site is optimized with the Yoast SEO plugin v27.3 - https:\/\/yoast.com\/product\/yoast-seo-wordpress\/ -->\n<title>Toujours rester cr\u00e9atifs, imaginer, exp\u00e9rimenter - AlterTour<\/title>\n<meta name=\"robots\" content=\"index, follow, max-snippet:-1, max-image-preview:large, max-video-preview:-1\" \/>\n<link rel=\"canonical\" href=\"https:\/\/www.altercampagne.net\/?p=7229\" \/>\n<meta property=\"og:locale\" content=\"fr_FR\" \/>\n<meta property=\"og:type\" content=\"article\" \/>\n<meta property=\"og:title\" content=\"Toujours rester cr\u00e9atifs, imaginer, exp\u00e9rimenter - AlterTour\" \/>\n<meta property=\"og:description\" content=\"Participer \u00e0 l\u2019\u00e9mergence de dynamiques collectives et cr\u00e9atives : \u00e7a vous fait r\u00eaver ? Eux l\u2019exp\u00e9rimentent depuis bient\u00f4t 10 ans. Le Collectif Cr\u00e9atif C\u00e9venol bas\u00e9 \u00e0 Al\u00e8s, prend un nouvel essor en 2012 avec un lieu : un hospice du XIXe si\u00e8cle \u00e0 l\u2019abandon, d\u00e9nich\u00e9 au d\u00e9tour d\u2019une promenade. Devenus ... Read More\" \/>\n<meta property=\"og:url\" content=\"https:\/\/www.altercampagne.net\/?p=7229\" \/>\n<meta property=\"og:site_name\" content=\"AlterTour\" \/>\n<meta property=\"article:published_time\" content=\"2017-06-21T06:55:02+00:00\" \/>\n<meta property=\"article:modified_time\" content=\"2020-02-24T16:49:15+00:00\" \/>\n<meta property=\"og:image\" content=\"http:\/\/www.altercampagne.net\/wp-content\/uploads\/2017\/05\/Collectif-cr\u00e9atif-du-castellas-300x219.jpg\" \/>\n<meta name=\"author\" content=\"Mathieu\" \/>\n<meta name=\"twitter:card\" content=\"summary_large_image\" \/>\n<meta name=\"twitter:label1\" content=\"\u00c9crit par\" \/>\n\t<meta name=\"twitter:data1\" content=\"Mathieu\" \/>\n\t<meta name=\"twitter:label2\" content=\"Dur\u00e9e de lecture estim\u00e9e\" \/>\n\t<meta name=\"twitter:data2\" content=\"2 minutes\" \/>\n<script type=\"application\/ld+json\" class=\"yoast-schema-graph\">{\"@context\":\"https:\\\/\\\/schema.org\",\"@graph\":[{\"@type\":\"Article\",\"@id\":\"https:\\\/\\\/www.altercampagne.net\\\/?p=7229#article\",\"isPartOf\":{\"@id\":\"https:\\\/\\\/www.altercampagne.net\\\/?p=7229\"},\"author\":{\"name\":\"Mathieu\",\"@id\":\"https:\\\/\\\/www.altercampagne.net\\\/#\\\/schema\\\/person\\\/0f261460c09e430caa0f9bcffa319109\"},\"headline\":\"Toujours rester cr\u00e9atifs, imaginer, exp\u00e9rimenter\",\"datePublished\":\"2017-06-21T06:55:02+00:00\",\"dateModified\":\"2020-02-24T16:49:15+00:00\",\"mainEntityOfPage\":{\"@id\":\"https:\\\/\\\/www.altercampagne.net\\\/?p=7229\"},\"wordCount\":401,\"keywords\":[\"Gard\",\"al\u00e8s\",\"biodynamie\",\"languedoc-roussillon\",\"AlterTour 2017\",\"2017\",\"Occitanie\",\"Collectif Cr\u00e9atif du Castellas\",\"Bess\u00e8ges\",\"Ecolieux\",\"cantine bio v\u00e9g\u00e9tarienne\",\"Roule ma poule\"],\"articleSection\":[\"Auvergne-Rh\u00f4ne-Alpes\",\"\u00c9dition 2017\",\"Habitat\"],\"inLanguage\":\"fr-FR\"},{\"@type\":\"WebPage\",\"@id\":\"https:\\\/\\\/www.altercampagne.net\\\/?p=7229\",\"url\":\"https:\\\/\\\/www.altercampagne.net\\\/?p=7229\",\"name\":\"Toujours rester cr\u00e9atifs, imaginer, exp\u00e9rimenter - AlterTour\",\"isPartOf\":{\"@id\":\"https:\\\/\\\/www.altercampagne.net\\\/#website\"},\"datePublished\":\"2017-06-21T06:55:02+00:00\",\"dateModified\":\"2020-02-24T16:49:15+00:00\",\"author\":{\"@id\":\"https:\\\/\\\/www.altercampagne.net\\\/#\\\/schema\\\/person\\\/0f261460c09e430caa0f9bcffa319109\"},\"breadcrumb\":{\"@id\":\"https:\\\/\\\/www.altercampagne.net\\\/?p=7229#breadcrumb\"},\"inLanguage\":\"fr-FR\",\"potentialAction\":[{\"@type\":\"ReadAction\",\"target\":[\"https:\\\/\\\/www.altercampagne.net\\\/?p=7229\"]}]},{\"@type\":\"BreadcrumbList\",\"@id\":\"https:\\\/\\\/www.altercampagne.net\\\/?p=7229#breadcrumb\",\"itemListElement\":[{\"@type\":\"ListItem\",\"position\":1,\"name\":\"Accueil\",\"item\":\"https:\\\/\\\/www.altercampagne.net\\\/\"},{\"@type\":\"ListItem\",\"position\":2,\"name\":\"Toujours rester cr\u00e9atifs, imaginer, exp\u00e9rimenter\"}]},{\"@type\":\"WebSite\",\"@id\":\"https:\\\/\\\/www.altercampagne.net\\\/#website\",\"url\":\"https:\\\/\\\/www.altercampagne.net\\\/\",\"name\":\"AlterTour\",\"description\":\"Reliez les Alternatives \u00e0 v\u00e9lo\",\"potentialAction\":[{\"@type\":\"SearchAction\",\"target\":{\"@type\":\"EntryPoint\",\"urlTemplate\":\"https:\\\/\\\/www.altercampagne.net\\\/?s={search_term_string}\"},\"query-input\":{\"@type\":\"PropertyValueSpecification\",\"valueRequired\":true,\"valueName\":\"search_term_string\"}}],\"inLanguage\":\"fr-FR\"},{\"@type\":\"Person\",\"@id\":\"https:\\\/\\\/www.altercampagne.net\\\/#\\\/schema\\\/person\\\/0f261460c09e430caa0f9bcffa319109\",\"name\":\"Mathieu\",\"image\":{\"@type\":\"ImageObject\",\"inLanguage\":\"fr-FR\",\"@id\":\"https:\\\/\\\/secure.gravatar.com\\\/avatar\\\/aa9d3d24c83f2141e5e2709d0f63d09a99f6be6bb7a50abc4915838d9f54501a?s=96&d=mm&r=g\",\"url\":\"https:\\\/\\\/secure.gravatar.com\\\/avatar\\\/aa9d3d24c83f2141e5e2709d0f63d09a99f6be6bb7a50abc4915838d9f54501a?s=96&d=mm&r=g\",\"contentUrl\":\"https:\\\/\\\/secure.gravatar.com\\\/avatar\\\/aa9d3d24c83f2141e5e2709d0f63d09a99f6be6bb7a50abc4915838d9f54501a?s=96&d=mm&r=g\",\"caption\":\"Mathieu\"},\"url\":\"https:\\\/\\\/www.altercampagne.net\\\/?author=214\"}]}<\/script>\n<!-- \/ Yoast SEO plugin. -->","yoast_head_json":{"title":"Toujours rester cr\u00e9atifs, imaginer, exp\u00e9rimenter - AlterTour","robots":{"index":"index","follow":"follow","max-snippet":"max-snippet:-1","max-image-preview":"max-image-preview:large","max-video-preview":"max-video-preview:-1"},"canonical":"https:\/\/www.altercampagne.net\/?p=7229","og_locale":"fr_FR","og_type":"article","og_title":"Toujours rester cr\u00e9atifs, imaginer, exp\u00e9rimenter - AlterTour","og_description":"Participer \u00e0 l\u2019\u00e9mergence de dynamiques collectives et cr\u00e9atives : \u00e7a vous fait r\u00eaver ? Eux l\u2019exp\u00e9rimentent depuis bient\u00f4t 10 ans. Le Collectif Cr\u00e9atif C\u00e9venol bas\u00e9 \u00e0 Al\u00e8s, prend un nouvel essor en 2012 avec un lieu : un hospice du XIXe si\u00e8cle \u00e0 l\u2019abandon, d\u00e9nich\u00e9 au d\u00e9tour d\u2019une promenade. Devenus ... Read More","og_url":"https:\/\/www.altercampagne.net\/?p=7229","og_site_name":"AlterTour","article_published_time":"2017-06-21T06:55:02+00:00","article_modified_time":"2020-02-24T16:49:15+00:00","og_image":[{"url":"http:\/\/www.altercampagne.net\/wp-content\/uploads\/2017\/05\/Collectif-cr\u00e9atif-du-castellas-300x219.jpg","type":"","width":"","height":""}],"author":"Mathieu","twitter_card":"summary_large_image","twitter_misc":{"\u00c9crit par":"Mathieu","Dur\u00e9e de lecture estim\u00e9e":"2 minutes"},"schema":{"@context":"https:\/\/schema.org","@graph":[{"@type":"Article","@id":"https:\/\/www.altercampagne.net\/?p=7229#article","isPartOf":{"@id":"https:\/\/www.altercampagne.net\/?p=7229"},"author":{"name":"Mathieu","@id":"https:\/\/www.altercampagne.net\/#\/schema\/person\/0f261460c09e430caa0f9bcffa319109"},"headline":"Toujours rester cr\u00e9atifs, imaginer, exp\u00e9rimenter","datePublished":"2017-06-21T06:55:02+00:00","dateModified":"2020-02-24T16:49:15+00:00","mainEntityOfPage":{"@id":"https:\/\/www.altercampagne.net\/?p=7229"},"wordCount":401,"keywords":["Gard","al\u00e8s","biodynamie","languedoc-roussillon","AlterTour 2017","2017","Occitanie","Collectif Cr\u00e9atif du Castellas","Bess\u00e8ges","Ecolieux","cantine bio v\u00e9g\u00e9tarienne","Roule ma poule"],"articleSection":["Auvergne-Rh\u00f4ne-Alpes","\u00c9dition 2017","Habitat"],"inLanguage":"fr-FR"},{"@type":"WebPage","@id":"https:\/\/www.altercampagne.net\/?p=7229","url":"https:\/\/www.altercampagne.net\/?p=7229","name":"Toujours rester cr\u00e9atifs, imaginer, exp\u00e9rimenter - AlterTour","isPartOf":{"@id":"https:\/\/www.altercampagne.net\/#website"},"datePublished":"2017-06-21T06:55:02+00:00","dateModified":"2020-02-24T16:49:15+00:00","author":{"@id":"https:\/\/www.altercampagne.net\/#\/schema\/person\/0f261460c09e430caa0f9bcffa319109"},"breadcrumb":{"@id":"https:\/\/www.altercampagne.net\/?p=7229#breadcrumb"},"inLanguage":"fr-FR","potentialAction":[{"@type":"ReadAction","target":["https:\/\/www.altercampagne.net\/?p=7229"]}]},{"@type":"BreadcrumbList","@id":"https:\/\/www.altercampagne.net\/?p=7229#breadcrumb","itemListElement":[{"@type":"ListItem","position":1,"name":"Accueil","item":"https:\/\/www.altercampagne.net\/"},{"@type":"ListItem","position":2,"name":"Toujours rester cr\u00e9atifs, imaginer, exp\u00e9rimenter"}]},{"@type":"WebSite","@id":"https:\/\/www.altercampagne.net\/#website","url":"https:\/\/www.altercampagne.net\/","name":"AlterTour","description":"Reliez les Alternatives \u00e0 v\u00e9lo","potentialAction":[{"@type":"SearchAction","target":{"@type":"EntryPoint","urlTemplate":"https:\/\/www.altercampagne.net\/?s={search_term_string}"},"query-input":{"@type":"PropertyValueSpecification","valueRequired":true,"valueName":"search_term_string"}}],"inLanguage":"fr-FR"},{"@type":"Person","@id":"https:\/\/www.altercampagne.net\/#\/schema\/person\/0f261460c09e430caa0f9bcffa319109","name":"Mathieu","image":{"@type":"ImageObject","inLanguage":"fr-FR","@id":"https:\/\/secure.gravatar.com\/avatar\/aa9d3d24c83f2141e5e2709d0f63d09a99f6be6bb7a50abc4915838d9f54501a?s=96&d=mm&r=g","url":"https:\/\/secure.gravatar.com\/avatar\/aa9d3d24c83f2141e5e2709d0f63d09a99f6be6bb7a50abc4915838d9f54501a?s=96&d=mm&r=g","contentUrl":"https:\/\/secure.gravatar.com\/avatar\/aa9d3d24c83f2141e5e2709d0f63d09a99f6be6bb7a50abc4915838d9f54501a?s=96&d=mm&r=g","caption":"Mathieu"},"url":"https:\/\/www.altercampagne.net\/?author=214"}]}},"_links":{"self":[{"href":"https:\/\/www.altercampagne.net\/index.php?rest_route=\/wp\/v2\/posts\/7229","targetHints":{"allow":["GET"]}}],"collection":[{"href":"https:\/\/www.altercampagne.net\/index.php?rest_route=\/wp\/v2\/posts"}],"about":[{"href":"https:\/\/www.altercampagne.net\/index.php?rest_route=\/wp\/v2\/types\/post"}],"author":[{"embeddable":true,"href":"https:\/\/www.altercampagne.net\/index.php?rest_route=\/wp\/v2\/users\/214"}],"replies":[{"embeddable":true,"href":"https:\/\/www.altercampagne.net\/index.php?rest_route=%2Fwp%2Fv2%2Fcomments&post=7229"}],"version-history":[{"count":1,"href":"https:\/\/www.altercampagne.net\/index.php?rest_route=\/wp\/v2\/posts\/7229\/revisions"}],"predecessor-version":[{"id":17489,"href":"https:\/\/www.altercampagne.net\/index.php?rest_route=\/wp\/v2\/posts\/7229\/revisions\/17489"}],"wp:attachment":[{"href":"https:\/\/www.altercampagne.net\/index.php?rest_route=%2Fwp%2Fv2%2Fmedia&parent=7229"}],"wp:term":[{"taxonomy":"category","embeddable":true,"href":"https:\/\/www.altercampagne.net\/index.php?rest_route=%2Fwp%2Fv2%2Fcategories&post=7229"},{"taxonomy":"post_tag","embeddable":true,"href":"https:\/\/www.altercampagne.net\/index.php?rest_route=%2Fwp%2Fv2%2Ftags&post=7229"}],"curies":[{"name":"wp","href":"https:\/\/api.w.org\/{rel}","templated":true}]}}