{"id":7232,"date":"2017-06-21T12:40:25","date_gmt":"2017-06-21T10:40:25","guid":{"rendered":"http:\/\/www.altercampagne.net\/?p=7232"},"modified":"2020-02-24T17:48:12","modified_gmt":"2020-02-24T16:48:12","slug":"ardelaine-les-7-et-8-aout-2017-a-saint-pierreville","status":"publish","type":"post","link":"https:\/\/www.altercampagne.net\/?p=7232","title":{"rendered":"Ardelaine les 7 et 8 ao\u00fbt 2017 \u00e0 Saint Pierreville"},"content":{"rendered":"<p><a href=\"http:\/\/www.altercampagne.net\/wp-content\/uploads\/2017\/05\/Ardelaine-8-ao\u00fbt.jpg\"><img loading=\"lazy\" decoding=\"async\" class=\" size-medium wp-image-6809 alignright\" src=\"http:\/\/www.altercampagne.net\/wp-content\/uploads\/2017\/05\/Ardelaine-8-ao\u00fbt-300x219.jpg\" alt=\"Ardelaine 8 ao\u00fbt\" width=\"300\" height=\"219\" srcset=\"https:\/\/www.altercampagne.net\/wp-content\/uploads\/2017\/05\/Ardelaine-8-ao\u00fbt-300x219.jpg 300w, https:\/\/www.altercampagne.net\/wp-content\/uploads\/2017\/05\/Ardelaine-8-ao\u00fbt.jpg 686w\" sizes=\"auto, (max-width: 300px) 100vw, 300px\" \/><\/a>Fermez les yeux\u2026 \u00c9coutez les bruits de pas remontant un sentier le long des moutons. Sympa non ? Bienvenue chez Ardelaine et sa musique d\u2019attente t\u00e9l\u00e9phonique. On est dans le bain ! Ils \u00e9taient 7 en 1975, ils sont plus de soixante aujourd\u2019hui, organis\u00e9s en coop\u00e9rative ouvri\u00e8re. Du bestiau au tricot, ils assurent toutes les phases de leur fili\u00e8re bio de laine : tonte, cardage, transformation en matelas, couettes, oreillers ou v\u00eatements. Et pelotes, bien \u00e9videmment. M\u00eame les \u201crestes\u201d finissent en feutre de paillage. Tendance 0 d\u00e9chet. Ardelaine, c\u2019est aussi une rencontre entre culturel et culinaire. Acharn\u00e9s du d\u00e9veloppement local, les coop\u00e9rateurs d\u00e9veloppent \u00e0 tout crin l\u2019accueil. Tendance \u00e9ducation populaire. On trouve sur place mus\u00e9e et librairie th\u00e9matique : g\u00e9ographie, patrimoine, textile, \u00e9cologie, \u00e9conomie sociale, avec m\u00eame un rayon jeunesse. D\u2019ateliers-d\u00e9couvertes en F\u00eates de la laine ou de la tonte, il est possible de d\u00e9couvrir les nombreuses facettes de leurs activit\u00e9s solidaires, le tout ponctu\u00e9 par des concerts r\u00e9guliers. \u00c0 savourer autour des petits plats bio\u2011locaux du restaurant.<\/p>\n<p><strong>Des \u00e9leveurs aux clients, personne n\u2019est exclu<\/strong><\/p>\n<p>\u201cArdelaine, une entreprise du r\u00e9seau REPAS, montre vraiment que toutes les transitions sont possibles. \u00c9conomique avec le statut de SCOP, organisationnelle avec beaucoup de polyvalence et d\u00e9cloisonnements, environnementale puisqu\u2019on a toujours eu des process respectueux de l\u2019environnement, \u00e9nerg\u00e9tique avec une turbine et le projet de r\u00e9aliser un toit solaire une chaudi\u00e8re bois. Tout cumul\u00e9, nous en arrivons \u00e0 une transition globale. Des \u00e9leveurs aux clients, personne n\u2019est exclu. Nous ramenons de l\u2019\u00e9quit\u00e9 dans la fili\u00e8re \u00e9conomique en achetant localement la mati\u00e8re premi\u00e8re plus ch\u00e8re. Tous les salaires sont \u00e9gaux. Nous r\u00e9sistons ainsi \u00e0 la destruction de la fili\u00e8re textile fran\u00e7aise. Nous travaillons avec nos partenaires \u00e0 la mise en place d\u2019une laverie pour toutes les laines du Massif Central. Et pour ma Transition \u00e0 moi\u2026 Oh l\u00e0\u00e0\u00e0\u00e0, \u00e7a date ! (Rires). Je suis initialement orthophoniste. Et toute l\u2019aventure Ardelaine, c\u2019est mon chemin de vie depuis 47 ans !\u201d<\/p>\n<p style=\"text-align: right;\"><strong>B\u00e9atrice, cofondatrice d\u2019Ardelaine<\/strong><\/p>\n<p>Extrait du Recueil des Alternatives de l\u2019AlterTour 2017, disponible dans le num\u00e9ro de juin de la Revue Silence.<\/p>\n<p>Ardelaine accueillera l\u2019AlterTour les 7 et 8 ao\u00fbt 2017 \u00e0 Saint Pierreville (Ard\u00e8che). Pour plus d\u2019infos consultez le <a href=\"http:\/\/www.altercampagne.net\/?page_id=150\">programme<\/a><\/p>\n","protected":false},"excerpt":{"rendered":"<p>Fermez les yeux\u2026 \u00c9coutez les bruits de pas remontant un sentier le long des moutons. Sympa non ? Bienvenue chez Ardelaine et sa musique d\u2019attente t\u00e9l\u00e9phonique. On est dans le bain ! Ils \u00e9taient 7 en 1975, ils sont plus de soixante aujourd\u2019hui, organis\u00e9s en coop\u00e9rative ouvri\u00e8re. Du bestiau au &#8230; <\/p>\n<div><a href=\"https:\/\/www.altercampagne.net\/?p=7232\" class=\"more-link\">Read More<\/a><\/div>\n","protected":false},"author":214,"featured_media":0,"comment_status":"closed","ping_status":"closed","sticky":false,"template":"","format":"standard","meta":{"footnotes":""},"categories":[3471,3484,3457],"tags":[55,80,1489,1727,2738,2784,2807,3056,3057],"class_list":["post-7232","post","type-post","status-publish","format-standard","hentry","category-auvergne-rhone-alpes","category-economie","category-edition-2017","tag-accueil-altertour","tag-reseau-repas","tag-auvergne-rhone-alpes","tag-scop","tag-ardeche","tag-2784","tag-ardelaine","tag-saint-pierreville","tag-rhone-alpe","no-post-thumbnail"],"yoast_head":"<!-- This site is optimized with the Yoast SEO plugin v27.3 - https:\/\/yoast.com\/product\/yoast-seo-wordpress\/ -->\n<title>Ardelaine les 7 et 8 ao\u00fbt 2017 \u00e0 Saint Pierreville - AlterTour<\/title>\n<meta name=\"robots\" content=\"index, follow, max-snippet:-1, max-image-preview:large, max-video-preview:-1\" \/>\n<link rel=\"canonical\" href=\"https:\/\/www.altercampagne.net\/?p=7232\" \/>\n<meta property=\"og:locale\" content=\"fr_FR\" \/>\n<meta property=\"og:type\" content=\"article\" \/>\n<meta property=\"og:title\" content=\"Ardelaine les 7 et 8 ao\u00fbt 2017 \u00e0 Saint Pierreville - AlterTour\" \/>\n<meta property=\"og:description\" content=\"Fermez les yeux\u2026 \u00c9coutez les bruits de pas remontant un sentier le long des moutons. Sympa non ? Bienvenue chez Ardelaine et sa musique d\u2019attente t\u00e9l\u00e9phonique. On est dans le bain ! Ils \u00e9taient 7 en 1975, ils sont plus de soixante aujourd\u2019hui, organis\u00e9s en coop\u00e9rative ouvri\u00e8re. Du bestiau au ... Read More\" \/>\n<meta property=\"og:url\" content=\"https:\/\/www.altercampagne.net\/?p=7232\" \/>\n<meta property=\"og:site_name\" content=\"AlterTour\" \/>\n<meta property=\"article:published_time\" content=\"2017-06-21T10:40:25+00:00\" \/>\n<meta property=\"article:modified_time\" content=\"2020-02-24T16:48:12+00:00\" \/>\n<meta property=\"og:image\" content=\"http:\/\/www.altercampagne.net\/wp-content\/uploads\/2017\/05\/Ardelaine-8-ao\u00fbt-300x219.jpg\" \/>\n<meta name=\"author\" content=\"Mathieu\" \/>\n<meta name=\"twitter:card\" content=\"summary_large_image\" \/>\n<meta name=\"twitter:label1\" content=\"\u00c9crit par\" \/>\n\t<meta name=\"twitter:data1\" content=\"Mathieu\" \/>\n\t<meta name=\"twitter:label2\" content=\"Dur\u00e9e de lecture estim\u00e9e\" \/>\n\t<meta name=\"twitter:data2\" content=\"2 minutes\" \/>\n<script type=\"application\/ld+json\" class=\"yoast-schema-graph\">{\"@context\":\"https:\\\/\\\/schema.org\",\"@graph\":[{\"@type\":\"Article\",\"@id\":\"https:\\\/\\\/www.altercampagne.net\\\/?p=7232#article\",\"isPartOf\":{\"@id\":\"https:\\\/\\\/www.altercampagne.net\\\/?p=7232\"},\"author\":{\"name\":\"Mathieu\",\"@id\":\"https:\\\/\\\/www.altercampagne.net\\\/#\\\/schema\\\/person\\\/0f261460c09e430caa0f9bcffa319109\"},\"headline\":\"Ardelaine les 7 et 8 ao\u00fbt 2017 \u00e0 Saint Pierreville\",\"datePublished\":\"2017-06-21T10:40:25+00:00\",\"dateModified\":\"2020-02-24T16:48:12+00:00\",\"mainEntityOfPage\":{\"@id\":\"https:\\\/\\\/www.altercampagne.net\\\/?p=7232\"},\"wordCount\":405,\"keywords\":[\"accueil AlterTour\",\"R\u00e9seau Repas\",\"Auvergne-Rh\u00f4ne-Alpes\",\"SCOP\",\"Ard\u00e8che\",\"2017\",\"Ardelaine\",\"Saint Pierreville\",\"Rh\u00f4ne-Alpe\"],\"articleSection\":[\"Auvergne-Rh\u00f4ne-Alpes\",\"\u00c9conomie\",\"\u00c9dition 2017\"],\"inLanguage\":\"fr-FR\"},{\"@type\":\"WebPage\",\"@id\":\"https:\\\/\\\/www.altercampagne.net\\\/?p=7232\",\"url\":\"https:\\\/\\\/www.altercampagne.net\\\/?p=7232\",\"name\":\"Ardelaine les 7 et 8 ao\u00fbt 2017 \u00e0 Saint Pierreville - AlterTour\",\"isPartOf\":{\"@id\":\"https:\\\/\\\/www.altercampagne.net\\\/#website\"},\"datePublished\":\"2017-06-21T10:40:25+00:00\",\"dateModified\":\"2020-02-24T16:48:12+00:00\",\"author\":{\"@id\":\"https:\\\/\\\/www.altercampagne.net\\\/#\\\/schema\\\/person\\\/0f261460c09e430caa0f9bcffa319109\"},\"breadcrumb\":{\"@id\":\"https:\\\/\\\/www.altercampagne.net\\\/?p=7232#breadcrumb\"},\"inLanguage\":\"fr-FR\",\"potentialAction\":[{\"@type\":\"ReadAction\",\"target\":[\"https:\\\/\\\/www.altercampagne.net\\\/?p=7232\"]}]},{\"@type\":\"BreadcrumbList\",\"@id\":\"https:\\\/\\\/www.altercampagne.net\\\/?p=7232#breadcrumb\",\"itemListElement\":[{\"@type\":\"ListItem\",\"position\":1,\"name\":\"Accueil\",\"item\":\"https:\\\/\\\/www.altercampagne.net\\\/\"},{\"@type\":\"ListItem\",\"position\":2,\"name\":\"Ardelaine les 7 et 8 ao\u00fbt 2017 \u00e0 Saint Pierreville\"}]},{\"@type\":\"WebSite\",\"@id\":\"https:\\\/\\\/www.altercampagne.net\\\/#website\",\"url\":\"https:\\\/\\\/www.altercampagne.net\\\/\",\"name\":\"AlterTour\",\"description\":\"Reliez les Alternatives \u00e0 v\u00e9lo\",\"potentialAction\":[{\"@type\":\"SearchAction\",\"target\":{\"@type\":\"EntryPoint\",\"urlTemplate\":\"https:\\\/\\\/www.altercampagne.net\\\/?s={search_term_string}\"},\"query-input\":{\"@type\":\"PropertyValueSpecification\",\"valueRequired\":true,\"valueName\":\"search_term_string\"}}],\"inLanguage\":\"fr-FR\"},{\"@type\":\"Person\",\"@id\":\"https:\\\/\\\/www.altercampagne.net\\\/#\\\/schema\\\/person\\\/0f261460c09e430caa0f9bcffa319109\",\"name\":\"Mathieu\",\"image\":{\"@type\":\"ImageObject\",\"inLanguage\":\"fr-FR\",\"@id\":\"https:\\\/\\\/secure.gravatar.com\\\/avatar\\\/aa9d3d24c83f2141e5e2709d0f63d09a99f6be6bb7a50abc4915838d9f54501a?s=96&d=mm&r=g\",\"url\":\"https:\\\/\\\/secure.gravatar.com\\\/avatar\\\/aa9d3d24c83f2141e5e2709d0f63d09a99f6be6bb7a50abc4915838d9f54501a?s=96&d=mm&r=g\",\"contentUrl\":\"https:\\\/\\\/secure.gravatar.com\\\/avatar\\\/aa9d3d24c83f2141e5e2709d0f63d09a99f6be6bb7a50abc4915838d9f54501a?s=96&d=mm&r=g\",\"caption\":\"Mathieu\"},\"url\":\"https:\\\/\\\/www.altercampagne.net\\\/?author=214\"}]}<\/script>\n<!-- \/ Yoast SEO plugin. -->","yoast_head_json":{"title":"Ardelaine les 7 et 8 ao\u00fbt 2017 \u00e0 Saint Pierreville - AlterTour","robots":{"index":"index","follow":"follow","max-snippet":"max-snippet:-1","max-image-preview":"max-image-preview:large","max-video-preview":"max-video-preview:-1"},"canonical":"https:\/\/www.altercampagne.net\/?p=7232","og_locale":"fr_FR","og_type":"article","og_title":"Ardelaine les 7 et 8 ao\u00fbt 2017 \u00e0 Saint Pierreville - AlterTour","og_description":"Fermez les yeux\u2026 \u00c9coutez les bruits de pas remontant un sentier le long des moutons. Sympa non ? Bienvenue chez Ardelaine et sa musique d\u2019attente t\u00e9l\u00e9phonique. On est dans le bain ! Ils \u00e9taient 7 en 1975, ils sont plus de soixante aujourd\u2019hui, organis\u00e9s en coop\u00e9rative ouvri\u00e8re. Du bestiau au ... Read More","og_url":"https:\/\/www.altercampagne.net\/?p=7232","og_site_name":"AlterTour","article_published_time":"2017-06-21T10:40:25+00:00","article_modified_time":"2020-02-24T16:48:12+00:00","og_image":[{"url":"http:\/\/www.altercampagne.net\/wp-content\/uploads\/2017\/05\/Ardelaine-8-ao\u00fbt-300x219.jpg","type":"","width":"","height":""}],"author":"Mathieu","twitter_card":"summary_large_image","twitter_misc":{"\u00c9crit par":"Mathieu","Dur\u00e9e de lecture estim\u00e9e":"2 minutes"},"schema":{"@context":"https:\/\/schema.org","@graph":[{"@type":"Article","@id":"https:\/\/www.altercampagne.net\/?p=7232#article","isPartOf":{"@id":"https:\/\/www.altercampagne.net\/?p=7232"},"author":{"name":"Mathieu","@id":"https:\/\/www.altercampagne.net\/#\/schema\/person\/0f261460c09e430caa0f9bcffa319109"},"headline":"Ardelaine les 7 et 8 ao\u00fbt 2017 \u00e0 Saint Pierreville","datePublished":"2017-06-21T10:40:25+00:00","dateModified":"2020-02-24T16:48:12+00:00","mainEntityOfPage":{"@id":"https:\/\/www.altercampagne.net\/?p=7232"},"wordCount":405,"keywords":["accueil AlterTour","R\u00e9seau Repas","Auvergne-Rh\u00f4ne-Alpes","SCOP","Ard\u00e8che","2017","Ardelaine","Saint Pierreville","Rh\u00f4ne-Alpe"],"articleSection":["Auvergne-Rh\u00f4ne-Alpes","\u00c9conomie","\u00c9dition 2017"],"inLanguage":"fr-FR"},{"@type":"WebPage","@id":"https:\/\/www.altercampagne.net\/?p=7232","url":"https:\/\/www.altercampagne.net\/?p=7232","name":"Ardelaine les 7 et 8 ao\u00fbt 2017 \u00e0 Saint Pierreville - AlterTour","isPartOf":{"@id":"https:\/\/www.altercampagne.net\/#website"},"datePublished":"2017-06-21T10:40:25+00:00","dateModified":"2020-02-24T16:48:12+00:00","author":{"@id":"https:\/\/www.altercampagne.net\/#\/schema\/person\/0f261460c09e430caa0f9bcffa319109"},"breadcrumb":{"@id":"https:\/\/www.altercampagne.net\/?p=7232#breadcrumb"},"inLanguage":"fr-FR","potentialAction":[{"@type":"ReadAction","target":["https:\/\/www.altercampagne.net\/?p=7232"]}]},{"@type":"BreadcrumbList","@id":"https:\/\/www.altercampagne.net\/?p=7232#breadcrumb","itemListElement":[{"@type":"ListItem","position":1,"name":"Accueil","item":"https:\/\/www.altercampagne.net\/"},{"@type":"ListItem","position":2,"name":"Ardelaine les 7 et 8 ao\u00fbt 2017 \u00e0 Saint Pierreville"}]},{"@type":"WebSite","@id":"https:\/\/www.altercampagne.net\/#website","url":"https:\/\/www.altercampagne.net\/","name":"AlterTour","description":"Reliez les Alternatives \u00e0 v\u00e9lo","potentialAction":[{"@type":"SearchAction","target":{"@type":"EntryPoint","urlTemplate":"https:\/\/www.altercampagne.net\/?s={search_term_string}"},"query-input":{"@type":"PropertyValueSpecification","valueRequired":true,"valueName":"search_term_string"}}],"inLanguage":"fr-FR"},{"@type":"Person","@id":"https:\/\/www.altercampagne.net\/#\/schema\/person\/0f261460c09e430caa0f9bcffa319109","name":"Mathieu","image":{"@type":"ImageObject","inLanguage":"fr-FR","@id":"https:\/\/secure.gravatar.com\/avatar\/aa9d3d24c83f2141e5e2709d0f63d09a99f6be6bb7a50abc4915838d9f54501a?s=96&d=mm&r=g","url":"https:\/\/secure.gravatar.com\/avatar\/aa9d3d24c83f2141e5e2709d0f63d09a99f6be6bb7a50abc4915838d9f54501a?s=96&d=mm&r=g","contentUrl":"https:\/\/secure.gravatar.com\/avatar\/aa9d3d24c83f2141e5e2709d0f63d09a99f6be6bb7a50abc4915838d9f54501a?s=96&d=mm&r=g","caption":"Mathieu"},"url":"https:\/\/www.altercampagne.net\/?author=214"}]}},"_links":{"self":[{"href":"https:\/\/www.altercampagne.net\/index.php?rest_route=\/wp\/v2\/posts\/7232","targetHints":{"allow":["GET"]}}],"collection":[{"href":"https:\/\/www.altercampagne.net\/index.php?rest_route=\/wp\/v2\/posts"}],"about":[{"href":"https:\/\/www.altercampagne.net\/index.php?rest_route=\/wp\/v2\/types\/post"}],"author":[{"embeddable":true,"href":"https:\/\/www.altercampagne.net\/index.php?rest_route=\/wp\/v2\/users\/214"}],"replies":[{"embeddable":true,"href":"https:\/\/www.altercampagne.net\/index.php?rest_route=%2Fwp%2Fv2%2Fcomments&post=7232"}],"version-history":[{"count":1,"href":"https:\/\/www.altercampagne.net\/index.php?rest_route=\/wp\/v2\/posts\/7232\/revisions"}],"predecessor-version":[{"id":17487,"href":"https:\/\/www.altercampagne.net\/index.php?rest_route=\/wp\/v2\/posts\/7232\/revisions\/17487"}],"wp:attachment":[{"href":"https:\/\/www.altercampagne.net\/index.php?rest_route=%2Fwp%2Fv2%2Fmedia&parent=7232"}],"wp:term":[{"taxonomy":"category","embeddable":true,"href":"https:\/\/www.altercampagne.net\/index.php?rest_route=%2Fwp%2Fv2%2Fcategories&post=7232"},{"taxonomy":"post_tag","embeddable":true,"href":"https:\/\/www.altercampagne.net\/index.php?rest_route=%2Fwp%2Fv2%2Ftags&post=7232"}],"curies":[{"name":"wp","href":"https:\/\/api.w.org\/{rel}","templated":true}]}}