{"id":7236,"date":"2017-06-22T12:13:54","date_gmt":"2017-06-22T10:13:54","guid":{"rendered":"http:\/\/www.altercampagne.net\/?p=7236"},"modified":"2020-02-24T14:32:19","modified_gmt":"2020-02-24T13:32:19","slug":"la-bergere-dalpagas-le-8-aout-2017-a-pradelle-drome","status":"publish","type":"post","link":"https:\/\/www.altercampagne.net\/?p=7236","title":{"rendered":"La Berg\u00e8re d&rsquo;Alpagas \u00e0 Pradelle (Dr\u00f4me)"},"content":{"rendered":"<p><a href=\"http:\/\/www.altercampagne.net\/wp-content\/uploads\/2017\/05\/Bergere-alpaga.jpg\"><img loading=\"lazy\" decoding=\"async\" class=\" size-medium wp-image-6955 alignleft\" src=\"http:\/\/www.altercampagne.net\/wp-content\/uploads\/2017\/05\/Bergere-alpaga-300x219.jpg\" alt=\"Bergere alpaga\" width=\"300\" height=\"219\" srcset=\"https:\/\/www.altercampagne.net\/wp-content\/uploads\/2017\/05\/Bergere-alpaga-300x219.jpg 300w, https:\/\/www.altercampagne.net\/wp-content\/uploads\/2017\/05\/Bergere-alpaga.jpg 686w\" sizes=\"auto, (max-width: 300px) 100vw, 300px\" \/><\/a>Depuis Pradelle, la belle mont\u00e9e de 5 km pour arriver \u00e0 Tr\u00e9palon est vite oubli\u00e9e ! A plus de 1000 m\u00e8tres d\u2019altitude, surplombant la vall\u00e9e de la Roanne, la magie du lieu vous prend aux tripes. Le troupeau de 20 alpagas p\u00e2ture en libert\u00e9 et vous guette pour vous accueillir en toute confiance. Ce n\u2019est qu\u2019apr\u00e8s avoir rencontr\u00e9 Mich\u00e8le, leur berg\u00e8re, que vous r\u00e9alisez que ce r\u00eave n\u2019est autre que r\u00e9alit\u00e9 ! Appel\u00e9e par ce lieu en 2005, Mich\u00e8le s\u2019installe avec courage et pers\u00e9v\u00e9rance avec ses merveilleux animaux. Au gr\u00e8 des saisons, elle vit en alchimie avec la nature et ses alpagas. Leur laine r\u00e9colt\u00e9e, elle en devient patiemment et passionn\u00e9ment l\u2019artisane. \u00c0 l\u2019arriv\u00e9e des beaux jours, elle partage sa philosophie de vie et son amour des alpagas en proposant des visites au public. Les amoureux des belles fibres peuvent repartir avec une cr\u00e9ation color\u00e9e, r\u00e9alis\u00e9e par Mich\u00e8le dans son atelier au\u2011dessus de la bergerie, ou transform\u00e9e via la fili\u00e8re Alpalaine.<\/p>\n<p><strong>Choisie par le lieu et appel\u00e9e par mes animaux<\/strong><\/p>\n<p>\u201cJ\u2019ai grandi en Alg\u00e9rie. A l\u2019\u00e2ge de 17 ans, je suis arriv\u00e9e \u00e0 Paris pour y faire des \u00e9tudes d\u2019Art puis travailler dans la communication. Est n\u00e9 mon premier enfant et j\u2019ai r\u00e9alis\u00e9 que je ne voulais pas l\u2019\u00e9lever en ville, premier (r)appel de la nature ! Avec un dipl\u00f4me d\u2019herbaliste, j\u2019ai travaill\u00e9 dans un jardin botanique. Le passage de 5 ann\u00e9es dans un mus\u00e9e d\u2019art populaire m\u2019a permis une reconnexion \u00e0 l\u2019artisanat et ses savoir-faire de mon enfance. Chemin faisant, j\u2019ai souhait\u00e9 incarner ce lien \u00e0 la nature et \u00e0 l\u2019\u00e9nergie primaire permettant le juste sens de ma vie. La lavande fine \u00e9tant mon r\u00eave, je suis venue dans la Dr\u00f4me pour mon dipl\u00f4me d\u2019agricultrice et le projet de m\u2019installer dans cette r\u00e9gion pr\u00e9curseure du bio. La d\u00e9couverte insolite de Tr\u00e9palon a \u00e9t\u00e9 r\u00e9v\u00e9latrice, permettant l\u2019appel des alpagas dans un r\u00eave v\u00e9cu. J\u2019\u00e9tais guid\u00e9e par une force int\u00e9rieure jamais l\u00e2ch\u00e9e pour me conduire \u00e0 cette harmonie de vie aujourd\u2019hui partag\u00e9e aupr\u00e8s de mes alpagas.\u201d<\/p>\n<p style=\"text-align: right;\"><strong>Mich\u00e8le, berg\u00e8re d\u2019Alpagas<\/strong><\/p>\n<p>Extrait du Recueil des Alternatives de l\u2019AlterTour 2017, disponible dans le num\u00e9ro de juin de la Revue Silence.<\/p>\n<p>La Berg\u00e8re d&rsquo;Alpagas accueillera l\u2019\u00c9chapp\u00e9e Belle de l\u2019AlterTour le 8 ao\u00fbt 2017 \u00e0 Pradelle (Dr\u00f4me). Pour plus d\u2019infos consultez le <a href=\"http:\/\/www.altercampagne.net\/?page_id=150\">programme<\/a><\/p>\n","protected":false},"excerpt":{"rendered":"<p>Depuis Pradelle, la belle mont\u00e9e de 5 km pour arriver \u00e0 Tr\u00e9palon est vite oubli\u00e9e ! A plus de 1000 m\u00e8tres d\u2019altitude, surplombant la vall\u00e9e de la Roanne, la magie du lieu vous prend aux tripes. Le troupeau de 20 alpagas p\u00e2ture en libert\u00e9 et vous guette pour vous accueillir &#8230; <\/p>\n<div><a href=\"https:\/\/www.altercampagne.net\/?p=7236\" class=\"more-link\">Read More<\/a><\/div>\n","protected":false},"author":214,"featured_media":0,"comment_status":"closed","ping_status":"closed","sticky":false,"template":"","format":"standard","meta":{"footnotes":""},"categories":[3471,3483,3457],"tags":[1091,1489,1650,2460,2783,2784,3058,3059,3060,3061,3062],"class_list":["post-7236","post","type-post","status-publish","format-standard","hentry","category-auvergne-rhone-alpes","category-agriculture","category-edition-2017","tag-drome","tag-auvergne-rhone-alpes","tag-rhone-alpes","tag-echappee-belle","tag-altertour-2017","tag-2784","tag-bergere-dalpagas","tag-pradelle","tag-echappee-belle-2017","tag-trepalon","tag-ferme-de-trepalon","no-post-thumbnail"],"yoast_head":"<!-- This site is optimized with the Yoast SEO plugin v27.3 - https:\/\/yoast.com\/product\/yoast-seo-wordpress\/ -->\n<title>La Berg\u00e8re d&#039;Alpagas \u00e0 Pradelle (Dr\u00f4me) - AlterTour<\/title>\n<meta name=\"robots\" content=\"index, follow, max-snippet:-1, max-image-preview:large, max-video-preview:-1\" \/>\n<link rel=\"canonical\" href=\"https:\/\/www.altercampagne.net\/?p=7236\" \/>\n<meta property=\"og:locale\" content=\"fr_FR\" \/>\n<meta property=\"og:type\" content=\"article\" \/>\n<meta property=\"og:title\" content=\"La Berg\u00e8re d&#039;Alpagas \u00e0 Pradelle (Dr\u00f4me) - AlterTour\" \/>\n<meta property=\"og:description\" content=\"Depuis Pradelle, la belle mont\u00e9e de 5 km pour arriver \u00e0 Tr\u00e9palon est vite oubli\u00e9e ! A plus de 1000 m\u00e8tres d\u2019altitude, surplombant la vall\u00e9e de la Roanne, la magie du lieu vous prend aux tripes. Le troupeau de 20 alpagas p\u00e2ture en libert\u00e9 et vous guette pour vous accueillir ... Read More\" \/>\n<meta property=\"og:url\" content=\"https:\/\/www.altercampagne.net\/?p=7236\" \/>\n<meta property=\"og:site_name\" content=\"AlterTour\" \/>\n<meta property=\"article:published_time\" content=\"2017-06-22T10:13:54+00:00\" \/>\n<meta property=\"article:modified_time\" content=\"2020-02-24T13:32:19+00:00\" \/>\n<meta property=\"og:image\" content=\"http:\/\/www.altercampagne.net\/wp-content\/uploads\/2017\/05\/Bergere-alpaga-300x219.jpg\" \/>\n<meta name=\"author\" content=\"Mathieu\" \/>\n<meta name=\"twitter:card\" content=\"summary_large_image\" \/>\n<meta name=\"twitter:label1\" content=\"\u00c9crit par\" \/>\n\t<meta name=\"twitter:data1\" content=\"Mathieu\" \/>\n\t<meta name=\"twitter:label2\" content=\"Dur\u00e9e de lecture estim\u00e9e\" \/>\n\t<meta name=\"twitter:data2\" content=\"2 minutes\" \/>\n<script type=\"application\/ld+json\" class=\"yoast-schema-graph\">{\"@context\":\"https:\\\/\\\/schema.org\",\"@graph\":[{\"@type\":\"Article\",\"@id\":\"https:\\\/\\\/www.altercampagne.net\\\/?p=7236#article\",\"isPartOf\":{\"@id\":\"https:\\\/\\\/www.altercampagne.net\\\/?p=7236\"},\"author\":{\"name\":\"Mathieu\",\"@id\":\"https:\\\/\\\/www.altercampagne.net\\\/#\\\/schema\\\/person\\\/0f261460c09e430caa0f9bcffa319109\"},\"headline\":\"La Berg\u00e8re d&rsquo;Alpagas \u00e0 Pradelle (Dr\u00f4me)\",\"datePublished\":\"2017-06-22T10:13:54+00:00\",\"dateModified\":\"2020-02-24T13:32:19+00:00\",\"mainEntityOfPage\":{\"@id\":\"https:\\\/\\\/www.altercampagne.net\\\/?p=7236\"},\"wordCount\":455,\"image\":{\"@id\":\"https:\\\/\\\/www.altercampagne.net\\\/?p=7236#primaryimage\"},\"thumbnailUrl\":\"http:\\\/\\\/www.altercampagne.net\\\/wp-content\\\/uploads\\\/2017\\\/05\\\/Bergere-alpaga-300x219.jpg\",\"keywords\":[\"Dr\u00f4me\",\"Auvergne-Rh\u00f4ne-Alpes\",\"Rhone-Alpes\",\"Echapp\u00e9e Belle\",\"AlterTour 2017\",\"2017\",\"Berg\u00e8re d'Alpagas\",\"Pradelle\",\"\u00c9chapp\u00e9e Belle 2017\",\"Tr\u00e9palon\",\"Ferme de Tr\u00e9palon\"],\"articleSection\":[\"Auvergne-Rh\u00f4ne-Alpes\",\"Agriculture\",\"\u00c9dition 2017\"],\"inLanguage\":\"fr-FR\"},{\"@type\":\"WebPage\",\"@id\":\"https:\\\/\\\/www.altercampagne.net\\\/?p=7236\",\"url\":\"https:\\\/\\\/www.altercampagne.net\\\/?p=7236\",\"name\":\"La Berg\u00e8re d'Alpagas \u00e0 Pradelle (Dr\u00f4me) - AlterTour\",\"isPartOf\":{\"@id\":\"https:\\\/\\\/www.altercampagne.net\\\/#website\"},\"primaryImageOfPage\":{\"@id\":\"https:\\\/\\\/www.altercampagne.net\\\/?p=7236#primaryimage\"},\"image\":{\"@id\":\"https:\\\/\\\/www.altercampagne.net\\\/?p=7236#primaryimage\"},\"thumbnailUrl\":\"http:\\\/\\\/www.altercampagne.net\\\/wp-content\\\/uploads\\\/2017\\\/05\\\/Bergere-alpaga-300x219.jpg\",\"datePublished\":\"2017-06-22T10:13:54+00:00\",\"dateModified\":\"2020-02-24T13:32:19+00:00\",\"author\":{\"@id\":\"https:\\\/\\\/www.altercampagne.net\\\/#\\\/schema\\\/person\\\/0f261460c09e430caa0f9bcffa319109\"},\"breadcrumb\":{\"@id\":\"https:\\\/\\\/www.altercampagne.net\\\/?p=7236#breadcrumb\"},\"inLanguage\":\"fr-FR\",\"potentialAction\":[{\"@type\":\"ReadAction\",\"target\":[\"https:\\\/\\\/www.altercampagne.net\\\/?p=7236\"]}]},{\"@type\":\"ImageObject\",\"inLanguage\":\"fr-FR\",\"@id\":\"https:\\\/\\\/www.altercampagne.net\\\/?p=7236#primaryimage\",\"url\":\"https:\\\/\\\/www.altercampagne.net\\\/wp-content\\\/uploads\\\/2017\\\/05\\\/Bergere-alpaga.jpg\",\"contentUrl\":\"https:\\\/\\\/www.altercampagne.net\\\/wp-content\\\/uploads\\\/2017\\\/05\\\/Bergere-alpaga.jpg\",\"width\":686,\"height\":500},{\"@type\":\"BreadcrumbList\",\"@id\":\"https:\\\/\\\/www.altercampagne.net\\\/?p=7236#breadcrumb\",\"itemListElement\":[{\"@type\":\"ListItem\",\"position\":1,\"name\":\"Accueil\",\"item\":\"https:\\\/\\\/www.altercampagne.net\\\/\"},{\"@type\":\"ListItem\",\"position\":2,\"name\":\"La Berg\u00e8re d&#8217;Alpagas \u00e0 Pradelle (Dr\u00f4me)\"}]},{\"@type\":\"WebSite\",\"@id\":\"https:\\\/\\\/www.altercampagne.net\\\/#website\",\"url\":\"https:\\\/\\\/www.altercampagne.net\\\/\",\"name\":\"AlterTour\",\"description\":\"Reliez les Alternatives \u00e0 v\u00e9lo\",\"potentialAction\":[{\"@type\":\"SearchAction\",\"target\":{\"@type\":\"EntryPoint\",\"urlTemplate\":\"https:\\\/\\\/www.altercampagne.net\\\/?s={search_term_string}\"},\"query-input\":{\"@type\":\"PropertyValueSpecification\",\"valueRequired\":true,\"valueName\":\"search_term_string\"}}],\"inLanguage\":\"fr-FR\"},{\"@type\":\"Person\",\"@id\":\"https:\\\/\\\/www.altercampagne.net\\\/#\\\/schema\\\/person\\\/0f261460c09e430caa0f9bcffa319109\",\"name\":\"Mathieu\",\"image\":{\"@type\":\"ImageObject\",\"inLanguage\":\"fr-FR\",\"@id\":\"https:\\\/\\\/secure.gravatar.com\\\/avatar\\\/aa9d3d24c83f2141e5e2709d0f63d09a99f6be6bb7a50abc4915838d9f54501a?s=96&d=mm&r=g\",\"url\":\"https:\\\/\\\/secure.gravatar.com\\\/avatar\\\/aa9d3d24c83f2141e5e2709d0f63d09a99f6be6bb7a50abc4915838d9f54501a?s=96&d=mm&r=g\",\"contentUrl\":\"https:\\\/\\\/secure.gravatar.com\\\/avatar\\\/aa9d3d24c83f2141e5e2709d0f63d09a99f6be6bb7a50abc4915838d9f54501a?s=96&d=mm&r=g\",\"caption\":\"Mathieu\"},\"url\":\"https:\\\/\\\/www.altercampagne.net\\\/?author=214\"}]}<\/script>\n<!-- \/ Yoast SEO plugin. -->","yoast_head_json":{"title":"La Berg\u00e8re d'Alpagas \u00e0 Pradelle (Dr\u00f4me) - AlterTour","robots":{"index":"index","follow":"follow","max-snippet":"max-snippet:-1","max-image-preview":"max-image-preview:large","max-video-preview":"max-video-preview:-1"},"canonical":"https:\/\/www.altercampagne.net\/?p=7236","og_locale":"fr_FR","og_type":"article","og_title":"La Berg\u00e8re d'Alpagas \u00e0 Pradelle (Dr\u00f4me) - AlterTour","og_description":"Depuis Pradelle, la belle mont\u00e9e de 5 km pour arriver \u00e0 Tr\u00e9palon est vite oubli\u00e9e ! A plus de 1000 m\u00e8tres d\u2019altitude, surplombant la vall\u00e9e de la Roanne, la magie du lieu vous prend aux tripes. Le troupeau de 20 alpagas p\u00e2ture en libert\u00e9 et vous guette pour vous accueillir ... Read More","og_url":"https:\/\/www.altercampagne.net\/?p=7236","og_site_name":"AlterTour","article_published_time":"2017-06-22T10:13:54+00:00","article_modified_time":"2020-02-24T13:32:19+00:00","og_image":[{"url":"http:\/\/www.altercampagne.net\/wp-content\/uploads\/2017\/05\/Bergere-alpaga-300x219.jpg","type":"","width":"","height":""}],"author":"Mathieu","twitter_card":"summary_large_image","twitter_misc":{"\u00c9crit par":"Mathieu","Dur\u00e9e de lecture estim\u00e9e":"2 minutes"},"schema":{"@context":"https:\/\/schema.org","@graph":[{"@type":"Article","@id":"https:\/\/www.altercampagne.net\/?p=7236#article","isPartOf":{"@id":"https:\/\/www.altercampagne.net\/?p=7236"},"author":{"name":"Mathieu","@id":"https:\/\/www.altercampagne.net\/#\/schema\/person\/0f261460c09e430caa0f9bcffa319109"},"headline":"La Berg\u00e8re d&rsquo;Alpagas \u00e0 Pradelle (Dr\u00f4me)","datePublished":"2017-06-22T10:13:54+00:00","dateModified":"2020-02-24T13:32:19+00:00","mainEntityOfPage":{"@id":"https:\/\/www.altercampagne.net\/?p=7236"},"wordCount":455,"image":{"@id":"https:\/\/www.altercampagne.net\/?p=7236#primaryimage"},"thumbnailUrl":"http:\/\/www.altercampagne.net\/wp-content\/uploads\/2017\/05\/Bergere-alpaga-300x219.jpg","keywords":["Dr\u00f4me","Auvergne-Rh\u00f4ne-Alpes","Rhone-Alpes","Echapp\u00e9e Belle","AlterTour 2017","2017","Berg\u00e8re d'Alpagas","Pradelle","\u00c9chapp\u00e9e Belle 2017","Tr\u00e9palon","Ferme de Tr\u00e9palon"],"articleSection":["Auvergne-Rh\u00f4ne-Alpes","Agriculture","\u00c9dition 2017"],"inLanguage":"fr-FR"},{"@type":"WebPage","@id":"https:\/\/www.altercampagne.net\/?p=7236","url":"https:\/\/www.altercampagne.net\/?p=7236","name":"La Berg\u00e8re d'Alpagas \u00e0 Pradelle (Dr\u00f4me) - AlterTour","isPartOf":{"@id":"https:\/\/www.altercampagne.net\/#website"},"primaryImageOfPage":{"@id":"https:\/\/www.altercampagne.net\/?p=7236#primaryimage"},"image":{"@id":"https:\/\/www.altercampagne.net\/?p=7236#primaryimage"},"thumbnailUrl":"http:\/\/www.altercampagne.net\/wp-content\/uploads\/2017\/05\/Bergere-alpaga-300x219.jpg","datePublished":"2017-06-22T10:13:54+00:00","dateModified":"2020-02-24T13:32:19+00:00","author":{"@id":"https:\/\/www.altercampagne.net\/#\/schema\/person\/0f261460c09e430caa0f9bcffa319109"},"breadcrumb":{"@id":"https:\/\/www.altercampagne.net\/?p=7236#breadcrumb"},"inLanguage":"fr-FR","potentialAction":[{"@type":"ReadAction","target":["https:\/\/www.altercampagne.net\/?p=7236"]}]},{"@type":"ImageObject","inLanguage":"fr-FR","@id":"https:\/\/www.altercampagne.net\/?p=7236#primaryimage","url":"https:\/\/www.altercampagne.net\/wp-content\/uploads\/2017\/05\/Bergere-alpaga.jpg","contentUrl":"https:\/\/www.altercampagne.net\/wp-content\/uploads\/2017\/05\/Bergere-alpaga.jpg","width":686,"height":500},{"@type":"BreadcrumbList","@id":"https:\/\/www.altercampagne.net\/?p=7236#breadcrumb","itemListElement":[{"@type":"ListItem","position":1,"name":"Accueil","item":"https:\/\/www.altercampagne.net\/"},{"@type":"ListItem","position":2,"name":"La Berg\u00e8re d&#8217;Alpagas \u00e0 Pradelle (Dr\u00f4me)"}]},{"@type":"WebSite","@id":"https:\/\/www.altercampagne.net\/#website","url":"https:\/\/www.altercampagne.net\/","name":"AlterTour","description":"Reliez les Alternatives \u00e0 v\u00e9lo","potentialAction":[{"@type":"SearchAction","target":{"@type":"EntryPoint","urlTemplate":"https:\/\/www.altercampagne.net\/?s={search_term_string}"},"query-input":{"@type":"PropertyValueSpecification","valueRequired":true,"valueName":"search_term_string"}}],"inLanguage":"fr-FR"},{"@type":"Person","@id":"https:\/\/www.altercampagne.net\/#\/schema\/person\/0f261460c09e430caa0f9bcffa319109","name":"Mathieu","image":{"@type":"ImageObject","inLanguage":"fr-FR","@id":"https:\/\/secure.gravatar.com\/avatar\/aa9d3d24c83f2141e5e2709d0f63d09a99f6be6bb7a50abc4915838d9f54501a?s=96&d=mm&r=g","url":"https:\/\/secure.gravatar.com\/avatar\/aa9d3d24c83f2141e5e2709d0f63d09a99f6be6bb7a50abc4915838d9f54501a?s=96&d=mm&r=g","contentUrl":"https:\/\/secure.gravatar.com\/avatar\/aa9d3d24c83f2141e5e2709d0f63d09a99f6be6bb7a50abc4915838d9f54501a?s=96&d=mm&r=g","caption":"Mathieu"},"url":"https:\/\/www.altercampagne.net\/?author=214"}]}},"_links":{"self":[{"href":"https:\/\/www.altercampagne.net\/index.php?rest_route=\/wp\/v2\/posts\/7236","targetHints":{"allow":["GET"]}}],"collection":[{"href":"https:\/\/www.altercampagne.net\/index.php?rest_route=\/wp\/v2\/posts"}],"about":[{"href":"https:\/\/www.altercampagne.net\/index.php?rest_route=\/wp\/v2\/types\/post"}],"author":[{"embeddable":true,"href":"https:\/\/www.altercampagne.net\/index.php?rest_route=\/wp\/v2\/users\/214"}],"replies":[{"embeddable":true,"href":"https:\/\/www.altercampagne.net\/index.php?rest_route=%2Fwp%2Fv2%2Fcomments&post=7236"}],"version-history":[{"count":1,"href":"https:\/\/www.altercampagne.net\/index.php?rest_route=\/wp\/v2\/posts\/7236\/revisions"}],"predecessor-version":[{"id":17298,"href":"https:\/\/www.altercampagne.net\/index.php?rest_route=\/wp\/v2\/posts\/7236\/revisions\/17298"}],"wp:attachment":[{"href":"https:\/\/www.altercampagne.net\/index.php?rest_route=%2Fwp%2Fv2%2Fmedia&parent=7236"}],"wp:term":[{"taxonomy":"category","embeddable":true,"href":"https:\/\/www.altercampagne.net\/index.php?rest_route=%2Fwp%2Fv2%2Fcategories&post=7236"},{"taxonomy":"post_tag","embeddable":true,"href":"https:\/\/www.altercampagne.net\/index.php?rest_route=%2Fwp%2Fv2%2Ftags&post=7236"}],"curies":[{"name":"wp","href":"https:\/\/api.w.org\/{rel}","templated":true}]}}