{"id":7250,"date":"2017-06-22T18:49:56","date_gmt":"2017-06-22T16:49:56","guid":{"rendered":"http:\/\/www.altercampagne.net\/?p=7250"},"modified":"2020-02-24T14:29:50","modified_gmt":"2020-02-24T13:29:50","slug":"lusine-vivante-le-11-aout-2017-a-crest","status":"publish","type":"post","link":"https:\/\/www.altercampagne.net\/?p=7250","title":{"rendered":"L&rsquo;Usine Vivante : une usine d\u00e9saffect\u00e9e transformer en \u201cfabrique de projets\u201d"},"content":{"rendered":"<p><a href=\"http:\/\/www.altercampagne.net\/wp-content\/uploads\/2017\/06\/20160608_192227.jpg\"><img loading=\"lazy\" decoding=\"async\" class=\" size-medium wp-image-7251 alignright\" src=\"http:\/\/www.altercampagne.net\/wp-content\/uploads\/2017\/06\/20160608_192227-225x300.jpg\" alt=\"20160608_192227\" width=\"225\" height=\"300\" srcset=\"https:\/\/www.altercampagne.net\/wp-content\/uploads\/2017\/06\/20160608_192227-225x300.jpg 225w, https:\/\/www.altercampagne.net\/wp-content\/uploads\/2017\/06\/20160608_192227-768x1024.jpg 768w, https:\/\/www.altercampagne.net\/wp-content\/uploads\/2017\/06\/20160608_192227.jpg 1580w\" sizes=\"auto, (max-width: 225px) 100vw, 225px\" \/><\/a>Quel sort r\u00e9server \u00e0 une usine d\u00e9saffect\u00e9e de 2000 m\u00b2 ? La destruction ? Une pratique brutale des temps modernes. Des habitants ont au contraire choisi de la transformer en une \u201cfabrique de projets\u201d : location d\u2019espaces de travail ou \u201cco-working\u201d, lieux de r\u00e9union pour les associations, absents jusque l\u00e0 du territoire. Mais pas seulement. N\u00e9e en 2015, l\u2019Usine Vivante ambitionne \u00e0 recr\u00e9er du lien, \u00e0 mutualiser les moyens et les comp\u00e9tences. Des ateliers d\u2019\u00e9change de savoirs s\u2019organisent dans un esprit collaboratif et participatif. De m\u00eame, 4 commissions animent et font vivre le lieu gr\u00e2ce \u00e0 sa cinquantaine de b\u00e9n\u00e9voles sur 130 adh\u00e9rents. L\u2019Usine Vivante pr\u00f4ne la mixit\u00e9 des publics, des m\u00e9tiers culturels, artistiques, artisanaux\u2026 Elle s\u2019inscrit dans une dynamique locale r\u00e9elle. Aujourd\u2019hui sur 200 m2, l\u2019\u00e9quipe se mobilise \u00e0 fond pour financer la r\u00e9habilitation de 200 suppl\u00e9mentaires et atteindre des r\u00eaves qui ont toutes les chances de devenir bien vivants, eux aussi.<\/p>\n<p><strong>Faire vivre la cit\u00e9<\/strong><\/p>\n<p>\u201cJe me suis install\u00e9e \u00e0 Crest, ville dr\u00f4moise de 8000 habitants, un peu par hasard : le tissu associatif et culturel y \u00e9tait d\u00e9velopp\u00e9. L\u2019Usine Vivante a vocation \u00e0 donner de la visibilit\u00e9 \u00e0 ces alternatives en amplifiant le champ des possibles. Elle met \u00e0 disposition et anime des lieux de rencontre et de travail au profit d\u2019initiatives locales. Compte tenu de l\u2019ampleur de la surface de ce tiers-lieu, cette impulsion prend une dimension particuli\u00e8re dans une petite ville comme Crest. J\u2019ai le sentiment de contribuer \u00e0 faire vivre la cit\u00e9. Or c\u2019est bien l\u2019objectif de la Transition : donner l\u2019opportunit\u00e9 aux citoyens de prendre part \u00e0 la Politique au sens noble du terme. La Transition, c\u2019est aussi montrer qu\u2019une \u00e9volution de la conception de nos m\u00e9tiers est possible. Mes \u00e9tudes en Ressources Humaines et mes \u00e9changes humains au sein des tiers-lieux, montrent que nous ne sommes justement pas que des ressources. Nous pouvons aussi mutuellement nous enrichir et pas seulement au sens p\u00e9cuniaire.\u201d<\/p>\n<p style=\"text-align: right;\"><strong>Laure, coordinatrice salari\u00e9e, animatrice<\/strong><\/p>\n<p>Extrait du Recueil des Alternatives de l\u2019AlterTour 2017, disponible dans le num\u00e9ro de juin de la Revue Silence.<\/p>\n<p>L&rsquo;Usine Vivante accueillera l\u2019AlterTour le 11 ao\u00fbt 2017 \u00e0 Crest (Dr\u00f4me). Pour plus d\u2019infos consultez le <a href=\"http:\/\/www.altercampagne.net\/?page_id=150\">programme<\/a><\/p>\n","protected":false},"excerpt":{"rendered":"<p>Quel sort r\u00e9server \u00e0 une usine d\u00e9saffect\u00e9e de 2000 m\u00b2 ? La destruction ? Une pratique brutale des temps modernes. Des habitants ont au contraire choisi de la transformer en une \u201cfabrique de projets\u201d : location d\u2019espaces de travail ou \u201cco-working\u201d, lieux de r\u00e9union pour les associations, absents jusque l\u00e0 &#8230; <\/p>\n<div><a href=\"https:\/\/www.altercampagne.net\/?p=7250\" class=\"more-link\">Read More<\/a><\/div>\n","protected":false},"author":214,"featured_media":0,"comment_status":"closed","ping_status":"closed","sticky":false,"template":"","format":"standard","meta":{"footnotes":""},"categories":[3471,3457,3540],"tags":[73,1489,1600,1650,2783,2784,2809,3063],"class_list":["post-7250","post","type-post","status-publish","format-standard","hentry","category-auvergne-rhone-alpes","category-edition-2017","category-transverse","tag-transition","tag-auvergne-rhone-alpes","tag-alessandro-di-giuseppe","tag-rhone-alpes","tag-altertour-2017","tag-2784","tag-usine-vivante","tag-crest","no-post-thumbnail"],"yoast_head":"<!-- This site is optimized with the Yoast SEO plugin v27.3 - https:\/\/yoast.com\/product\/yoast-seo-wordpress\/ -->\n<title>L&#039;Usine Vivante : une usine d\u00e9saffect\u00e9e transformer en \u201cfabrique de projets\u201d - AlterTour<\/title>\n<meta name=\"robots\" content=\"index, follow, max-snippet:-1, max-image-preview:large, max-video-preview:-1\" \/>\n<link rel=\"canonical\" href=\"https:\/\/www.altercampagne.net\/?p=7250\" \/>\n<meta property=\"og:locale\" content=\"fr_FR\" \/>\n<meta property=\"og:type\" content=\"article\" \/>\n<meta property=\"og:title\" content=\"L&#039;Usine Vivante : une usine d\u00e9saffect\u00e9e transformer en \u201cfabrique de projets\u201d - AlterTour\" \/>\n<meta property=\"og:description\" content=\"Quel sort r\u00e9server \u00e0 une usine d\u00e9saffect\u00e9e de 2000 m\u00b2 ? La destruction ? Une pratique brutale des temps modernes. Des habitants ont au contraire choisi de la transformer en une \u201cfabrique de projets\u201d : location d\u2019espaces de travail ou \u201cco-working\u201d, lieux de r\u00e9union pour les associations, absents jusque l\u00e0 ... Read More\" \/>\n<meta property=\"og:url\" content=\"https:\/\/www.altercampagne.net\/?p=7250\" \/>\n<meta property=\"og:site_name\" content=\"AlterTour\" \/>\n<meta property=\"article:published_time\" content=\"2017-06-22T16:49:56+00:00\" \/>\n<meta property=\"article:modified_time\" content=\"2020-02-24T13:29:50+00:00\" \/>\n<meta property=\"og:image\" content=\"http:\/\/www.altercampagne.net\/wp-content\/uploads\/2017\/06\/20160608_192227-225x300.jpg\" \/>\n<meta name=\"author\" content=\"Mathieu\" \/>\n<meta name=\"twitter:card\" content=\"summary_large_image\" \/>\n<meta name=\"twitter:label1\" content=\"\u00c9crit par\" \/>\n\t<meta name=\"twitter:data1\" content=\"Mathieu\" \/>\n\t<meta name=\"twitter:label2\" content=\"Dur\u00e9e de lecture estim\u00e9e\" \/>\n\t<meta name=\"twitter:data2\" content=\"2 minutes\" \/>\n<script type=\"application\/ld+json\" class=\"yoast-schema-graph\">{\"@context\":\"https:\\\/\\\/schema.org\",\"@graph\":[{\"@type\":\"Article\",\"@id\":\"https:\\\/\\\/www.altercampagne.net\\\/?p=7250#article\",\"isPartOf\":{\"@id\":\"https:\\\/\\\/www.altercampagne.net\\\/?p=7250\"},\"author\":{\"name\":\"Mathieu\",\"@id\":\"https:\\\/\\\/www.altercampagne.net\\\/#\\\/schema\\\/person\\\/0f261460c09e430caa0f9bcffa319109\"},\"headline\":\"L&rsquo;Usine Vivante : une usine d\u00e9saffect\u00e9e transformer en \u201cfabrique de projets\u201d\",\"datePublished\":\"2017-06-22T16:49:56+00:00\",\"dateModified\":\"2020-02-24T13:29:50+00:00\",\"mainEntityOfPage\":{\"@id\":\"https:\\\/\\\/www.altercampagne.net\\\/?p=7250\"},\"wordCount\":395,\"image\":{\"@id\":\"https:\\\/\\\/www.altercampagne.net\\\/?p=7250#primaryimage\"},\"thumbnailUrl\":\"http:\\\/\\\/www.altercampagne.net\\\/wp-content\\\/uploads\\\/2017\\\/06\\\/20160608_192227-225x300.jpg\",\"keywords\":[\"Transition\",\"Auvergne-Rh\u00f4ne-Alpes\",\"Alessandro Di Giuseppe\",\"Rhone-Alpes\",\"AlterTour 2017\",\"2017\",\"Usine Vivante\",\"Crest\"],\"articleSection\":[\"Auvergne-Rh\u00f4ne-Alpes\",\"\u00c9dition 2017\",\"Transverse\"],\"inLanguage\":\"fr-FR\"},{\"@type\":\"WebPage\",\"@id\":\"https:\\\/\\\/www.altercampagne.net\\\/?p=7250\",\"url\":\"https:\\\/\\\/www.altercampagne.net\\\/?p=7250\",\"name\":\"L'Usine Vivante : une usine d\u00e9saffect\u00e9e transformer en \u201cfabrique de projets\u201d - AlterTour\",\"isPartOf\":{\"@id\":\"https:\\\/\\\/www.altercampagne.net\\\/#website\"},\"primaryImageOfPage\":{\"@id\":\"https:\\\/\\\/www.altercampagne.net\\\/?p=7250#primaryimage\"},\"image\":{\"@id\":\"https:\\\/\\\/www.altercampagne.net\\\/?p=7250#primaryimage\"},\"thumbnailUrl\":\"http:\\\/\\\/www.altercampagne.net\\\/wp-content\\\/uploads\\\/2017\\\/06\\\/20160608_192227-225x300.jpg\",\"datePublished\":\"2017-06-22T16:49:56+00:00\",\"dateModified\":\"2020-02-24T13:29:50+00:00\",\"author\":{\"@id\":\"https:\\\/\\\/www.altercampagne.net\\\/#\\\/schema\\\/person\\\/0f261460c09e430caa0f9bcffa319109\"},\"breadcrumb\":{\"@id\":\"https:\\\/\\\/www.altercampagne.net\\\/?p=7250#breadcrumb\"},\"inLanguage\":\"fr-FR\",\"potentialAction\":[{\"@type\":\"ReadAction\",\"target\":[\"https:\\\/\\\/www.altercampagne.net\\\/?p=7250\"]}]},{\"@type\":\"ImageObject\",\"inLanguage\":\"fr-FR\",\"@id\":\"https:\\\/\\\/www.altercampagne.net\\\/?p=7250#primaryimage\",\"url\":\"https:\\\/\\\/www.altercampagne.net\\\/wp-content\\\/uploads\\\/2017\\\/06\\\/20160608_192227.jpg\",\"contentUrl\":\"https:\\\/\\\/www.altercampagne.net\\\/wp-content\\\/uploads\\\/2017\\\/06\\\/20160608_192227.jpg\",\"width\":1580,\"height\":2107},{\"@type\":\"BreadcrumbList\",\"@id\":\"https:\\\/\\\/www.altercampagne.net\\\/?p=7250#breadcrumb\",\"itemListElement\":[{\"@type\":\"ListItem\",\"position\":1,\"name\":\"Accueil\",\"item\":\"https:\\\/\\\/www.altercampagne.net\\\/\"},{\"@type\":\"ListItem\",\"position\":2,\"name\":\"L&rsquo;Usine Vivante : une usine d\u00e9saffect\u00e9e transformer en \u201cfabrique de projets\u201d\"}]},{\"@type\":\"WebSite\",\"@id\":\"https:\\\/\\\/www.altercampagne.net\\\/#website\",\"url\":\"https:\\\/\\\/www.altercampagne.net\\\/\",\"name\":\"AlterTour\",\"description\":\"Reliez les Alternatives \u00e0 v\u00e9lo\",\"potentialAction\":[{\"@type\":\"SearchAction\",\"target\":{\"@type\":\"EntryPoint\",\"urlTemplate\":\"https:\\\/\\\/www.altercampagne.net\\\/?s={search_term_string}\"},\"query-input\":{\"@type\":\"PropertyValueSpecification\",\"valueRequired\":true,\"valueName\":\"search_term_string\"}}],\"inLanguage\":\"fr-FR\"},{\"@type\":\"Person\",\"@id\":\"https:\\\/\\\/www.altercampagne.net\\\/#\\\/schema\\\/person\\\/0f261460c09e430caa0f9bcffa319109\",\"name\":\"Mathieu\",\"image\":{\"@type\":\"ImageObject\",\"inLanguage\":\"fr-FR\",\"@id\":\"https:\\\/\\\/secure.gravatar.com\\\/avatar\\\/aa9d3d24c83f2141e5e2709d0f63d09a99f6be6bb7a50abc4915838d9f54501a?s=96&d=mm&r=g\",\"url\":\"https:\\\/\\\/secure.gravatar.com\\\/avatar\\\/aa9d3d24c83f2141e5e2709d0f63d09a99f6be6bb7a50abc4915838d9f54501a?s=96&d=mm&r=g\",\"contentUrl\":\"https:\\\/\\\/secure.gravatar.com\\\/avatar\\\/aa9d3d24c83f2141e5e2709d0f63d09a99f6be6bb7a50abc4915838d9f54501a?s=96&d=mm&r=g\",\"caption\":\"Mathieu\"},\"url\":\"https:\\\/\\\/www.altercampagne.net\\\/?author=214\"}]}<\/script>\n<!-- \/ Yoast SEO plugin. -->","yoast_head_json":{"title":"L'Usine Vivante : une usine d\u00e9saffect\u00e9e transformer en \u201cfabrique de projets\u201d - AlterTour","robots":{"index":"index","follow":"follow","max-snippet":"max-snippet:-1","max-image-preview":"max-image-preview:large","max-video-preview":"max-video-preview:-1"},"canonical":"https:\/\/www.altercampagne.net\/?p=7250","og_locale":"fr_FR","og_type":"article","og_title":"L'Usine Vivante : une usine d\u00e9saffect\u00e9e transformer en \u201cfabrique de projets\u201d - AlterTour","og_description":"Quel sort r\u00e9server \u00e0 une usine d\u00e9saffect\u00e9e de 2000 m\u00b2 ? La destruction ? Une pratique brutale des temps modernes. Des habitants ont au contraire choisi de la transformer en une \u201cfabrique de projets\u201d : location d\u2019espaces de travail ou \u201cco-working\u201d, lieux de r\u00e9union pour les associations, absents jusque l\u00e0 ... Read More","og_url":"https:\/\/www.altercampagne.net\/?p=7250","og_site_name":"AlterTour","article_published_time":"2017-06-22T16:49:56+00:00","article_modified_time":"2020-02-24T13:29:50+00:00","og_image":[{"url":"http:\/\/www.altercampagne.net\/wp-content\/uploads\/2017\/06\/20160608_192227-225x300.jpg","type":"","width":"","height":""}],"author":"Mathieu","twitter_card":"summary_large_image","twitter_misc":{"\u00c9crit par":"Mathieu","Dur\u00e9e de lecture estim\u00e9e":"2 minutes"},"schema":{"@context":"https:\/\/schema.org","@graph":[{"@type":"Article","@id":"https:\/\/www.altercampagne.net\/?p=7250#article","isPartOf":{"@id":"https:\/\/www.altercampagne.net\/?p=7250"},"author":{"name":"Mathieu","@id":"https:\/\/www.altercampagne.net\/#\/schema\/person\/0f261460c09e430caa0f9bcffa319109"},"headline":"L&rsquo;Usine Vivante : une usine d\u00e9saffect\u00e9e transformer en \u201cfabrique de projets\u201d","datePublished":"2017-06-22T16:49:56+00:00","dateModified":"2020-02-24T13:29:50+00:00","mainEntityOfPage":{"@id":"https:\/\/www.altercampagne.net\/?p=7250"},"wordCount":395,"image":{"@id":"https:\/\/www.altercampagne.net\/?p=7250#primaryimage"},"thumbnailUrl":"http:\/\/www.altercampagne.net\/wp-content\/uploads\/2017\/06\/20160608_192227-225x300.jpg","keywords":["Transition","Auvergne-Rh\u00f4ne-Alpes","Alessandro Di Giuseppe","Rhone-Alpes","AlterTour 2017","2017","Usine Vivante","Crest"],"articleSection":["Auvergne-Rh\u00f4ne-Alpes","\u00c9dition 2017","Transverse"],"inLanguage":"fr-FR"},{"@type":"WebPage","@id":"https:\/\/www.altercampagne.net\/?p=7250","url":"https:\/\/www.altercampagne.net\/?p=7250","name":"L'Usine Vivante : une usine d\u00e9saffect\u00e9e transformer en \u201cfabrique de projets\u201d - AlterTour","isPartOf":{"@id":"https:\/\/www.altercampagne.net\/#website"},"primaryImageOfPage":{"@id":"https:\/\/www.altercampagne.net\/?p=7250#primaryimage"},"image":{"@id":"https:\/\/www.altercampagne.net\/?p=7250#primaryimage"},"thumbnailUrl":"http:\/\/www.altercampagne.net\/wp-content\/uploads\/2017\/06\/20160608_192227-225x300.jpg","datePublished":"2017-06-22T16:49:56+00:00","dateModified":"2020-02-24T13:29:50+00:00","author":{"@id":"https:\/\/www.altercampagne.net\/#\/schema\/person\/0f261460c09e430caa0f9bcffa319109"},"breadcrumb":{"@id":"https:\/\/www.altercampagne.net\/?p=7250#breadcrumb"},"inLanguage":"fr-FR","potentialAction":[{"@type":"ReadAction","target":["https:\/\/www.altercampagne.net\/?p=7250"]}]},{"@type":"ImageObject","inLanguage":"fr-FR","@id":"https:\/\/www.altercampagne.net\/?p=7250#primaryimage","url":"https:\/\/www.altercampagne.net\/wp-content\/uploads\/2017\/06\/20160608_192227.jpg","contentUrl":"https:\/\/www.altercampagne.net\/wp-content\/uploads\/2017\/06\/20160608_192227.jpg","width":1580,"height":2107},{"@type":"BreadcrumbList","@id":"https:\/\/www.altercampagne.net\/?p=7250#breadcrumb","itemListElement":[{"@type":"ListItem","position":1,"name":"Accueil","item":"https:\/\/www.altercampagne.net\/"},{"@type":"ListItem","position":2,"name":"L&rsquo;Usine Vivante : une usine d\u00e9saffect\u00e9e transformer en \u201cfabrique de projets\u201d"}]},{"@type":"WebSite","@id":"https:\/\/www.altercampagne.net\/#website","url":"https:\/\/www.altercampagne.net\/","name":"AlterTour","description":"Reliez les Alternatives \u00e0 v\u00e9lo","potentialAction":[{"@type":"SearchAction","target":{"@type":"EntryPoint","urlTemplate":"https:\/\/www.altercampagne.net\/?s={search_term_string}"},"query-input":{"@type":"PropertyValueSpecification","valueRequired":true,"valueName":"search_term_string"}}],"inLanguage":"fr-FR"},{"@type":"Person","@id":"https:\/\/www.altercampagne.net\/#\/schema\/person\/0f261460c09e430caa0f9bcffa319109","name":"Mathieu","image":{"@type":"ImageObject","inLanguage":"fr-FR","@id":"https:\/\/secure.gravatar.com\/avatar\/aa9d3d24c83f2141e5e2709d0f63d09a99f6be6bb7a50abc4915838d9f54501a?s=96&d=mm&r=g","url":"https:\/\/secure.gravatar.com\/avatar\/aa9d3d24c83f2141e5e2709d0f63d09a99f6be6bb7a50abc4915838d9f54501a?s=96&d=mm&r=g","contentUrl":"https:\/\/secure.gravatar.com\/avatar\/aa9d3d24c83f2141e5e2709d0f63d09a99f6be6bb7a50abc4915838d9f54501a?s=96&d=mm&r=g","caption":"Mathieu"},"url":"https:\/\/www.altercampagne.net\/?author=214"}]}},"_links":{"self":[{"href":"https:\/\/www.altercampagne.net\/index.php?rest_route=\/wp\/v2\/posts\/7250","targetHints":{"allow":["GET"]}}],"collection":[{"href":"https:\/\/www.altercampagne.net\/index.php?rest_route=\/wp\/v2\/posts"}],"about":[{"href":"https:\/\/www.altercampagne.net\/index.php?rest_route=\/wp\/v2\/types\/post"}],"author":[{"embeddable":true,"href":"https:\/\/www.altercampagne.net\/index.php?rest_route=\/wp\/v2\/users\/214"}],"replies":[{"embeddable":true,"href":"https:\/\/www.altercampagne.net\/index.php?rest_route=%2Fwp%2Fv2%2Fcomments&post=7250"}],"version-history":[{"count":3,"href":"https:\/\/www.altercampagne.net\/index.php?rest_route=\/wp\/v2\/posts\/7250\/revisions"}],"predecessor-version":[{"id":17297,"href":"https:\/\/www.altercampagne.net\/index.php?rest_route=\/wp\/v2\/posts\/7250\/revisions\/17297"}],"wp:attachment":[{"href":"https:\/\/www.altercampagne.net\/index.php?rest_route=%2Fwp%2Fv2%2Fmedia&parent=7250"}],"wp:term":[{"taxonomy":"category","embeddable":true,"href":"https:\/\/www.altercampagne.net\/index.php?rest_route=%2Fwp%2Fv2%2Fcategories&post=7250"},{"taxonomy":"post_tag","embeddable":true,"href":"https:\/\/www.altercampagne.net\/index.php?rest_route=%2Fwp%2Fv2%2Ftags&post=7250"}],"curies":[{"name":"wp","href":"https:\/\/api.w.org\/{rel}","templated":true}]}}