{"id":7269,"date":"2017-06-27T10:39:39","date_gmt":"2017-06-27T08:39:39","guid":{"rendered":"http:\/\/www.altercampagne.net\/?p=7269"},"modified":"2020-02-24T14:16:15","modified_gmt":"2020-02-24T13:16:15","slug":"base-nature-vercors-le-13-aout-2017-a-vassieux-en-vercors-drome","status":"publish","type":"post","link":"https:\/\/www.altercampagne.net\/?p=7269","title":{"rendered":"L\u2019imp\u00e9rieuse n\u00e9cessit\u00e9 d\u2019agir"},"content":{"rendered":"<p><a href=\"http:\/\/www.altercampagne.net\/wp-content\/uploads\/2017\/05\/Base-Nature-Vercors-03.jpg\"><img loading=\"lazy\" decoding=\"async\" class=\" size-medium wp-image-6814 alignright\" src=\"http:\/\/www.altercampagne.net\/wp-content\/uploads\/2017\/05\/Base-Nature-Vercors-03-300x219.jpg\" alt=\"Base-Nature-Vercors-03\" width=\"300\" height=\"219\" srcset=\"https:\/\/www.altercampagne.net\/wp-content\/uploads\/2017\/05\/Base-Nature-Vercors-03-300x219.jpg 300w, https:\/\/www.altercampagne.net\/wp-content\/uploads\/2017\/05\/Base-Nature-Vercors-03.jpg 686w\" sizes=\"auto, (max-width: 300px) 100vw, 300px\" \/><\/a>\u201cTrouver le nom d\u2019une fleur, c\u2019est ouvrir un livre et donc ouvrir les yeux.\u201d Belle devise pour <strong><a href=\"http:\/\/www.basenaturevercors.org\/\" target=\"_blank\" rel=\"noopener noreferrer\">Base Nature Vercors<\/a><\/strong> qui re\u00e7oit depuis 1995 tous styles de groupes. Randonneurs, familles dans l\u2019incapacit\u00e9 de partir en vacances, jeunes en chantiers internationaux, personnes handicap\u00e9es, scolaires, enfants en famille d\u2019accueil, la mixit\u00e9 est assur\u00e9e au pied d\u2019une zone Natura 2000. Tipis et \u00c9cohuttes en mat\u00e9riaux locaux abritent les nuits. Certaines sorties se font avec des lamas, d\u2019autres aux lever et coucher de soleil pour l\u2019observation animali\u00e8re. Tout se passe \u00e0 proximit\u00e9 du camp pour \u00e9viter les transports. Y compris les activit\u00e9s avec la paysanne-boulang\u00e8re locale ou dans le potager exp\u00e9rimental. Une \u00e9mission bimensuelle sur RDWA, Radio Diois, rythme le s\u00e9jour. De la technique \u00e0 la ligne r\u00e9dactionnelle, les apprentisjournalistes abordent la transition \u00e9nerg\u00e9tique ou le sujet de la tol\u00e9rance. Le th\u00e9\u00e2tre n\u2019est pas en reste, entre repr\u00e9sentation par les jeunes de \u201cMatin brun\u201d \u00e0 l\u2019occasion d\u2019un festival de la gratuit\u00e9 ou la compagnie La Malle aux Libert\u00e9s et ses Vertaclowns \u00e9colos.<\/p>\n<p><strong>L\u2019imp\u00e9rieuse n\u00e9cessit\u00e9 d\u2019agir<\/strong><\/p>\n<p>\u201cY\u2019en a qui font le fameux chemin de Compostelle, nous on a pris celui de la Transition ! Aujourd\u2019hui, on est \u00e0 Lisbonne. On vient de faire 2500 km en tandem assis\/couch\u00e9, le Byclown, fabriqu\u00e9 \u00e0 partir de mat\u00e9riaux de r\u00e9cup\u2019. On a r\u00e9ussi \u00e0 arr\u00eater le boulot pendant 2 mois. Enfin ! Pour prendre le temps de prendre le temps de la rencontre. Plus tu vas vite, plus tu consommes, et au final, plus tu te r\u00e9duis, toi, la plan\u00e8te. Prendre le temps, c\u2019est s\u2019enrichir. Tu trouves que le pain de la voisine paysanne-boulang\u00e8re est bon ? Ben la voisine, elle est juste l\u00e0. Va la rencontrer. Base Nature Vercors, c\u2019est l\u2019id\u00e9e d\u2019apprendre \u00e0 vivre autrement. Mais on a d\u00e9cid\u00e9 de ne pas le marquer partout comme une sorte de produit d\u2019appel. On cause aussi R\u00e9sistance. On est dans le Vercors tout de m\u00eame. On relie cette p\u00e9riode historique \u00e0 l\u2019actualit\u00e9 pour ne pas oublier l\u2019origine des cong\u00e9s pay\u00e9s ou du droit \u00e0 l\u2019avortement et de l\u2019imp\u00e9rieuse n\u00e9cessit\u00e9 d\u2019agir. On n\u2019impose pas de sujet \u00e0 un groupe. D\u2019abord, on \u00e9coute car il faut que l\u2019\u00e9tincelle soit collective pour que le feu\u00a0 d\u00e9marre.\u201d<\/p>\n<p style=\"text-align: right;\"><strong>Annette, gestionnaire, animatrice, cuisini\u00e8re, bobologue et Bernard, directeur-fondateur, responsable animation<\/strong><\/p>\n<p>Extrait du Recueil des Alternatives de l\u2019AlterTour 2017, disponible dans le num\u00e9ro de juin de la Revue Silence.<\/p>\n<p>Base Nature Vercors accueillera l\u2019AlterTour le 13 ao\u00fbt 2017 \u00e0 Vassieux en Vercors (Dr\u00f4me). Pour plus d\u2019infos consultez le <strong><a href=\"http:\/\/www.altercampagne.net\/?page_id=150\">programme<\/a><\/strong><\/p>\n","protected":false},"excerpt":{"rendered":"<p>\u201cTrouver le nom d\u2019une fleur, c\u2019est ouvrir un livre et donc ouvrir les yeux.\u201d Belle devise pour Base Nature Vercors qui re\u00e7oit depuis 1995 tous styles de groupes. Randonneurs, familles dans l\u2019incapacit\u00e9 de partir en vacances, jeunes en chantiers internationaux, personnes handicap\u00e9es, scolaires, enfants en famille d\u2019accueil, la mixit\u00e9 est &#8230; <\/p>\n<div><a href=\"https:\/\/www.altercampagne.net\/?p=7269\" class=\"more-link\">Read More<\/a><\/div>\n","protected":false},"author":214,"featured_media":0,"comment_status":"closed","ping_status":"closed","sticky":false,"template":"","format":"standard","meta":{"footnotes":""},"categories":[3471,3938,3457,3488,3540],"tags":[1091,1489,1658,2813,3065,3066],"class_list":["post-7269","post","type-post","status-publish","format-standard","hentry","category-auvergne-rhone-alpes","category-education","category-edition-2017","category-social","category-transverse","tag-drome","tag-auvergne-rhone-alpes","tag-rhone-alpes","tag-base-nature-vercors","tag-vassieux-en-vercors","tag-vercors","no-post-thumbnail"],"yoast_head":"<!-- This site is optimized with the Yoast SEO plugin v27.3 - https:\/\/yoast.com\/product\/yoast-seo-wordpress\/ -->\n<title>L\u2019imp\u00e9rieuse n\u00e9cessit\u00e9 d\u2019agir - AlterTour<\/title>\n<meta name=\"robots\" content=\"index, follow, max-snippet:-1, max-image-preview:large, max-video-preview:-1\" \/>\n<link rel=\"canonical\" href=\"https:\/\/www.altercampagne.net\/?p=7269\" \/>\n<meta property=\"og:locale\" content=\"fr_FR\" \/>\n<meta property=\"og:type\" content=\"article\" \/>\n<meta property=\"og:title\" content=\"L\u2019imp\u00e9rieuse n\u00e9cessit\u00e9 d\u2019agir - AlterTour\" \/>\n<meta property=\"og:description\" content=\"\u201cTrouver le nom d\u2019une fleur, c\u2019est ouvrir un livre et donc ouvrir les yeux.\u201d Belle devise pour Base Nature Vercors qui re\u00e7oit depuis 1995 tous styles de groupes. Randonneurs, familles dans l\u2019incapacit\u00e9 de partir en vacances, jeunes en chantiers internationaux, personnes handicap\u00e9es, scolaires, enfants en famille d\u2019accueil, la mixit\u00e9 est ... Read More\" \/>\n<meta property=\"og:url\" content=\"https:\/\/www.altercampagne.net\/?p=7269\" \/>\n<meta property=\"og:site_name\" content=\"AlterTour\" \/>\n<meta property=\"article:published_time\" content=\"2017-06-27T08:39:39+00:00\" \/>\n<meta property=\"article:modified_time\" content=\"2020-02-24T13:16:15+00:00\" \/>\n<meta property=\"og:image\" content=\"http:\/\/www.altercampagne.net\/wp-content\/uploads\/2017\/05\/Base-Nature-Vercors-03-300x219.jpg\" \/>\n<meta name=\"author\" content=\"Mathieu\" \/>\n<meta name=\"twitter:card\" content=\"summary_large_image\" \/>\n<meta name=\"twitter:label1\" content=\"\u00c9crit par\" \/>\n\t<meta name=\"twitter:data1\" content=\"Mathieu\" \/>\n\t<meta name=\"twitter:label2\" content=\"Dur\u00e9e de lecture estim\u00e9e\" \/>\n\t<meta name=\"twitter:data2\" content=\"2 minutes\" \/>\n<script type=\"application\/ld+json\" class=\"yoast-schema-graph\">{\"@context\":\"https:\\\/\\\/schema.org\",\"@graph\":[{\"@type\":\"Article\",\"@id\":\"https:\\\/\\\/www.altercampagne.net\\\/?p=7269#article\",\"isPartOf\":{\"@id\":\"https:\\\/\\\/www.altercampagne.net\\\/?p=7269\"},\"author\":{\"name\":\"Mathieu\",\"@id\":\"https:\\\/\\\/www.altercampagne.net\\\/#\\\/schema\\\/person\\\/0f261460c09e430caa0f9bcffa319109\"},\"headline\":\"L\u2019imp\u00e9rieuse n\u00e9cessit\u00e9 d\u2019agir\",\"datePublished\":\"2017-06-27T08:39:39+00:00\",\"dateModified\":\"2020-02-24T13:16:15+00:00\",\"mainEntityOfPage\":{\"@id\":\"https:\\\/\\\/www.altercampagne.net\\\/?p=7269\"},\"wordCount\":468,\"image\":{\"@id\":\"https:\\\/\\\/www.altercampagne.net\\\/?p=7269#primaryimage\"},\"thumbnailUrl\":\"http:\\\/\\\/www.altercampagne.net\\\/wp-content\\\/uploads\\\/2017\\\/05\\\/Base-Nature-Vercors-03-300x219.jpg\",\"keywords\":[\"Dr\u00f4me\",\"Auvergne-Rh\u00f4ne-Alpes\",\"Rho\u0302ne-Alpes\",\"Base Nature Vercors\",\"Vassieux en Vercors\",\"Vercors\"],\"articleSection\":[\"Auvergne-Rh\u00f4ne-Alpes\",\"Education\",\"\u00c9dition 2017\",\"Social\",\"Transverse\"],\"inLanguage\":\"fr-FR\"},{\"@type\":\"WebPage\",\"@id\":\"https:\\\/\\\/www.altercampagne.net\\\/?p=7269\",\"url\":\"https:\\\/\\\/www.altercampagne.net\\\/?p=7269\",\"name\":\"L\u2019imp\u00e9rieuse n\u00e9cessit\u00e9 d\u2019agir - AlterTour\",\"isPartOf\":{\"@id\":\"https:\\\/\\\/www.altercampagne.net\\\/#website\"},\"primaryImageOfPage\":{\"@id\":\"https:\\\/\\\/www.altercampagne.net\\\/?p=7269#primaryimage\"},\"image\":{\"@id\":\"https:\\\/\\\/www.altercampagne.net\\\/?p=7269#primaryimage\"},\"thumbnailUrl\":\"http:\\\/\\\/www.altercampagne.net\\\/wp-content\\\/uploads\\\/2017\\\/05\\\/Base-Nature-Vercors-03-300x219.jpg\",\"datePublished\":\"2017-06-27T08:39:39+00:00\",\"dateModified\":\"2020-02-24T13:16:15+00:00\",\"author\":{\"@id\":\"https:\\\/\\\/www.altercampagne.net\\\/#\\\/schema\\\/person\\\/0f261460c09e430caa0f9bcffa319109\"},\"breadcrumb\":{\"@id\":\"https:\\\/\\\/www.altercampagne.net\\\/?p=7269#breadcrumb\"},\"inLanguage\":\"fr-FR\",\"potentialAction\":[{\"@type\":\"ReadAction\",\"target\":[\"https:\\\/\\\/www.altercampagne.net\\\/?p=7269\"]}]},{\"@type\":\"ImageObject\",\"inLanguage\":\"fr-FR\",\"@id\":\"https:\\\/\\\/www.altercampagne.net\\\/?p=7269#primaryimage\",\"url\":\"https:\\\/\\\/www.altercampagne.net\\\/wp-content\\\/uploads\\\/2017\\\/05\\\/Base-Nature-Vercors-03.jpg\",\"contentUrl\":\"https:\\\/\\\/www.altercampagne.net\\\/wp-content\\\/uploads\\\/2017\\\/05\\\/Base-Nature-Vercors-03.jpg\",\"width\":686,\"height\":500},{\"@type\":\"BreadcrumbList\",\"@id\":\"https:\\\/\\\/www.altercampagne.net\\\/?p=7269#breadcrumb\",\"itemListElement\":[{\"@type\":\"ListItem\",\"position\":1,\"name\":\"Accueil\",\"item\":\"https:\\\/\\\/www.altercampagne.net\\\/\"},{\"@type\":\"ListItem\",\"position\":2,\"name\":\"L\u2019imp\u00e9rieuse n\u00e9cessit\u00e9 d\u2019agir\"}]},{\"@type\":\"WebSite\",\"@id\":\"https:\\\/\\\/www.altercampagne.net\\\/#website\",\"url\":\"https:\\\/\\\/www.altercampagne.net\\\/\",\"name\":\"AlterTour\",\"description\":\"Reliez les Alternatives \u00e0 v\u00e9lo\",\"potentialAction\":[{\"@type\":\"SearchAction\",\"target\":{\"@type\":\"EntryPoint\",\"urlTemplate\":\"https:\\\/\\\/www.altercampagne.net\\\/?s={search_term_string}\"},\"query-input\":{\"@type\":\"PropertyValueSpecification\",\"valueRequired\":true,\"valueName\":\"search_term_string\"}}],\"inLanguage\":\"fr-FR\"},{\"@type\":\"Person\",\"@id\":\"https:\\\/\\\/www.altercampagne.net\\\/#\\\/schema\\\/person\\\/0f261460c09e430caa0f9bcffa319109\",\"name\":\"Mathieu\",\"image\":{\"@type\":\"ImageObject\",\"inLanguage\":\"fr-FR\",\"@id\":\"https:\\\/\\\/secure.gravatar.com\\\/avatar\\\/aa9d3d24c83f2141e5e2709d0f63d09a99f6be6bb7a50abc4915838d9f54501a?s=96&d=mm&r=g\",\"url\":\"https:\\\/\\\/secure.gravatar.com\\\/avatar\\\/aa9d3d24c83f2141e5e2709d0f63d09a99f6be6bb7a50abc4915838d9f54501a?s=96&d=mm&r=g\",\"contentUrl\":\"https:\\\/\\\/secure.gravatar.com\\\/avatar\\\/aa9d3d24c83f2141e5e2709d0f63d09a99f6be6bb7a50abc4915838d9f54501a?s=96&d=mm&r=g\",\"caption\":\"Mathieu\"},\"url\":\"https:\\\/\\\/www.altercampagne.net\\\/?author=214\"}]}<\/script>\n<!-- \/ Yoast SEO plugin. -->","yoast_head_json":{"title":"L\u2019imp\u00e9rieuse n\u00e9cessit\u00e9 d\u2019agir - AlterTour","robots":{"index":"index","follow":"follow","max-snippet":"max-snippet:-1","max-image-preview":"max-image-preview:large","max-video-preview":"max-video-preview:-1"},"canonical":"https:\/\/www.altercampagne.net\/?p=7269","og_locale":"fr_FR","og_type":"article","og_title":"L\u2019imp\u00e9rieuse n\u00e9cessit\u00e9 d\u2019agir - AlterTour","og_description":"\u201cTrouver le nom d\u2019une fleur, c\u2019est ouvrir un livre et donc ouvrir les yeux.\u201d Belle devise pour Base Nature Vercors qui re\u00e7oit depuis 1995 tous styles de groupes. Randonneurs, familles dans l\u2019incapacit\u00e9 de partir en vacances, jeunes en chantiers internationaux, personnes handicap\u00e9es, scolaires, enfants en famille d\u2019accueil, la mixit\u00e9 est ... Read More","og_url":"https:\/\/www.altercampagne.net\/?p=7269","og_site_name":"AlterTour","article_published_time":"2017-06-27T08:39:39+00:00","article_modified_time":"2020-02-24T13:16:15+00:00","og_image":[{"url":"http:\/\/www.altercampagne.net\/wp-content\/uploads\/2017\/05\/Base-Nature-Vercors-03-300x219.jpg","type":"","width":"","height":""}],"author":"Mathieu","twitter_card":"summary_large_image","twitter_misc":{"\u00c9crit par":"Mathieu","Dur\u00e9e de lecture estim\u00e9e":"2 minutes"},"schema":{"@context":"https:\/\/schema.org","@graph":[{"@type":"Article","@id":"https:\/\/www.altercampagne.net\/?p=7269#article","isPartOf":{"@id":"https:\/\/www.altercampagne.net\/?p=7269"},"author":{"name":"Mathieu","@id":"https:\/\/www.altercampagne.net\/#\/schema\/person\/0f261460c09e430caa0f9bcffa319109"},"headline":"L\u2019imp\u00e9rieuse n\u00e9cessit\u00e9 d\u2019agir","datePublished":"2017-06-27T08:39:39+00:00","dateModified":"2020-02-24T13:16:15+00:00","mainEntityOfPage":{"@id":"https:\/\/www.altercampagne.net\/?p=7269"},"wordCount":468,"image":{"@id":"https:\/\/www.altercampagne.net\/?p=7269#primaryimage"},"thumbnailUrl":"http:\/\/www.altercampagne.net\/wp-content\/uploads\/2017\/05\/Base-Nature-Vercors-03-300x219.jpg","keywords":["Dr\u00f4me","Auvergne-Rh\u00f4ne-Alpes","Rho\u0302ne-Alpes","Base Nature Vercors","Vassieux en Vercors","Vercors"],"articleSection":["Auvergne-Rh\u00f4ne-Alpes","Education","\u00c9dition 2017","Social","Transverse"],"inLanguage":"fr-FR"},{"@type":"WebPage","@id":"https:\/\/www.altercampagne.net\/?p=7269","url":"https:\/\/www.altercampagne.net\/?p=7269","name":"L\u2019imp\u00e9rieuse n\u00e9cessit\u00e9 d\u2019agir - AlterTour","isPartOf":{"@id":"https:\/\/www.altercampagne.net\/#website"},"primaryImageOfPage":{"@id":"https:\/\/www.altercampagne.net\/?p=7269#primaryimage"},"image":{"@id":"https:\/\/www.altercampagne.net\/?p=7269#primaryimage"},"thumbnailUrl":"http:\/\/www.altercampagne.net\/wp-content\/uploads\/2017\/05\/Base-Nature-Vercors-03-300x219.jpg","datePublished":"2017-06-27T08:39:39+00:00","dateModified":"2020-02-24T13:16:15+00:00","author":{"@id":"https:\/\/www.altercampagne.net\/#\/schema\/person\/0f261460c09e430caa0f9bcffa319109"},"breadcrumb":{"@id":"https:\/\/www.altercampagne.net\/?p=7269#breadcrumb"},"inLanguage":"fr-FR","potentialAction":[{"@type":"ReadAction","target":["https:\/\/www.altercampagne.net\/?p=7269"]}]},{"@type":"ImageObject","inLanguage":"fr-FR","@id":"https:\/\/www.altercampagne.net\/?p=7269#primaryimage","url":"https:\/\/www.altercampagne.net\/wp-content\/uploads\/2017\/05\/Base-Nature-Vercors-03.jpg","contentUrl":"https:\/\/www.altercampagne.net\/wp-content\/uploads\/2017\/05\/Base-Nature-Vercors-03.jpg","width":686,"height":500},{"@type":"BreadcrumbList","@id":"https:\/\/www.altercampagne.net\/?p=7269#breadcrumb","itemListElement":[{"@type":"ListItem","position":1,"name":"Accueil","item":"https:\/\/www.altercampagne.net\/"},{"@type":"ListItem","position":2,"name":"L\u2019imp\u00e9rieuse n\u00e9cessit\u00e9 d\u2019agir"}]},{"@type":"WebSite","@id":"https:\/\/www.altercampagne.net\/#website","url":"https:\/\/www.altercampagne.net\/","name":"AlterTour","description":"Reliez les Alternatives \u00e0 v\u00e9lo","potentialAction":[{"@type":"SearchAction","target":{"@type":"EntryPoint","urlTemplate":"https:\/\/www.altercampagne.net\/?s={search_term_string}"},"query-input":{"@type":"PropertyValueSpecification","valueRequired":true,"valueName":"search_term_string"}}],"inLanguage":"fr-FR"},{"@type":"Person","@id":"https:\/\/www.altercampagne.net\/#\/schema\/person\/0f261460c09e430caa0f9bcffa319109","name":"Mathieu","image":{"@type":"ImageObject","inLanguage":"fr-FR","@id":"https:\/\/secure.gravatar.com\/avatar\/aa9d3d24c83f2141e5e2709d0f63d09a99f6be6bb7a50abc4915838d9f54501a?s=96&d=mm&r=g","url":"https:\/\/secure.gravatar.com\/avatar\/aa9d3d24c83f2141e5e2709d0f63d09a99f6be6bb7a50abc4915838d9f54501a?s=96&d=mm&r=g","contentUrl":"https:\/\/secure.gravatar.com\/avatar\/aa9d3d24c83f2141e5e2709d0f63d09a99f6be6bb7a50abc4915838d9f54501a?s=96&d=mm&r=g","caption":"Mathieu"},"url":"https:\/\/www.altercampagne.net\/?author=214"}]}},"_links":{"self":[{"href":"https:\/\/www.altercampagne.net\/index.php?rest_route=\/wp\/v2\/posts\/7269","targetHints":{"allow":["GET"]}}],"collection":[{"href":"https:\/\/www.altercampagne.net\/index.php?rest_route=\/wp\/v2\/posts"}],"about":[{"href":"https:\/\/www.altercampagne.net\/index.php?rest_route=\/wp\/v2\/types\/post"}],"author":[{"embeddable":true,"href":"https:\/\/www.altercampagne.net\/index.php?rest_route=\/wp\/v2\/users\/214"}],"replies":[{"embeddable":true,"href":"https:\/\/www.altercampagne.net\/index.php?rest_route=%2Fwp%2Fv2%2Fcomments&post=7269"}],"version-history":[{"count":1,"href":"https:\/\/www.altercampagne.net\/index.php?rest_route=\/wp\/v2\/posts\/7269\/revisions"}],"predecessor-version":[{"id":17290,"href":"https:\/\/www.altercampagne.net\/index.php?rest_route=\/wp\/v2\/posts\/7269\/revisions\/17290"}],"wp:attachment":[{"href":"https:\/\/www.altercampagne.net\/index.php?rest_route=%2Fwp%2Fv2%2Fmedia&parent=7269"}],"wp:term":[{"taxonomy":"category","embeddable":true,"href":"https:\/\/www.altercampagne.net\/index.php?rest_route=%2Fwp%2Fv2%2Fcategories&post=7269"},{"taxonomy":"post_tag","embeddable":true,"href":"https:\/\/www.altercampagne.net\/index.php?rest_route=%2Fwp%2Fv2%2Ftags&post=7269"}],"curies":[{"name":"wp","href":"https:\/\/api.w.org\/{rel}","templated":true}]}}