{"id":7286,"date":"2017-06-21T10:44:34","date_gmt":"2017-06-21T08:44:34","guid":{"rendered":"http:\/\/www.altercampagne.net\/?p=7286"},"modified":"2020-02-24T17:48:30","modified_gmt":"2020-02-24T16:48:30","slug":"numero-de-silence-dete-alternatives-en-hautes-alpes-et-alpes-de-haute-provence","status":"publish","type":"post","link":"https:\/\/www.altercampagne.net\/?p=7286","title":{"rendered":"Num\u00e9ro de Silence d&rsquo;\u00e9t\u00e9 : Alternatives en Hautes-Alpes et Alpes de Haute-Provence"},"content":{"rendered":"<p><strong><a href=\"http:\/\/www.altercampagne.net\/wp-content\/uploads\/2017\/06\/458bd.jpg\"><img loading=\"lazy\" decoding=\"async\" class=\" size-full wp-image-7287 alignright\" src=\"http:\/\/www.altercampagne.net\/wp-content\/uploads\/2017\/06\/458bd.jpg\" alt=\"458bd\" width=\"595\" height=\"842\" srcset=\"https:\/\/www.altercampagne.net\/wp-content\/uploads\/2017\/06\/458bd.jpg 595w, https:\/\/www.altercampagne.net\/wp-content\/uploads\/2017\/06\/458bd-212x300.jpg 212w\" sizes=\"auto, (max-width: 595px) 100vw, 595px\" \/><\/a>Un dossier : Alternatives en Hautes-Alpes et Alpes de Haute-Provence<\/strong><\/p>\n<p><span style=\"text-decoration: underline;\">Les coop\u00e9ratives de Longo Ma\u00ef<\/span><br \/>\nLes coop\u00e9ratives de Longo Ma\u00ef (\u00ab\u00a0que cela dure longtemps\u00a0\u00bb en occitan) sont des \u00eelots de r\u00e9sistance aux d\u00e9rives totalitaires du capitalisme. Elles ont pour point commun d&rsquo;agir pour la libert\u00e9 de circuler des personnes. Les activit\u00e9s artisanales qu&rsquo;elles d\u00e9veloppent permettent une autonomie des artisan-es dans leur pratique professionnelle et leur offrent une certaine libert\u00e9 pour des activit\u00e9s ext\u00e9rieures.<\/p>\n<p><span style=\"text-decoration: underline;\">Le pouvoir de faire d&rsquo;un maire \u00e9cologiste<\/span><br \/>\nA Puy\u2013Saint-Andr\u00e9, commune voisine de Brian\u00e7on, Pierre Leroy, maire EELV, r\u00e9ussit, \u00e9tape apr\u00e8s \u00e9tape, \u00e0 faire changer les pratiques du nord du d\u00e9partement des Hautes-Alpes. La preuve qu&rsquo;il est possible de d\u00e9placer les montagnes !<\/p>\n<p><span style=\"text-decoration: underline;\">L&rsquo;\u00e2ge de faire<\/span><br \/>\nDepuis 2005, le mensuel L&rsquo;\u00e2ge de faire est diffus\u00e9 largement pour mettre en avant la possibilit\u00e9 de changer la soci\u00e9t\u00e9 par le bas, en s&rsquo;appuyant sur l&rsquo;\u00e9cologie et la citoyennet\u00e9.<\/p>\n<p><span style=\"text-decoration: underline;\">Le Gabion entre r\u00e9novation du patrimoine et \u00e9coconstruction<\/span><br \/>\nLe Gabion est une association cr\u00e9\u00e9e en 1993 avec deux p\u00f4les d&rsquo;activit\u00e9s : un chantier d&rsquo;insertion et un centre de formation. Ces deux p\u00f4les interviennent dans deux domaines : la restauration du patrimoine et l&rsquo;\u00e9coconstruction.<\/p>\n<p><span style=\"text-decoration: underline;\">L&rsquo;\u00e9cole internationale de boulangerie bio<\/span><br \/>\nA partir de 2005, un centre qui forme chaque ann\u00e9e une trentaine de boulanger-es bio s&rsquo;est d\u00e9velopp\u00e9. Une \u00e9cole unique qui rencontre un grand succ\u00e8s.<\/p>\n<p><span style=\"text-decoration: underline;\">\u00c9ourres, un village alternatif<\/span><\/p>\n<p><strong>Des articles<\/strong><br \/>\nBD : Le travailleur de la nuit<br \/>\nLes dilemmes d&rsquo;une \u00e9colo-mangeuse<br \/>\nParis peut-il \u00eatre neutre en \u00e9missions carbone ?<br \/>\nComment la soci\u00e9t\u00e9 civile d\u00e9sarme le conflit basque<br \/>\nSimplicit\u00e9 volontaire : la vie de ch\u00e2teau \u2026 en Espagne<br \/>\nL\u00e9gers sur la Terre<\/p>\n<p><strong>Chroniques et des br\u00e8ves<\/strong><br \/>\nNucl\u00e9aire \u00e7a boum ! : Le je\u00fbne-action : une action politique non-violente efficace<br \/>\nBonnes nouvelles de la Terre : L\u2019\u00eele o\u00f9 les enfants ont \u00e9cole dans les bois<br \/>\n100 dates f\u00e9ministes pour aujourd&rsquo;hui : Argentine 2016 &#8211; \u00a1Ni una mujer menos ! (Pas une de moins!)<br \/>\nEn direct de nos colonies : Uraniumgate &#8211; La suite des aventures d\u2019Areva au Niger<\/p>\n<p>Belle journ\u00e9e et bonne lecture !<\/p>\n<p>Retrouvez la Revue Silence en Biocoop et\/ou abonnez-vous directement sur leur site : <a href=\"http:\/\/www.revuesilence.net\/\" target=\"_blank\" rel=\"noopener noreferrer\">http:\/\/www.revuesilence.net\/<\/a><\/p>\n","protected":false},"excerpt":{"rendered":"<p>Un dossier : Alternatives en Hautes-Alpes et Alpes de Haute-Provence Les coop\u00e9ratives de Longo Ma\u00ef Les coop\u00e9ratives de Longo Ma\u00ef (\u00ab\u00a0que cela dure longtemps\u00a0\u00bb en occitan) sont des \u00eelots de r\u00e9sistance aux d\u00e9rives totalitaires du capitalisme. Elles ont pour point commun d&rsquo;agir pour la libert\u00e9 de circuler des personnes. Les &#8230; <\/p>\n<div><a href=\"https:\/\/www.altercampagne.net\/?p=7286\" class=\"more-link\">Read More<\/a><\/div>\n","protected":false},"author":214,"featured_media":0,"comment_status":"closed","ping_status":"closed","sticky":false,"template":"","format":"standard","meta":{"footnotes":""},"categories":[3248],"tags":[13,53,419,1381,1983,1985,2724,3069,3070,3071,3072,3073],"class_list":["post-7286","post","type-post","status-publish","format-standard","hentry","category-silence","tag-revue-silence","tag-alternatives","tag-age-de-faire","tag-longo-mai","tag-hautes-alpes","tag-alpes-de-haute-provence","tag-silence","tag-ete-2017","tag-cooperatives-de-longo-mai","tag-puy-saint-andre","tag-gabion","tag-ecole-internationale-de-boulangerie-bio","no-post-thumbnail"],"yoast_head":"<!-- This site is optimized with the Yoast SEO plugin v27.3 - https:\/\/yoast.com\/product\/yoast-seo-wordpress\/ -->\n<title>Num\u00e9ro de Silence d&#039;\u00e9t\u00e9 : Alternatives en Hautes-Alpes et Alpes de Haute-Provence - AlterTour<\/title>\n<meta name=\"robots\" content=\"index, follow, max-snippet:-1, max-image-preview:large, max-video-preview:-1\" \/>\n<link rel=\"canonical\" href=\"https:\/\/www.altercampagne.net\/?p=7286\" \/>\n<meta property=\"og:locale\" content=\"fr_FR\" \/>\n<meta property=\"og:type\" content=\"article\" \/>\n<meta property=\"og:title\" content=\"Num\u00e9ro de Silence d&#039;\u00e9t\u00e9 : Alternatives en Hautes-Alpes et Alpes de Haute-Provence - AlterTour\" \/>\n<meta property=\"og:description\" content=\"Un dossier : Alternatives en Hautes-Alpes et Alpes de Haute-Provence Les coop\u00e9ratives de Longo Ma\u00ef Les coop\u00e9ratives de Longo Ma\u00ef (\u00ab\u00a0que cela dure longtemps\u00a0\u00bb en occitan) sont des \u00eelots de r\u00e9sistance aux d\u00e9rives totalitaires du capitalisme. Elles ont pour point commun d&rsquo;agir pour la libert\u00e9 de circuler des personnes. Les ... Read More\" \/>\n<meta property=\"og:url\" content=\"https:\/\/www.altercampagne.net\/?p=7286\" \/>\n<meta property=\"og:site_name\" content=\"AlterTour\" \/>\n<meta property=\"article:published_time\" content=\"2017-06-21T08:44:34+00:00\" \/>\n<meta property=\"article:modified_time\" content=\"2020-02-24T16:48:30+00:00\" \/>\n<meta property=\"og:image\" content=\"http:\/\/www.altercampagne.net\/wp-content\/uploads\/2017\/06\/458bd.jpg\" \/>\n<meta name=\"author\" content=\"Mathieu\" \/>\n<meta name=\"twitter:card\" content=\"summary_large_image\" \/>\n<meta name=\"twitter:label1\" content=\"\u00c9crit par\" \/>\n\t<meta name=\"twitter:data1\" content=\"Mathieu\" \/>\n\t<meta name=\"twitter:label2\" content=\"Dur\u00e9e de lecture estim\u00e9e\" \/>\n\t<meta name=\"twitter:data2\" content=\"2 minutes\" \/>\n<script type=\"application\/ld+json\" class=\"yoast-schema-graph\">{\"@context\":\"https:\\\/\\\/schema.org\",\"@graph\":[{\"@type\":\"Article\",\"@id\":\"https:\\\/\\\/www.altercampagne.net\\\/?p=7286#article\",\"isPartOf\":{\"@id\":\"https:\\\/\\\/www.altercampagne.net\\\/?p=7286\"},\"author\":{\"name\":\"Mathieu\",\"@id\":\"https:\\\/\\\/www.altercampagne.net\\\/#\\\/schema\\\/person\\\/0f261460c09e430caa0f9bcffa319109\"},\"headline\":\"Num\u00e9ro de Silence d&rsquo;\u00e9t\u00e9 : Alternatives en Hautes-Alpes et Alpes de Haute-Provence\",\"datePublished\":\"2017-06-21T08:44:34+00:00\",\"dateModified\":\"2020-02-24T16:48:30+00:00\",\"mainEntityOfPage\":{\"@id\":\"https:\\\/\\\/www.altercampagne.net\\\/?p=7286\"},\"wordCount\":396,\"image\":{\"@id\":\"https:\\\/\\\/www.altercampagne.net\\\/?p=7286#primaryimage\"},\"thumbnailUrl\":\"http:\\\/\\\/www.altercampagne.net\\\/wp-content\\\/uploads\\\/2017\\\/06\\\/458bd.jpg\",\"keywords\":[\"revue Silence\",\"Alternatives\",\"age de faire\",\"Longo Ma\u00ef\",\"Hautes-Alpes\",\"Alpes-de-Haute-Provence\",\"silence\",\"\u00e9t\u00e9 2017\",\"coop\u00e9ratives de Longo Ma\u00ef\",\"Puy\u2013Saint-Andr\u00e9\",\"Gabion\",\"\u00e9cole internationale de boulangerie bio\"],\"articleSection\":[\"Silence\"],\"inLanguage\":\"fr-FR\"},{\"@type\":\"WebPage\",\"@id\":\"https:\\\/\\\/www.altercampagne.net\\\/?p=7286\",\"url\":\"https:\\\/\\\/www.altercampagne.net\\\/?p=7286\",\"name\":\"Num\u00e9ro de Silence d'\u00e9t\u00e9 : Alternatives en Hautes-Alpes et Alpes de Haute-Provence - AlterTour\",\"isPartOf\":{\"@id\":\"https:\\\/\\\/www.altercampagne.net\\\/#website\"},\"primaryImageOfPage\":{\"@id\":\"https:\\\/\\\/www.altercampagne.net\\\/?p=7286#primaryimage\"},\"image\":{\"@id\":\"https:\\\/\\\/www.altercampagne.net\\\/?p=7286#primaryimage\"},\"thumbnailUrl\":\"http:\\\/\\\/www.altercampagne.net\\\/wp-content\\\/uploads\\\/2017\\\/06\\\/458bd.jpg\",\"datePublished\":\"2017-06-21T08:44:34+00:00\",\"dateModified\":\"2020-02-24T16:48:30+00:00\",\"author\":{\"@id\":\"https:\\\/\\\/www.altercampagne.net\\\/#\\\/schema\\\/person\\\/0f261460c09e430caa0f9bcffa319109\"},\"breadcrumb\":{\"@id\":\"https:\\\/\\\/www.altercampagne.net\\\/?p=7286#breadcrumb\"},\"inLanguage\":\"fr-FR\",\"potentialAction\":[{\"@type\":\"ReadAction\",\"target\":[\"https:\\\/\\\/www.altercampagne.net\\\/?p=7286\"]}]},{\"@type\":\"ImageObject\",\"inLanguage\":\"fr-FR\",\"@id\":\"https:\\\/\\\/www.altercampagne.net\\\/?p=7286#primaryimage\",\"url\":\"http:\\\/\\\/www.altercampagne.net\\\/wp-content\\\/uploads\\\/2017\\\/06\\\/458bd.jpg\",\"contentUrl\":\"http:\\\/\\\/www.altercampagne.net\\\/wp-content\\\/uploads\\\/2017\\\/06\\\/458bd.jpg\"},{\"@type\":\"BreadcrumbList\",\"@id\":\"https:\\\/\\\/www.altercampagne.net\\\/?p=7286#breadcrumb\",\"itemListElement\":[{\"@type\":\"ListItem\",\"position\":1,\"name\":\"Accueil\",\"item\":\"https:\\\/\\\/www.altercampagne.net\\\/\"},{\"@type\":\"ListItem\",\"position\":2,\"name\":\"Num\u00e9ro de Silence d&rsquo;\u00e9t\u00e9 : Alternatives en Hautes-Alpes et Alpes de Haute-Provence\"}]},{\"@type\":\"WebSite\",\"@id\":\"https:\\\/\\\/www.altercampagne.net\\\/#website\",\"url\":\"https:\\\/\\\/www.altercampagne.net\\\/\",\"name\":\"AlterTour\",\"description\":\"Reliez les Alternatives \u00e0 v\u00e9lo\",\"potentialAction\":[{\"@type\":\"SearchAction\",\"target\":{\"@type\":\"EntryPoint\",\"urlTemplate\":\"https:\\\/\\\/www.altercampagne.net\\\/?s={search_term_string}\"},\"query-input\":{\"@type\":\"PropertyValueSpecification\",\"valueRequired\":true,\"valueName\":\"search_term_string\"}}],\"inLanguage\":\"fr-FR\"},{\"@type\":\"Person\",\"@id\":\"https:\\\/\\\/www.altercampagne.net\\\/#\\\/schema\\\/person\\\/0f261460c09e430caa0f9bcffa319109\",\"name\":\"Mathieu\",\"image\":{\"@type\":\"ImageObject\",\"inLanguage\":\"fr-FR\",\"@id\":\"https:\\\/\\\/secure.gravatar.com\\\/avatar\\\/aa9d3d24c83f2141e5e2709d0f63d09a99f6be6bb7a50abc4915838d9f54501a?s=96&d=mm&r=g\",\"url\":\"https:\\\/\\\/secure.gravatar.com\\\/avatar\\\/aa9d3d24c83f2141e5e2709d0f63d09a99f6be6bb7a50abc4915838d9f54501a?s=96&d=mm&r=g\",\"contentUrl\":\"https:\\\/\\\/secure.gravatar.com\\\/avatar\\\/aa9d3d24c83f2141e5e2709d0f63d09a99f6be6bb7a50abc4915838d9f54501a?s=96&d=mm&r=g\",\"caption\":\"Mathieu\"},\"url\":\"https:\\\/\\\/www.altercampagne.net\\\/?author=214\"}]}<\/script>\n<!-- \/ Yoast SEO plugin. -->","yoast_head_json":{"title":"Num\u00e9ro de Silence d'\u00e9t\u00e9 : Alternatives en Hautes-Alpes et Alpes de Haute-Provence - AlterTour","robots":{"index":"index","follow":"follow","max-snippet":"max-snippet:-1","max-image-preview":"max-image-preview:large","max-video-preview":"max-video-preview:-1"},"canonical":"https:\/\/www.altercampagne.net\/?p=7286","og_locale":"fr_FR","og_type":"article","og_title":"Num\u00e9ro de Silence d'\u00e9t\u00e9 : Alternatives en Hautes-Alpes et Alpes de Haute-Provence - AlterTour","og_description":"Un dossier : Alternatives en Hautes-Alpes et Alpes de Haute-Provence Les coop\u00e9ratives de Longo Ma\u00ef Les coop\u00e9ratives de Longo Ma\u00ef (\u00ab\u00a0que cela dure longtemps\u00a0\u00bb en occitan) sont des \u00eelots de r\u00e9sistance aux d\u00e9rives totalitaires du capitalisme. Elles ont pour point commun d&rsquo;agir pour la libert\u00e9 de circuler des personnes. Les ... Read More","og_url":"https:\/\/www.altercampagne.net\/?p=7286","og_site_name":"AlterTour","article_published_time":"2017-06-21T08:44:34+00:00","article_modified_time":"2020-02-24T16:48:30+00:00","og_image":[{"url":"http:\/\/www.altercampagne.net\/wp-content\/uploads\/2017\/06\/458bd.jpg","type":"","width":"","height":""}],"author":"Mathieu","twitter_card":"summary_large_image","twitter_misc":{"\u00c9crit par":"Mathieu","Dur\u00e9e de lecture estim\u00e9e":"2 minutes"},"schema":{"@context":"https:\/\/schema.org","@graph":[{"@type":"Article","@id":"https:\/\/www.altercampagne.net\/?p=7286#article","isPartOf":{"@id":"https:\/\/www.altercampagne.net\/?p=7286"},"author":{"name":"Mathieu","@id":"https:\/\/www.altercampagne.net\/#\/schema\/person\/0f261460c09e430caa0f9bcffa319109"},"headline":"Num\u00e9ro de Silence d&rsquo;\u00e9t\u00e9 : Alternatives en Hautes-Alpes et Alpes de Haute-Provence","datePublished":"2017-06-21T08:44:34+00:00","dateModified":"2020-02-24T16:48:30+00:00","mainEntityOfPage":{"@id":"https:\/\/www.altercampagne.net\/?p=7286"},"wordCount":396,"image":{"@id":"https:\/\/www.altercampagne.net\/?p=7286#primaryimage"},"thumbnailUrl":"http:\/\/www.altercampagne.net\/wp-content\/uploads\/2017\/06\/458bd.jpg","keywords":["revue Silence","Alternatives","age de faire","Longo Ma\u00ef","Hautes-Alpes","Alpes-de-Haute-Provence","silence","\u00e9t\u00e9 2017","coop\u00e9ratives de Longo Ma\u00ef","Puy\u2013Saint-Andr\u00e9","Gabion","\u00e9cole internationale de boulangerie bio"],"articleSection":["Silence"],"inLanguage":"fr-FR"},{"@type":"WebPage","@id":"https:\/\/www.altercampagne.net\/?p=7286","url":"https:\/\/www.altercampagne.net\/?p=7286","name":"Num\u00e9ro de Silence d'\u00e9t\u00e9 : Alternatives en Hautes-Alpes et Alpes de Haute-Provence - AlterTour","isPartOf":{"@id":"https:\/\/www.altercampagne.net\/#website"},"primaryImageOfPage":{"@id":"https:\/\/www.altercampagne.net\/?p=7286#primaryimage"},"image":{"@id":"https:\/\/www.altercampagne.net\/?p=7286#primaryimage"},"thumbnailUrl":"http:\/\/www.altercampagne.net\/wp-content\/uploads\/2017\/06\/458bd.jpg","datePublished":"2017-06-21T08:44:34+00:00","dateModified":"2020-02-24T16:48:30+00:00","author":{"@id":"https:\/\/www.altercampagne.net\/#\/schema\/person\/0f261460c09e430caa0f9bcffa319109"},"breadcrumb":{"@id":"https:\/\/www.altercampagne.net\/?p=7286#breadcrumb"},"inLanguage":"fr-FR","potentialAction":[{"@type":"ReadAction","target":["https:\/\/www.altercampagne.net\/?p=7286"]}]},{"@type":"ImageObject","inLanguage":"fr-FR","@id":"https:\/\/www.altercampagne.net\/?p=7286#primaryimage","url":"http:\/\/www.altercampagne.net\/wp-content\/uploads\/2017\/06\/458bd.jpg","contentUrl":"http:\/\/www.altercampagne.net\/wp-content\/uploads\/2017\/06\/458bd.jpg"},{"@type":"BreadcrumbList","@id":"https:\/\/www.altercampagne.net\/?p=7286#breadcrumb","itemListElement":[{"@type":"ListItem","position":1,"name":"Accueil","item":"https:\/\/www.altercampagne.net\/"},{"@type":"ListItem","position":2,"name":"Num\u00e9ro de Silence d&rsquo;\u00e9t\u00e9 : Alternatives en Hautes-Alpes et Alpes de Haute-Provence"}]},{"@type":"WebSite","@id":"https:\/\/www.altercampagne.net\/#website","url":"https:\/\/www.altercampagne.net\/","name":"AlterTour","description":"Reliez les Alternatives \u00e0 v\u00e9lo","potentialAction":[{"@type":"SearchAction","target":{"@type":"EntryPoint","urlTemplate":"https:\/\/www.altercampagne.net\/?s={search_term_string}"},"query-input":{"@type":"PropertyValueSpecification","valueRequired":true,"valueName":"search_term_string"}}],"inLanguage":"fr-FR"},{"@type":"Person","@id":"https:\/\/www.altercampagne.net\/#\/schema\/person\/0f261460c09e430caa0f9bcffa319109","name":"Mathieu","image":{"@type":"ImageObject","inLanguage":"fr-FR","@id":"https:\/\/secure.gravatar.com\/avatar\/aa9d3d24c83f2141e5e2709d0f63d09a99f6be6bb7a50abc4915838d9f54501a?s=96&d=mm&r=g","url":"https:\/\/secure.gravatar.com\/avatar\/aa9d3d24c83f2141e5e2709d0f63d09a99f6be6bb7a50abc4915838d9f54501a?s=96&d=mm&r=g","contentUrl":"https:\/\/secure.gravatar.com\/avatar\/aa9d3d24c83f2141e5e2709d0f63d09a99f6be6bb7a50abc4915838d9f54501a?s=96&d=mm&r=g","caption":"Mathieu"},"url":"https:\/\/www.altercampagne.net\/?author=214"}]}},"_links":{"self":[{"href":"https:\/\/www.altercampagne.net\/index.php?rest_route=\/wp\/v2\/posts\/7286","targetHints":{"allow":["GET"]}}],"collection":[{"href":"https:\/\/www.altercampagne.net\/index.php?rest_route=\/wp\/v2\/posts"}],"about":[{"href":"https:\/\/www.altercampagne.net\/index.php?rest_route=\/wp\/v2\/types\/post"}],"author":[{"embeddable":true,"href":"https:\/\/www.altercampagne.net\/index.php?rest_route=\/wp\/v2\/users\/214"}],"replies":[{"embeddable":true,"href":"https:\/\/www.altercampagne.net\/index.php?rest_route=%2Fwp%2Fv2%2Fcomments&post=7286"}],"version-history":[{"count":1,"href":"https:\/\/www.altercampagne.net\/index.php?rest_route=\/wp\/v2\/posts\/7286\/revisions"}],"predecessor-version":[{"id":17488,"href":"https:\/\/www.altercampagne.net\/index.php?rest_route=\/wp\/v2\/posts\/7286\/revisions\/17488"}],"wp:attachment":[{"href":"https:\/\/www.altercampagne.net\/index.php?rest_route=%2Fwp%2Fv2%2Fmedia&parent=7286"}],"wp:term":[{"taxonomy":"category","embeddable":true,"href":"https:\/\/www.altercampagne.net\/index.php?rest_route=%2Fwp%2Fv2%2Fcategories&post=7286"},{"taxonomy":"post_tag","embeddable":true,"href":"https:\/\/www.altercampagne.net\/index.php?rest_route=%2Fwp%2Fv2%2Ftags&post=7286"}],"curies":[{"name":"wp","href":"https:\/\/api.w.org\/{rel}","templated":true}]}}