{"id":7289,"date":"2017-06-29T14:08:00","date_gmt":"2017-06-29T12:08:00","guid":{"rendered":"http:\/\/www.altercampagne.net\/?p=7289"},"modified":"2020-02-24T14:13:31","modified_gmt":"2020-02-24T13:13:31","slug":"larche-de-saint-antoine-les-16-et-17-aout-2017-a-saint-antoine-labbaye","status":"publish","type":"post","link":"https:\/\/www.altercampagne.net\/?p=7289","title":{"rendered":"D\u00e9sob\u00e9issance civile non-violente \u00e0 Saint-Antoine-L&rsquo;Abbaye"},"content":{"rendered":"<p><a href=\"http:\/\/www.altercampagne.net\/wp-content\/uploads\/2017\/05\/Arche.jpg\"><img loading=\"lazy\" decoding=\"async\" class=\" size-medium wp-image-6823 alignright\" src=\"http:\/\/www.altercampagne.net\/wp-content\/uploads\/2017\/05\/Arche-300x219.jpg\" alt=\"Arche\" width=\"300\" height=\"219\" srcset=\"https:\/\/www.altercampagne.net\/wp-content\/uploads\/2017\/05\/Arche-300x219.jpg 300w, https:\/\/www.altercampagne.net\/wp-content\/uploads\/2017\/05\/Arche.jpg 686w\" sizes=\"auto, (max-width: 300px) 100vw, 300px\" \/><\/a>Fauchages volontaires d\u2019OGM ou r\u00e9sistance \u00e0 un projet de Center Parcs figurent parmi les luttes de l\u2019<a href=\"http:\/\/www.arche-de-st-antoine.com\/\" target=\"_blank\" rel=\"noopener noreferrer\"><strong>Arche de Saint\u2011Antoine<\/strong><\/a>. Et toujours dans la non\u2011violence, la raison d\u2019\u00eatre de ses membres. Mais son engagement principal r\u00e9side dans le mod\u00e8le de vie communautaire lui\u2011m\u00eame. Ce groupe spirituel, interg\u00e9n\u00e9rationnel et interculturel f\u00eate ses 30 ans. 40 adultes, dont 25 permanents, font vivre l\u2019ancienne abbaye, surtout \u00e0 travers sa Maison d\u2019Accueil. Elle peut recevoir une centaine de personnes. On s\u2019y consacre notamment \u00e0 la relation \u00e0 soi pour mieux se conna\u00eetre et se reconstruire, et \u00e0 l\u2019autre via la gestion des conflits. D\u2019o\u00f9 la cr\u00e9ation des <a href=\"http:\/\/www.feve-nv.com\/\" target=\"_blank\" rel=\"noopener noreferrer\"><strong>FEVE, des Formations et Exp\u00e9rimentations au Vivre\u2011Ensemble<\/strong><\/a>. La communaut\u00e9 conserve bien s\u00fbr une ouverture vers l\u2019ext\u00e9rieur : accueil et organisation d\u2019\u00e9v\u00e8nements, liens avec le village,\u2026 Lanza del Vasto, disciple de Gandhi, figure historique de la lutte du Larzac et cr\u00e9ateur de l\u2019Arche peut \u00eatre fier. D\u2019autres ont repris son b\u00e2ton de P\u00e8lerin.<\/p>\n<p><strong>Une Unit\u00e9 de Vie conforme \u00e0 mes valeurs<\/strong><\/p>\n<p>\u201cLe mode de vie \u00e0 l\u2019Arche constitue un complet chemin de Transition \u00e0 plusieurs titres. Sur le plan \u00e9conomique, nous sommes autonomes car ne d\u00e9pendons ni de dons ni de subventions. Et gr\u00e2ce \u00e0 un mode de vie simple et \u00e0 une forte mutualisation de nos ressources, nous cherchons plus d\u2019auto-suffisance : mara\u00eechage, pain, petits chantiers\u2026 Cette sobri\u00e9t\u00e9 heureuse se fait selon un travail de transformation personnelle et une spiritualit\u00e9 de la relation. J\u2019ai trouv\u00e9 dans l\u2019Arche une Unit\u00e9 de Vie qui relie mes diff\u00e9rentes aspirations. Vivre, travailler, militer, prier et faire la f\u00eate ensemble, forment un cocktail essentiel pour construire une vie collective riche et coh\u00e9rente, avec de nombreux temps de partage. La gouvernance de notre communaut\u00e9 est elle aussi en transition avec la mise en place d\u2019un fonctionnement sociocratique : gestion par consentement, intelligence collective\u2026 C\u2019est beaucoup d\u2019\u00e9nergie, mais si nous pouvons concilier s\u00e9r\u00e9nit\u00e9 et efficacit\u00e9, que demander de plus ?\u201d<\/p>\n<p style=\"text-align: right;\"><strong>Magalie, membre de la communaut\u00e9<\/strong><\/p>\n<p>Extrait du Recueil des Alternatives de l\u2019AlterTour 2017, disponible dans le num\u00e9ro de juin de la Revue Silence.<\/p>\n<p>L\u2019Arche de Saint-Antoine\u00a0accueillera l\u2019AlterTour les 16 et 17 ao\u00fbt 2017 \u00e0\u00a0Saint-Antoine-L&rsquo;Abbaye (is\u00e8re). Pour plus d\u2019infos consultez le <a href=\"http:\/\/www.altercampagne.net\/?page_id=150\">programme<\/a><\/p>\n","protected":false},"excerpt":{"rendered":"<p>Fauchages volontaires d\u2019OGM ou r\u00e9sistance \u00e0 un projet de Center Parcs figurent parmi les luttes de l\u2019Arche de Saint\u2011Antoine. Et toujours dans la non\u2011violence, la raison d\u2019\u00eatre de ses membres. Mais son engagement principal r\u00e9side dans le mod\u00e8le de vie communautaire lui\u2011m\u00eame. Ce groupe spirituel, interg\u00e9n\u00e9rationnel et interculturel f\u00eate ses &#8230; <\/p>\n<div><a href=\"https:\/\/www.altercampagne.net\/?p=7289\" class=\"more-link\">Read More<\/a><\/div>\n","protected":false},"author":214,"featured_media":0,"comment_status":"closed","ping_status":"closed","sticky":false,"template":"","format":"standard","meta":{"footnotes":""},"categories":[3471,3457,3485,3542,3540],"tags":[1489,1650,1982,2783,2784,2814,2989,3074,3075,3076,3077,3078,3079,3080,3081],"class_list":["post-7289","post","type-post","status-publish","format-standard","hentry","category-auvergne-rhone-alpes","category-edition-2017","category-habitat","category-lutte","category-transverse","tag-auvergne-rhone-alpes","tag-rhone-alpes","tag-isere","tag-altertour-2017","tag-2784","tag-arche","tag-communaute-de-larche","tag-arche-de-saint-antoine","tag-saint-antoine-labbaye","tag-fauchages-volontaires-dogm","tag-nonviolence","tag-feve","tag-formations-et-experimentations-au-vivreensemble","tag-lanza-del-vasto","tag-gandhi","no-post-thumbnail"],"yoast_head":"<!-- This site is optimized with the Yoast SEO plugin v27.3 - https:\/\/yoast.com\/product\/yoast-seo-wordpress\/ -->\n<title>D\u00e9sob\u00e9issance civile non-violente \u00e0 Saint-Antoine-L&#039;Abbaye - AlterTour<\/title>\n<meta name=\"robots\" content=\"index, follow, max-snippet:-1, max-image-preview:large, max-video-preview:-1\" \/>\n<link rel=\"canonical\" href=\"https:\/\/www.altercampagne.net\/?p=7289\" \/>\n<meta property=\"og:locale\" content=\"fr_FR\" \/>\n<meta property=\"og:type\" content=\"article\" \/>\n<meta property=\"og:title\" content=\"D\u00e9sob\u00e9issance civile non-violente \u00e0 Saint-Antoine-L&#039;Abbaye - AlterTour\" \/>\n<meta property=\"og:description\" content=\"Fauchages volontaires d\u2019OGM ou r\u00e9sistance \u00e0 un projet de Center Parcs figurent parmi les luttes de l\u2019Arche de Saint\u2011Antoine. Et toujours dans la non\u2011violence, la raison d\u2019\u00eatre de ses membres. Mais son engagement principal r\u00e9side dans le mod\u00e8le de vie communautaire lui\u2011m\u00eame. Ce groupe spirituel, interg\u00e9n\u00e9rationnel et interculturel f\u00eate ses ... Read More\" \/>\n<meta property=\"og:url\" content=\"https:\/\/www.altercampagne.net\/?p=7289\" \/>\n<meta property=\"og:site_name\" content=\"AlterTour\" \/>\n<meta property=\"article:published_time\" content=\"2017-06-29T12:08:00+00:00\" \/>\n<meta property=\"article:modified_time\" content=\"2020-02-24T13:13:31+00:00\" \/>\n<meta property=\"og:image\" content=\"http:\/\/www.altercampagne.net\/wp-content\/uploads\/2017\/05\/Arche-300x219.jpg\" \/>\n<meta name=\"author\" content=\"Mathieu\" \/>\n<meta name=\"twitter:card\" content=\"summary_large_image\" \/>\n<meta name=\"twitter:label1\" content=\"\u00c9crit par\" \/>\n\t<meta name=\"twitter:data1\" content=\"Mathieu\" \/>\n\t<meta name=\"twitter:label2\" content=\"Dur\u00e9e de lecture estim\u00e9e\" \/>\n\t<meta name=\"twitter:data2\" content=\"2 minutes\" \/>\n<script type=\"application\/ld+json\" class=\"yoast-schema-graph\">{\"@context\":\"https:\\\/\\\/schema.org\",\"@graph\":[{\"@type\":\"Article\",\"@id\":\"https:\\\/\\\/www.altercampagne.net\\\/?p=7289#article\",\"isPartOf\":{\"@id\":\"https:\\\/\\\/www.altercampagne.net\\\/?p=7289\"},\"author\":{\"name\":\"Mathieu\",\"@id\":\"https:\\\/\\\/www.altercampagne.net\\\/#\\\/schema\\\/person\\\/0f261460c09e430caa0f9bcffa319109\"},\"headline\":\"D\u00e9sob\u00e9issance civile non-violente \u00e0 Saint-Antoine-L&rsquo;Abbaye\",\"datePublished\":\"2017-06-29T12:08:00+00:00\",\"dateModified\":\"2020-02-24T13:13:31+00:00\",\"mainEntityOfPage\":{\"@id\":\"https:\\\/\\\/www.altercampagne.net\\\/?p=7289\"},\"wordCount\":399,\"image\":{\"@id\":\"https:\\\/\\\/www.altercampagne.net\\\/?p=7289#primaryimage\"},\"thumbnailUrl\":\"http:\\\/\\\/www.altercampagne.net\\\/wp-content\\\/uploads\\\/2017\\\/05\\\/Arche-300x219.jpg\",\"keywords\":[\"Auvergne-Rh\u00f4ne-Alpes\",\"Rhone-Alpes\",\"Is\u00e8re\",\"AlterTour 2017\",\"2017\",\"Arche\",\"Communaut\u00e9 de l'Arche\",\"Arche de Saint-Antoine\",\"Saint-Antoine-L'Abbaye\",\"Fauchages volontaires d\u2019OGM\",\"non\u2011violence\",\"FEVE\",\"Formations et Exp\u00e9rimentations au Vivre\u2011Ensemble\",\"Lanza del Vasto\",\"Gandhi\"],\"articleSection\":[\"Auvergne-Rh\u00f4ne-Alpes\",\"\u00c9dition 2017\",\"Habitat\",\"Lutte\",\"Transverse\"],\"inLanguage\":\"fr-FR\"},{\"@type\":\"WebPage\",\"@id\":\"https:\\\/\\\/www.altercampagne.net\\\/?p=7289\",\"url\":\"https:\\\/\\\/www.altercampagne.net\\\/?p=7289\",\"name\":\"D\u00e9sob\u00e9issance civile non-violente \u00e0 Saint-Antoine-L'Abbaye - AlterTour\",\"isPartOf\":{\"@id\":\"https:\\\/\\\/www.altercampagne.net\\\/#website\"},\"primaryImageOfPage\":{\"@id\":\"https:\\\/\\\/www.altercampagne.net\\\/?p=7289#primaryimage\"},\"image\":{\"@id\":\"https:\\\/\\\/www.altercampagne.net\\\/?p=7289#primaryimage\"},\"thumbnailUrl\":\"http:\\\/\\\/www.altercampagne.net\\\/wp-content\\\/uploads\\\/2017\\\/05\\\/Arche-300x219.jpg\",\"datePublished\":\"2017-06-29T12:08:00+00:00\",\"dateModified\":\"2020-02-24T13:13:31+00:00\",\"author\":{\"@id\":\"https:\\\/\\\/www.altercampagne.net\\\/#\\\/schema\\\/person\\\/0f261460c09e430caa0f9bcffa319109\"},\"breadcrumb\":{\"@id\":\"https:\\\/\\\/www.altercampagne.net\\\/?p=7289#breadcrumb\"},\"inLanguage\":\"fr-FR\",\"potentialAction\":[{\"@type\":\"ReadAction\",\"target\":[\"https:\\\/\\\/www.altercampagne.net\\\/?p=7289\"]}]},{\"@type\":\"ImageObject\",\"inLanguage\":\"fr-FR\",\"@id\":\"https:\\\/\\\/www.altercampagne.net\\\/?p=7289#primaryimage\",\"url\":\"https:\\\/\\\/www.altercampagne.net\\\/wp-content\\\/uploads\\\/2017\\\/05\\\/Arche.jpg\",\"contentUrl\":\"https:\\\/\\\/www.altercampagne.net\\\/wp-content\\\/uploads\\\/2017\\\/05\\\/Arche.jpg\",\"width\":686,\"height\":500},{\"@type\":\"BreadcrumbList\",\"@id\":\"https:\\\/\\\/www.altercampagne.net\\\/?p=7289#breadcrumb\",\"itemListElement\":[{\"@type\":\"ListItem\",\"position\":1,\"name\":\"Accueil\",\"item\":\"https:\\\/\\\/www.altercampagne.net\\\/\"},{\"@type\":\"ListItem\",\"position\":2,\"name\":\"D\u00e9sob\u00e9issance civile non-violente \u00e0 Saint-Antoine-L&rsquo;Abbaye\"}]},{\"@type\":\"WebSite\",\"@id\":\"https:\\\/\\\/www.altercampagne.net\\\/#website\",\"url\":\"https:\\\/\\\/www.altercampagne.net\\\/\",\"name\":\"AlterTour\",\"description\":\"Reliez les Alternatives \u00e0 v\u00e9lo\",\"potentialAction\":[{\"@type\":\"SearchAction\",\"target\":{\"@type\":\"EntryPoint\",\"urlTemplate\":\"https:\\\/\\\/www.altercampagne.net\\\/?s={search_term_string}\"},\"query-input\":{\"@type\":\"PropertyValueSpecification\",\"valueRequired\":true,\"valueName\":\"search_term_string\"}}],\"inLanguage\":\"fr-FR\"},{\"@type\":\"Person\",\"@id\":\"https:\\\/\\\/www.altercampagne.net\\\/#\\\/schema\\\/person\\\/0f261460c09e430caa0f9bcffa319109\",\"name\":\"Mathieu\",\"image\":{\"@type\":\"ImageObject\",\"inLanguage\":\"fr-FR\",\"@id\":\"https:\\\/\\\/secure.gravatar.com\\\/avatar\\\/aa9d3d24c83f2141e5e2709d0f63d09a99f6be6bb7a50abc4915838d9f54501a?s=96&d=mm&r=g\",\"url\":\"https:\\\/\\\/secure.gravatar.com\\\/avatar\\\/aa9d3d24c83f2141e5e2709d0f63d09a99f6be6bb7a50abc4915838d9f54501a?s=96&d=mm&r=g\",\"contentUrl\":\"https:\\\/\\\/secure.gravatar.com\\\/avatar\\\/aa9d3d24c83f2141e5e2709d0f63d09a99f6be6bb7a50abc4915838d9f54501a?s=96&d=mm&r=g\",\"caption\":\"Mathieu\"},\"url\":\"https:\\\/\\\/www.altercampagne.net\\\/?author=214\"}]}<\/script>\n<!-- \/ Yoast SEO plugin. -->","yoast_head_json":{"title":"D\u00e9sob\u00e9issance civile non-violente \u00e0 Saint-Antoine-L'Abbaye - AlterTour","robots":{"index":"index","follow":"follow","max-snippet":"max-snippet:-1","max-image-preview":"max-image-preview:large","max-video-preview":"max-video-preview:-1"},"canonical":"https:\/\/www.altercampagne.net\/?p=7289","og_locale":"fr_FR","og_type":"article","og_title":"D\u00e9sob\u00e9issance civile non-violente \u00e0 Saint-Antoine-L'Abbaye - AlterTour","og_description":"Fauchages volontaires d\u2019OGM ou r\u00e9sistance \u00e0 un projet de Center Parcs figurent parmi les luttes de l\u2019Arche de Saint\u2011Antoine. Et toujours dans la non\u2011violence, la raison d\u2019\u00eatre de ses membres. Mais son engagement principal r\u00e9side dans le mod\u00e8le de vie communautaire lui\u2011m\u00eame. Ce groupe spirituel, interg\u00e9n\u00e9rationnel et interculturel f\u00eate ses ... Read More","og_url":"https:\/\/www.altercampagne.net\/?p=7289","og_site_name":"AlterTour","article_published_time":"2017-06-29T12:08:00+00:00","article_modified_time":"2020-02-24T13:13:31+00:00","og_image":[{"url":"http:\/\/www.altercampagne.net\/wp-content\/uploads\/2017\/05\/Arche-300x219.jpg","type":"","width":"","height":""}],"author":"Mathieu","twitter_card":"summary_large_image","twitter_misc":{"\u00c9crit par":"Mathieu","Dur\u00e9e de lecture estim\u00e9e":"2 minutes"},"schema":{"@context":"https:\/\/schema.org","@graph":[{"@type":"Article","@id":"https:\/\/www.altercampagne.net\/?p=7289#article","isPartOf":{"@id":"https:\/\/www.altercampagne.net\/?p=7289"},"author":{"name":"Mathieu","@id":"https:\/\/www.altercampagne.net\/#\/schema\/person\/0f261460c09e430caa0f9bcffa319109"},"headline":"D\u00e9sob\u00e9issance civile non-violente \u00e0 Saint-Antoine-L&rsquo;Abbaye","datePublished":"2017-06-29T12:08:00+00:00","dateModified":"2020-02-24T13:13:31+00:00","mainEntityOfPage":{"@id":"https:\/\/www.altercampagne.net\/?p=7289"},"wordCount":399,"image":{"@id":"https:\/\/www.altercampagne.net\/?p=7289#primaryimage"},"thumbnailUrl":"http:\/\/www.altercampagne.net\/wp-content\/uploads\/2017\/05\/Arche-300x219.jpg","keywords":["Auvergne-Rh\u00f4ne-Alpes","Rhone-Alpes","Is\u00e8re","AlterTour 2017","2017","Arche","Communaut\u00e9 de l'Arche","Arche de Saint-Antoine","Saint-Antoine-L'Abbaye","Fauchages volontaires d\u2019OGM","non\u2011violence","FEVE","Formations et Exp\u00e9rimentations au Vivre\u2011Ensemble","Lanza del Vasto","Gandhi"],"articleSection":["Auvergne-Rh\u00f4ne-Alpes","\u00c9dition 2017","Habitat","Lutte","Transverse"],"inLanguage":"fr-FR"},{"@type":"WebPage","@id":"https:\/\/www.altercampagne.net\/?p=7289","url":"https:\/\/www.altercampagne.net\/?p=7289","name":"D\u00e9sob\u00e9issance civile non-violente \u00e0 Saint-Antoine-L'Abbaye - AlterTour","isPartOf":{"@id":"https:\/\/www.altercampagne.net\/#website"},"primaryImageOfPage":{"@id":"https:\/\/www.altercampagne.net\/?p=7289#primaryimage"},"image":{"@id":"https:\/\/www.altercampagne.net\/?p=7289#primaryimage"},"thumbnailUrl":"http:\/\/www.altercampagne.net\/wp-content\/uploads\/2017\/05\/Arche-300x219.jpg","datePublished":"2017-06-29T12:08:00+00:00","dateModified":"2020-02-24T13:13:31+00:00","author":{"@id":"https:\/\/www.altercampagne.net\/#\/schema\/person\/0f261460c09e430caa0f9bcffa319109"},"breadcrumb":{"@id":"https:\/\/www.altercampagne.net\/?p=7289#breadcrumb"},"inLanguage":"fr-FR","potentialAction":[{"@type":"ReadAction","target":["https:\/\/www.altercampagne.net\/?p=7289"]}]},{"@type":"ImageObject","inLanguage":"fr-FR","@id":"https:\/\/www.altercampagne.net\/?p=7289#primaryimage","url":"https:\/\/www.altercampagne.net\/wp-content\/uploads\/2017\/05\/Arche.jpg","contentUrl":"https:\/\/www.altercampagne.net\/wp-content\/uploads\/2017\/05\/Arche.jpg","width":686,"height":500},{"@type":"BreadcrumbList","@id":"https:\/\/www.altercampagne.net\/?p=7289#breadcrumb","itemListElement":[{"@type":"ListItem","position":1,"name":"Accueil","item":"https:\/\/www.altercampagne.net\/"},{"@type":"ListItem","position":2,"name":"D\u00e9sob\u00e9issance civile non-violente \u00e0 Saint-Antoine-L&rsquo;Abbaye"}]},{"@type":"WebSite","@id":"https:\/\/www.altercampagne.net\/#website","url":"https:\/\/www.altercampagne.net\/","name":"AlterTour","description":"Reliez les Alternatives \u00e0 v\u00e9lo","potentialAction":[{"@type":"SearchAction","target":{"@type":"EntryPoint","urlTemplate":"https:\/\/www.altercampagne.net\/?s={search_term_string}"},"query-input":{"@type":"PropertyValueSpecification","valueRequired":true,"valueName":"search_term_string"}}],"inLanguage":"fr-FR"},{"@type":"Person","@id":"https:\/\/www.altercampagne.net\/#\/schema\/person\/0f261460c09e430caa0f9bcffa319109","name":"Mathieu","image":{"@type":"ImageObject","inLanguage":"fr-FR","@id":"https:\/\/secure.gravatar.com\/avatar\/aa9d3d24c83f2141e5e2709d0f63d09a99f6be6bb7a50abc4915838d9f54501a?s=96&d=mm&r=g","url":"https:\/\/secure.gravatar.com\/avatar\/aa9d3d24c83f2141e5e2709d0f63d09a99f6be6bb7a50abc4915838d9f54501a?s=96&d=mm&r=g","contentUrl":"https:\/\/secure.gravatar.com\/avatar\/aa9d3d24c83f2141e5e2709d0f63d09a99f6be6bb7a50abc4915838d9f54501a?s=96&d=mm&r=g","caption":"Mathieu"},"url":"https:\/\/www.altercampagne.net\/?author=214"}]}},"_links":{"self":[{"href":"https:\/\/www.altercampagne.net\/index.php?rest_route=\/wp\/v2\/posts\/7289","targetHints":{"allow":["GET"]}}],"collection":[{"href":"https:\/\/www.altercampagne.net\/index.php?rest_route=\/wp\/v2\/posts"}],"about":[{"href":"https:\/\/www.altercampagne.net\/index.php?rest_route=\/wp\/v2\/types\/post"}],"author":[{"embeddable":true,"href":"https:\/\/www.altercampagne.net\/index.php?rest_route=\/wp\/v2\/users\/214"}],"replies":[{"embeddable":true,"href":"https:\/\/www.altercampagne.net\/index.php?rest_route=%2Fwp%2Fv2%2Fcomments&post=7289"}],"version-history":[{"count":2,"href":"https:\/\/www.altercampagne.net\/index.php?rest_route=\/wp\/v2\/posts\/7289\/revisions"}],"predecessor-version":[{"id":17288,"href":"https:\/\/www.altercampagne.net\/index.php?rest_route=\/wp\/v2\/posts\/7289\/revisions\/17288"}],"wp:attachment":[{"href":"https:\/\/www.altercampagne.net\/index.php?rest_route=%2Fwp%2Fv2%2Fmedia&parent=7289"}],"wp:term":[{"taxonomy":"category","embeddable":true,"href":"https:\/\/www.altercampagne.net\/index.php?rest_route=%2Fwp%2Fv2%2Fcategories&post=7289"},{"taxonomy":"post_tag","embeddable":true,"href":"https:\/\/www.altercampagne.net\/index.php?rest_route=%2Fwp%2Fv2%2Ftags&post=7289"}],"curies":[{"name":"wp","href":"https:\/\/api.w.org\/{rel}","templated":true}]}}