{"id":7297,"date":"2017-06-30T18:33:26","date_gmt":"2017-06-30T16:33:26","guid":{"rendered":"http:\/\/www.altercampagne.net\/?p=7297"},"modified":"2018-03-25T15:55:01","modified_gmt":"2018-03-25T13:55:01","slug":"argelaguer-en-transicio-le-16-juillet-2017-a-argelaguer","status":"publish","type":"post","link":"https:\/\/www.altercampagne.net\/?p=7297","title":{"rendered":"Argelaguer En transicio le 16 juillet \u00e0 Argelaguer"},"content":{"rendered":"<p><a href=\"http:\/\/www.altercampagne.net\/wp-content\/uploads\/2017\/05\/Argelaguer.jpg\"><img loading=\"lazy\" decoding=\"async\" class=\" size-medium wp-image-6970 alignleft\" src=\"http:\/\/www.altercampagne.net\/wp-content\/uploads\/2017\/05\/Argelaguer-300x219.jpg\" alt=\"Argelaguer\" width=\"300\" height=\"219\" srcset=\"https:\/\/www.altercampagne.net\/wp-content\/uploads\/2017\/05\/Argelaguer-300x219.jpg 300w, https:\/\/www.altercampagne.net\/wp-content\/uploads\/2017\/05\/Argelaguer.jpg 686w\" sizes=\"auto, (max-width: 300px) 100vw, 300px\" \/><\/a>Lorsque nous sommes partis en rep\u00e9rage avec ma compagne, ce n&rsquo;est qu&rsquo;en derni\u00e8re minute que nous avons pr\u00e9venu Miquel de notre venue. A peine 2 heures plus tard, nous \u00e9tions attabl\u00e9e parmi une quinzaine de personnes du r\u00e9seau \u00ab\u00a0Argelaguer en Transici\u00f3\u00a0\u00bb.\u00a0Miquel avait improvis\u00e9 un comit\u00e9 de r\u00e9ception rien que pour nous, comme \u00e7a en quelques minutes.<\/p>\n<p>Il se raconte que les jeunes auraient d\u00e9sert\u00e9 Argelaguer pour aller gagner leur vie \u00e0 la ville. Et bien vous allez voir tout au contraire que ce petit village est plein de ressources.<\/p>\n<p>D&rsquo;abord quelle dynamique que ce r\u00e9seau \u00ab\u00a0<a href=\"https:\/\/argelaguerentransicio.com\/\" target=\"_blank\" rel=\"noopener\" data-saferedirecturl=\"https:\/\/www.google.com\/url?hl=fr&amp;q=https:\/\/argelaguerentransicio.com\/&amp;source=gmail&amp;ust=1498842736603000&amp;usg=AFQjCNGNNByu9E5WjREzRnEstoa4uRwR4w\">En transicio<\/a>\u00a0\u00bb ! Ces derni\u00e8res ann\u00e9es, Miquel et ses amis ont f\u00e9d\u00e9r\u00e9 toutes les \u00e9nergies alternatives des alentours et depuis les projets ne cessent de fleurir : Jardin partag\u00e9s, achat group\u00e9, \u00e9ducation populaire, projet de monnaie locale&#8230; c&rsquo;est tout cela que le comit\u00e9 d&rsquo;accueil nous expliquera durant notre passage (m\u00eame si, si j&rsquo;ai bien compris, il ne faudra pas non plus trop s&rsquo;attarder car apr\u00e8s il y a la pa\u00eblla&#8230;)<\/p>\n<p>A Argelaguer, on s&rsquo;attendait \u00e0 planter notre tente sur un coin d&rsquo;herbe mais Miquel nous avait d\u00e9got\u00e9 un accueil de luxe chez Isabel. C&rsquo;est l\u00e0 que nous avons rencontr\u00e9 son compagnon Paco, qui a r\u00e9alis\u00e9 un film traduit en fran\u00e7ais et diffus\u00e9 sur Arte il y a quelques ann\u00e9es : \u00c7a s&rsquo;appelle \u00ab\u00a0<a href=\"https:\/\/www.youtube.com\/watch?v=Tu6ppQiVqmI\" target=\"_blank\" rel=\"noopener\" data-saferedirecturl=\"https:\/\/www.google.com\/url?hl=fr&amp;q=https:\/\/www.youtube.com\/watch?v%3DTu6ppQiVqmI&amp;source=gmail&amp;ust=1498842736603000&amp;usg=AFQjCNGdPrZQZ7bbPRqbvZXZQOlqmLHUfQ\">Vivre l&rsquo;utopie<\/a>\u00ab\u00a0, un documentaire \u00a0qui retrace \u00e0 travers des t\u00e9moignages, l\u2019histoire de la r\u00e9volution espagnole et de l\u2019application concr\u00e8te de l\u2019autogestion par plusieurs millions de personnes en 1936. Esp\u00e9rons qu&rsquo;on puisse s&rsquo;arr\u00eater quelques instants sur cette histoire-l\u00e0, une histoire que le village d&rsquo;Argelaguer a travers\u00e9.<\/p>\n<p>Et puis avant de repartir, il ne faudra pas manquer d&rsquo;aller voir l&rsquo;exceptionnel parc Garrell, \u00e0 5 minutes de notre campement. Garrell \u00e9tait surnomm\u00e9 \u00ab\u00a0le t\u00eatu\u00a0\u00bb parce qu&rsquo;il ne pouvait s&#8217;emp\u00eacher de construire des ouvrages d&rsquo;art dans la nature &#8211; ouvrages que les autorit\u00e9s d\u00e9truisaient r\u00e9guli\u00e8rement &#8211; et qu&rsquo;inlassablement ils reconstruisaient. Garrell est mort il y a un an, et il faut voir en vrai\u00a0<a href=\"https:\/\/www.google.fr\/search?q=GARRELL+ARGELAGUER&amp;source=lnms&amp;tbm=isch&amp;sa=X&amp;ved=0ahUKEwit-LfGgZbUAhWHuBoKHTH8DqUQ_AUIBigB&amp;biw=1366&amp;bih=676\" target=\"_blank\" rel=\"noopener\" data-saferedirecturl=\"https:\/\/www.google.com\/url?hl=fr&amp;q=https:\/\/www.google.fr\/search?q%3DGARRELL%2BARGELAGUER%26source%3Dlnms%26tbm%3Disch%26sa%3DX%26ved%3D0ahUKEwit-LfGgZbUAhWHuBoKHTH8DqUQ_AUIBigB%26biw%3D1366%26bih%3D676&amp;source=gmail&amp;ust=1498842736603000&amp;usg=AFQjCNFyqAqohqW2LCnFeh2QMMJy512K4w\">son art monumental<\/a>,\u00a0c&rsquo;est \u00e0 tomber par terre. Oui d\u00e9cid\u00e9ment, ce petit village est plein de ressources..<\/p>\n<p style=\"text-align: right;\"><strong>Vincent<\/strong><\/p>\n<p style=\"text-align: left;\">Argelaguer En transicio accueillera l\u2019\u00c9chapp\u00e9e Belle de l&rsquo;AlterTour le 16 juillet 2017 \u00e0 Argelaguer (Espagne). Pour plus d\u2019infos consultez le <a href=\"http:\/\/www.altercampagne.net\/?page_id=150\">programme<\/a><\/p>\n","protected":false},"excerpt":{"rendered":"<p>Lorsque nous sommes partis en rep\u00e9rage avec ma compagne, ce n&rsquo;est qu&rsquo;en derni\u00e8re minute que nous avons pr\u00e9venu Miquel de notre venue. A peine 2 heures plus tard, nous \u00e9tions attabl\u00e9e parmi une quinzaine de personnes du r\u00e9seau \u00ab\u00a0Argelaguer en Transici\u00f3\u00a0\u00bb.\u00a0Miquel avait improvis\u00e9 un comit\u00e9 de r\u00e9ception rien que pour &#8230; <\/p>\n<div><a href=\"https:\/\/www.altercampagne.net\/?p=7297\" class=\"more-link\">Read More<\/a><\/div>\n","protected":false},"author":215,"featured_media":0,"comment_status":"closed","ping_status":"closed","sticky":false,"template":"","format":"standard","meta":{"footnotes":""},"categories":[3528,3231,3457,3540],"tags":[35,2460,2786,3060,3082,3083,3084,3085,3086,3087],"class_list":["post-7297","post","type-post","status-publish","format-standard","hentry","category-espagne","category-echappee-belle","category-edition-2017","category-transverse","tag-autogestion","tag-echappee-belle","tag-catalogne","tag-echappee-belle-2017","tag-argelaguer-en-transicio","tag-argelaguer","tag-province-de-gerone","tag-espagne","tag-vivre-lutopie","tag-revolution-espagnole","no-post-thumbnail"],"yoast_head":"<!-- This site is optimized with the Yoast SEO plugin v27.3 - https:\/\/yoast.com\/product\/yoast-seo-wordpress\/ -->\n<title>Argelaguer En transicio le 16 juillet \u00e0 Argelaguer - AlterTour<\/title>\n<meta name=\"robots\" content=\"index, follow, max-snippet:-1, max-image-preview:large, max-video-preview:-1\" \/>\n<link rel=\"canonical\" href=\"https:\/\/www.altercampagne.net\/?p=7297\" \/>\n<meta property=\"og:locale\" content=\"fr_FR\" \/>\n<meta property=\"og:type\" content=\"article\" \/>\n<meta property=\"og:title\" content=\"Argelaguer En transicio le 16 juillet \u00e0 Argelaguer - AlterTour\" \/>\n<meta property=\"og:description\" content=\"Lorsque nous sommes partis en rep\u00e9rage avec ma compagne, ce n&rsquo;est qu&rsquo;en derni\u00e8re minute que nous avons pr\u00e9venu Miquel de notre venue. A peine 2 heures plus tard, nous \u00e9tions attabl\u00e9e parmi une quinzaine de personnes du r\u00e9seau \u00ab\u00a0Argelaguer en Transici\u00f3\u00a0\u00bb.\u00a0Miquel avait improvis\u00e9 un comit\u00e9 de r\u00e9ception rien que pour ... Read More\" \/>\n<meta property=\"og:url\" content=\"https:\/\/www.altercampagne.net\/?p=7297\" \/>\n<meta property=\"og:site_name\" content=\"AlterTour\" \/>\n<meta property=\"article:published_time\" content=\"2017-06-30T16:33:26+00:00\" \/>\n<meta property=\"article:modified_time\" content=\"2018-03-25T13:55:01+00:00\" \/>\n<meta property=\"og:image\" content=\"http:\/\/www.altercampagne.net\/wp-content\/uploads\/2017\/05\/Argelaguer-300x219.jpg\" \/>\n<meta name=\"author\" content=\"AlterTour\" \/>\n<meta name=\"twitter:card\" content=\"summary_large_image\" \/>\n<meta name=\"twitter:label1\" content=\"\u00c9crit par\" \/>\n\t<meta name=\"twitter:data1\" content=\"AlterTour\" \/>\n\t<meta name=\"twitter:label2\" content=\"Dur\u00e9e de lecture estim\u00e9e\" \/>\n\t<meta name=\"twitter:data2\" content=\"2 minutes\" \/>\n<script type=\"application\/ld+json\" class=\"yoast-schema-graph\">{\"@context\":\"https:\\\/\\\/schema.org\",\"@graph\":[{\"@type\":\"Article\",\"@id\":\"https:\\\/\\\/www.altercampagne.net\\\/?p=7297#article\",\"isPartOf\":{\"@id\":\"https:\\\/\\\/www.altercampagne.net\\\/?p=7297\"},\"author\":{\"name\":\"AlterTour\",\"@id\":\"https:\\\/\\\/www.altercampagne.net\\\/#\\\/schema\\\/person\\\/e5b68c803196f649c2152249d262d94a\"},\"headline\":\"Argelaguer En transicio le 16 juillet \u00e0 Argelaguer\",\"datePublished\":\"2017-06-30T16:33:26+00:00\",\"dateModified\":\"2018-03-25T13:55:01+00:00\",\"mainEntityOfPage\":{\"@id\":\"https:\\\/\\\/www.altercampagne.net\\\/?p=7297\"},\"wordCount\":421,\"image\":{\"@id\":\"https:\\\/\\\/www.altercampagne.net\\\/?p=7297#primaryimage\"},\"thumbnailUrl\":\"http:\\\/\\\/www.altercampagne.net\\\/wp-content\\\/uploads\\\/2017\\\/05\\\/Argelaguer-300x219.jpg\",\"keywords\":[\"autogestion\",\"Echapp\u00e9e Belle\",\"Catalogne\",\"\u00c9chapp\u00e9e Belle 2017\",\"Argelaguer En transicio\",\"Argelaguer\",\"province de G\u00e9rone\",\"Espagne\",\"Vivre l'utopie\",\"r\u00e9volution espagnole\"],\"articleSection\":[\"Espagne\",\"Echapp\u00e9e Belle\",\"\u00c9dition 2017\",\"Transverse\"],\"inLanguage\":\"fr-FR\"},{\"@type\":\"WebPage\",\"@id\":\"https:\\\/\\\/www.altercampagne.net\\\/?p=7297\",\"url\":\"https:\\\/\\\/www.altercampagne.net\\\/?p=7297\",\"name\":\"Argelaguer En transicio le 16 juillet \u00e0 Argelaguer - AlterTour\",\"isPartOf\":{\"@id\":\"https:\\\/\\\/www.altercampagne.net\\\/#website\"},\"primaryImageOfPage\":{\"@id\":\"https:\\\/\\\/www.altercampagne.net\\\/?p=7297#primaryimage\"},\"image\":{\"@id\":\"https:\\\/\\\/www.altercampagne.net\\\/?p=7297#primaryimage\"},\"thumbnailUrl\":\"http:\\\/\\\/www.altercampagne.net\\\/wp-content\\\/uploads\\\/2017\\\/05\\\/Argelaguer-300x219.jpg\",\"datePublished\":\"2017-06-30T16:33:26+00:00\",\"dateModified\":\"2018-03-25T13:55:01+00:00\",\"author\":{\"@id\":\"https:\\\/\\\/www.altercampagne.net\\\/#\\\/schema\\\/person\\\/e5b68c803196f649c2152249d262d94a\"},\"breadcrumb\":{\"@id\":\"https:\\\/\\\/www.altercampagne.net\\\/?p=7297#breadcrumb\"},\"inLanguage\":\"fr-FR\",\"potentialAction\":[{\"@type\":\"ReadAction\",\"target\":[\"https:\\\/\\\/www.altercampagne.net\\\/?p=7297\"]}]},{\"@type\":\"ImageObject\",\"inLanguage\":\"fr-FR\",\"@id\":\"https:\\\/\\\/www.altercampagne.net\\\/?p=7297#primaryimage\",\"url\":\"https:\\\/\\\/www.altercampagne.net\\\/wp-content\\\/uploads\\\/2017\\\/05\\\/Argelaguer.jpg\",\"contentUrl\":\"https:\\\/\\\/www.altercampagne.net\\\/wp-content\\\/uploads\\\/2017\\\/05\\\/Argelaguer.jpg\",\"width\":686,\"height\":500},{\"@type\":\"BreadcrumbList\",\"@id\":\"https:\\\/\\\/www.altercampagne.net\\\/?p=7297#breadcrumb\",\"itemListElement\":[{\"@type\":\"ListItem\",\"position\":1,\"name\":\"Accueil\",\"item\":\"https:\\\/\\\/www.altercampagne.net\\\/\"},{\"@type\":\"ListItem\",\"position\":2,\"name\":\"Argelaguer En transicio le 16 juillet \u00e0 Argelaguer\"}]},{\"@type\":\"WebSite\",\"@id\":\"https:\\\/\\\/www.altercampagne.net\\\/#website\",\"url\":\"https:\\\/\\\/www.altercampagne.net\\\/\",\"name\":\"AlterTour\",\"description\":\"Reliez les Alternatives \u00e0 v\u00e9lo\",\"potentialAction\":[{\"@type\":\"SearchAction\",\"target\":{\"@type\":\"EntryPoint\",\"urlTemplate\":\"https:\\\/\\\/www.altercampagne.net\\\/?s={search_term_string}\"},\"query-input\":{\"@type\":\"PropertyValueSpecification\",\"valueRequired\":true,\"valueName\":\"search_term_string\"}}],\"inLanguage\":\"fr-FR\"},{\"@type\":\"Person\",\"@id\":\"https:\\\/\\\/www.altercampagne.net\\\/#\\\/schema\\\/person\\\/e5b68c803196f649c2152249d262d94a\",\"name\":\"AlterTour\",\"image\":{\"@type\":\"ImageObject\",\"inLanguage\":\"fr-FR\",\"@id\":\"https:\\\/\\\/secure.gravatar.com\\\/avatar\\\/3f2ed77f8506b8ea264ad5938bb0114bfa10f35b64086a66dfbb6e9f58ad9693?s=96&d=mm&r=g\",\"url\":\"https:\\\/\\\/secure.gravatar.com\\\/avatar\\\/3f2ed77f8506b8ea264ad5938bb0114bfa10f35b64086a66dfbb6e9f58ad9693?s=96&d=mm&r=g\",\"contentUrl\":\"https:\\\/\\\/secure.gravatar.com\\\/avatar\\\/3f2ed77f8506b8ea264ad5938bb0114bfa10f35b64086a66dfbb6e9f58ad9693?s=96&d=mm&r=g\",\"caption\":\"AlterTour\"},\"url\":\"https:\\\/\\\/www.altercampagne.net\\\/?author=215\"}]}<\/script>\n<!-- \/ Yoast SEO plugin. -->","yoast_head_json":{"title":"Argelaguer En transicio le 16 juillet \u00e0 Argelaguer - AlterTour","robots":{"index":"index","follow":"follow","max-snippet":"max-snippet:-1","max-image-preview":"max-image-preview:large","max-video-preview":"max-video-preview:-1"},"canonical":"https:\/\/www.altercampagne.net\/?p=7297","og_locale":"fr_FR","og_type":"article","og_title":"Argelaguer En transicio le 16 juillet \u00e0 Argelaguer - AlterTour","og_description":"Lorsque nous sommes partis en rep\u00e9rage avec ma compagne, ce n&rsquo;est qu&rsquo;en derni\u00e8re minute que nous avons pr\u00e9venu Miquel de notre venue. A peine 2 heures plus tard, nous \u00e9tions attabl\u00e9e parmi une quinzaine de personnes du r\u00e9seau \u00ab\u00a0Argelaguer en Transici\u00f3\u00a0\u00bb.\u00a0Miquel avait improvis\u00e9 un comit\u00e9 de r\u00e9ception rien que pour ... Read More","og_url":"https:\/\/www.altercampagne.net\/?p=7297","og_site_name":"AlterTour","article_published_time":"2017-06-30T16:33:26+00:00","article_modified_time":"2018-03-25T13:55:01+00:00","og_image":[{"url":"http:\/\/www.altercampagne.net\/wp-content\/uploads\/2017\/05\/Argelaguer-300x219.jpg","type":"","width":"","height":""}],"author":"AlterTour","twitter_card":"summary_large_image","twitter_misc":{"\u00c9crit par":"AlterTour","Dur\u00e9e de lecture estim\u00e9e":"2 minutes"},"schema":{"@context":"https:\/\/schema.org","@graph":[{"@type":"Article","@id":"https:\/\/www.altercampagne.net\/?p=7297#article","isPartOf":{"@id":"https:\/\/www.altercampagne.net\/?p=7297"},"author":{"name":"AlterTour","@id":"https:\/\/www.altercampagne.net\/#\/schema\/person\/e5b68c803196f649c2152249d262d94a"},"headline":"Argelaguer En transicio le 16 juillet \u00e0 Argelaguer","datePublished":"2017-06-30T16:33:26+00:00","dateModified":"2018-03-25T13:55:01+00:00","mainEntityOfPage":{"@id":"https:\/\/www.altercampagne.net\/?p=7297"},"wordCount":421,"image":{"@id":"https:\/\/www.altercampagne.net\/?p=7297#primaryimage"},"thumbnailUrl":"http:\/\/www.altercampagne.net\/wp-content\/uploads\/2017\/05\/Argelaguer-300x219.jpg","keywords":["autogestion","Echapp\u00e9e Belle","Catalogne","\u00c9chapp\u00e9e Belle 2017","Argelaguer En transicio","Argelaguer","province de G\u00e9rone","Espagne","Vivre l'utopie","r\u00e9volution espagnole"],"articleSection":["Espagne","Echapp\u00e9e Belle","\u00c9dition 2017","Transverse"],"inLanguage":"fr-FR"},{"@type":"WebPage","@id":"https:\/\/www.altercampagne.net\/?p=7297","url":"https:\/\/www.altercampagne.net\/?p=7297","name":"Argelaguer En transicio le 16 juillet \u00e0 Argelaguer - AlterTour","isPartOf":{"@id":"https:\/\/www.altercampagne.net\/#website"},"primaryImageOfPage":{"@id":"https:\/\/www.altercampagne.net\/?p=7297#primaryimage"},"image":{"@id":"https:\/\/www.altercampagne.net\/?p=7297#primaryimage"},"thumbnailUrl":"http:\/\/www.altercampagne.net\/wp-content\/uploads\/2017\/05\/Argelaguer-300x219.jpg","datePublished":"2017-06-30T16:33:26+00:00","dateModified":"2018-03-25T13:55:01+00:00","author":{"@id":"https:\/\/www.altercampagne.net\/#\/schema\/person\/e5b68c803196f649c2152249d262d94a"},"breadcrumb":{"@id":"https:\/\/www.altercampagne.net\/?p=7297#breadcrumb"},"inLanguage":"fr-FR","potentialAction":[{"@type":"ReadAction","target":["https:\/\/www.altercampagne.net\/?p=7297"]}]},{"@type":"ImageObject","inLanguage":"fr-FR","@id":"https:\/\/www.altercampagne.net\/?p=7297#primaryimage","url":"https:\/\/www.altercampagne.net\/wp-content\/uploads\/2017\/05\/Argelaguer.jpg","contentUrl":"https:\/\/www.altercampagne.net\/wp-content\/uploads\/2017\/05\/Argelaguer.jpg","width":686,"height":500},{"@type":"BreadcrumbList","@id":"https:\/\/www.altercampagne.net\/?p=7297#breadcrumb","itemListElement":[{"@type":"ListItem","position":1,"name":"Accueil","item":"https:\/\/www.altercampagne.net\/"},{"@type":"ListItem","position":2,"name":"Argelaguer En transicio le 16 juillet \u00e0 Argelaguer"}]},{"@type":"WebSite","@id":"https:\/\/www.altercampagne.net\/#website","url":"https:\/\/www.altercampagne.net\/","name":"AlterTour","description":"Reliez les Alternatives \u00e0 v\u00e9lo","potentialAction":[{"@type":"SearchAction","target":{"@type":"EntryPoint","urlTemplate":"https:\/\/www.altercampagne.net\/?s={search_term_string}"},"query-input":{"@type":"PropertyValueSpecification","valueRequired":true,"valueName":"search_term_string"}}],"inLanguage":"fr-FR"},{"@type":"Person","@id":"https:\/\/www.altercampagne.net\/#\/schema\/person\/e5b68c803196f649c2152249d262d94a","name":"AlterTour","image":{"@type":"ImageObject","inLanguage":"fr-FR","@id":"https:\/\/secure.gravatar.com\/avatar\/3f2ed77f8506b8ea264ad5938bb0114bfa10f35b64086a66dfbb6e9f58ad9693?s=96&d=mm&r=g","url":"https:\/\/secure.gravatar.com\/avatar\/3f2ed77f8506b8ea264ad5938bb0114bfa10f35b64086a66dfbb6e9f58ad9693?s=96&d=mm&r=g","contentUrl":"https:\/\/secure.gravatar.com\/avatar\/3f2ed77f8506b8ea264ad5938bb0114bfa10f35b64086a66dfbb6e9f58ad9693?s=96&d=mm&r=g","caption":"AlterTour"},"url":"https:\/\/www.altercampagne.net\/?author=215"}]}},"_links":{"self":[{"href":"https:\/\/www.altercampagne.net\/index.php?rest_route=\/wp\/v2\/posts\/7297","targetHints":{"allow":["GET"]}}],"collection":[{"href":"https:\/\/www.altercampagne.net\/index.php?rest_route=\/wp\/v2\/posts"}],"about":[{"href":"https:\/\/www.altercampagne.net\/index.php?rest_route=\/wp\/v2\/types\/post"}],"author":[{"embeddable":true,"href":"https:\/\/www.altercampagne.net\/index.php?rest_route=\/wp\/v2\/users\/215"}],"replies":[{"embeddable":true,"href":"https:\/\/www.altercampagne.net\/index.php?rest_route=%2Fwp%2Fv2%2Fcomments&post=7297"}],"version-history":[{"count":0,"href":"https:\/\/www.altercampagne.net\/index.php?rest_route=\/wp\/v2\/posts\/7297\/revisions"}],"wp:attachment":[{"href":"https:\/\/www.altercampagne.net\/index.php?rest_route=%2Fwp%2Fv2%2Fmedia&parent=7297"}],"wp:term":[{"taxonomy":"category","embeddable":true,"href":"https:\/\/www.altercampagne.net\/index.php?rest_route=%2Fwp%2Fv2%2Fcategories&post=7297"},{"taxonomy":"post_tag","embeddable":true,"href":"https:\/\/www.altercampagne.net\/index.php?rest_route=%2Fwp%2Fv2%2Ftags&post=7297"}],"curies":[{"name":"wp","href":"https:\/\/api.w.org\/{rel}","templated":true}]}}