{"id":7299,"date":"2017-06-29T14:40:31","date_gmt":"2017-06-29T12:40:31","guid":{"rendered":"http:\/\/www.altercampagne.net\/?p=7299"},"modified":"2020-02-24T14:07:55","modified_gmt":"2020-02-24T13:07:55","slug":"som-comunitat-le-15-juillet-2017-a-pujarnol-catalogne-espagne","status":"publish","type":"post","link":"https:\/\/www.altercampagne.net\/?p=7299","title":{"rendered":"Som Comunitat le 15 juillet 2017 \u00e0 Pujarnol (Catalogne &#8211; Espagne)"},"content":{"rendered":"<p><a href=\"http:\/\/www.altercampagne.net\/wp-content\/uploads\/2017\/05\/Som-Comunitat.jpg\"><img loading=\"lazy\" decoding=\"async\" class=\" size-medium wp-image-6944 alignleft\" src=\"http:\/\/www.altercampagne.net\/wp-content\/uploads\/2017\/05\/Som-Comunitat-300x219.jpg\" alt=\"Som Comunitat\" width=\"300\" height=\"219\" srcset=\"https:\/\/www.altercampagne.net\/wp-content\/uploads\/2017\/05\/Som-Comunitat-300x219.jpg 300w, https:\/\/www.altercampagne.net\/wp-content\/uploads\/2017\/05\/Som-Comunitat.jpg 686w\" sizes=\"auto, (max-width: 300px) 100vw, 300px\" \/><\/a>Nous voil\u00e0 sur les hauteurs, dans un lieu magnifique et charg\u00e9e d&rsquo;histoire. Depuis cette immense maison catalane (vieille de 1000 ans!) se d\u00e9ploie une communaut\u00e9 de vie et de travail compos\u00e9e d&rsquo;une douzaine de personnes. Plusieurs familles avec enfants vivent l\u00e0 en bonne harmonie sans se marcher les uns sur les autres (en moyenne il y a un repas communautaire par semaine).<\/p>\n<p>Notre passage sera l&rsquo;occasion de d\u00e9couvrir la puissante <b><a href=\"https:\/\/www.bastamag.net\/La-cooperative-integrale-catalane-ou-comment-fonctionner-hors-du-systeme\" target=\"_blank\" data-saferedirecturl=\"https:\/\/www.google.com\/url?hl=fr&amp;q=https:\/\/www.bastamag.net\/La-cooperative-integrale-catalane-ou-comment-fonctionner-hors-du-systeme&amp;source=gmail&amp;ust=1498842736604000&amp;usg=AFQjCNGGSUdsFz89yTcFbf2XU_PRj42UAg\" rel=\"noopener noreferrer\">Coop\u00e9rative Int\u00e9grale Catalane<\/a> <\/b>dont Som Pujarnol est un \u00e9l\u00e9ment important. Depuis 8 ans,&nbsp;un immense r\u00e9seau \u00e9conomique alternatif se construit dans ce territoire. Coop\u00e9ratives de productions agricoles ou industrielles, \u00e9piceries solidaires, centre de sant\u00e9, r\u00e9seau d\u2019approvisionnement, structures de pr\u00eats et de financement\u2026 Plusieurs milliers de personnes sont d\u00e9j\u00e0 actives au sein de cette coop\u00e9rative int\u00e9grale, qui doit permettre de vivre en dehors du syst\u00e8me capitaliste et proposer une alternative \u00e0 son h\u00e9g\u00e9monie.<\/p>\n<p style=\"text-align: right;\"><strong>Vincent<\/strong><\/p>\n<p style=\"text-align: left;\">Som Comunitat accueillera l\u2019\u00c9chapp\u00e9e Belle de l&rsquo;AlterTour le 15 juillet 2017 \u00e0&nbsp;Pujarnol (Catalogne &#8211; Espagne). Pour plus d\u2019infos consultez le <a href=\"http:\/\/www.altercampagne.net\/?page_id=150\">programme<\/a><\/p>\n","protected":false},"excerpt":{"rendered":"<p>Nous voil\u00e0 sur les hauteurs, dans un lieu magnifique et charg\u00e9e d&rsquo;histoire. Depuis cette immense maison catalane (vieille de 1000 ans!) se d\u00e9ploie une communaut\u00e9 de vie et de travail compos\u00e9e d&rsquo;une douzaine de personnes. Plusieurs familles avec enfants vivent l\u00e0 en bonne harmonie sans se marcher les uns sur &#8230; <\/p>\n<div><a href=\"https:\/\/www.altercampagne.net\/?p=7299\" class=\"more-link\">Read More<\/a><\/div>\n","protected":false},"author":215,"featured_media":0,"comment_status":"closed","ping_status":"closed","sticky":false,"template":"","format":"standard","meta":{"footnotes":""},"categories":[3528,3231,3484,3457],"tags":[2460,2786,2991,3060,3085,3088,3089],"class_list":["post-7299","post","type-post","status-publish","format-standard","hentry","category-espagne","category-echappee-belle","category-economie","category-edition-2017","tag-echappee-belle","tag-catalogne","tag-som-comunitat","tag-echappee-belle-2017","tag-espagne","tag-pujarnol","tag-cooperative-integrale-catalane","no-post-thumbnail"],"yoast_head":"<!-- This site is optimized with the Yoast SEO plugin v27.3 - https:\/\/yoast.com\/product\/yoast-seo-wordpress\/ -->\n<title>Som Comunitat le 15 juillet 2017 \u00e0 Pujarnol (Catalogne - Espagne) - AlterTour<\/title>\n<meta name=\"robots\" content=\"index, follow, max-snippet:-1, max-image-preview:large, max-video-preview:-1\" \/>\n<link rel=\"canonical\" href=\"https:\/\/www.altercampagne.net\/?p=7299\" \/>\n<meta property=\"og:locale\" content=\"fr_FR\" \/>\n<meta property=\"og:type\" content=\"article\" \/>\n<meta property=\"og:title\" content=\"Som Comunitat le 15 juillet 2017 \u00e0 Pujarnol (Catalogne - Espagne) - AlterTour\" \/>\n<meta property=\"og:description\" content=\"Nous voil\u00e0 sur les hauteurs, dans un lieu magnifique et charg\u00e9e d&rsquo;histoire. Depuis cette immense maison catalane (vieille de 1000 ans!) se d\u00e9ploie une communaut\u00e9 de vie et de travail compos\u00e9e d&rsquo;une douzaine de personnes. Plusieurs familles avec enfants vivent l\u00e0 en bonne harmonie sans se marcher les uns sur ... Read More\" \/>\n<meta property=\"og:url\" content=\"https:\/\/www.altercampagne.net\/?p=7299\" \/>\n<meta property=\"og:site_name\" content=\"AlterTour\" \/>\n<meta property=\"article:published_time\" content=\"2017-06-29T12:40:31+00:00\" \/>\n<meta property=\"article:modified_time\" content=\"2020-02-24T13:07:55+00:00\" \/>\n<meta property=\"og:image\" content=\"http:\/\/www.altercampagne.net\/wp-content\/uploads\/2017\/05\/Som-Comunitat-300x219.jpg\" \/>\n<meta name=\"author\" content=\"AlterTour\" \/>\n<meta name=\"twitter:card\" content=\"summary_large_image\" \/>\n<meta name=\"twitter:label1\" content=\"\u00c9crit par\" \/>\n\t<meta name=\"twitter:data1\" content=\"AlterTour\" \/>\n\t<meta name=\"twitter:label2\" content=\"Dur\u00e9e de lecture estim\u00e9e\" \/>\n\t<meta name=\"twitter:data2\" content=\"1 minute\" \/>\n<script type=\"application\/ld+json\" class=\"yoast-schema-graph\">{\"@context\":\"https:\\\/\\\/schema.org\",\"@graph\":[{\"@type\":\"Article\",\"@id\":\"https:\\\/\\\/www.altercampagne.net\\\/?p=7299#article\",\"isPartOf\":{\"@id\":\"https:\\\/\\\/www.altercampagne.net\\\/?p=7299\"},\"author\":{\"name\":\"AlterTour\",\"@id\":\"https:\\\/\\\/www.altercampagne.net\\\/#\\\/schema\\\/person\\\/e5b68c803196f649c2152249d262d94a\"},\"headline\":\"Som Comunitat le 15 juillet 2017 \u00e0 Pujarnol (Catalogne &#8211; Espagne)\",\"datePublished\":\"2017-06-29T12:40:31+00:00\",\"dateModified\":\"2020-02-24T13:07:55+00:00\",\"mainEntityOfPage\":{\"@id\":\"https:\\\/\\\/www.altercampagne.net\\\/?p=7299\"},\"wordCount\":194,\"image\":{\"@id\":\"https:\\\/\\\/www.altercampagne.net\\\/?p=7299#primaryimage\"},\"thumbnailUrl\":\"http:\\\/\\\/www.altercampagne.net\\\/wp-content\\\/uploads\\\/2017\\\/05\\\/Som-Comunitat-300x219.jpg\",\"keywords\":[\"Echapp\u00e9e Belle\",\"Catalogne\",\"Som Comunitat\",\"\u00c9chapp\u00e9e Belle 2017\",\"Espagne\",\"Pujarnol\",\"Coop\u00e9rative Int\u00e9grale Catalane\"],\"articleSection\":[\"Espagne\",\"Echapp\u00e9e Belle\",\"\u00c9conomie\",\"\u00c9dition 2017\"],\"inLanguage\":\"fr-FR\"},{\"@type\":\"WebPage\",\"@id\":\"https:\\\/\\\/www.altercampagne.net\\\/?p=7299\",\"url\":\"https:\\\/\\\/www.altercampagne.net\\\/?p=7299\",\"name\":\"Som Comunitat le 15 juillet 2017 \u00e0 Pujarnol (Catalogne - Espagne) - AlterTour\",\"isPartOf\":{\"@id\":\"https:\\\/\\\/www.altercampagne.net\\\/#website\"},\"primaryImageOfPage\":{\"@id\":\"https:\\\/\\\/www.altercampagne.net\\\/?p=7299#primaryimage\"},\"image\":{\"@id\":\"https:\\\/\\\/www.altercampagne.net\\\/?p=7299#primaryimage\"},\"thumbnailUrl\":\"http:\\\/\\\/www.altercampagne.net\\\/wp-content\\\/uploads\\\/2017\\\/05\\\/Som-Comunitat-300x219.jpg\",\"datePublished\":\"2017-06-29T12:40:31+00:00\",\"dateModified\":\"2020-02-24T13:07:55+00:00\",\"author\":{\"@id\":\"https:\\\/\\\/www.altercampagne.net\\\/#\\\/schema\\\/person\\\/e5b68c803196f649c2152249d262d94a\"},\"breadcrumb\":{\"@id\":\"https:\\\/\\\/www.altercampagne.net\\\/?p=7299#breadcrumb\"},\"inLanguage\":\"fr-FR\",\"potentialAction\":[{\"@type\":\"ReadAction\",\"target\":[\"https:\\\/\\\/www.altercampagne.net\\\/?p=7299\"]}]},{\"@type\":\"ImageObject\",\"inLanguage\":\"fr-FR\",\"@id\":\"https:\\\/\\\/www.altercampagne.net\\\/?p=7299#primaryimage\",\"url\":\"https:\\\/\\\/www.altercampagne.net\\\/wp-content\\\/uploads\\\/2017\\\/05\\\/Som-Comunitat.jpg\",\"contentUrl\":\"https:\\\/\\\/www.altercampagne.net\\\/wp-content\\\/uploads\\\/2017\\\/05\\\/Som-Comunitat.jpg\",\"width\":686,\"height\":500},{\"@type\":\"BreadcrumbList\",\"@id\":\"https:\\\/\\\/www.altercampagne.net\\\/?p=7299#breadcrumb\",\"itemListElement\":[{\"@type\":\"ListItem\",\"position\":1,\"name\":\"Accueil\",\"item\":\"https:\\\/\\\/www.altercampagne.net\\\/\"},{\"@type\":\"ListItem\",\"position\":2,\"name\":\"Som Comunitat le 15 juillet 2017 \u00e0 Pujarnol (Catalogne &#8211; Espagne)\"}]},{\"@type\":\"WebSite\",\"@id\":\"https:\\\/\\\/www.altercampagne.net\\\/#website\",\"url\":\"https:\\\/\\\/www.altercampagne.net\\\/\",\"name\":\"AlterTour\",\"description\":\"Reliez les Alternatives \u00e0 v\u00e9lo\",\"potentialAction\":[{\"@type\":\"SearchAction\",\"target\":{\"@type\":\"EntryPoint\",\"urlTemplate\":\"https:\\\/\\\/www.altercampagne.net\\\/?s={search_term_string}\"},\"query-input\":{\"@type\":\"PropertyValueSpecification\",\"valueRequired\":true,\"valueName\":\"search_term_string\"}}],\"inLanguage\":\"fr-FR\"},{\"@type\":\"Person\",\"@id\":\"https:\\\/\\\/www.altercampagne.net\\\/#\\\/schema\\\/person\\\/e5b68c803196f649c2152249d262d94a\",\"name\":\"AlterTour\",\"image\":{\"@type\":\"ImageObject\",\"inLanguage\":\"fr-FR\",\"@id\":\"https:\\\/\\\/secure.gravatar.com\\\/avatar\\\/3f2ed77f8506b8ea264ad5938bb0114bfa10f35b64086a66dfbb6e9f58ad9693?s=96&d=mm&r=g\",\"url\":\"https:\\\/\\\/secure.gravatar.com\\\/avatar\\\/3f2ed77f8506b8ea264ad5938bb0114bfa10f35b64086a66dfbb6e9f58ad9693?s=96&d=mm&r=g\",\"contentUrl\":\"https:\\\/\\\/secure.gravatar.com\\\/avatar\\\/3f2ed77f8506b8ea264ad5938bb0114bfa10f35b64086a66dfbb6e9f58ad9693?s=96&d=mm&r=g\",\"caption\":\"AlterTour\"},\"url\":\"https:\\\/\\\/www.altercampagne.net\\\/?author=215\"}]}<\/script>\n<!-- \/ Yoast SEO plugin. -->","yoast_head_json":{"title":"Som Comunitat le 15 juillet 2017 \u00e0 Pujarnol (Catalogne - Espagne) - AlterTour","robots":{"index":"index","follow":"follow","max-snippet":"max-snippet:-1","max-image-preview":"max-image-preview:large","max-video-preview":"max-video-preview:-1"},"canonical":"https:\/\/www.altercampagne.net\/?p=7299","og_locale":"fr_FR","og_type":"article","og_title":"Som Comunitat le 15 juillet 2017 \u00e0 Pujarnol (Catalogne - Espagne) - AlterTour","og_description":"Nous voil\u00e0 sur les hauteurs, dans un lieu magnifique et charg\u00e9e d&rsquo;histoire. Depuis cette immense maison catalane (vieille de 1000 ans!) se d\u00e9ploie une communaut\u00e9 de vie et de travail compos\u00e9e d&rsquo;une douzaine de personnes. Plusieurs familles avec enfants vivent l\u00e0 en bonne harmonie sans se marcher les uns sur ... Read More","og_url":"https:\/\/www.altercampagne.net\/?p=7299","og_site_name":"AlterTour","article_published_time":"2017-06-29T12:40:31+00:00","article_modified_time":"2020-02-24T13:07:55+00:00","og_image":[{"url":"http:\/\/www.altercampagne.net\/wp-content\/uploads\/2017\/05\/Som-Comunitat-300x219.jpg","type":"","width":"","height":""}],"author":"AlterTour","twitter_card":"summary_large_image","twitter_misc":{"\u00c9crit par":"AlterTour","Dur\u00e9e de lecture estim\u00e9e":"1 minute"},"schema":{"@context":"https:\/\/schema.org","@graph":[{"@type":"Article","@id":"https:\/\/www.altercampagne.net\/?p=7299#article","isPartOf":{"@id":"https:\/\/www.altercampagne.net\/?p=7299"},"author":{"name":"AlterTour","@id":"https:\/\/www.altercampagne.net\/#\/schema\/person\/e5b68c803196f649c2152249d262d94a"},"headline":"Som Comunitat le 15 juillet 2017 \u00e0 Pujarnol (Catalogne &#8211; Espagne)","datePublished":"2017-06-29T12:40:31+00:00","dateModified":"2020-02-24T13:07:55+00:00","mainEntityOfPage":{"@id":"https:\/\/www.altercampagne.net\/?p=7299"},"wordCount":194,"image":{"@id":"https:\/\/www.altercampagne.net\/?p=7299#primaryimage"},"thumbnailUrl":"http:\/\/www.altercampagne.net\/wp-content\/uploads\/2017\/05\/Som-Comunitat-300x219.jpg","keywords":["Echapp\u00e9e Belle","Catalogne","Som Comunitat","\u00c9chapp\u00e9e Belle 2017","Espagne","Pujarnol","Coop\u00e9rative Int\u00e9grale Catalane"],"articleSection":["Espagne","Echapp\u00e9e Belle","\u00c9conomie","\u00c9dition 2017"],"inLanguage":"fr-FR"},{"@type":"WebPage","@id":"https:\/\/www.altercampagne.net\/?p=7299","url":"https:\/\/www.altercampagne.net\/?p=7299","name":"Som Comunitat le 15 juillet 2017 \u00e0 Pujarnol (Catalogne - Espagne) - AlterTour","isPartOf":{"@id":"https:\/\/www.altercampagne.net\/#website"},"primaryImageOfPage":{"@id":"https:\/\/www.altercampagne.net\/?p=7299#primaryimage"},"image":{"@id":"https:\/\/www.altercampagne.net\/?p=7299#primaryimage"},"thumbnailUrl":"http:\/\/www.altercampagne.net\/wp-content\/uploads\/2017\/05\/Som-Comunitat-300x219.jpg","datePublished":"2017-06-29T12:40:31+00:00","dateModified":"2020-02-24T13:07:55+00:00","author":{"@id":"https:\/\/www.altercampagne.net\/#\/schema\/person\/e5b68c803196f649c2152249d262d94a"},"breadcrumb":{"@id":"https:\/\/www.altercampagne.net\/?p=7299#breadcrumb"},"inLanguage":"fr-FR","potentialAction":[{"@type":"ReadAction","target":["https:\/\/www.altercampagne.net\/?p=7299"]}]},{"@type":"ImageObject","inLanguage":"fr-FR","@id":"https:\/\/www.altercampagne.net\/?p=7299#primaryimage","url":"https:\/\/www.altercampagne.net\/wp-content\/uploads\/2017\/05\/Som-Comunitat.jpg","contentUrl":"https:\/\/www.altercampagne.net\/wp-content\/uploads\/2017\/05\/Som-Comunitat.jpg","width":686,"height":500},{"@type":"BreadcrumbList","@id":"https:\/\/www.altercampagne.net\/?p=7299#breadcrumb","itemListElement":[{"@type":"ListItem","position":1,"name":"Accueil","item":"https:\/\/www.altercampagne.net\/"},{"@type":"ListItem","position":2,"name":"Som Comunitat le 15 juillet 2017 \u00e0 Pujarnol (Catalogne &#8211; Espagne)"}]},{"@type":"WebSite","@id":"https:\/\/www.altercampagne.net\/#website","url":"https:\/\/www.altercampagne.net\/","name":"AlterTour","description":"Reliez les Alternatives \u00e0 v\u00e9lo","potentialAction":[{"@type":"SearchAction","target":{"@type":"EntryPoint","urlTemplate":"https:\/\/www.altercampagne.net\/?s={search_term_string}"},"query-input":{"@type":"PropertyValueSpecification","valueRequired":true,"valueName":"search_term_string"}}],"inLanguage":"fr-FR"},{"@type":"Person","@id":"https:\/\/www.altercampagne.net\/#\/schema\/person\/e5b68c803196f649c2152249d262d94a","name":"AlterTour","image":{"@type":"ImageObject","inLanguage":"fr-FR","@id":"https:\/\/secure.gravatar.com\/avatar\/3f2ed77f8506b8ea264ad5938bb0114bfa10f35b64086a66dfbb6e9f58ad9693?s=96&d=mm&r=g","url":"https:\/\/secure.gravatar.com\/avatar\/3f2ed77f8506b8ea264ad5938bb0114bfa10f35b64086a66dfbb6e9f58ad9693?s=96&d=mm&r=g","contentUrl":"https:\/\/secure.gravatar.com\/avatar\/3f2ed77f8506b8ea264ad5938bb0114bfa10f35b64086a66dfbb6e9f58ad9693?s=96&d=mm&r=g","caption":"AlterTour"},"url":"https:\/\/www.altercampagne.net\/?author=215"}]}},"_links":{"self":[{"href":"https:\/\/www.altercampagne.net\/index.php?rest_route=\/wp\/v2\/posts\/7299","targetHints":{"allow":["GET"]}}],"collection":[{"href":"https:\/\/www.altercampagne.net\/index.php?rest_route=\/wp\/v2\/posts"}],"about":[{"href":"https:\/\/www.altercampagne.net\/index.php?rest_route=\/wp\/v2\/types\/post"}],"author":[{"embeddable":true,"href":"https:\/\/www.altercampagne.net\/index.php?rest_route=\/wp\/v2\/users\/215"}],"replies":[{"embeddable":true,"href":"https:\/\/www.altercampagne.net\/index.php?rest_route=%2Fwp%2Fv2%2Fcomments&post=7299"}],"version-history":[{"count":1,"href":"https:\/\/www.altercampagne.net\/index.php?rest_route=\/wp\/v2\/posts\/7299\/revisions"}],"predecessor-version":[{"id":17285,"href":"https:\/\/www.altercampagne.net\/index.php?rest_route=\/wp\/v2\/posts\/7299\/revisions\/17285"}],"wp:attachment":[{"href":"https:\/\/www.altercampagne.net\/index.php?rest_route=%2Fwp%2Fv2%2Fmedia&parent=7299"}],"wp:term":[{"taxonomy":"category","embeddable":true,"href":"https:\/\/www.altercampagne.net\/index.php?rest_route=%2Fwp%2Fv2%2Fcategories&post=7299"},{"taxonomy":"post_tag","embeddable":true,"href":"https:\/\/www.altercampagne.net\/index.php?rest_route=%2Fwp%2Fv2%2Ftags&post=7299"}],"curies":[{"name":"wp","href":"https:\/\/api.w.org\/{rel}","templated":true}]}}