{"id":7353,"date":"2017-07-06T19:35:09","date_gmt":"2017-07-06T17:35:09","guid":{"rendered":"http:\/\/www.altercampagne.net\/?p=7353"},"modified":"2018-01-23T09:45:12","modified_gmt":"2018-01-23T08:45:12","slug":"320-citoyens-partent-sur-les-routes-de-france-avec-laltertour","status":"publish","type":"post","link":"https:\/\/www.altercampagne.net\/?p=7353","title":{"rendered":"320 citoyens partent sur les routes de France avec l\u2019AlterTour"},"content":{"rendered":"<p>L\u2019AlterTour reprend la route du 10 juillet au 20 ao\u00fbt pour un tour de France \u00e0 la recherche d\u2019initiatives vertes et de solutions pour un futur plus vert.<\/p>\n<p><strong>\u201cQuand on partait sur les chemins\u2026 \u00e0 bicyclette\u201d, 49 ans plus tard, la chanson d\u2019Yves Montand est toujours d\u2019actualit\u00e9. Et cette fois, c\u2019est pour mettre la France au vert ! Du 10 juillet au 20 ao\u00fbt, 320 citoyens vont parcourir les routes de l\u2019Hexagone \u00e0 la force de leurs mollets. Non il ne s\u2019agit pas du Tour de France, mais de la dixi\u00e8me \u00e9dition de l\u2019AlterTour. Un road-trip \u00e0 v\u00e9lo de 1 200 kilom\u00e8tres dont l\u2019objectif est simple : rencontrer ces personnes qui pr\u00e9parent le monde de demain avec des solutions \u00e9cologiques et solidaires.<\/strong><\/p>\n<p><a href=\"http:\/\/www.altercampagne.net\/wp-content\/uploads\/2016\/07\/2016-07-10_15.07.jpg\"><img loading=\"lazy\" decoding=\"async\" class=\"aligncenter wp-image-5591 size-full\" src=\"http:\/\/www.altercampagne.net\/wp-content\/uploads\/2016\/07\/2016-07-10_15.07.jpg\" alt=\"2016-07-10_15.07\" width=\"900\" height=\"310\" srcset=\"https:\/\/www.altercampagne.net\/wp-content\/uploads\/2016\/07\/2016-07-10_15.07.jpg 900w, https:\/\/www.altercampagne.net\/wp-content\/uploads\/2016\/07\/2016-07-10_15.07-300x103.jpg 300w\" sizes=\"auto, (max-width: 900px) 100vw, 900px\" \/><\/a>Fermes agro-\u00e9cologiques, \u00e9colieux, coop\u00e9ratives d\u2019habitats, ou encore micro-brasseries, depuis quelques temps les initiatives greens fleurissent \u00e0 travers la France. Les individus ne peuvent plus et ne veulent plus fermer les yeux sur les cons\u00e9quences dramatiques du d\u00e9r\u00e8glement climatique. C\u2019est la raison pour laquelle ils sont de plus en plus nombreux \u00e0 modifier leurs habitudes, convaincus que chacun, \u00e0 sa mani\u00e8re, peut changer les choses. Comme l\u2019explique Mathieu Fromont, coordinateur de l\u2019AlterTour \u00e0 We Demain :<\/p>\n<p style=\"text-align: center;\">\u00ab C\u2019est assez impressionnant de voir comme cela a \u00e9volu\u00e9. Pour le premier AlterTour, nous devions faire un grand tour de France car il n\u2019y avait pas assez de projets en lien avec la transition \u00e9cologique. Nous parcourions 80 et 120 kilom\u00e8tres par jour. Cela rendait notre tour beaucoup moins accessible. Dix ans apr\u00e8s, nous trouvons des projets tous les trente kilom\u00e8tres ! \u00bb<\/p>\n<p>Il y a ceux pour qui la nourriture est l\u2019effort le plus simple \u00e0 faire et passent \u00e0 une alimentation bio et locale. D\u2019autres vont plus loin en investissant dans des habitats \u00e0 \u00e9nergie positive, ou m\u00eame en quittant leur m\u00e9tier et leur vie pour \u00eatre en accord avec leurs valeurs.<\/p>\n<p><a href=\"http:\/\/www.altercampagne.net\/wp-content\/uploads\/2017\/07\/2016-08-20_14.51.49_1149.jpg\"><img loading=\"lazy\" decoding=\"async\" class=\"aligncenter wp-image-7354 size-full\" src=\"http:\/\/www.altercampagne.net\/wp-content\/uploads\/2017\/07\/2016-08-20_14.51.49_1149.jpg\" alt=\"2016-08-20_14.51.49_1149\" width=\"695\" height=\"467\" srcset=\"https:\/\/www.altercampagne.net\/wp-content\/uploads\/2017\/07\/2016-08-20_14.51.49_1149.jpg 695w, https:\/\/www.altercampagne.net\/wp-content\/uploads\/2017\/07\/2016-08-20_14.51.49_1149-300x202.jpg 300w\" sizes=\"auto, (max-width: 695px) 100vw, 695px\" \/><\/a>Ce sont toutes ces personnes, aussi diff\u00e9rentes et int\u00e9ressantes par leur histoire que l\u2019AlterTour souhaite rencontrer. Sur le chemin de la transition chaque jour, les Altercyclistes vont soutenir diff\u00e9rents collectifs, participer \u00e0 des ateliers de r\u00e9paration de v\u00e9lo participatifs et solidaires ou assister \u00e0 des chantiers collectifs. Et comme l\u2019\u00e9t\u00e9 reste la saison id\u00e9ale pour faire la f\u00eate, des spectacles participatifs ou des soir\u00e9es festives sont organis\u00e9s sur les lieux d\u2019accueil.<\/p>\n<p style=\"text-align: center;\">\u00ab Les participants viennent de France, de Belgique, de Suisse ou encore d\u2019Espagne. L\u2019AlterTour est vraiment ouvert \u00e0 tous. Cette ann\u00e9e, notre participant le plus jeune a deux ans et voyagera en carriole. Le plus \u00e2g\u00e9 en a 73 ! \u00bb<\/p>\n<p>Alors, si l\u2019envie vous vient de partager un bout de chemin avec eux l\u2019ann\u00e9e prochaine, pas d\u2019inqui\u00e9tude, l\u2019AlterTour ce n\u2019est que 3 heures de v\u00e9lo par jour pour un maximum de partage. En plus, comme chez les professionnels, un v\u00e9hicule logistique transporte les bagages et le minibus balai permet de se reposer de temps en temps.<\/p>\n<p style=\"text-align: right;\"><strong>Victoria Ouicher, <a href=\"http:\/\/positivr.fr\/320-citoyens-partent-routes-france-avec-altertour\/\" target=\"_blank\">Positivr<\/a><\/strong><\/p>\n","protected":false},"excerpt":{"rendered":"<p>L\u2019AlterTour reprend la route du 10 juillet au 20 ao\u00fbt pour un tour de France \u00e0 la recherche d\u2019initiatives vertes et de solutions pour un futur plus vert. \u201cQuand on partait sur les chemins\u2026 \u00e0 bicyclette\u201d, 49 ans plus tard, la chanson d\u2019Yves Montand est toujours d\u2019actualit\u00e9. Et cette fois, &#8230; <\/p>\n<div><a href=\"https:\/\/www.altercampagne.net\/?p=7353\" class=\"more-link\">Read More<\/a><\/div>\n","protected":false},"author":214,"featured_media":0,"comment_status":"closed","ping_status":"closed","sticky":false,"template":"","format":"standard","meta":{"footnotes":""},"categories":[239],"tags":[2783,2784,3102,3437],"class_list":["post-7353","post","type-post","status-publish","format-standard","hentry","category-revue-de-presse","tag-altertour-2017","tag-2784","tag-positivr","tag-victoria-ouicher","no-post-thumbnail"],"yoast_head":"<!-- This site is optimized with the Yoast SEO plugin v27.3 - https:\/\/yoast.com\/product\/yoast-seo-wordpress\/ -->\n<title>320 citoyens partent sur les routes de France avec l\u2019AlterTour - AlterTour<\/title>\n<meta name=\"robots\" content=\"index, follow, max-snippet:-1, max-image-preview:large, max-video-preview:-1\" \/>\n<link rel=\"canonical\" href=\"https:\/\/www.altercampagne.net\/?p=7353\" \/>\n<meta property=\"og:locale\" content=\"fr_FR\" \/>\n<meta property=\"og:type\" content=\"article\" \/>\n<meta property=\"og:title\" content=\"320 citoyens partent sur les routes de France avec l\u2019AlterTour - AlterTour\" \/>\n<meta property=\"og:description\" content=\"L\u2019AlterTour reprend la route du 10 juillet au 20 ao\u00fbt pour un tour de France \u00e0 la recherche d\u2019initiatives vertes et de solutions pour un futur plus vert. \u201cQuand on partait sur les chemins\u2026 \u00e0 bicyclette\u201d, 49 ans plus tard, la chanson d\u2019Yves Montand est toujours d\u2019actualit\u00e9. Et cette fois, ... Read More\" \/>\n<meta property=\"og:url\" content=\"https:\/\/www.altercampagne.net\/?p=7353\" \/>\n<meta property=\"og:site_name\" content=\"AlterTour\" \/>\n<meta property=\"article:published_time\" content=\"2017-07-06T17:35:09+00:00\" \/>\n<meta property=\"article:modified_time\" content=\"2018-01-23T08:45:12+00:00\" \/>\n<meta property=\"og:image\" content=\"http:\/\/www.altercampagne.net\/wp-content\/uploads\/2016\/07\/2016-07-10_15.07.jpg\" \/>\n<meta name=\"author\" content=\"Mathieu\" \/>\n<meta name=\"twitter:card\" content=\"summary_large_image\" \/>\n<meta name=\"twitter:label1\" content=\"\u00c9crit par\" \/>\n\t<meta name=\"twitter:data1\" content=\"Mathieu\" \/>\n\t<meta name=\"twitter:label2\" content=\"Dur\u00e9e de lecture estim\u00e9e\" \/>\n\t<meta name=\"twitter:data2\" content=\"3 minutes\" \/>\n<script type=\"application\/ld+json\" class=\"yoast-schema-graph\">{\"@context\":\"https:\\\/\\\/schema.org\",\"@graph\":[{\"@type\":\"Article\",\"@id\":\"https:\\\/\\\/www.altercampagne.net\\\/?p=7353#article\",\"isPartOf\":{\"@id\":\"https:\\\/\\\/www.altercampagne.net\\\/?p=7353\"},\"author\":{\"name\":\"Mathieu\",\"@id\":\"https:\\\/\\\/www.altercampagne.net\\\/#\\\/schema\\\/person\\\/0f261460c09e430caa0f9bcffa319109\"},\"headline\":\"320 citoyens partent sur les routes de France avec l\u2019AlterTour\",\"datePublished\":\"2017-07-06T17:35:09+00:00\",\"dateModified\":\"2018-01-23T08:45:12+00:00\",\"mainEntityOfPage\":{\"@id\":\"https:\\\/\\\/www.altercampagne.net\\\/?p=7353\"},\"wordCount\":516,\"image\":{\"@id\":\"https:\\\/\\\/www.altercampagne.net\\\/?p=7353#primaryimage\"},\"thumbnailUrl\":\"http:\\\/\\\/www.altercampagne.net\\\/wp-content\\\/uploads\\\/2016\\\/07\\\/2016-07-10_15.07.jpg\",\"keywords\":[\"AlterTour 2017\",\"2017\",\"Positivr\",\"Victoria Ouicher\"],\"articleSection\":[\"Revue de presse\"],\"inLanguage\":\"fr-FR\"},{\"@type\":\"WebPage\",\"@id\":\"https:\\\/\\\/www.altercampagne.net\\\/?p=7353\",\"url\":\"https:\\\/\\\/www.altercampagne.net\\\/?p=7353\",\"name\":\"320 citoyens partent sur les routes de France avec l\u2019AlterTour - AlterTour\",\"isPartOf\":{\"@id\":\"https:\\\/\\\/www.altercampagne.net\\\/#website\"},\"primaryImageOfPage\":{\"@id\":\"https:\\\/\\\/www.altercampagne.net\\\/?p=7353#primaryimage\"},\"image\":{\"@id\":\"https:\\\/\\\/www.altercampagne.net\\\/?p=7353#primaryimage\"},\"thumbnailUrl\":\"http:\\\/\\\/www.altercampagne.net\\\/wp-content\\\/uploads\\\/2016\\\/07\\\/2016-07-10_15.07.jpg\",\"datePublished\":\"2017-07-06T17:35:09+00:00\",\"dateModified\":\"2018-01-23T08:45:12+00:00\",\"author\":{\"@id\":\"https:\\\/\\\/www.altercampagne.net\\\/#\\\/schema\\\/person\\\/0f261460c09e430caa0f9bcffa319109\"},\"breadcrumb\":{\"@id\":\"https:\\\/\\\/www.altercampagne.net\\\/?p=7353#breadcrumb\"},\"inLanguage\":\"fr-FR\",\"potentialAction\":[{\"@type\":\"ReadAction\",\"target\":[\"https:\\\/\\\/www.altercampagne.net\\\/?p=7353\"]}]},{\"@type\":\"ImageObject\",\"inLanguage\":\"fr-FR\",\"@id\":\"https:\\\/\\\/www.altercampagne.net\\\/?p=7353#primaryimage\",\"url\":\"http:\\\/\\\/www.altercampagne.net\\\/wp-content\\\/uploads\\\/2016\\\/07\\\/2016-07-10_15.07.jpg\",\"contentUrl\":\"http:\\\/\\\/www.altercampagne.net\\\/wp-content\\\/uploads\\\/2016\\\/07\\\/2016-07-10_15.07.jpg\"},{\"@type\":\"BreadcrumbList\",\"@id\":\"https:\\\/\\\/www.altercampagne.net\\\/?p=7353#breadcrumb\",\"itemListElement\":[{\"@type\":\"ListItem\",\"position\":1,\"name\":\"Accueil\",\"item\":\"https:\\\/\\\/www.altercampagne.net\\\/\"},{\"@type\":\"ListItem\",\"position\":2,\"name\":\"320 citoyens partent sur les routes de France avec l\u2019AlterTour\"}]},{\"@type\":\"WebSite\",\"@id\":\"https:\\\/\\\/www.altercampagne.net\\\/#website\",\"url\":\"https:\\\/\\\/www.altercampagne.net\\\/\",\"name\":\"AlterTour\",\"description\":\"Reliez les Alternatives \u00e0 v\u00e9lo\",\"potentialAction\":[{\"@type\":\"SearchAction\",\"target\":{\"@type\":\"EntryPoint\",\"urlTemplate\":\"https:\\\/\\\/www.altercampagne.net\\\/?s={search_term_string}\"},\"query-input\":{\"@type\":\"PropertyValueSpecification\",\"valueRequired\":true,\"valueName\":\"search_term_string\"}}],\"inLanguage\":\"fr-FR\"},{\"@type\":\"Person\",\"@id\":\"https:\\\/\\\/www.altercampagne.net\\\/#\\\/schema\\\/person\\\/0f261460c09e430caa0f9bcffa319109\",\"name\":\"Mathieu\",\"image\":{\"@type\":\"ImageObject\",\"inLanguage\":\"fr-FR\",\"@id\":\"https:\\\/\\\/secure.gravatar.com\\\/avatar\\\/aa9d3d24c83f2141e5e2709d0f63d09a99f6be6bb7a50abc4915838d9f54501a?s=96&d=mm&r=g\",\"url\":\"https:\\\/\\\/secure.gravatar.com\\\/avatar\\\/aa9d3d24c83f2141e5e2709d0f63d09a99f6be6bb7a50abc4915838d9f54501a?s=96&d=mm&r=g\",\"contentUrl\":\"https:\\\/\\\/secure.gravatar.com\\\/avatar\\\/aa9d3d24c83f2141e5e2709d0f63d09a99f6be6bb7a50abc4915838d9f54501a?s=96&d=mm&r=g\",\"caption\":\"Mathieu\"},\"url\":\"https:\\\/\\\/www.altercampagne.net\\\/?author=214\"}]}<\/script>\n<!-- \/ Yoast SEO plugin. -->","yoast_head_json":{"title":"320 citoyens partent sur les routes de France avec l\u2019AlterTour - AlterTour","robots":{"index":"index","follow":"follow","max-snippet":"max-snippet:-1","max-image-preview":"max-image-preview:large","max-video-preview":"max-video-preview:-1"},"canonical":"https:\/\/www.altercampagne.net\/?p=7353","og_locale":"fr_FR","og_type":"article","og_title":"320 citoyens partent sur les routes de France avec l\u2019AlterTour - AlterTour","og_description":"L\u2019AlterTour reprend la route du 10 juillet au 20 ao\u00fbt pour un tour de France \u00e0 la recherche d\u2019initiatives vertes et de solutions pour un futur plus vert. \u201cQuand on partait sur les chemins\u2026 \u00e0 bicyclette\u201d, 49 ans plus tard, la chanson d\u2019Yves Montand est toujours d\u2019actualit\u00e9. Et cette fois, ... Read More","og_url":"https:\/\/www.altercampagne.net\/?p=7353","og_site_name":"AlterTour","article_published_time":"2017-07-06T17:35:09+00:00","article_modified_time":"2018-01-23T08:45:12+00:00","og_image":[{"url":"http:\/\/www.altercampagne.net\/wp-content\/uploads\/2016\/07\/2016-07-10_15.07.jpg","type":"","width":"","height":""}],"author":"Mathieu","twitter_card":"summary_large_image","twitter_misc":{"\u00c9crit par":"Mathieu","Dur\u00e9e de lecture estim\u00e9e":"3 minutes"},"schema":{"@context":"https:\/\/schema.org","@graph":[{"@type":"Article","@id":"https:\/\/www.altercampagne.net\/?p=7353#article","isPartOf":{"@id":"https:\/\/www.altercampagne.net\/?p=7353"},"author":{"name":"Mathieu","@id":"https:\/\/www.altercampagne.net\/#\/schema\/person\/0f261460c09e430caa0f9bcffa319109"},"headline":"320 citoyens partent sur les routes de France avec l\u2019AlterTour","datePublished":"2017-07-06T17:35:09+00:00","dateModified":"2018-01-23T08:45:12+00:00","mainEntityOfPage":{"@id":"https:\/\/www.altercampagne.net\/?p=7353"},"wordCount":516,"image":{"@id":"https:\/\/www.altercampagne.net\/?p=7353#primaryimage"},"thumbnailUrl":"http:\/\/www.altercampagne.net\/wp-content\/uploads\/2016\/07\/2016-07-10_15.07.jpg","keywords":["AlterTour 2017","2017","Positivr","Victoria Ouicher"],"articleSection":["Revue de presse"],"inLanguage":"fr-FR"},{"@type":"WebPage","@id":"https:\/\/www.altercampagne.net\/?p=7353","url":"https:\/\/www.altercampagne.net\/?p=7353","name":"320 citoyens partent sur les routes de France avec l\u2019AlterTour - AlterTour","isPartOf":{"@id":"https:\/\/www.altercampagne.net\/#website"},"primaryImageOfPage":{"@id":"https:\/\/www.altercampagne.net\/?p=7353#primaryimage"},"image":{"@id":"https:\/\/www.altercampagne.net\/?p=7353#primaryimage"},"thumbnailUrl":"http:\/\/www.altercampagne.net\/wp-content\/uploads\/2016\/07\/2016-07-10_15.07.jpg","datePublished":"2017-07-06T17:35:09+00:00","dateModified":"2018-01-23T08:45:12+00:00","author":{"@id":"https:\/\/www.altercampagne.net\/#\/schema\/person\/0f261460c09e430caa0f9bcffa319109"},"breadcrumb":{"@id":"https:\/\/www.altercampagne.net\/?p=7353#breadcrumb"},"inLanguage":"fr-FR","potentialAction":[{"@type":"ReadAction","target":["https:\/\/www.altercampagne.net\/?p=7353"]}]},{"@type":"ImageObject","inLanguage":"fr-FR","@id":"https:\/\/www.altercampagne.net\/?p=7353#primaryimage","url":"http:\/\/www.altercampagne.net\/wp-content\/uploads\/2016\/07\/2016-07-10_15.07.jpg","contentUrl":"http:\/\/www.altercampagne.net\/wp-content\/uploads\/2016\/07\/2016-07-10_15.07.jpg"},{"@type":"BreadcrumbList","@id":"https:\/\/www.altercampagne.net\/?p=7353#breadcrumb","itemListElement":[{"@type":"ListItem","position":1,"name":"Accueil","item":"https:\/\/www.altercampagne.net\/"},{"@type":"ListItem","position":2,"name":"320 citoyens partent sur les routes de France avec l\u2019AlterTour"}]},{"@type":"WebSite","@id":"https:\/\/www.altercampagne.net\/#website","url":"https:\/\/www.altercampagne.net\/","name":"AlterTour","description":"Reliez les Alternatives \u00e0 v\u00e9lo","potentialAction":[{"@type":"SearchAction","target":{"@type":"EntryPoint","urlTemplate":"https:\/\/www.altercampagne.net\/?s={search_term_string}"},"query-input":{"@type":"PropertyValueSpecification","valueRequired":true,"valueName":"search_term_string"}}],"inLanguage":"fr-FR"},{"@type":"Person","@id":"https:\/\/www.altercampagne.net\/#\/schema\/person\/0f261460c09e430caa0f9bcffa319109","name":"Mathieu","image":{"@type":"ImageObject","inLanguage":"fr-FR","@id":"https:\/\/secure.gravatar.com\/avatar\/aa9d3d24c83f2141e5e2709d0f63d09a99f6be6bb7a50abc4915838d9f54501a?s=96&d=mm&r=g","url":"https:\/\/secure.gravatar.com\/avatar\/aa9d3d24c83f2141e5e2709d0f63d09a99f6be6bb7a50abc4915838d9f54501a?s=96&d=mm&r=g","contentUrl":"https:\/\/secure.gravatar.com\/avatar\/aa9d3d24c83f2141e5e2709d0f63d09a99f6be6bb7a50abc4915838d9f54501a?s=96&d=mm&r=g","caption":"Mathieu"},"url":"https:\/\/www.altercampagne.net\/?author=214"}]}},"_links":{"self":[{"href":"https:\/\/www.altercampagne.net\/index.php?rest_route=\/wp\/v2\/posts\/7353","targetHints":{"allow":["GET"]}}],"collection":[{"href":"https:\/\/www.altercampagne.net\/index.php?rest_route=\/wp\/v2\/posts"}],"about":[{"href":"https:\/\/www.altercampagne.net\/index.php?rest_route=\/wp\/v2\/types\/post"}],"author":[{"embeddable":true,"href":"https:\/\/www.altercampagne.net\/index.php?rest_route=\/wp\/v2\/users\/214"}],"replies":[{"embeddable":true,"href":"https:\/\/www.altercampagne.net\/index.php?rest_route=%2Fwp%2Fv2%2Fcomments&post=7353"}],"version-history":[{"count":0,"href":"https:\/\/www.altercampagne.net\/index.php?rest_route=\/wp\/v2\/posts\/7353\/revisions"}],"wp:attachment":[{"href":"https:\/\/www.altercampagne.net\/index.php?rest_route=%2Fwp%2Fv2%2Fmedia&parent=7353"}],"wp:term":[{"taxonomy":"category","embeddable":true,"href":"https:\/\/www.altercampagne.net\/index.php?rest_route=%2Fwp%2Fv2%2Fcategories&post=7353"},{"taxonomy":"post_tag","embeddable":true,"href":"https:\/\/www.altercampagne.net\/index.php?rest_route=%2Fwp%2Fv2%2Ftags&post=7353"}],"curies":[{"name":"wp","href":"https:\/\/api.w.org\/{rel}","templated":true}]}}