{"id":7356,"date":"2017-07-06T16:51:57","date_gmt":"2017-07-06T14:51:57","guid":{"rendered":"http:\/\/www.altercampagne.net\/?p=7356"},"modified":"2017-07-06T19:59:27","modified_gmt":"2017-07-06T17:59:27","slug":"laltertour-ou-le-tour-de-france-des-alternatives","status":"publish","type":"post","link":"https:\/\/www.altercampagne.net\/?p=7356","title":{"rendered":"L\u2019AlterTour ou le tour de France des alternatives"},"content":{"rendered":"<p><strong>CHA\u00ceNE. Depuis 2007, des citoyens parcourent le pays \u00e0 v\u00e9lo et explorent les lieux de la transition \u00e9cologique. Cette ann\u00e9e, l\u2019AlterTour,\u00a0tour de France d\u2019un autre genre, r\u00e9unira des centaines de cyclistes pendant six semaines. Top d\u00e9part \u00e0 Toulouse, le 8 juillet.\u00a0<\/strong><\/p>\n<p><a href=\"http:\/\/www.altercampagne.net\/wp-content\/uploads\/2015\/09\/2015-07-19_15.37.46_7522.jpg\"><img loading=\"lazy\" decoding=\"async\" class=\" size-full wp-image-2019 aligncenter\" src=\"http:\/\/www.altercampagne.net\/wp-content\/uploads\/2015\/09\/2015-07-19_15.37.46_7522.jpg\" alt=\"2015-07-19_15.37.46_7522\" width=\"873\" height=\"586\" srcset=\"https:\/\/www.altercampagne.net\/wp-content\/uploads\/2015\/09\/2015-07-19_15.37.46_7522.jpg 873w, https:\/\/www.altercampagne.net\/wp-content\/uploads\/2015\/09\/2015-07-19_15.37.46_7522-300x201.jpg 300w\" sizes=\"auto, (max-width: 873px) 100vw, 873px\" \/><\/a>Parcourir la France \u00e0 v\u00e9lo pour d\u00e9couvrir des groupes ou structures en route vers <a href=\"http:\/\/www.altercampagne.net\" target=\"_blank\">la transition \u00e9cologique, c\u2019est le but de l\u2019Altertour<\/a>. L\u2019association qui f\u00eate ses dix ans cette ann\u00e9e donnera son top d\u00e9part \u00e0 Toulouse le 8 juillet pour finir, apr\u00e8s un parcours de 1200 kilom\u00e8tres, \u00e0 Valence (Dr\u00f4me), le 20 ao\u00fbt. Fermes agro\u00e9cologiques, chantiers d\u2019\u00e9coconstruction, ateliers de r\u00e9paration de v\u00e9los participatifs et solidaires, habitats partag\u00e9s ou micros brasseries, les \u00e9colieux qui jalonneront les \u00e9tapes des 320 altercyclistes sont nombreux. \u201c<i>Quand on a commenc\u00e9, on avait du mal \u00e0 trouver ce type de projets. Il fallait parfois parcourir 100 kilom\u00e8tres par jour. Aujourd\u2019hui, on en voit tous les 30 kilom\u00e8tres<\/i>\u201c, se r\u00e9jouit Mathieu Fromont, coordinateur du tour.<\/p>\n<p>Venus de France, d\u2019Espagne, de Suisse, d\u2019Angleterre, de Hollande ou de Belgique, les altercyclistes ont tous les \u00e2ges. Cette ann\u00e9e, le doyen a 73 ans, le plus jeune, deux ans.<\/p>\n<p>Au menu pour chaque \u00e9tape\u00a0: une visite du lieu, un repas, une nuit sur place mais surtout des \u00e9changes pour partager les solutions qui m\u00e8nent \u00e0 la transition \u00e9cologique et solidaire.<\/p>\n<p>Cette ann\u00e9e, le tour s\u2019arr\u00eatera notamment \u00e0 Saillans. Dans cette commune de la Dr\u00f4me, on construit la d\u00e9mocratie autrement. Chaque habitant est impliqu\u00e9 dans les d\u00e9cisions du village. Depuis les derni\u00e8res \u00e9lections municipales, c\u2019est une liste citoyenne qui g\u00e8re les affaires de la commune. \u201c<i>Avec nos \u00e9tapes, nous ne voulons pas d\u00e9montrer qu\u2019un autre monde est possible mais plut\u00f4t qu\u2019il existe d\u00e9j\u00e0<\/i>\u201c, conclut Mathieu Fromont.<\/p>\n<p style=\"text-align: right;\"><strong>Vanessa Vertus, <a href=\"http:\/\/www.lejournaltoulousain.fr\/societe\/laltertour-ou-le-tour-de-france-des-alternatives-51802\" target=\"_blank\">Le Journal Toulousain<\/a><\/strong><\/p>\n","protected":false},"excerpt":{"rendered":"<p>CHA\u00ceNE. Depuis 2007, des citoyens parcourent le pays \u00e0 v\u00e9lo et explorent les lieux de la transition \u00e9cologique. Cette ann\u00e9e, l\u2019AlterTour,\u00a0tour de France d\u2019un autre genre, r\u00e9unira des centaines de cyclistes pendant six semaines. Top d\u00e9part \u00e0 Toulouse, le 8 juillet.\u00a0 Parcourir la France \u00e0 v\u00e9lo pour d\u00e9couvrir des groupes &#8230; <\/p>\n<div><a href=\"https:\/\/www.altercampagne.net\/?p=7356\" class=\"more-link\">Read More<\/a><\/div>\n","protected":false},"author":214,"featured_media":0,"comment_status":"closed","ping_status":"closed","sticky":false,"template":"","format":"standard","meta":{"footnotes":""},"categories":[239],"tags":[88,2783,2784,3103,3104],"class_list":["post-7356","post","type-post","status-publish","format-standard","hentry","category-revue-de-presse","tag-toulouse","tag-altertour-2017","tag-2784","tag-vanessa-vertus","tag-le-journal-toulousain","no-post-thumbnail"],"yoast_head":"<!-- This site is optimized with the Yoast SEO plugin v27.3 - https:\/\/yoast.com\/product\/yoast-seo-wordpress\/ -->\n<title>L\u2019AlterTour ou le tour de France des alternatives - AlterTour<\/title>\n<meta name=\"robots\" content=\"index, follow, max-snippet:-1, max-image-preview:large, max-video-preview:-1\" \/>\n<link rel=\"canonical\" href=\"https:\/\/www.altercampagne.net\/?p=7356\" \/>\n<meta property=\"og:locale\" content=\"fr_FR\" \/>\n<meta property=\"og:type\" content=\"article\" \/>\n<meta property=\"og:title\" content=\"L\u2019AlterTour ou le tour de France des alternatives - AlterTour\" \/>\n<meta property=\"og:description\" content=\"CHA\u00ceNE. Depuis 2007, des citoyens parcourent le pays \u00e0 v\u00e9lo et explorent les lieux de la transition \u00e9cologique. Cette ann\u00e9e, l\u2019AlterTour,\u00a0tour de France d\u2019un autre genre, r\u00e9unira des centaines de cyclistes pendant six semaines. Top d\u00e9part \u00e0 Toulouse, le 8 juillet.\u00a0 Parcourir la France \u00e0 v\u00e9lo pour d\u00e9couvrir des groupes ... Read More\" \/>\n<meta property=\"og:url\" content=\"https:\/\/www.altercampagne.net\/?p=7356\" \/>\n<meta property=\"og:site_name\" content=\"AlterTour\" \/>\n<meta property=\"article:published_time\" content=\"2017-07-06T14:51:57+00:00\" \/>\n<meta property=\"article:modified_time\" content=\"2017-07-06T17:59:27+00:00\" \/>\n<meta property=\"og:image\" content=\"http:\/\/www.altercampagne.net\/wp-content\/uploads\/2015\/09\/2015-07-19_15.37.46_7522.jpg\" \/>\n<meta name=\"author\" content=\"Mathieu\" \/>\n<meta name=\"twitter:card\" content=\"summary_large_image\" \/>\n<meta name=\"twitter:label1\" content=\"\u00c9crit par\" \/>\n\t<meta name=\"twitter:data1\" content=\"Mathieu\" \/>\n\t<meta name=\"twitter:label2\" content=\"Dur\u00e9e de lecture estim\u00e9e\" \/>\n\t<meta name=\"twitter:data2\" content=\"2 minutes\" \/>\n<script type=\"application\/ld+json\" class=\"yoast-schema-graph\">{\"@context\":\"https:\\\/\\\/schema.org\",\"@graph\":[{\"@type\":\"Article\",\"@id\":\"https:\\\/\\\/www.altercampagne.net\\\/?p=7356#article\",\"isPartOf\":{\"@id\":\"https:\\\/\\\/www.altercampagne.net\\\/?p=7356\"},\"author\":{\"name\":\"Mathieu\",\"@id\":\"https:\\\/\\\/www.altercampagne.net\\\/#\\\/schema\\\/person\\\/0f261460c09e430caa0f9bcffa319109\"},\"headline\":\"L\u2019AlterTour ou le tour de France des alternatives\",\"datePublished\":\"2017-07-06T14:51:57+00:00\",\"dateModified\":\"2017-07-06T17:59:27+00:00\",\"mainEntityOfPage\":{\"@id\":\"https:\\\/\\\/www.altercampagne.net\\\/?p=7356\"},\"wordCount\":329,\"image\":{\"@id\":\"https:\\\/\\\/www.altercampagne.net\\\/?p=7356#primaryimage\"},\"thumbnailUrl\":\"http:\\\/\\\/www.altercampagne.net\\\/wp-content\\\/uploads\\\/2015\\\/09\\\/2015-07-19_15.37.46_7522.jpg\",\"keywords\":[\"Toulouse\",\"AlterTour 2017\",\"2017\",\"Vanessa Vertus\",\"Le Journal Toulousain\"],\"articleSection\":[\"Revue de presse\"],\"inLanguage\":\"fr-FR\"},{\"@type\":\"WebPage\",\"@id\":\"https:\\\/\\\/www.altercampagne.net\\\/?p=7356\",\"url\":\"https:\\\/\\\/www.altercampagne.net\\\/?p=7356\",\"name\":\"L\u2019AlterTour ou le tour de France des alternatives - AlterTour\",\"isPartOf\":{\"@id\":\"https:\\\/\\\/www.altercampagne.net\\\/#website\"},\"primaryImageOfPage\":{\"@id\":\"https:\\\/\\\/www.altercampagne.net\\\/?p=7356#primaryimage\"},\"image\":{\"@id\":\"https:\\\/\\\/www.altercampagne.net\\\/?p=7356#primaryimage\"},\"thumbnailUrl\":\"http:\\\/\\\/www.altercampagne.net\\\/wp-content\\\/uploads\\\/2015\\\/09\\\/2015-07-19_15.37.46_7522.jpg\",\"datePublished\":\"2017-07-06T14:51:57+00:00\",\"dateModified\":\"2017-07-06T17:59:27+00:00\",\"author\":{\"@id\":\"https:\\\/\\\/www.altercampagne.net\\\/#\\\/schema\\\/person\\\/0f261460c09e430caa0f9bcffa319109\"},\"breadcrumb\":{\"@id\":\"https:\\\/\\\/www.altercampagne.net\\\/?p=7356#breadcrumb\"},\"inLanguage\":\"fr-FR\",\"potentialAction\":[{\"@type\":\"ReadAction\",\"target\":[\"https:\\\/\\\/www.altercampagne.net\\\/?p=7356\"]}]},{\"@type\":\"ImageObject\",\"inLanguage\":\"fr-FR\",\"@id\":\"https:\\\/\\\/www.altercampagne.net\\\/?p=7356#primaryimage\",\"url\":\"http:\\\/\\\/www.altercampagne.net\\\/wp-content\\\/uploads\\\/2015\\\/09\\\/2015-07-19_15.37.46_7522.jpg\",\"contentUrl\":\"http:\\\/\\\/www.altercampagne.net\\\/wp-content\\\/uploads\\\/2015\\\/09\\\/2015-07-19_15.37.46_7522.jpg\"},{\"@type\":\"BreadcrumbList\",\"@id\":\"https:\\\/\\\/www.altercampagne.net\\\/?p=7356#breadcrumb\",\"itemListElement\":[{\"@type\":\"ListItem\",\"position\":1,\"name\":\"Accueil\",\"item\":\"https:\\\/\\\/www.altercampagne.net\\\/\"},{\"@type\":\"ListItem\",\"position\":2,\"name\":\"L\u2019AlterTour ou le tour de France des alternatives\"}]},{\"@type\":\"WebSite\",\"@id\":\"https:\\\/\\\/www.altercampagne.net\\\/#website\",\"url\":\"https:\\\/\\\/www.altercampagne.net\\\/\",\"name\":\"AlterTour\",\"description\":\"Reliez les Alternatives \u00e0 v\u00e9lo\",\"potentialAction\":[{\"@type\":\"SearchAction\",\"target\":{\"@type\":\"EntryPoint\",\"urlTemplate\":\"https:\\\/\\\/www.altercampagne.net\\\/?s={search_term_string}\"},\"query-input\":{\"@type\":\"PropertyValueSpecification\",\"valueRequired\":true,\"valueName\":\"search_term_string\"}}],\"inLanguage\":\"fr-FR\"},{\"@type\":\"Person\",\"@id\":\"https:\\\/\\\/www.altercampagne.net\\\/#\\\/schema\\\/person\\\/0f261460c09e430caa0f9bcffa319109\",\"name\":\"Mathieu\",\"image\":{\"@type\":\"ImageObject\",\"inLanguage\":\"fr-FR\",\"@id\":\"https:\\\/\\\/secure.gravatar.com\\\/avatar\\\/aa9d3d24c83f2141e5e2709d0f63d09a99f6be6bb7a50abc4915838d9f54501a?s=96&d=mm&r=g\",\"url\":\"https:\\\/\\\/secure.gravatar.com\\\/avatar\\\/aa9d3d24c83f2141e5e2709d0f63d09a99f6be6bb7a50abc4915838d9f54501a?s=96&d=mm&r=g\",\"contentUrl\":\"https:\\\/\\\/secure.gravatar.com\\\/avatar\\\/aa9d3d24c83f2141e5e2709d0f63d09a99f6be6bb7a50abc4915838d9f54501a?s=96&d=mm&r=g\",\"caption\":\"Mathieu\"},\"url\":\"https:\\\/\\\/www.altercampagne.net\\\/?author=214\"}]}<\/script>\n<!-- \/ Yoast SEO plugin. -->","yoast_head_json":{"title":"L\u2019AlterTour ou le tour de France des alternatives - AlterTour","robots":{"index":"index","follow":"follow","max-snippet":"max-snippet:-1","max-image-preview":"max-image-preview:large","max-video-preview":"max-video-preview:-1"},"canonical":"https:\/\/www.altercampagne.net\/?p=7356","og_locale":"fr_FR","og_type":"article","og_title":"L\u2019AlterTour ou le tour de France des alternatives - AlterTour","og_description":"CHA\u00ceNE. Depuis 2007, des citoyens parcourent le pays \u00e0 v\u00e9lo et explorent les lieux de la transition \u00e9cologique. Cette ann\u00e9e, l\u2019AlterTour,\u00a0tour de France d\u2019un autre genre, r\u00e9unira des centaines de cyclistes pendant six semaines. Top d\u00e9part \u00e0 Toulouse, le 8 juillet.\u00a0 Parcourir la France \u00e0 v\u00e9lo pour d\u00e9couvrir des groupes ... Read More","og_url":"https:\/\/www.altercampagne.net\/?p=7356","og_site_name":"AlterTour","article_published_time":"2017-07-06T14:51:57+00:00","article_modified_time":"2017-07-06T17:59:27+00:00","og_image":[{"url":"http:\/\/www.altercampagne.net\/wp-content\/uploads\/2015\/09\/2015-07-19_15.37.46_7522.jpg","type":"","width":"","height":""}],"author":"Mathieu","twitter_card":"summary_large_image","twitter_misc":{"\u00c9crit par":"Mathieu","Dur\u00e9e de lecture estim\u00e9e":"2 minutes"},"schema":{"@context":"https:\/\/schema.org","@graph":[{"@type":"Article","@id":"https:\/\/www.altercampagne.net\/?p=7356#article","isPartOf":{"@id":"https:\/\/www.altercampagne.net\/?p=7356"},"author":{"name":"Mathieu","@id":"https:\/\/www.altercampagne.net\/#\/schema\/person\/0f261460c09e430caa0f9bcffa319109"},"headline":"L\u2019AlterTour ou le tour de France des alternatives","datePublished":"2017-07-06T14:51:57+00:00","dateModified":"2017-07-06T17:59:27+00:00","mainEntityOfPage":{"@id":"https:\/\/www.altercampagne.net\/?p=7356"},"wordCount":329,"image":{"@id":"https:\/\/www.altercampagne.net\/?p=7356#primaryimage"},"thumbnailUrl":"http:\/\/www.altercampagne.net\/wp-content\/uploads\/2015\/09\/2015-07-19_15.37.46_7522.jpg","keywords":["Toulouse","AlterTour 2017","2017","Vanessa Vertus","Le Journal Toulousain"],"articleSection":["Revue de presse"],"inLanguage":"fr-FR"},{"@type":"WebPage","@id":"https:\/\/www.altercampagne.net\/?p=7356","url":"https:\/\/www.altercampagne.net\/?p=7356","name":"L\u2019AlterTour ou le tour de France des alternatives - AlterTour","isPartOf":{"@id":"https:\/\/www.altercampagne.net\/#website"},"primaryImageOfPage":{"@id":"https:\/\/www.altercampagne.net\/?p=7356#primaryimage"},"image":{"@id":"https:\/\/www.altercampagne.net\/?p=7356#primaryimage"},"thumbnailUrl":"http:\/\/www.altercampagne.net\/wp-content\/uploads\/2015\/09\/2015-07-19_15.37.46_7522.jpg","datePublished":"2017-07-06T14:51:57+00:00","dateModified":"2017-07-06T17:59:27+00:00","author":{"@id":"https:\/\/www.altercampagne.net\/#\/schema\/person\/0f261460c09e430caa0f9bcffa319109"},"breadcrumb":{"@id":"https:\/\/www.altercampagne.net\/?p=7356#breadcrumb"},"inLanguage":"fr-FR","potentialAction":[{"@type":"ReadAction","target":["https:\/\/www.altercampagne.net\/?p=7356"]}]},{"@type":"ImageObject","inLanguage":"fr-FR","@id":"https:\/\/www.altercampagne.net\/?p=7356#primaryimage","url":"http:\/\/www.altercampagne.net\/wp-content\/uploads\/2015\/09\/2015-07-19_15.37.46_7522.jpg","contentUrl":"http:\/\/www.altercampagne.net\/wp-content\/uploads\/2015\/09\/2015-07-19_15.37.46_7522.jpg"},{"@type":"BreadcrumbList","@id":"https:\/\/www.altercampagne.net\/?p=7356#breadcrumb","itemListElement":[{"@type":"ListItem","position":1,"name":"Accueil","item":"https:\/\/www.altercampagne.net\/"},{"@type":"ListItem","position":2,"name":"L\u2019AlterTour ou le tour de France des alternatives"}]},{"@type":"WebSite","@id":"https:\/\/www.altercampagne.net\/#website","url":"https:\/\/www.altercampagne.net\/","name":"AlterTour","description":"Reliez les Alternatives \u00e0 v\u00e9lo","potentialAction":[{"@type":"SearchAction","target":{"@type":"EntryPoint","urlTemplate":"https:\/\/www.altercampagne.net\/?s={search_term_string}"},"query-input":{"@type":"PropertyValueSpecification","valueRequired":true,"valueName":"search_term_string"}}],"inLanguage":"fr-FR"},{"@type":"Person","@id":"https:\/\/www.altercampagne.net\/#\/schema\/person\/0f261460c09e430caa0f9bcffa319109","name":"Mathieu","image":{"@type":"ImageObject","inLanguage":"fr-FR","@id":"https:\/\/secure.gravatar.com\/avatar\/aa9d3d24c83f2141e5e2709d0f63d09a99f6be6bb7a50abc4915838d9f54501a?s=96&d=mm&r=g","url":"https:\/\/secure.gravatar.com\/avatar\/aa9d3d24c83f2141e5e2709d0f63d09a99f6be6bb7a50abc4915838d9f54501a?s=96&d=mm&r=g","contentUrl":"https:\/\/secure.gravatar.com\/avatar\/aa9d3d24c83f2141e5e2709d0f63d09a99f6be6bb7a50abc4915838d9f54501a?s=96&d=mm&r=g","caption":"Mathieu"},"url":"https:\/\/www.altercampagne.net\/?author=214"}]}},"_links":{"self":[{"href":"https:\/\/www.altercampagne.net\/index.php?rest_route=\/wp\/v2\/posts\/7356","targetHints":{"allow":["GET"]}}],"collection":[{"href":"https:\/\/www.altercampagne.net\/index.php?rest_route=\/wp\/v2\/posts"}],"about":[{"href":"https:\/\/www.altercampagne.net\/index.php?rest_route=\/wp\/v2\/types\/post"}],"author":[{"embeddable":true,"href":"https:\/\/www.altercampagne.net\/index.php?rest_route=\/wp\/v2\/users\/214"}],"replies":[{"embeddable":true,"href":"https:\/\/www.altercampagne.net\/index.php?rest_route=%2Fwp%2Fv2%2Fcomments&post=7356"}],"version-history":[{"count":0,"href":"https:\/\/www.altercampagne.net\/index.php?rest_route=\/wp\/v2\/posts\/7356\/revisions"}],"wp:attachment":[{"href":"https:\/\/www.altercampagne.net\/index.php?rest_route=%2Fwp%2Fv2%2Fmedia&parent=7356"}],"wp:term":[{"taxonomy":"category","embeddable":true,"href":"https:\/\/www.altercampagne.net\/index.php?rest_route=%2Fwp%2Fv2%2Fcategories&post=7356"},{"taxonomy":"post_tag","embeddable":true,"href":"https:\/\/www.altercampagne.net\/index.php?rest_route=%2Fwp%2Fv2%2Ftags&post=7356"}],"curies":[{"name":"wp","href":"https:\/\/api.w.org\/{rel}","templated":true}]}}