{"id":7364,"date":"2017-07-07T18:21:43","date_gmt":"2017-07-07T16:21:43","guid":{"rendered":"http:\/\/www.altercampagne.net\/?p=7364"},"modified":"2017-07-07T18:21:43","modified_gmt":"2017-07-07T16:21:43","slug":"occitanie-laltertour-2017-se-met-en-selle-sur-les-chemins-de-la-transition","status":"publish","type":"post","link":"https:\/\/www.altercampagne.net\/?p=7364","title":{"rendered":"OCCITANIE : L\u2019ALTERTOUR 2017 SE MET EN SELLE SUR \u00ab LES CHEMINS DE LA TRANSITION \u00bb"},"content":{"rendered":"<p class=\"rtejustify\"><strong>Marre des compte-rendus quotidiens de la Grande boucle \u00e0 la t\u00e9l\u00e9 et \u00e0 la radio ? Un autre tour est possible !\u00a0Organis\u00e9 par l\u2019association <a href=\"http:\/\/www.altercampagne.net\/?page_id=34\">AlterCampagne<\/a>, l\u2019<a href=\"http:\/\/www.altercampagne.net\/?page_id=150\">AlterTour<\/a>, auto-proclam\u00e9 le \u00ab\u00a0<em>plus grand Tour de France \u00e9colo<\/em>\u00a0\u00bb, s\u2019\u00e9lancera pour un voyage de six semaines sur \u00ab\u00a0<em>les chemins de la transition<\/em>\u00a0\u00bb. Depuis la Maison de l\u2019Economie Solidaire \u00e0 Ramonville-Sainte-Agne (31), ce dimanche 9 juillet \u00e0 9h, les cyclistes s\u2019engageront sur les routes\u00a0d&rsquo;Occitanie et de Rh\u00f4ne-Alpes-Auvergne pour promouvoir un mode de vie plus respectueux de l&rsquo;environnement.<\/strong><\/p>\n<p class=\"rtejustify\"><a href=\"http:\/\/www.altercampagne.net\/wp-content\/uploads\/2017\/07\/2013-07-19_19.31.24_4632.jpg\"><img loading=\"lazy\" decoding=\"async\" class=\" size-full wp-image-7365 aligncenter\" src=\"http:\/\/www.altercampagne.net\/wp-content\/uploads\/2017\/07\/2013-07-19_19.31.24_4632.jpg\" alt=\"2013-07-19_19.31.24_4632\" width=\"695\" height=\"467\" srcset=\"https:\/\/www.altercampagne.net\/wp-content\/uploads\/2017\/07\/2013-07-19_19.31.24_4632.jpg 695w, https:\/\/www.altercampagne.net\/wp-content\/uploads\/2017\/07\/2013-07-19_19.31.24_4632-300x202.jpg 300w\" sizes=\"auto, (max-width: 695px) 100vw, 695px\" \/><\/a>\u00ab <em>Le fondement de l\u2019action est la lutte anti-OGM et la mise en lumi\u00e8re de l\u2019agriculture familiale et bio. Mais progressivement on s\u2019ouvre \u00e0 d\u2019autres questions de soci\u00e9t\u00e9<\/em> \u00bb, plante Mathieu Fromont, coordinateur de l\u2019AlterTour. Habitat passif, habitat l\u00e9ger, ateliers participatifs, production d\u2019\u00e9nergie renouvelable \u2026 autant d\u2019initiatives en faveur d\u2019une \u00e9conomie durable et solidaire que les 70 alternatives permettront d\u2019aborder tout au long de cette dixi\u00e8me \u00e9dition.<\/p>\n<div class=\"field field-name-body field-type-text-with-summary field-label-hidden\">\n<div class=\"field-items\">\n<div class=\"field-item even\">\n<p class=\"rtejustify\">Les deux premi\u00e8res \u00e9ditions, bien trop cons\u00e9quentes, sillonnaient l\u2019ensemble de l\u2019Hexagone. Pour les AlterTours suivants, on a \u00ab <em>voulu rendre l\u2019exp\u00e9rience accessible \u00e0 toutes les g\u00e9n\u00e9rations<\/em> \u00bb, explique Mathieu Fromont. Le circuit est pass\u00e9 de 2 800 kilom\u00e8tres \u00e0 parcourir en trois semaines \u00e0 une vir\u00e9e de 1 200 kilom\u00e8tres \u00e0 arpenter en six semaines. Apr\u00e8s la r\u00e9gion Bretagne l\u2019ann\u00e9e derni\u00e8re, c\u2019est au tour des d\u00e9partements Haute-Garonne, Ari\u00e8ge, Pyr\u00e9n\u00e9es-Orientales, Aude, H\u00e9rault, Gard, Ard\u00e8che, Dr\u00f4me, et Is\u00e8re d\u2019\u00eatre investis par les <strong>350 participants<\/strong>.<\/p>\n<h2 class=\"rtejustify\"><strong>\u00ab <em>Nous pouvons sortir du mod\u00e8le de consommation actuel<\/em> \u00bb<\/strong><\/h2>\n<p class=\"rtejustify\">Trois heures, c\u2019est le temps de p\u00e9dalage quotidien \u00e0 pr\u00e9voir pour les cyclistes. Apr\u00e8s l\u2019effort, le r\u00e9confort. Chaque journ\u00e9e sera l\u2019occasion de \u00ab <em>rendre visite aux acteurs de la transition tout en montrant que nous pouvons sortir du mod\u00e8le de consommation actuel <\/em>\u00bb, mentionne Mathieu Fromont avant d\u2019illustrer cette exp\u00e9rience par le changement de vie de Florence. Pour cette ancienne couturi\u00e8re chez Jean-Paul Gaultier \u00e0 Paris, l\u2019AlterTour a \u00e9t\u00e9 un vrai tournant. \u00ab <em>Suite \u00e0 mon premier AlterTour, convaincue qu&rsquo;un avenir meilleur \u00e9tait possible, j&rsquo;ai plaqu\u00e9 Jean-Paul Gaultier ! <\/em>\u00bb, dit-elle. Apr\u00e8s avoir v\u00e9cu en communaut\u00e9 en Italie pendant un an et demi, elle a fond\u00e9 avec succ\u00e8s, \u00e0 Rennes, un atelier (<a href=\"http:\/\/www.piqueusesdidees.fr\/\">Les Piqueuses d&rsquo;id\u00e9es<\/a>) gr\u00e2ce auquel elle transmet son savoir aux autres.<\/p>\n<p class=\"rtejustify\">Ne pouvant pas prendre en charge une quantit\u00e9 trop importante d\u2019aventuriers pour les repas et l\u2019h\u00e9bergement, \u00ab <em>le nombre d\u2019<a href=\"http:\/\/www.altercampagne.net\/?page_id=178\">inscriptions<\/a> est limit\u00e9. Nous voulons rester sur un \u00e9v\u00e9nement convivial et humain <\/em>\u00bb, pr\u00e9cise Mathieu, \u00e9tonn\u00e9 et ravi du succ\u00e8s de l&rsquo;op\u00e9ration. C\u2019est autour d\u2019une tabl\u00e9e de plats locaux et bio que chacun pourra profiter de l\u2019ambiance chaleureuse de l\u2019AlterTour. Spectacles participatifs, musicaux et th\u00e9\u00e2traux seront chaque soir co-produits par les artistes locaux et les participants amateurs d\u2019art. Le financement est participatif et autog\u00e9r\u00e9. Autrement dit, chacun donne ce qu\u2019il peut en fonction de ses revenus.<\/p>\n<p class=\"rtejustify\">Parall\u00e8lement, deux \u00ab <a href=\"http:\/\/www.altercampagne.net\/?page_id=4917\">Echapp\u00e9es belles<\/a> \u00bb sont organis\u00e9es. Le principe est le m\u00eame que celui de l\u2019AlterTour mais sur des parcours diff\u00e9rents et sans v\u00e9hicule d\u2019assistance. Mathieu Fromont se veut rassurant : \u00ab <em>C\u2019est \u00e0 peine plus physique parce qu\u2019on porte ses bagages mais cela reste tr\u00e8s accessible<\/em> \u00bb. Deux semaines sont planifi\u00e9es. La premi\u00e8re d\u00e9butera en Espagne le 13 juillet pour s\u2019achever \u00e0 Narbonne le 22 juillet. La seconde sera lanc\u00e9e \u00e0 Thoiras le 1er ao\u00fbt et atteindra Eurre le 10 ao\u00fbt. Une fois leur parcours termin\u00e9, les vingt-cinq cyclistes rejoindront le groupe principal.<\/p>\n<p class=\"rtejustify\" style=\"text-align: right;\"><strong>Laurie Abadie, <a href=\"http:\/\/www.sans-transition-magazine.info\/altertour-2017-sur-les-chemins-de-la-transition\" target=\"_blank\">Sans Transition<\/a><\/strong><\/p>\n<\/div>\n<\/div>\n<\/div>\n","protected":false},"excerpt":{"rendered":"<p>Marre des compte-rendus quotidiens de la Grande boucle \u00e0 la t\u00e9l\u00e9 et \u00e0 la radio ? Un autre tour est possible !\u00a0Organis\u00e9 par l\u2019association AlterCampagne, l\u2019AlterTour, auto-proclam\u00e9 le \u00ab\u00a0plus grand Tour de France \u00e9colo\u00a0\u00bb, s\u2019\u00e9lancera pour un voyage de six semaines sur \u00ab\u00a0les chemins de la transition\u00a0\u00bb. Depuis la Maison &#8230; <\/p>\n<div><a href=\"https:\/\/www.altercampagne.net\/?p=7364\" class=\"more-link\">Read More<\/a><\/div>\n","protected":false},"author":214,"featured_media":0,"comment_status":"closed","ping_status":"closed","sticky":false,"template":"","format":"standard","meta":{"footnotes":""},"categories":[239],"tags":[2493,2925,3107,3108],"class_list":["post-7364","post","type-post","status-publish","format-standard","hentry","category-revue-de-presse","tag-sans-transition","tag-tour-de-france-ecolo","tag-laurie-abadie","tag-sans-transition-occitanie","no-post-thumbnail"],"yoast_head":"<!-- This site is optimized with the Yoast SEO plugin v27.3 - https:\/\/yoast.com\/product\/yoast-seo-wordpress\/ -->\n<title>OCCITANIE : L\u2019ALTERTOUR 2017 SE MET EN SELLE SUR \u00ab LES CHEMINS DE LA TRANSITION \u00bb - AlterTour<\/title>\n<meta name=\"robots\" content=\"index, follow, max-snippet:-1, max-image-preview:large, max-video-preview:-1\" \/>\n<link rel=\"canonical\" href=\"https:\/\/www.altercampagne.net\/?p=7364\" \/>\n<meta property=\"og:locale\" content=\"fr_FR\" \/>\n<meta property=\"og:type\" content=\"article\" \/>\n<meta property=\"og:title\" content=\"OCCITANIE : L\u2019ALTERTOUR 2017 SE MET EN SELLE SUR \u00ab LES CHEMINS DE LA TRANSITION \u00bb - AlterTour\" \/>\n<meta property=\"og:description\" content=\"Marre des compte-rendus quotidiens de la Grande boucle \u00e0 la t\u00e9l\u00e9 et \u00e0 la radio ? Un autre tour est possible !\u00a0Organis\u00e9 par l\u2019association AlterCampagne, l\u2019AlterTour, auto-proclam\u00e9 le \u00ab\u00a0plus grand Tour de France \u00e9colo\u00a0\u00bb, s\u2019\u00e9lancera pour un voyage de six semaines sur \u00ab\u00a0les chemins de la transition\u00a0\u00bb. Depuis la Maison ... Read More\" \/>\n<meta property=\"og:url\" content=\"https:\/\/www.altercampagne.net\/?p=7364\" \/>\n<meta property=\"og:site_name\" content=\"AlterTour\" \/>\n<meta property=\"article:published_time\" content=\"2017-07-07T16:21:43+00:00\" \/>\n<meta property=\"og:image\" content=\"http:\/\/www.altercampagne.net\/wp-content\/uploads\/2017\/07\/2013-07-19_19.31.24_4632.jpg\" \/>\n<meta name=\"author\" content=\"Mathieu\" \/>\n<meta name=\"twitter:card\" content=\"summary_large_image\" \/>\n<meta name=\"twitter:label1\" content=\"\u00c9crit par\" \/>\n\t<meta name=\"twitter:data1\" content=\"Mathieu\" \/>\n\t<meta name=\"twitter:label2\" content=\"Dur\u00e9e de lecture estim\u00e9e\" \/>\n\t<meta name=\"twitter:data2\" content=\"3 minutes\" \/>\n<script type=\"application\/ld+json\" class=\"yoast-schema-graph\">{\"@context\":\"https:\\\/\\\/schema.org\",\"@graph\":[{\"@type\":\"Article\",\"@id\":\"https:\\\/\\\/www.altercampagne.net\\\/?p=7364#article\",\"isPartOf\":{\"@id\":\"https:\\\/\\\/www.altercampagne.net\\\/?p=7364\"},\"author\":{\"name\":\"Mathieu\",\"@id\":\"https:\\\/\\\/www.altercampagne.net\\\/#\\\/schema\\\/person\\\/0f261460c09e430caa0f9bcffa319109\"},\"headline\":\"OCCITANIE : L\u2019ALTERTOUR 2017 SE MET EN SELLE SUR \u00ab LES CHEMINS DE LA TRANSITION \u00bb\",\"datePublished\":\"2017-07-07T16:21:43+00:00\",\"mainEntityOfPage\":{\"@id\":\"https:\\\/\\\/www.altercampagne.net\\\/?p=7364\"},\"wordCount\":630,\"image\":{\"@id\":\"https:\\\/\\\/www.altercampagne.net\\\/?p=7364#primaryimage\"},\"thumbnailUrl\":\"http:\\\/\\\/www.altercampagne.net\\\/wp-content\\\/uploads\\\/2017\\\/07\\\/2013-07-19_19.31.24_4632.jpg\",\"keywords\":[\"sans transition\",\"tour de france \u00e9colo\",\"Laurie Abadie\",\"Sans Transition Occitanie\"],\"articleSection\":[\"Revue de presse\"],\"inLanguage\":\"fr-FR\"},{\"@type\":\"WebPage\",\"@id\":\"https:\\\/\\\/www.altercampagne.net\\\/?p=7364\",\"url\":\"https:\\\/\\\/www.altercampagne.net\\\/?p=7364\",\"name\":\"OCCITANIE : L\u2019ALTERTOUR 2017 SE MET EN SELLE SUR \u00ab LES CHEMINS DE LA TRANSITION \u00bb - AlterTour\",\"isPartOf\":{\"@id\":\"https:\\\/\\\/www.altercampagne.net\\\/#website\"},\"primaryImageOfPage\":{\"@id\":\"https:\\\/\\\/www.altercampagne.net\\\/?p=7364#primaryimage\"},\"image\":{\"@id\":\"https:\\\/\\\/www.altercampagne.net\\\/?p=7364#primaryimage\"},\"thumbnailUrl\":\"http:\\\/\\\/www.altercampagne.net\\\/wp-content\\\/uploads\\\/2017\\\/07\\\/2013-07-19_19.31.24_4632.jpg\",\"datePublished\":\"2017-07-07T16:21:43+00:00\",\"author\":{\"@id\":\"https:\\\/\\\/www.altercampagne.net\\\/#\\\/schema\\\/person\\\/0f261460c09e430caa0f9bcffa319109\"},\"breadcrumb\":{\"@id\":\"https:\\\/\\\/www.altercampagne.net\\\/?p=7364#breadcrumb\"},\"inLanguage\":\"fr-FR\",\"potentialAction\":[{\"@type\":\"ReadAction\",\"target\":[\"https:\\\/\\\/www.altercampagne.net\\\/?p=7364\"]}]},{\"@type\":\"ImageObject\",\"inLanguage\":\"fr-FR\",\"@id\":\"https:\\\/\\\/www.altercampagne.net\\\/?p=7364#primaryimage\",\"url\":\"http:\\\/\\\/www.altercampagne.net\\\/wp-content\\\/uploads\\\/2017\\\/07\\\/2013-07-19_19.31.24_4632.jpg\",\"contentUrl\":\"http:\\\/\\\/www.altercampagne.net\\\/wp-content\\\/uploads\\\/2017\\\/07\\\/2013-07-19_19.31.24_4632.jpg\"},{\"@type\":\"BreadcrumbList\",\"@id\":\"https:\\\/\\\/www.altercampagne.net\\\/?p=7364#breadcrumb\",\"itemListElement\":[{\"@type\":\"ListItem\",\"position\":1,\"name\":\"Accueil\",\"item\":\"https:\\\/\\\/www.altercampagne.net\\\/\"},{\"@type\":\"ListItem\",\"position\":2,\"name\":\"OCCITANIE : L\u2019ALTERTOUR 2017 SE MET EN SELLE SUR \u00ab LES CHEMINS DE LA TRANSITION \u00bb\"}]},{\"@type\":\"WebSite\",\"@id\":\"https:\\\/\\\/www.altercampagne.net\\\/#website\",\"url\":\"https:\\\/\\\/www.altercampagne.net\\\/\",\"name\":\"AlterTour\",\"description\":\"Reliez les Alternatives \u00e0 v\u00e9lo\",\"potentialAction\":[{\"@type\":\"SearchAction\",\"target\":{\"@type\":\"EntryPoint\",\"urlTemplate\":\"https:\\\/\\\/www.altercampagne.net\\\/?s={search_term_string}\"},\"query-input\":{\"@type\":\"PropertyValueSpecification\",\"valueRequired\":true,\"valueName\":\"search_term_string\"}}],\"inLanguage\":\"fr-FR\"},{\"@type\":\"Person\",\"@id\":\"https:\\\/\\\/www.altercampagne.net\\\/#\\\/schema\\\/person\\\/0f261460c09e430caa0f9bcffa319109\",\"name\":\"Mathieu\",\"image\":{\"@type\":\"ImageObject\",\"inLanguage\":\"fr-FR\",\"@id\":\"https:\\\/\\\/secure.gravatar.com\\\/avatar\\\/aa9d3d24c83f2141e5e2709d0f63d09a99f6be6bb7a50abc4915838d9f54501a?s=96&d=mm&r=g\",\"url\":\"https:\\\/\\\/secure.gravatar.com\\\/avatar\\\/aa9d3d24c83f2141e5e2709d0f63d09a99f6be6bb7a50abc4915838d9f54501a?s=96&d=mm&r=g\",\"contentUrl\":\"https:\\\/\\\/secure.gravatar.com\\\/avatar\\\/aa9d3d24c83f2141e5e2709d0f63d09a99f6be6bb7a50abc4915838d9f54501a?s=96&d=mm&r=g\",\"caption\":\"Mathieu\"},\"url\":\"https:\\\/\\\/www.altercampagne.net\\\/?author=214\"}]}<\/script>\n<!-- \/ Yoast SEO plugin. -->","yoast_head_json":{"title":"OCCITANIE : L\u2019ALTERTOUR 2017 SE MET EN SELLE SUR \u00ab LES CHEMINS DE LA TRANSITION \u00bb - AlterTour","robots":{"index":"index","follow":"follow","max-snippet":"max-snippet:-1","max-image-preview":"max-image-preview:large","max-video-preview":"max-video-preview:-1"},"canonical":"https:\/\/www.altercampagne.net\/?p=7364","og_locale":"fr_FR","og_type":"article","og_title":"OCCITANIE : L\u2019ALTERTOUR 2017 SE MET EN SELLE SUR \u00ab LES CHEMINS DE LA TRANSITION \u00bb - AlterTour","og_description":"Marre des compte-rendus quotidiens de la Grande boucle \u00e0 la t\u00e9l\u00e9 et \u00e0 la radio ? Un autre tour est possible !\u00a0Organis\u00e9 par l\u2019association AlterCampagne, l\u2019AlterTour, auto-proclam\u00e9 le \u00ab\u00a0plus grand Tour de France \u00e9colo\u00a0\u00bb, s\u2019\u00e9lancera pour un voyage de six semaines sur \u00ab\u00a0les chemins de la transition\u00a0\u00bb. Depuis la Maison ... Read More","og_url":"https:\/\/www.altercampagne.net\/?p=7364","og_site_name":"AlterTour","article_published_time":"2017-07-07T16:21:43+00:00","og_image":[{"url":"http:\/\/www.altercampagne.net\/wp-content\/uploads\/2017\/07\/2013-07-19_19.31.24_4632.jpg","type":"","width":"","height":""}],"author":"Mathieu","twitter_card":"summary_large_image","twitter_misc":{"\u00c9crit par":"Mathieu","Dur\u00e9e de lecture estim\u00e9e":"3 minutes"},"schema":{"@context":"https:\/\/schema.org","@graph":[{"@type":"Article","@id":"https:\/\/www.altercampagne.net\/?p=7364#article","isPartOf":{"@id":"https:\/\/www.altercampagne.net\/?p=7364"},"author":{"name":"Mathieu","@id":"https:\/\/www.altercampagne.net\/#\/schema\/person\/0f261460c09e430caa0f9bcffa319109"},"headline":"OCCITANIE : L\u2019ALTERTOUR 2017 SE MET EN SELLE SUR \u00ab LES CHEMINS DE LA TRANSITION \u00bb","datePublished":"2017-07-07T16:21:43+00:00","mainEntityOfPage":{"@id":"https:\/\/www.altercampagne.net\/?p=7364"},"wordCount":630,"image":{"@id":"https:\/\/www.altercampagne.net\/?p=7364#primaryimage"},"thumbnailUrl":"http:\/\/www.altercampagne.net\/wp-content\/uploads\/2017\/07\/2013-07-19_19.31.24_4632.jpg","keywords":["sans transition","tour de france \u00e9colo","Laurie Abadie","Sans Transition Occitanie"],"articleSection":["Revue de presse"],"inLanguage":"fr-FR"},{"@type":"WebPage","@id":"https:\/\/www.altercampagne.net\/?p=7364","url":"https:\/\/www.altercampagne.net\/?p=7364","name":"OCCITANIE : L\u2019ALTERTOUR 2017 SE MET EN SELLE SUR \u00ab LES CHEMINS DE LA TRANSITION \u00bb - AlterTour","isPartOf":{"@id":"https:\/\/www.altercampagne.net\/#website"},"primaryImageOfPage":{"@id":"https:\/\/www.altercampagne.net\/?p=7364#primaryimage"},"image":{"@id":"https:\/\/www.altercampagne.net\/?p=7364#primaryimage"},"thumbnailUrl":"http:\/\/www.altercampagne.net\/wp-content\/uploads\/2017\/07\/2013-07-19_19.31.24_4632.jpg","datePublished":"2017-07-07T16:21:43+00:00","author":{"@id":"https:\/\/www.altercampagne.net\/#\/schema\/person\/0f261460c09e430caa0f9bcffa319109"},"breadcrumb":{"@id":"https:\/\/www.altercampagne.net\/?p=7364#breadcrumb"},"inLanguage":"fr-FR","potentialAction":[{"@type":"ReadAction","target":["https:\/\/www.altercampagne.net\/?p=7364"]}]},{"@type":"ImageObject","inLanguage":"fr-FR","@id":"https:\/\/www.altercampagne.net\/?p=7364#primaryimage","url":"http:\/\/www.altercampagne.net\/wp-content\/uploads\/2017\/07\/2013-07-19_19.31.24_4632.jpg","contentUrl":"http:\/\/www.altercampagne.net\/wp-content\/uploads\/2017\/07\/2013-07-19_19.31.24_4632.jpg"},{"@type":"BreadcrumbList","@id":"https:\/\/www.altercampagne.net\/?p=7364#breadcrumb","itemListElement":[{"@type":"ListItem","position":1,"name":"Accueil","item":"https:\/\/www.altercampagne.net\/"},{"@type":"ListItem","position":2,"name":"OCCITANIE : L\u2019ALTERTOUR 2017 SE MET EN SELLE SUR \u00ab LES CHEMINS DE LA TRANSITION \u00bb"}]},{"@type":"WebSite","@id":"https:\/\/www.altercampagne.net\/#website","url":"https:\/\/www.altercampagne.net\/","name":"AlterTour","description":"Reliez les Alternatives \u00e0 v\u00e9lo","potentialAction":[{"@type":"SearchAction","target":{"@type":"EntryPoint","urlTemplate":"https:\/\/www.altercampagne.net\/?s={search_term_string}"},"query-input":{"@type":"PropertyValueSpecification","valueRequired":true,"valueName":"search_term_string"}}],"inLanguage":"fr-FR"},{"@type":"Person","@id":"https:\/\/www.altercampagne.net\/#\/schema\/person\/0f261460c09e430caa0f9bcffa319109","name":"Mathieu","image":{"@type":"ImageObject","inLanguage":"fr-FR","@id":"https:\/\/secure.gravatar.com\/avatar\/aa9d3d24c83f2141e5e2709d0f63d09a99f6be6bb7a50abc4915838d9f54501a?s=96&d=mm&r=g","url":"https:\/\/secure.gravatar.com\/avatar\/aa9d3d24c83f2141e5e2709d0f63d09a99f6be6bb7a50abc4915838d9f54501a?s=96&d=mm&r=g","contentUrl":"https:\/\/secure.gravatar.com\/avatar\/aa9d3d24c83f2141e5e2709d0f63d09a99f6be6bb7a50abc4915838d9f54501a?s=96&d=mm&r=g","caption":"Mathieu"},"url":"https:\/\/www.altercampagne.net\/?author=214"}]}},"_links":{"self":[{"href":"https:\/\/www.altercampagne.net\/index.php?rest_route=\/wp\/v2\/posts\/7364","targetHints":{"allow":["GET"]}}],"collection":[{"href":"https:\/\/www.altercampagne.net\/index.php?rest_route=\/wp\/v2\/posts"}],"about":[{"href":"https:\/\/www.altercampagne.net\/index.php?rest_route=\/wp\/v2\/types\/post"}],"author":[{"embeddable":true,"href":"https:\/\/www.altercampagne.net\/index.php?rest_route=\/wp\/v2\/users\/214"}],"replies":[{"embeddable":true,"href":"https:\/\/www.altercampagne.net\/index.php?rest_route=%2Fwp%2Fv2%2Fcomments&post=7364"}],"version-history":[{"count":0,"href":"https:\/\/www.altercampagne.net\/index.php?rest_route=\/wp\/v2\/posts\/7364\/revisions"}],"wp:attachment":[{"href":"https:\/\/www.altercampagne.net\/index.php?rest_route=%2Fwp%2Fv2%2Fmedia&parent=7364"}],"wp:term":[{"taxonomy":"category","embeddable":true,"href":"https:\/\/www.altercampagne.net\/index.php?rest_route=%2Fwp%2Fv2%2Fcategories&post=7364"},{"taxonomy":"post_tag","embeddable":true,"href":"https:\/\/www.altercampagne.net\/index.php?rest_route=%2Fwp%2Fv2%2Ftags&post=7364"}],"curies":[{"name":"wp","href":"https:\/\/api.w.org\/{rel}","templated":true}]}}