{"id":7379,"date":"2017-07-08T19:03:42","date_gmt":"2017-07-08T17:03:42","guid":{"rendered":"http:\/\/www.altercampagne.net\/?p=7379"},"modified":"2017-07-08T19:06:21","modified_gmt":"2017-07-08T17:06:21","slug":"altertour-300-citoyens-a-la-rencontre-des-acteurs-de-la-transition","status":"publish","type":"post","link":"https:\/\/www.altercampagne.net\/?p=7379","title":{"rendered":"AlterTour : 300 citoyens \u00e0 la rencontre des acteurs de la transition"},"content":{"rendered":"<p><strong>\u00c0 coups de p\u00e9dale et par la force des mollets. Ce dimanche 9 juillet \u00e0 9 heures, l\u2019AlterTour\u00a0s\u2019\u00e9lancera de la Maison de l\u2019\u00c9conomie Solidaire \u00e0 Ramonville-Saint-Agne. \u00c0 la fois convivial et\u00a0engag\u00e9, ce voyage \u00e0 v\u00e9lo \u00e0 travers la France\u00a0propose aux participants\u00a0\u00a0d\u2019aller \u00e0 la rencontre des acteurs de la transition. Ce rendez-vous estival de la Transition \u00e9cologique de plus de 300 cyclistes traversera la Haute-Garonne, l\u2019Ari\u00e8ge, la Catalogne, les Pyr\u00e9n\u00e9es-Orientales, l\u2019Aude, l\u2019H\u00e9rault, le Gard, l\u2019Ard\u00e8che, la Dr\u00f4me, l\u2019Is\u00e8re et arrivera le 20 ao\u00fbt \u00e0 Graine de Cocagne \u00e0 Valence.<\/strong><br \/>\n<span id=\"more-105882\"><\/span><\/p>\n<p><a href=\"http:\/\/www.altercampagne.net\/wp-content\/uploads\/2017\/06\/2016-07-27_16.00.54_7678.jpg\"><img loading=\"lazy\" decoding=\"async\" class=\" size-full wp-image-7205 aligncenter\" src=\"http:\/\/www.altercampagne.net\/wp-content\/uploads\/2017\/06\/2016-07-27_16.00.54_7678.jpg\" alt=\"2016-07-27_16.00.54_7678\" width=\"695\" height=\"467\" srcset=\"https:\/\/www.altercampagne.net\/wp-content\/uploads\/2017\/06\/2016-07-27_16.00.54_7678.jpg 695w, https:\/\/www.altercampagne.net\/wp-content\/uploads\/2017\/06\/2016-07-27_16.00.54_7678-300x202.jpg 300w\" sizes=\"auto, (max-width: 695px) 100vw, 695px\" \/><\/a><\/p>\n<p>Pendant pr\u00e8s d\u2019un mois et demi, <strong>l\u2019AlterTour traverse la France, \u00e0 la rencontre des acteurs de la transition.<\/strong> Au programme, la visite de nombreux lieux et la d\u00e9couverte de projets qui participent \u00e0 l\u2019\u00e9mergence d\u2019une \u00e9conomie locale et r\u00e9siliente : fermes agro-\u00e9cologiques, \u00e9colieux, coop\u00e9ratives d\u2019habitats, micro-brasseries, ateliers de r\u00e9paration de v\u00e9lo participatifs et solidaires, Soci\u00e9t\u00e9s Coop\u00e9ratives et participatives (Scop)\u2026 Le chemin des cyclistes les m\u00e8nera \u00e9galement aupr\u00e8s de <strong>ceux qui r\u00e9sistent au \u00ab\u00a0grands projets\u00a0inutiles\u00a0\u00bb initi\u00e9s par le gouvernement<\/strong>. Parmi eux, Zones \u00e0 D\u00e9fendre, squats et collectifs\u00a0vari\u00e9s. Sur les lieux d\u2019accueil, les participants seront <strong>convi\u00e9s \u00e0 des chantiers participatifs<\/strong> ainsi qu\u2019\u00e0 divers ateliers pour comprendre les diff\u00e9rents projets.<\/p>\n<p><strong>D\u00e9couverte conviviale de projets inspirants et positifs<\/strong><\/p>\n<p>C\u2019est d\u00e9j\u00e0 la dixi\u00e8me fois que l\u2019AlterTour prend la route. La derni\u00e8re \u00e9dition, qui s\u2019\u00e9tait tenue en 2016, avait \u00e9t\u00e9 une vraie r\u00e9ussite, se r\u00e9jouit Mathieu Fromont, organisateur de l\u2019\u00e9v\u00e8nement : <strong>320 participant.e.s \u00e0 deux roues et 70 lieux visit\u00e9s sur un parcours de 1200 km<\/strong>, \u00e0 raison de 3 heures de v\u00e9lo par jour en moyenne. Les cyclistes ont \u00e9t\u00e9 marqu\u00e9s par les \u00ab\u00a0contrastes\u00a0\u00bb observ\u00e9s en Loire Atlantique et en Bretagne o\u00f9 <strong>beaucoup de personnes agissent de mani\u00e8re isol\u00e9e<\/strong>, malgr\u00e9 la volont\u00e9 de citoyen.ne.s de porter les questions environnementales au niveau communal en renfor\u00e7ant la pr\u00e9sence des habitants en politique et en privil\u00e9giant l\u2019horizontalit\u00e9 dans la prise de d\u00e9cisions. Ailleurs, il ont rencontr\u00e9 bon nombre de collectifs, qui, \u00e0 l\u2019image de l\u2019<a href=\"http:\/\/www.ecocentre-tregor.fr\/\">Ecocentre Tr\u00e9gor<\/a>, proposent de <strong>r\u00e9unir les habitants autour de nouvelles pratiques de partage et de simplicit\u00e9 volontaire.<\/strong><\/p>\n<p>Chacune des structures visit\u00e9es montre, \u00e0 son \u00e9chelle, qu\u2019<strong>il est possible de s\u2019organiser localement pour modifier les structures de la soci\u00e9t\u00e9<\/strong> : <em>\u00ab\u00a0Ils veulent une alimentation bio et locale, des habitats \u00e0 \u00e9nergie positive, des d\u00e9placements doux\u2026 D\u2019autres souhaitent changer de m\u00e9tier ou de lieux de vie pour \u00eatre en coh\u00e9rence avec leurs valeurs. D\u2019autres encore veulent <strong>se regrouper pour agir collectivement en renfor\u00e7ant la r\u00e9silience d\u2019un territoire et en relocalisant l\u2019\u00e9conomie<\/strong>.\u00a0\u00bb<\/em> La particularit\u00e9 de ces initiatives, c\u2019est de transposer des valeurs fortes au c\u0153ur de projets concrets et accessibles, reproductibles ailleurs dans la majorit\u00e9 des cas.<\/p>\n<p><strong>Changer de mod\u00e8le de soci\u00e9t\u00e9<\/strong><\/p>\n<p><strong>Le mod\u00e8le de soci\u00e9t\u00e9 consum\u00e9riste est arriv\u00e9 \u00e0 ses limites<\/strong>, insiste Mathieu Fromont qui rappelle que l\u2019urgence d\u2019agir ne fait plus aucun doute, puisque <em>\u00ab\u00a0nous connaissons tous l\u2019impact de l\u2019activit\u00e9 humaine sur le d\u00e9r\u00e8glement climatique et la pollution des diff\u00e9rents milieux de vie\u00a0\u00bb.<\/em> Face \u00e0 ces enjeux, pouvons nous encore rester passifs ? Pour Mathieu Fromont, la r\u00e9ponse est non : <em>\u00ab\u00a0on peut attendre la prise de conscience des dirigeants politiques et m\u00eame baisser les bras. Ce n\u2019est pas l\u2019option retenue par les participants de l\u2019AlterTour. <strong>Ils savent que des solutions existent et qu\u2019elles ne demandent qu\u2019\u00e0 \u00eatre g\u00e9n\u00e9ralis\u00e9es.<\/strong> Ils ont aussi conscience d\u2019\u00eatre les acteurs de leur propre vie et ne comptent pas se faire imposer un mode de vie\u00a0\u00bb.<br \/>\n<\/em><\/p>\n<p>Et c\u2019est bien dans cet esprit que se fera l\u2019AlterTour une fois de plus, afin de <em><strong>\u00ab\u00a0rendre hommage \u00e0 ceux qui font le changement\u00a0\u00bb.<\/strong>\u00a0<\/em>Et de montrer que <strong>les initiatives porteuses de sens se multiplient, partout en France <\/strong>comme ailleurs :\u00a0 <em>\u00ab\u00a0De plus en plus conscients des cons\u00e9quences sur nos vies du d\u00e9r\u00e8glement climatique et de la pollution, bon nombre de citoyen-ne-s veulent changer leurs habitudes\u00a0\u00bb,<\/em> explique Mathieu Fromont. En effet, <em>\u00ab\u00a0les actreur.rice.s de la Transition proposent <strong>des solutions concr\u00e8tes pour sortir de l\u2019impasse \u00e9cologique<\/strong> dans laquelle nous emm\u00e8ne le mythe de la croissance infini.\u00a0\u00bb <\/em>De quoi concentrer notre regard sur les nombreuses possibilit\u00e9s qui s\u2019offrent \u00e0 nous dans l\u2019espoir aussi mince soit-il d\u2019un avenir serein.<\/p>\n<p style=\"text-align: right;\"><a href=\"https:\/\/mrmondialisation.org\/altertour-300-citoyens-a-la-rencontre-des-acteurs-de-la-transition\/\" target=\"_blank\"><strong>Mr Mondialisation<\/strong><\/a><\/p>\n","protected":false},"excerpt":{"rendered":"<p>\u00c0 coups de p\u00e9dale et par la force des mollets. Ce dimanche 9 juillet \u00e0 9 heures, l\u2019AlterTour\u00a0s\u2019\u00e9lancera de la Maison de l\u2019\u00c9conomie Solidaire \u00e0 Ramonville-Saint-Agne. \u00c0 la fois convivial et\u00a0engag\u00e9, ce voyage \u00e0 v\u00e9lo \u00e0 travers la France\u00a0propose aux participants\u00a0\u00a0d\u2019aller \u00e0 la rencontre des acteurs de la transition. Ce &#8230; <\/p>\n<div><a href=\"https:\/\/www.altercampagne.net\/?p=7379\" class=\"more-link\">Read More<\/a><\/div>\n","protected":false},"author":214,"featured_media":0,"comment_status":"closed","ping_status":"closed","sticky":false,"template":"","format":"standard","meta":{"footnotes":""},"categories":[239],"tags":[3114],"class_list":["post-7379","post","type-post","status-publish","format-standard","hentry","category-revue-de-presse","tag-mr-mondialisation","no-post-thumbnail"],"yoast_head":"<!-- This site is optimized with the Yoast SEO plugin v27.3 - https:\/\/yoast.com\/product\/yoast-seo-wordpress\/ -->\n<title>AlterTour : 300 citoyens \u00e0 la rencontre des acteurs de la transition - AlterTour<\/title>\n<meta name=\"robots\" content=\"index, follow, max-snippet:-1, max-image-preview:large, max-video-preview:-1\" \/>\n<link rel=\"canonical\" href=\"https:\/\/www.altercampagne.net\/?p=7379\" \/>\n<meta property=\"og:locale\" content=\"fr_FR\" \/>\n<meta property=\"og:type\" content=\"article\" \/>\n<meta property=\"og:title\" content=\"AlterTour : 300 citoyens \u00e0 la rencontre des acteurs de la transition - AlterTour\" \/>\n<meta property=\"og:description\" content=\"\u00c0 coups de p\u00e9dale et par la force des mollets. Ce dimanche 9 juillet \u00e0 9 heures, l\u2019AlterTour\u00a0s\u2019\u00e9lancera de la Maison de l\u2019\u00c9conomie Solidaire \u00e0 Ramonville-Saint-Agne. \u00c0 la fois convivial et\u00a0engag\u00e9, ce voyage \u00e0 v\u00e9lo \u00e0 travers la France\u00a0propose aux participants\u00a0\u00a0d\u2019aller \u00e0 la rencontre des acteurs de la transition. Ce ... Read More\" \/>\n<meta property=\"og:url\" content=\"https:\/\/www.altercampagne.net\/?p=7379\" \/>\n<meta property=\"og:site_name\" content=\"AlterTour\" \/>\n<meta property=\"article:published_time\" content=\"2017-07-08T17:03:42+00:00\" \/>\n<meta property=\"article:modified_time\" content=\"2017-07-08T17:06:21+00:00\" \/>\n<meta property=\"og:image\" content=\"http:\/\/www.altercampagne.net\/wp-content\/uploads\/2017\/06\/2016-07-27_16.00.54_7678.jpg\" \/>\n<meta name=\"author\" content=\"Mathieu\" \/>\n<meta name=\"twitter:card\" content=\"summary_large_image\" \/>\n<meta name=\"twitter:label1\" content=\"\u00c9crit par\" \/>\n\t<meta name=\"twitter:data1\" content=\"Mathieu\" \/>\n\t<meta name=\"twitter:label2\" content=\"Dur\u00e9e de lecture estim\u00e9e\" \/>\n\t<meta name=\"twitter:data2\" content=\"4 minutes\" \/>\n<script type=\"application\/ld+json\" class=\"yoast-schema-graph\">{\"@context\":\"https:\\\/\\\/schema.org\",\"@graph\":[{\"@type\":\"Article\",\"@id\":\"https:\\\/\\\/www.altercampagne.net\\\/?p=7379#article\",\"isPartOf\":{\"@id\":\"https:\\\/\\\/www.altercampagne.net\\\/?p=7379\"},\"author\":{\"name\":\"Mathieu\",\"@id\":\"https:\\\/\\\/www.altercampagne.net\\\/#\\\/schema\\\/person\\\/0f261460c09e430caa0f9bcffa319109\"},\"headline\":\"AlterTour : 300 citoyens \u00e0 la rencontre des acteurs de la transition\",\"datePublished\":\"2017-07-08T17:03:42+00:00\",\"dateModified\":\"2017-07-08T17:06:21+00:00\",\"mainEntityOfPage\":{\"@id\":\"https:\\\/\\\/www.altercampagne.net\\\/?p=7379\"},\"wordCount\":784,\"image\":{\"@id\":\"https:\\\/\\\/www.altercampagne.net\\\/?p=7379#primaryimage\"},\"thumbnailUrl\":\"http:\\\/\\\/www.altercampagne.net\\\/wp-content\\\/uploads\\\/2017\\\/06\\\/2016-07-27_16.00.54_7678.jpg\",\"keywords\":[\"Mr Mondialisation\"],\"articleSection\":[\"Revue de presse\"],\"inLanguage\":\"fr-FR\"},{\"@type\":\"WebPage\",\"@id\":\"https:\\\/\\\/www.altercampagne.net\\\/?p=7379\",\"url\":\"https:\\\/\\\/www.altercampagne.net\\\/?p=7379\",\"name\":\"AlterTour : 300 citoyens \u00e0 la rencontre des acteurs de la transition - AlterTour\",\"isPartOf\":{\"@id\":\"https:\\\/\\\/www.altercampagne.net\\\/#website\"},\"primaryImageOfPage\":{\"@id\":\"https:\\\/\\\/www.altercampagne.net\\\/?p=7379#primaryimage\"},\"image\":{\"@id\":\"https:\\\/\\\/www.altercampagne.net\\\/?p=7379#primaryimage\"},\"thumbnailUrl\":\"http:\\\/\\\/www.altercampagne.net\\\/wp-content\\\/uploads\\\/2017\\\/06\\\/2016-07-27_16.00.54_7678.jpg\",\"datePublished\":\"2017-07-08T17:03:42+00:00\",\"dateModified\":\"2017-07-08T17:06:21+00:00\",\"author\":{\"@id\":\"https:\\\/\\\/www.altercampagne.net\\\/#\\\/schema\\\/person\\\/0f261460c09e430caa0f9bcffa319109\"},\"breadcrumb\":{\"@id\":\"https:\\\/\\\/www.altercampagne.net\\\/?p=7379#breadcrumb\"},\"inLanguage\":\"fr-FR\",\"potentialAction\":[{\"@type\":\"ReadAction\",\"target\":[\"https:\\\/\\\/www.altercampagne.net\\\/?p=7379\"]}]},{\"@type\":\"ImageObject\",\"inLanguage\":\"fr-FR\",\"@id\":\"https:\\\/\\\/www.altercampagne.net\\\/?p=7379#primaryimage\",\"url\":\"http:\\\/\\\/www.altercampagne.net\\\/wp-content\\\/uploads\\\/2017\\\/06\\\/2016-07-27_16.00.54_7678.jpg\",\"contentUrl\":\"http:\\\/\\\/www.altercampagne.net\\\/wp-content\\\/uploads\\\/2017\\\/06\\\/2016-07-27_16.00.54_7678.jpg\"},{\"@type\":\"BreadcrumbList\",\"@id\":\"https:\\\/\\\/www.altercampagne.net\\\/?p=7379#breadcrumb\",\"itemListElement\":[{\"@type\":\"ListItem\",\"position\":1,\"name\":\"Accueil\",\"item\":\"https:\\\/\\\/www.altercampagne.net\\\/\"},{\"@type\":\"ListItem\",\"position\":2,\"name\":\"AlterTour : 300 citoyens \u00e0 la rencontre des acteurs de la transition\"}]},{\"@type\":\"WebSite\",\"@id\":\"https:\\\/\\\/www.altercampagne.net\\\/#website\",\"url\":\"https:\\\/\\\/www.altercampagne.net\\\/\",\"name\":\"AlterTour\",\"description\":\"Reliez les Alternatives \u00e0 v\u00e9lo\",\"potentialAction\":[{\"@type\":\"SearchAction\",\"target\":{\"@type\":\"EntryPoint\",\"urlTemplate\":\"https:\\\/\\\/www.altercampagne.net\\\/?s={search_term_string}\"},\"query-input\":{\"@type\":\"PropertyValueSpecification\",\"valueRequired\":true,\"valueName\":\"search_term_string\"}}],\"inLanguage\":\"fr-FR\"},{\"@type\":\"Person\",\"@id\":\"https:\\\/\\\/www.altercampagne.net\\\/#\\\/schema\\\/person\\\/0f261460c09e430caa0f9bcffa319109\",\"name\":\"Mathieu\",\"image\":{\"@type\":\"ImageObject\",\"inLanguage\":\"fr-FR\",\"@id\":\"https:\\\/\\\/secure.gravatar.com\\\/avatar\\\/aa9d3d24c83f2141e5e2709d0f63d09a99f6be6bb7a50abc4915838d9f54501a?s=96&d=mm&r=g\",\"url\":\"https:\\\/\\\/secure.gravatar.com\\\/avatar\\\/aa9d3d24c83f2141e5e2709d0f63d09a99f6be6bb7a50abc4915838d9f54501a?s=96&d=mm&r=g\",\"contentUrl\":\"https:\\\/\\\/secure.gravatar.com\\\/avatar\\\/aa9d3d24c83f2141e5e2709d0f63d09a99f6be6bb7a50abc4915838d9f54501a?s=96&d=mm&r=g\",\"caption\":\"Mathieu\"},\"url\":\"https:\\\/\\\/www.altercampagne.net\\\/?author=214\"}]}<\/script>\n<!-- \/ Yoast SEO plugin. -->","yoast_head_json":{"title":"AlterTour : 300 citoyens \u00e0 la rencontre des acteurs de la transition - AlterTour","robots":{"index":"index","follow":"follow","max-snippet":"max-snippet:-1","max-image-preview":"max-image-preview:large","max-video-preview":"max-video-preview:-1"},"canonical":"https:\/\/www.altercampagne.net\/?p=7379","og_locale":"fr_FR","og_type":"article","og_title":"AlterTour : 300 citoyens \u00e0 la rencontre des acteurs de la transition - AlterTour","og_description":"\u00c0 coups de p\u00e9dale et par la force des mollets. Ce dimanche 9 juillet \u00e0 9 heures, l\u2019AlterTour\u00a0s\u2019\u00e9lancera de la Maison de l\u2019\u00c9conomie Solidaire \u00e0 Ramonville-Saint-Agne. \u00c0 la fois convivial et\u00a0engag\u00e9, ce voyage \u00e0 v\u00e9lo \u00e0 travers la France\u00a0propose aux participants\u00a0\u00a0d\u2019aller \u00e0 la rencontre des acteurs de la transition. Ce ... Read More","og_url":"https:\/\/www.altercampagne.net\/?p=7379","og_site_name":"AlterTour","article_published_time":"2017-07-08T17:03:42+00:00","article_modified_time":"2017-07-08T17:06:21+00:00","og_image":[{"url":"http:\/\/www.altercampagne.net\/wp-content\/uploads\/2017\/06\/2016-07-27_16.00.54_7678.jpg","type":"","width":"","height":""}],"author":"Mathieu","twitter_card":"summary_large_image","twitter_misc":{"\u00c9crit par":"Mathieu","Dur\u00e9e de lecture estim\u00e9e":"4 minutes"},"schema":{"@context":"https:\/\/schema.org","@graph":[{"@type":"Article","@id":"https:\/\/www.altercampagne.net\/?p=7379#article","isPartOf":{"@id":"https:\/\/www.altercampagne.net\/?p=7379"},"author":{"name":"Mathieu","@id":"https:\/\/www.altercampagne.net\/#\/schema\/person\/0f261460c09e430caa0f9bcffa319109"},"headline":"AlterTour : 300 citoyens \u00e0 la rencontre des acteurs de la transition","datePublished":"2017-07-08T17:03:42+00:00","dateModified":"2017-07-08T17:06:21+00:00","mainEntityOfPage":{"@id":"https:\/\/www.altercampagne.net\/?p=7379"},"wordCount":784,"image":{"@id":"https:\/\/www.altercampagne.net\/?p=7379#primaryimage"},"thumbnailUrl":"http:\/\/www.altercampagne.net\/wp-content\/uploads\/2017\/06\/2016-07-27_16.00.54_7678.jpg","keywords":["Mr Mondialisation"],"articleSection":["Revue de presse"],"inLanguage":"fr-FR"},{"@type":"WebPage","@id":"https:\/\/www.altercampagne.net\/?p=7379","url":"https:\/\/www.altercampagne.net\/?p=7379","name":"AlterTour : 300 citoyens \u00e0 la rencontre des acteurs de la transition - AlterTour","isPartOf":{"@id":"https:\/\/www.altercampagne.net\/#website"},"primaryImageOfPage":{"@id":"https:\/\/www.altercampagne.net\/?p=7379#primaryimage"},"image":{"@id":"https:\/\/www.altercampagne.net\/?p=7379#primaryimage"},"thumbnailUrl":"http:\/\/www.altercampagne.net\/wp-content\/uploads\/2017\/06\/2016-07-27_16.00.54_7678.jpg","datePublished":"2017-07-08T17:03:42+00:00","dateModified":"2017-07-08T17:06:21+00:00","author":{"@id":"https:\/\/www.altercampagne.net\/#\/schema\/person\/0f261460c09e430caa0f9bcffa319109"},"breadcrumb":{"@id":"https:\/\/www.altercampagne.net\/?p=7379#breadcrumb"},"inLanguage":"fr-FR","potentialAction":[{"@type":"ReadAction","target":["https:\/\/www.altercampagne.net\/?p=7379"]}]},{"@type":"ImageObject","inLanguage":"fr-FR","@id":"https:\/\/www.altercampagne.net\/?p=7379#primaryimage","url":"http:\/\/www.altercampagne.net\/wp-content\/uploads\/2017\/06\/2016-07-27_16.00.54_7678.jpg","contentUrl":"http:\/\/www.altercampagne.net\/wp-content\/uploads\/2017\/06\/2016-07-27_16.00.54_7678.jpg"},{"@type":"BreadcrumbList","@id":"https:\/\/www.altercampagne.net\/?p=7379#breadcrumb","itemListElement":[{"@type":"ListItem","position":1,"name":"Accueil","item":"https:\/\/www.altercampagne.net\/"},{"@type":"ListItem","position":2,"name":"AlterTour : 300 citoyens \u00e0 la rencontre des acteurs de la transition"}]},{"@type":"WebSite","@id":"https:\/\/www.altercampagne.net\/#website","url":"https:\/\/www.altercampagne.net\/","name":"AlterTour","description":"Reliez les Alternatives \u00e0 v\u00e9lo","potentialAction":[{"@type":"SearchAction","target":{"@type":"EntryPoint","urlTemplate":"https:\/\/www.altercampagne.net\/?s={search_term_string}"},"query-input":{"@type":"PropertyValueSpecification","valueRequired":true,"valueName":"search_term_string"}}],"inLanguage":"fr-FR"},{"@type":"Person","@id":"https:\/\/www.altercampagne.net\/#\/schema\/person\/0f261460c09e430caa0f9bcffa319109","name":"Mathieu","image":{"@type":"ImageObject","inLanguage":"fr-FR","@id":"https:\/\/secure.gravatar.com\/avatar\/aa9d3d24c83f2141e5e2709d0f63d09a99f6be6bb7a50abc4915838d9f54501a?s=96&d=mm&r=g","url":"https:\/\/secure.gravatar.com\/avatar\/aa9d3d24c83f2141e5e2709d0f63d09a99f6be6bb7a50abc4915838d9f54501a?s=96&d=mm&r=g","contentUrl":"https:\/\/secure.gravatar.com\/avatar\/aa9d3d24c83f2141e5e2709d0f63d09a99f6be6bb7a50abc4915838d9f54501a?s=96&d=mm&r=g","caption":"Mathieu"},"url":"https:\/\/www.altercampagne.net\/?author=214"}]}},"_links":{"self":[{"href":"https:\/\/www.altercampagne.net\/index.php?rest_route=\/wp\/v2\/posts\/7379","targetHints":{"allow":["GET"]}}],"collection":[{"href":"https:\/\/www.altercampagne.net\/index.php?rest_route=\/wp\/v2\/posts"}],"about":[{"href":"https:\/\/www.altercampagne.net\/index.php?rest_route=\/wp\/v2\/types\/post"}],"author":[{"embeddable":true,"href":"https:\/\/www.altercampagne.net\/index.php?rest_route=\/wp\/v2\/users\/214"}],"replies":[{"embeddable":true,"href":"https:\/\/www.altercampagne.net\/index.php?rest_route=%2Fwp%2Fv2%2Fcomments&post=7379"}],"version-history":[{"count":0,"href":"https:\/\/www.altercampagne.net\/index.php?rest_route=\/wp\/v2\/posts\/7379\/revisions"}],"wp:attachment":[{"href":"https:\/\/www.altercampagne.net\/index.php?rest_route=%2Fwp%2Fv2%2Fmedia&parent=7379"}],"wp:term":[{"taxonomy":"category","embeddable":true,"href":"https:\/\/www.altercampagne.net\/index.php?rest_route=%2Fwp%2Fv2%2Fcategories&post=7379"},{"taxonomy":"post_tag","embeddable":true,"href":"https:\/\/www.altercampagne.net\/index.php?rest_route=%2Fwp%2Fv2%2Ftags&post=7379"}],"curies":[{"name":"wp","href":"https:\/\/api.w.org\/{rel}","templated":true}]}}