{"id":7398,"date":"2017-07-10T22:11:45","date_gmt":"2017-07-10T20:11:45","guid":{"rendered":"http:\/\/www.altercampagne.net\/?p=7398"},"modified":"2017-07-14T15:35:30","modified_gmt":"2017-07-14T13:35:30","slug":"laltertour-de-france-carbure-a-lenthousiasme-et-a-lalternative","status":"publish","type":"post","link":"https:\/\/www.altercampagne.net\/?p=7398","title":{"rendered":"L\u2019AlterTour de France carbure \u00e0 l\u2019enthousiasme et \u00e0 l\u2019alternative"},"content":{"rendered":"<p><a href=\"http:\/\/www.altercampagne.net\/wp-content\/uploads\/2015\/09\/2015-07-19_15.37.46_7522.jpg\"><img loading=\"lazy\" decoding=\"async\" class=\"aligncenter size-full wp-image-2019\" src=\"http:\/\/www.altercampagne.net\/wp-content\/uploads\/2015\/09\/2015-07-19_15.37.46_7522.jpg\" alt=\"2015-07-19_15.37.46_7522\" width=\"873\" height=\"586\" srcset=\"https:\/\/www.altercampagne.net\/wp-content\/uploads\/2015\/09\/2015-07-19_15.37.46_7522.jpg 873w, https:\/\/www.altercampagne.net\/wp-content\/uploads\/2015\/09\/2015-07-19_15.37.46_7522-300x201.jpg 300w\" sizes=\"auto, (max-width: 873px) 100vw, 873px\" \/><\/a><strong>Chaque ann\u00e9e depuis dix ans, plusieurs dizaines de cyclistes amateurs parcourent la France \u00e0 v\u00e9lo. Le but, d\u00e9couvrir les projets de ceux qui agissent pour la transition \u00e9cologique. L\u2019AlterTour a pris son d\u00e9part lundi 10\u00a0juillet \u00e0 Toulouse.<\/strong><\/p>\n<p><i>Toulouse, correspondance<\/i><\/p>\n<p><i>\u00ab<small class=\"fine\">\u00a0<\/small>L\u2019AlterTour, c\u2019est un tour familial qui n\u2019est pas sportif, une balade \u00e0 v\u00e9lo \u00e0 la rencontre des acteurs de la transition \u00e9cologique.<small class=\"fine\">\u00a0<\/small>\u00bb<\/i> Quand on lui demande de d\u00e9finir l\u2019AlterTour, c\u2019est ce que r\u00e9pond Mathieu Fromont, coordinateur de ce voyage \u00e0 v\u00e9lo qui prend son d\u00e9part de Toulouse lundi 10\u00a0juillet.<\/p>\n<p>Le projet a \u00e9t\u00e9 lanc\u00e9 sous l\u2019\u00e9gide d\u2019Altercampagne. Ce collectif d\u2019organisations avait fait de la lutte contre les <span class=\"caps\">OGM<\/span> son cheval de bataille. <i>\u00ab<small class=\"fine\">\u00a0<\/small>En 2008, quand le moratoire est tomb\u00e9, on a r\u00e9orient\u00e9 notre action en continuant \u00e0 lutter contre les <span class=\"caps\">OGM<\/span>, les paradis fiscaux mais aussi en allant \u00e0 la rencontre des acteurs du changement<small class=\"fine\">\u00a0<\/small>\u00bb<\/i>, relate le coordinateur. Des acteurs qui s\u2019inscrivent contre ce que l\u2019association appelle <i>\u00ab<small class=\"fine\">\u00a0<\/small>le dopage g\u00e9n\u00e9ralis\u00e9<small class=\"fine\">\u00a0<\/small>\u00bb<\/i>. Un <i>\u00ab<small class=\"fine\">\u00a0<\/small>dopage agricole<small class=\"fine\">\u00a0<\/small>\u00bb<\/i> qui fait r\u00e9f\u00e9rence aux pesticides utilis\u00e9s dans les champs, un <i>\u00ab<small class=\"fine\">\u00a0<\/small>dopage commercial<small class=\"fine\">\u00a0<\/small>\u00bb <\/i> qui pousse \u00e0 une consommation incontr\u00f4l\u00e9e de mati\u00e8res premi\u00e8res et \u00e0 un accroissement des d\u00e9chets mais aussi un <i>\u00ab<small class=\"fine\">\u00a0<\/small>dopage \u00e9nerg\u00e9tique<small class=\"fine\">\u00a0<\/small>\u00bb<\/i>, producteur lui aussi de d\u00e9chets et moteur d\u2019un monde o\u00f9 croissance et destruction vont de pair.<\/p>\n<p>Chaque \u00e9t\u00e9 donc, Mathieu Fromont enfourche son v\u00e9lo avec plusieurs dizaines d\u2019autres cyclistes amateurs pour parcourir la France et d\u00e9couvrir des ecolieux. Au total, ils seront entre 300 et 350 \u00e0 se visiter cette ann\u00e9e des chantiers d\u2019\u00e9co-construction, des habitats partag\u00e9s, des fermes agro\u00e9cologiques, des ateliers de r\u00e9paration de v\u00e9los participatifs et solidaires ou encore des micros brasseries.<\/p>\n<p><i>\u00ab<small class=\"fine\">\u00a0<\/small>Quand on a commenc\u00e9, on avait du mal \u00e0 trouver ce type de projets, il fallait parfois parcourir 100 kilom\u00e8tres par jour. Aujourd\u2019hui on en voit tous les 30 kilom\u00e8tres<small class=\"fine\">\u00a0<\/small>\u00bb<\/i>, explique Mathieu Fromont. Ce tour de France particulier souffle sa dixi\u00e8me bougie cette ann\u00e9e. Il a d\u00e9but\u00e9 les festivit\u00e9s ce week-end \u00e0 Toulouse avant le d\u00e9part ce lundi pour arriver 1.200 kilom\u00e8tres plus tard \u00e0 Valence, le 20\u00a0ao\u00fbt.<\/p>\n<p>Chaque participant est libre de choisir \u00e0 quel moment de l\u2019\u00e9tape il souhaite se joindre au groupe, mais aussi en partir. Les <i>\u00ab<small class=\"fine\">\u00a0<\/small>altercyclistes<small class=\"fine\">\u00a0<\/small>\u00bb<\/i>, comme ils aiment \u00e0 se nommer, viennent de partout en France, de Belgique, mais aussi d\u2019Espagne, de Suisse, de Hollande ou encore d\u2019Angleterre. Ils ont tous les \u00e2ges\u00a0: cette ann\u00e9e, l\u2019altercycliste le plus \u00e2g\u00e9 a 73 ans, le plus jeune, deux ans. La mise en place d\u2019un tarif d\u00e9gressif selon les revenus &#8211; pour payer l\u2019h\u00e9bergement, les repas, les v\u00e9hicules pour transporter mat\u00e9riel de camping et aussi altercyclistes \u00e9puis\u00e9s &#8211; ajoute encore \u00e0 la diversit\u00e9 des personnes qui s\u2019inscrivent sur le tour.<\/p>\n<p>Dimanche 9\u00a0juillet, veille du grand d\u00e9part, le groupe faisait escale \u00e0 l\u2019atelier V\u00e9lorution de Toulouse. Le temps de r\u00e9cup\u00e9rer quelques v\u00e9los et triporteurs, des v\u00e9los sur trois roues. Mais aussi de discuter sur le travail effectu\u00e9 par les ateliers V\u00e9lorution, lieux o\u00f9 l\u2019on apprend \u00e0 r\u00e9parer un v\u00e9lo et qui font la promotion de ce moyen de locomotion respectueux de l\u2019environnement. <i>\u00ab<small class=\"fine\">\u00a0<\/small>Ces ateliers de v\u00e9lo permettent \u00e0 n\u2019importe qui de devenir r\u00e9parateur et de se d\u00e9placer \u00e0 v\u00e9lo. C\u2019est un formidable travail d\u2019\u00e9ducation populaire<small class=\"fine\">\u00a0<\/small>\u00bb<\/i>, commente Mathieu Fromont.<\/p>\n<p>Dans la ville rose, longtemps acquise au Tout voiture, l\u2019association Velorution milite activement pour un r\u00e9el am\u00e9nagement des pistes cyclables. <i>\u00ab<small class=\"fine\">\u00a0<\/small>Ici, on est dans une critique radicale du syst\u00e8me. La voiture en ville existe car il y a un d\u00e9ficit de transports publics<small class=\"fine\">\u00a0<\/small>\u00bb<\/i>, dit Olivier Th\u00e9ron, le fondateur de l\u2019antenne toulousaine.<\/p>\n<h3 class=\"spip\">\u00ab<small class=\"fine\">\u00a0<\/small>Nous ne voulons pas d\u00e9montrer qu\u2019un autre monde est possible, mais qu\u2019il existe d\u00e9j\u00e0<small class=\"fine\">\u00a0<\/small>\u00bb<\/h3>\n<p>Si pour cette dixi\u00e8me \u00e9dition, le tour se concentre sur la partie sud de l\u2019hexagone, il joue aussi la carte europ\u00e9enne puisqu\u2019\u00e0 c\u00f4t\u00e9 du circuit initial sont pr\u00e9vus deux parcours parall\u00e8les &#8211; nomm\u00e9s Echapp\u00e9es Belles &#8211; d\u2019une dizaine de jours dont l\u2019un passera par l\u2019Espagne. Pour tous cependant, le programme restera le m\u00eame\u00a0: visite des ecolieux, participation aux chantiers, repas communs, une nuit sur place mais surtout des \u00e9changes pour croiser les regards et exp\u00e9riences sur des projets comme celui de la <a class=\"spip_in\" href=\"https:\/\/reporterre.net\/A-Saillans-les-habitants-reinventent-la-democratie\">commune de Saillans<\/a> dans la Dr\u00f4me, visit\u00e9 les 12 et 13\u00a0ao\u00fbt. Dans ce village d\u2019un peu plus d\u2019un millier d\u2019habitants, les citoyens r\u00e9inventent l\u2019outil d\u00e9mocratique. Depuis les derni\u00e8res municipales, et l\u2019\u00e9lection d\u2019une liste citoyenne, la gouvernance du village se fait de mani\u00e8re coll\u00e9giale.<\/p>\n<p><i>\u00ab<small class=\"fine\">\u00a0<\/small>Avec nos \u00e9tapes, nous ne voulons pas d\u00e9montrer qu\u2019un autre monde est possible mais qu\u2019il existe d\u00e9j\u00e0<small class=\"fine\">\u00a0<\/small>\u00bb,<\/i> souligne Mathieu Fromont, <i>\u00ab<small class=\"fine\">\u00a0<\/small>persuad\u00e9 que le changement politique qui viendra ne fera que suivre les citoyens<small class=\"fine\">\u00a0<\/small>\u00bb<\/i>.<\/p>\n<p>Agir de mani\u00e8re coll\u00e9giale, c\u2019est aussi le fonctionnement qu\u2019ont choisi les altercyclistes. Julie, Parisienne de 31 ans, est membre du coll\u00e8ge solidaire de l\u2019AlterTour. <i>\u00ab<small class=\"fine\">\u00a0<\/small>L\u2019association est remarquable dans sa politique d\u2019accessibilit\u00e9. Nous marchons en autogestion, si une personne vient avec une bonne id\u00e9e, il y aura toujours une place pour l\u2019exprimer<small class=\"fine\">\u00a0<\/small>\u00bb<\/i>, explique la jeune femme.<\/p>\n<p>Organisatrice d\u2019\u00e9tapes, elle suit l\u2019initiative pour la troisi\u00e8me fois. <i>\u00ab<small class=\"fine\">\u00a0<\/small>L\u2019AlterTour est facteur de changement. Certains \u00e9taient ing\u00e9nieurs et ont quitt\u00e9 la ville pour devenir paysan, boulanger. Pour d\u2019autres il s\u2019agira de petits changements. J\u2019\u00e9tais tr\u00e8s attach\u00e9 \u00e0 l\u2019\u00e9cole r\u00e9publicaine, le fait d\u2019avoir d\u00e9couvert des alternatives en mani\u00e8re d\u2019enseignement m\u2019a fait prendre conscience que l\u2019on pouvait aussi faire autrement<small class=\"fine\">\u00a0<\/small>\u00bb<\/i>, souligne-t-elle, avant d\u2019affirmer un sourire dans la voix, <i>\u00ab<small class=\"fine\">\u00a0<\/small>avoir aussi \u00e9t\u00e9 convaincue qu\u2019il \u00e9tait possible de choisir un r\u00e9gime alimentaire v\u00e9g\u00e9tarien tout en se r\u00e9galant<small class=\"fine\">\u00a0<\/small>\u00bb<\/i>.<\/p>\n<p><img loading=\"lazy\" decoding=\"async\" class=\"aligncenter wp-image-1982 size-full\" src=\"http:\/\/www.altercampagne.net\/wp-content\/uploads\/2016\/07\/2016-07-21_12.47.jpg\" alt=\"\" width=\"900\" height=\"310\" \/><\/p>\n<h3 class=\"spip\">\u00ab<small class=\"fine\">\u00a0<\/small>C\u2019est l\u2019anti voyage o\u00f9 on prend l\u2019avion pour aller en club<small class=\"fine\">\u00a0<\/small>\u00bb<\/h3>\n<p>Cette id\u00e9e de faire autrement, Cyril, Parisien comme Julie et qui en est \u00e0 sa quatri\u00e8me participation, y voit lui aussi un grand int\u00e9r\u00eat. L\u2019an dernier, le quadrag\u00e9naire est venu avec ses trois enfants \u00e2g\u00e9s de 16 \u00e0 12 ans pendant une semaine. <i>\u00ab<small class=\"fine\">\u00a0<\/small>Ils \u00e9taient sur un rapport d\u2019\u00e9galit\u00e9 avec les adultes et cela leur a beaucoup plu. Tous les jours, on se rassemble pour d\u00e9cider des t\u00e2ches du quotidien. Qui cuisine, fait la vaisselle, s\u2019occupe des toilettes s\u00e8ches, de r\u00e9parer les v\u00e9los. Il n\u2019y a pas de chef, pas de hi\u00e9rarchie<small class=\"fine\">\u00a0<\/small>\u00bb,<\/i> souligne le p\u00e8re de famille.<\/p>\n<p>Pour lui, ce voyage lent, <i>\u00ab<small class=\"fine\">\u00a0<\/small>o\u00f9 l\u2019on prend le temps de d\u00e9couvrir des endroits que l\u2019on ne d\u00e9couvrirait pas autrement, de discuter sur la route en p\u00e9dalant<small class=\"fine\">\u00a0<\/small>\u00bb<\/i> est aussi un moyen de se rendre compte de la vigueur du monde militant. <i>\u00ab<small class=\"fine\">\u00a0<\/small>L\u2019AlterTour, c\u2019est l\u2019anti vacances en Gr\u00e8ce, o\u00f9 on prend l\u2019avion pour aller en club. C\u2019est aussi la mise en r\u00e9seau de gens en lutte, qui font un travail qui fait sens. J\u2019ai l\u2019impression qu\u2019il y a un renouveau de la vie collective, notamment sur des questions d\u2019autonomie alimentaire. Voir des fermes \u00e9colos qui marchent bien, \u00e7a donne envie<small class=\"fine\">\u00a0<\/small>\u00bb<\/i>, conclut Cyril.<\/p>\n<ul class=\"spip\">\n<li><strong>Compl\u00e9ment d\u2019infos\u00a0:<\/strong><\/li>\n<\/ul>\n<p>. Si le tour est complet pour le mois de juillet, il reste encore quelques places du 14 au 20\u00a0ao\u00fbt sur l\u2019AlterTour mais aussi sur l\u2019\u00c9chapp\u00e9e Belle organis\u00e9e du 1<sup class=\"typo_exposants\">er<\/sup> au 10\u00a0ao\u00fbt.<\/p>\n<p style=\"text-align: right;\"><strong> Vanessa Vertus, <a href=\"https:\/\/reporterre.net\/L-AlterTour-de-France-carbure-a-l-enthousiasme-et-a-l-alternative\" target=\"_blank\">Reporterre<\/a><\/strong><\/p>\n","protected":false},"excerpt":{"rendered":"<p>Chaque ann\u00e9e depuis dix ans, plusieurs dizaines de cyclistes amateurs parcourent la France \u00e0 v\u00e9lo. Le but, d\u00e9couvrir les projets de ceux qui agissent pour la transition \u00e9cologique. L\u2019AlterTour a pris son d\u00e9part lundi 10\u00a0juillet \u00e0 Toulouse. Toulouse, correspondance \u00ab\u00a0L\u2019AlterTour, c\u2019est un tour familial qui n\u2019est pas sportif, une balade &#8230; <\/p>\n<div><a href=\"https:\/\/www.altercampagne.net\/?p=7398\" class=\"more-link\">Read More<\/a><\/div>\n","protected":false},"author":214,"featured_media":0,"comment_status":"closed","ping_status":"closed","sticky":false,"template":"","format":"standard","meta":{"footnotes":""},"categories":[239],"tags":[403,2783,2784,2787,3103],"class_list":["post-7398","post","type-post","status-publish","format-standard","hentry","category-revue-de-presse","tag-reporterre","tag-altertour-2017","tag-2784","tag-velorution-toulouse","tag-vanessa-vertus","no-post-thumbnail"],"yoast_head":"<!-- This site is optimized with the Yoast SEO plugin v27.3 - https:\/\/yoast.com\/product\/yoast-seo-wordpress\/ -->\n<title>L\u2019AlterTour de France carbure \u00e0 l\u2019enthousiasme et \u00e0 l\u2019alternative - AlterTour<\/title>\n<meta name=\"robots\" content=\"index, follow, max-snippet:-1, max-image-preview:large, max-video-preview:-1\" \/>\n<link rel=\"canonical\" href=\"https:\/\/www.altercampagne.net\/?p=7398\" \/>\n<meta property=\"og:locale\" content=\"fr_FR\" \/>\n<meta property=\"og:type\" content=\"article\" \/>\n<meta property=\"og:title\" content=\"L\u2019AlterTour de France carbure \u00e0 l\u2019enthousiasme et \u00e0 l\u2019alternative - AlterTour\" \/>\n<meta property=\"og:description\" content=\"Chaque ann\u00e9e depuis dix ans, plusieurs dizaines de cyclistes amateurs parcourent la France \u00e0 v\u00e9lo. Le but, d\u00e9couvrir les projets de ceux qui agissent pour la transition \u00e9cologique. L\u2019AlterTour a pris son d\u00e9part lundi 10\u00a0juillet \u00e0 Toulouse. Toulouse, correspondance \u00ab\u00a0L\u2019AlterTour, c\u2019est un tour familial qui n\u2019est pas sportif, une balade ... Read More\" \/>\n<meta property=\"og:url\" content=\"https:\/\/www.altercampagne.net\/?p=7398\" \/>\n<meta property=\"og:site_name\" content=\"AlterTour\" \/>\n<meta property=\"article:published_time\" content=\"2017-07-10T20:11:45+00:00\" \/>\n<meta property=\"article:modified_time\" content=\"2017-07-14T13:35:30+00:00\" \/>\n<meta property=\"og:image\" content=\"http:\/\/www.altercampagne.net\/wp-content\/uploads\/2015\/09\/2015-07-19_15.37.46_7522.jpg\" \/>\n<meta name=\"author\" content=\"Mathieu\" \/>\n<meta name=\"twitter:card\" content=\"summary_large_image\" \/>\n<meta name=\"twitter:label1\" content=\"\u00c9crit par\" \/>\n\t<meta name=\"twitter:data1\" content=\"Mathieu\" \/>\n\t<meta name=\"twitter:label2\" content=\"Dur\u00e9e de lecture estim\u00e9e\" \/>\n\t<meta name=\"twitter:data2\" content=\"7 minutes\" \/>\n<script type=\"application\/ld+json\" class=\"yoast-schema-graph\">{\"@context\":\"https:\\\/\\\/schema.org\",\"@graph\":[{\"@type\":\"Article\",\"@id\":\"https:\\\/\\\/www.altercampagne.net\\\/?p=7398#article\",\"isPartOf\":{\"@id\":\"https:\\\/\\\/www.altercampagne.net\\\/?p=7398\"},\"author\":{\"name\":\"Mathieu\",\"@id\":\"https:\\\/\\\/www.altercampagne.net\\\/#\\\/schema\\\/person\\\/0f261460c09e430caa0f9bcffa319109\"},\"headline\":\"L\u2019AlterTour de France carbure \u00e0 l\u2019enthousiasme et \u00e0 l\u2019alternative\",\"datePublished\":\"2017-07-10T20:11:45+00:00\",\"dateModified\":\"2017-07-14T13:35:30+00:00\",\"mainEntityOfPage\":{\"@id\":\"https:\\\/\\\/www.altercampagne.net\\\/?p=7398\"},\"wordCount\":1312,\"image\":{\"@id\":\"https:\\\/\\\/www.altercampagne.net\\\/?p=7398#primaryimage\"},\"thumbnailUrl\":\"http:\\\/\\\/www.altercampagne.net\\\/wp-content\\\/uploads\\\/2015\\\/09\\\/2015-07-19_15.37.46_7522.jpg\",\"keywords\":[\"reporterre\",\"AlterTour 2017\",\"2017\",\"V\u00e9lorution Toulouse\",\"Vanessa Vertus\"],\"articleSection\":[\"Revue de presse\"],\"inLanguage\":\"fr-FR\"},{\"@type\":\"WebPage\",\"@id\":\"https:\\\/\\\/www.altercampagne.net\\\/?p=7398\",\"url\":\"https:\\\/\\\/www.altercampagne.net\\\/?p=7398\",\"name\":\"L\u2019AlterTour de France carbure \u00e0 l\u2019enthousiasme et \u00e0 l\u2019alternative - AlterTour\",\"isPartOf\":{\"@id\":\"https:\\\/\\\/www.altercampagne.net\\\/#website\"},\"primaryImageOfPage\":{\"@id\":\"https:\\\/\\\/www.altercampagne.net\\\/?p=7398#primaryimage\"},\"image\":{\"@id\":\"https:\\\/\\\/www.altercampagne.net\\\/?p=7398#primaryimage\"},\"thumbnailUrl\":\"http:\\\/\\\/www.altercampagne.net\\\/wp-content\\\/uploads\\\/2015\\\/09\\\/2015-07-19_15.37.46_7522.jpg\",\"datePublished\":\"2017-07-10T20:11:45+00:00\",\"dateModified\":\"2017-07-14T13:35:30+00:00\",\"author\":{\"@id\":\"https:\\\/\\\/www.altercampagne.net\\\/#\\\/schema\\\/person\\\/0f261460c09e430caa0f9bcffa319109\"},\"breadcrumb\":{\"@id\":\"https:\\\/\\\/www.altercampagne.net\\\/?p=7398#breadcrumb\"},\"inLanguage\":\"fr-FR\",\"potentialAction\":[{\"@type\":\"ReadAction\",\"target\":[\"https:\\\/\\\/www.altercampagne.net\\\/?p=7398\"]}]},{\"@type\":\"ImageObject\",\"inLanguage\":\"fr-FR\",\"@id\":\"https:\\\/\\\/www.altercampagne.net\\\/?p=7398#primaryimage\",\"url\":\"http:\\\/\\\/www.altercampagne.net\\\/wp-content\\\/uploads\\\/2015\\\/09\\\/2015-07-19_15.37.46_7522.jpg\",\"contentUrl\":\"http:\\\/\\\/www.altercampagne.net\\\/wp-content\\\/uploads\\\/2015\\\/09\\\/2015-07-19_15.37.46_7522.jpg\"},{\"@type\":\"BreadcrumbList\",\"@id\":\"https:\\\/\\\/www.altercampagne.net\\\/?p=7398#breadcrumb\",\"itemListElement\":[{\"@type\":\"ListItem\",\"position\":1,\"name\":\"Accueil\",\"item\":\"https:\\\/\\\/www.altercampagne.net\\\/\"},{\"@type\":\"ListItem\",\"position\":2,\"name\":\"L\u2019AlterTour de France carbure \u00e0 l\u2019enthousiasme et \u00e0 l\u2019alternative\"}]},{\"@type\":\"WebSite\",\"@id\":\"https:\\\/\\\/www.altercampagne.net\\\/#website\",\"url\":\"https:\\\/\\\/www.altercampagne.net\\\/\",\"name\":\"AlterTour\",\"description\":\"Reliez les Alternatives \u00e0 v\u00e9lo\",\"potentialAction\":[{\"@type\":\"SearchAction\",\"target\":{\"@type\":\"EntryPoint\",\"urlTemplate\":\"https:\\\/\\\/www.altercampagne.net\\\/?s={search_term_string}\"},\"query-input\":{\"@type\":\"PropertyValueSpecification\",\"valueRequired\":true,\"valueName\":\"search_term_string\"}}],\"inLanguage\":\"fr-FR\"},{\"@type\":\"Person\",\"@id\":\"https:\\\/\\\/www.altercampagne.net\\\/#\\\/schema\\\/person\\\/0f261460c09e430caa0f9bcffa319109\",\"name\":\"Mathieu\",\"image\":{\"@type\":\"ImageObject\",\"inLanguage\":\"fr-FR\",\"@id\":\"https:\\\/\\\/secure.gravatar.com\\\/avatar\\\/aa9d3d24c83f2141e5e2709d0f63d09a99f6be6bb7a50abc4915838d9f54501a?s=96&d=mm&r=g\",\"url\":\"https:\\\/\\\/secure.gravatar.com\\\/avatar\\\/aa9d3d24c83f2141e5e2709d0f63d09a99f6be6bb7a50abc4915838d9f54501a?s=96&d=mm&r=g\",\"contentUrl\":\"https:\\\/\\\/secure.gravatar.com\\\/avatar\\\/aa9d3d24c83f2141e5e2709d0f63d09a99f6be6bb7a50abc4915838d9f54501a?s=96&d=mm&r=g\",\"caption\":\"Mathieu\"},\"url\":\"https:\\\/\\\/www.altercampagne.net\\\/?author=214\"}]}<\/script>\n<!-- \/ Yoast SEO plugin. -->","yoast_head_json":{"title":"L\u2019AlterTour de France carbure \u00e0 l\u2019enthousiasme et \u00e0 l\u2019alternative - AlterTour","robots":{"index":"index","follow":"follow","max-snippet":"max-snippet:-1","max-image-preview":"max-image-preview:large","max-video-preview":"max-video-preview:-1"},"canonical":"https:\/\/www.altercampagne.net\/?p=7398","og_locale":"fr_FR","og_type":"article","og_title":"L\u2019AlterTour de France carbure \u00e0 l\u2019enthousiasme et \u00e0 l\u2019alternative - AlterTour","og_description":"Chaque ann\u00e9e depuis dix ans, plusieurs dizaines de cyclistes amateurs parcourent la France \u00e0 v\u00e9lo. Le but, d\u00e9couvrir les projets de ceux qui agissent pour la transition \u00e9cologique. L\u2019AlterTour a pris son d\u00e9part lundi 10\u00a0juillet \u00e0 Toulouse. Toulouse, correspondance \u00ab\u00a0L\u2019AlterTour, c\u2019est un tour familial qui n\u2019est pas sportif, une balade ... Read More","og_url":"https:\/\/www.altercampagne.net\/?p=7398","og_site_name":"AlterTour","article_published_time":"2017-07-10T20:11:45+00:00","article_modified_time":"2017-07-14T13:35:30+00:00","og_image":[{"url":"http:\/\/www.altercampagne.net\/wp-content\/uploads\/2015\/09\/2015-07-19_15.37.46_7522.jpg","type":"","width":"","height":""}],"author":"Mathieu","twitter_card":"summary_large_image","twitter_misc":{"\u00c9crit par":"Mathieu","Dur\u00e9e de lecture estim\u00e9e":"7 minutes"},"schema":{"@context":"https:\/\/schema.org","@graph":[{"@type":"Article","@id":"https:\/\/www.altercampagne.net\/?p=7398#article","isPartOf":{"@id":"https:\/\/www.altercampagne.net\/?p=7398"},"author":{"name":"Mathieu","@id":"https:\/\/www.altercampagne.net\/#\/schema\/person\/0f261460c09e430caa0f9bcffa319109"},"headline":"L\u2019AlterTour de France carbure \u00e0 l\u2019enthousiasme et \u00e0 l\u2019alternative","datePublished":"2017-07-10T20:11:45+00:00","dateModified":"2017-07-14T13:35:30+00:00","mainEntityOfPage":{"@id":"https:\/\/www.altercampagne.net\/?p=7398"},"wordCount":1312,"image":{"@id":"https:\/\/www.altercampagne.net\/?p=7398#primaryimage"},"thumbnailUrl":"http:\/\/www.altercampagne.net\/wp-content\/uploads\/2015\/09\/2015-07-19_15.37.46_7522.jpg","keywords":["reporterre","AlterTour 2017","2017","V\u00e9lorution Toulouse","Vanessa Vertus"],"articleSection":["Revue de presse"],"inLanguage":"fr-FR"},{"@type":"WebPage","@id":"https:\/\/www.altercampagne.net\/?p=7398","url":"https:\/\/www.altercampagne.net\/?p=7398","name":"L\u2019AlterTour de France carbure \u00e0 l\u2019enthousiasme et \u00e0 l\u2019alternative - AlterTour","isPartOf":{"@id":"https:\/\/www.altercampagne.net\/#website"},"primaryImageOfPage":{"@id":"https:\/\/www.altercampagne.net\/?p=7398#primaryimage"},"image":{"@id":"https:\/\/www.altercampagne.net\/?p=7398#primaryimage"},"thumbnailUrl":"http:\/\/www.altercampagne.net\/wp-content\/uploads\/2015\/09\/2015-07-19_15.37.46_7522.jpg","datePublished":"2017-07-10T20:11:45+00:00","dateModified":"2017-07-14T13:35:30+00:00","author":{"@id":"https:\/\/www.altercampagne.net\/#\/schema\/person\/0f261460c09e430caa0f9bcffa319109"},"breadcrumb":{"@id":"https:\/\/www.altercampagne.net\/?p=7398#breadcrumb"},"inLanguage":"fr-FR","potentialAction":[{"@type":"ReadAction","target":["https:\/\/www.altercampagne.net\/?p=7398"]}]},{"@type":"ImageObject","inLanguage":"fr-FR","@id":"https:\/\/www.altercampagne.net\/?p=7398#primaryimage","url":"http:\/\/www.altercampagne.net\/wp-content\/uploads\/2015\/09\/2015-07-19_15.37.46_7522.jpg","contentUrl":"http:\/\/www.altercampagne.net\/wp-content\/uploads\/2015\/09\/2015-07-19_15.37.46_7522.jpg"},{"@type":"BreadcrumbList","@id":"https:\/\/www.altercampagne.net\/?p=7398#breadcrumb","itemListElement":[{"@type":"ListItem","position":1,"name":"Accueil","item":"https:\/\/www.altercampagne.net\/"},{"@type":"ListItem","position":2,"name":"L\u2019AlterTour de France carbure \u00e0 l\u2019enthousiasme et \u00e0 l\u2019alternative"}]},{"@type":"WebSite","@id":"https:\/\/www.altercampagne.net\/#website","url":"https:\/\/www.altercampagne.net\/","name":"AlterTour","description":"Reliez les Alternatives \u00e0 v\u00e9lo","potentialAction":[{"@type":"SearchAction","target":{"@type":"EntryPoint","urlTemplate":"https:\/\/www.altercampagne.net\/?s={search_term_string}"},"query-input":{"@type":"PropertyValueSpecification","valueRequired":true,"valueName":"search_term_string"}}],"inLanguage":"fr-FR"},{"@type":"Person","@id":"https:\/\/www.altercampagne.net\/#\/schema\/person\/0f261460c09e430caa0f9bcffa319109","name":"Mathieu","image":{"@type":"ImageObject","inLanguage":"fr-FR","@id":"https:\/\/secure.gravatar.com\/avatar\/aa9d3d24c83f2141e5e2709d0f63d09a99f6be6bb7a50abc4915838d9f54501a?s=96&d=mm&r=g","url":"https:\/\/secure.gravatar.com\/avatar\/aa9d3d24c83f2141e5e2709d0f63d09a99f6be6bb7a50abc4915838d9f54501a?s=96&d=mm&r=g","contentUrl":"https:\/\/secure.gravatar.com\/avatar\/aa9d3d24c83f2141e5e2709d0f63d09a99f6be6bb7a50abc4915838d9f54501a?s=96&d=mm&r=g","caption":"Mathieu"},"url":"https:\/\/www.altercampagne.net\/?author=214"}]}},"_links":{"self":[{"href":"https:\/\/www.altercampagne.net\/index.php?rest_route=\/wp\/v2\/posts\/7398","targetHints":{"allow":["GET"]}}],"collection":[{"href":"https:\/\/www.altercampagne.net\/index.php?rest_route=\/wp\/v2\/posts"}],"about":[{"href":"https:\/\/www.altercampagne.net\/index.php?rest_route=\/wp\/v2\/types\/post"}],"author":[{"embeddable":true,"href":"https:\/\/www.altercampagne.net\/index.php?rest_route=\/wp\/v2\/users\/214"}],"replies":[{"embeddable":true,"href":"https:\/\/www.altercampagne.net\/index.php?rest_route=%2Fwp%2Fv2%2Fcomments&post=7398"}],"version-history":[{"count":0,"href":"https:\/\/www.altercampagne.net\/index.php?rest_route=\/wp\/v2\/posts\/7398\/revisions"}],"wp:attachment":[{"href":"https:\/\/www.altercampagne.net\/index.php?rest_route=%2Fwp%2Fv2%2Fmedia&parent=7398"}],"wp:term":[{"taxonomy":"category","embeddable":true,"href":"https:\/\/www.altercampagne.net\/index.php?rest_route=%2Fwp%2Fv2%2Fcategories&post=7398"},{"taxonomy":"post_tag","embeddable":true,"href":"https:\/\/www.altercampagne.net\/index.php?rest_route=%2Fwp%2Fv2%2Ftags&post=7398"}],"curies":[{"name":"wp","href":"https:\/\/api.w.org\/{rel}","templated":true}]}}