{"id":7413,"date":"2017-07-18T12:51:38","date_gmt":"2017-07-18T10:51:38","guid":{"rendered":"http:\/\/www.altercampagne.net\/?p=7413"},"modified":"2017-07-19T13:14:05","modified_gmt":"2017-07-19T11:14:05","slug":"altertour-2017-un-autre-tour-de-france-sur-le-plateau-de-la-menude","status":"publish","type":"post","link":"https:\/\/www.altercampagne.net\/?p=7413","title":{"rendered":"AlterTour 2017 : un autre Tour de France sur le plateau de la M\u00e9nude"},"content":{"rendered":"<p><a href=\"http:\/\/www.altercampagne.net\/wp-content\/uploads\/2017\/07\/20170711_110056.jpg\"><img loading=\"lazy\" decoding=\"async\" class=\"aligncenter size-full wp-image-7415\" src=\"http:\/\/www.altercampagne.net\/wp-content\/uploads\/2017\/07\/20170711_110056.jpg\" alt=\"20170711_110056\" width=\"700\" height=\"525\" srcset=\"https:\/\/www.altercampagne.net\/wp-content\/uploads\/2017\/07\/20170711_110056.jpg 700w, https:\/\/www.altercampagne.net\/wp-content\/uploads\/2017\/07\/20170711_110056-300x225.jpg 300w\" sizes=\"auto, (max-width: 700px) 100vw, 700px\" \/><\/a>L&rsquo;AlterTour 2017 a fait \u00e9tape sur le plateau de la M\u00e9nude accueilli par les forces vives du collectif Non \u00e0 Val Tolosa. L&rsquo;AlterTour est une caravane de citoyens qui parcourent le pays \u00e0 v\u00e9lo et explorent les lieux de la transition \u00e9cologique \u00abLes altercyclistes, au dopage cr\u00e9atif, relient les initiatives heureuses de notre territoire\u00bb, remarque le co-pr\u00e9sident du collectif.<\/p>\n<p>Sous le regard des vigiles qui gardent le lieu, les membres du collectif ont fait visiter, \u00e0 v\u00e9lo bien s\u00fbr, le site d&rsquo;implantation du centre commercial Val Tolosa \u00e0 la trentaine d&rsquo;altercyclistes, arriv\u00e9s de Montaigut-sur-Save \u00abNous voulons montrer qu&rsquo;il y a des alternatives modernes aux vieux mod\u00e8les des immenses centres commerciaux excentr\u00e9s comme Val Tolosa. Le plateau de la M\u00e9nude, d\u00e9j\u00e0 ravag\u00e9 sans autorisation par les engins de chantier, est devenu l&#8217;embl\u00e8me d&rsquo;un combat du bon sens contre l&rsquo;acharnement lucratif d&rsquo;un promoteur (Unibail-Rodamco), d&rsquo;un maire, d&rsquo;une d\u00e9put\u00e9e en marche et de quelques \u00e9lus \u00e9gar\u00e9s. La justice nous a donn\u00e9 raison d\u00e9j\u00e0 deux fois en annulant le permis de construire ainsi que la d\u00e9rogation \u00e0 la loi de protection des esp\u00e8ces naturelles d\u00e9livr\u00e9e par le pr\u00e9fet\u00bb, expliquait le co-pr\u00e9sident. Le lendemain, bonne nouvelle pour le comit\u00e9, de la d\u00e9rogation pour destruction d&rsquo;esp\u00e8ces naturelles, dont l&rsquo;annulation vient d&rsquo;\u00eatre confirm\u00e9e en appel (lire notre \u00e9dition de samedi).<\/p>\n<p>Apr\u00e8s l&rsquo;expos\u00e9 de ce point de vue et la d\u00e9couverte du site, un altercycliste, \u00e9tonn\u00e9, ajoute : \u00abNous nous allons vers des lieux o\u00f9 s&rsquo;appliquent des projets en faveur de la transition \u00e9cologique et o\u00f9 cela fonctionne, pourquoi pas ici ?\u00bb La question est pos\u00e9e. Ceci dit, la rencontre a \u00e9t\u00e9 joyeuse. Comme \u00e0 l&rsquo;accoutum\u00e9e le buffet \u00e9tait bien garni, les cyclistes offraient le plat de r\u00e9sistance et le collectif des entr\u00e9es et les desserts. Le partage fut chaleureux, les actrices du collectif ont apport\u00e9 leur humour d\u00e9capant et les musiques languedociennes du groupe de Toulousains et Audois Brancaleone Cornemuses Bod\u00e9ga en ont fait danser plus d&rsquo;un. Puis \u00e0 coups de p\u00e9dale et \u00e0 la force des mollets les cyclistes de l&rsquo;AlterTour ont repris la route pour aller \u00e0 la rencontre des Alternatives en Occitanie, Catalogne et Rh\u00f4ne-Alpes.<\/p>\n<p style=\"text-align: right;\"><a href=\"http:\/\/www.ladepeche.fr\/article\/2017\/07\/18\/2613700-altertour-2017-autre-tour-france-plateau-menude.html\" target=\"_blank\"><strong>La D\u00e9p\u00eache du Midi<\/strong><\/a><\/p>\n","protected":false},"excerpt":{"rendered":"<p>L&rsquo;AlterTour 2017 a fait \u00e9tape sur le plateau de la M\u00e9nude accueilli par les forces vives du collectif Non \u00e0 Val Tolosa. L&rsquo;AlterTour est une caravane de citoyens qui parcourent le pays \u00e0 v\u00e9lo et explorent les lieux de la transition \u00e9cologique \u00abLes altercyclistes, au dopage cr\u00e9atif, relient les initiatives &#8230; <\/p>\n<div><a href=\"https:\/\/www.altercampagne.net\/?p=7413\" class=\"more-link\">Read More<\/a><\/div>\n","protected":false},"author":214,"featured_media":0,"comment_status":"closed","ping_status":"closed","sticky":false,"template":"","format":"standard","meta":{"footnotes":""},"categories":[239],"tags":[2783,2784,2855,2944,3005,3111,3118,3119],"class_list":["post-7413","post","type-post","status-publish","format-standard","hentry","category-revue-de-presse","tag-altertour-2017","tag-2784","tag-collectif-non-a-val-tolosa","tag-val-tolosa","tag-montaigut-sur-save","tag-la-depeche-du-midi","tag-plateau-de-la-menude","tag-non-a-val-tolosa","no-post-thumbnail"],"yoast_head":"<!-- This site is optimized with the Yoast SEO plugin v27.3 - https:\/\/yoast.com\/product\/yoast-seo-wordpress\/ -->\n<title>AlterTour 2017 : un autre Tour de France sur le plateau de la M\u00e9nude - AlterTour<\/title>\n<meta name=\"robots\" content=\"index, follow, max-snippet:-1, max-image-preview:large, max-video-preview:-1\" \/>\n<link rel=\"canonical\" href=\"https:\/\/www.altercampagne.net\/?p=7413\" \/>\n<meta property=\"og:locale\" content=\"fr_FR\" \/>\n<meta property=\"og:type\" content=\"article\" \/>\n<meta property=\"og:title\" content=\"AlterTour 2017 : un autre Tour de France sur le plateau de la M\u00e9nude - AlterTour\" \/>\n<meta property=\"og:description\" content=\"L&rsquo;AlterTour 2017 a fait \u00e9tape sur le plateau de la M\u00e9nude accueilli par les forces vives du collectif Non \u00e0 Val Tolosa. L&rsquo;AlterTour est une caravane de citoyens qui parcourent le pays \u00e0 v\u00e9lo et explorent les lieux de la transition \u00e9cologique \u00abLes altercyclistes, au dopage cr\u00e9atif, relient les initiatives ... Read More\" \/>\n<meta property=\"og:url\" content=\"https:\/\/www.altercampagne.net\/?p=7413\" \/>\n<meta property=\"og:site_name\" content=\"AlterTour\" \/>\n<meta property=\"article:published_time\" content=\"2017-07-18T10:51:38+00:00\" \/>\n<meta property=\"article:modified_time\" content=\"2017-07-19T11:14:05+00:00\" \/>\n<meta property=\"og:image\" content=\"http:\/\/www.altercampagne.net\/wp-content\/uploads\/2017\/07\/20170711_110056.jpg\" \/>\n<meta name=\"author\" content=\"Mathieu\" \/>\n<meta name=\"twitter:card\" content=\"summary_large_image\" \/>\n<meta name=\"twitter:label1\" content=\"\u00c9crit par\" \/>\n\t<meta name=\"twitter:data1\" content=\"Mathieu\" \/>\n\t<meta name=\"twitter:label2\" content=\"Dur\u00e9e de lecture estim\u00e9e\" \/>\n\t<meta name=\"twitter:data2\" content=\"2 minutes\" \/>\n<script type=\"application\/ld+json\" class=\"yoast-schema-graph\">{\"@context\":\"https:\\\/\\\/schema.org\",\"@graph\":[{\"@type\":\"Article\",\"@id\":\"https:\\\/\\\/www.altercampagne.net\\\/?p=7413#article\",\"isPartOf\":{\"@id\":\"https:\\\/\\\/www.altercampagne.net\\\/?p=7413\"},\"author\":{\"name\":\"Mathieu\",\"@id\":\"https:\\\/\\\/www.altercampagne.net\\\/#\\\/schema\\\/person\\\/0f261460c09e430caa0f9bcffa319109\"},\"headline\":\"AlterTour 2017 : un autre Tour de France sur le plateau de la M\u00e9nude\",\"datePublished\":\"2017-07-18T10:51:38+00:00\",\"dateModified\":\"2017-07-19T11:14:05+00:00\",\"mainEntityOfPage\":{\"@id\":\"https:\\\/\\\/www.altercampagne.net\\\/?p=7413\"},\"wordCount\":412,\"image\":{\"@id\":\"https:\\\/\\\/www.altercampagne.net\\\/?p=7413#primaryimage\"},\"thumbnailUrl\":\"http:\\\/\\\/www.altercampagne.net\\\/wp-content\\\/uploads\\\/2017\\\/07\\\/20170711_110056.jpg\",\"keywords\":[\"AlterTour 2017\",\"2017\",\"Collectif NON \u00e0 Val Tolosa\",\"Val Tolosa\",\"Montaigut-sur-Save\",\"La D\u00e9p\u00eache du Midi\",\"plateau de la M\u00e9nude\",\"Non \u00e0 Val Tolosa\"],\"articleSection\":[\"Revue de presse\"],\"inLanguage\":\"fr-FR\"},{\"@type\":\"WebPage\",\"@id\":\"https:\\\/\\\/www.altercampagne.net\\\/?p=7413\",\"url\":\"https:\\\/\\\/www.altercampagne.net\\\/?p=7413\",\"name\":\"AlterTour 2017 : un autre Tour de France sur le plateau de la M\u00e9nude - AlterTour\",\"isPartOf\":{\"@id\":\"https:\\\/\\\/www.altercampagne.net\\\/#website\"},\"primaryImageOfPage\":{\"@id\":\"https:\\\/\\\/www.altercampagne.net\\\/?p=7413#primaryimage\"},\"image\":{\"@id\":\"https:\\\/\\\/www.altercampagne.net\\\/?p=7413#primaryimage\"},\"thumbnailUrl\":\"http:\\\/\\\/www.altercampagne.net\\\/wp-content\\\/uploads\\\/2017\\\/07\\\/20170711_110056.jpg\",\"datePublished\":\"2017-07-18T10:51:38+00:00\",\"dateModified\":\"2017-07-19T11:14:05+00:00\",\"author\":{\"@id\":\"https:\\\/\\\/www.altercampagne.net\\\/#\\\/schema\\\/person\\\/0f261460c09e430caa0f9bcffa319109\"},\"breadcrumb\":{\"@id\":\"https:\\\/\\\/www.altercampagne.net\\\/?p=7413#breadcrumb\"},\"inLanguage\":\"fr-FR\",\"potentialAction\":[{\"@type\":\"ReadAction\",\"target\":[\"https:\\\/\\\/www.altercampagne.net\\\/?p=7413\"]}]},{\"@type\":\"ImageObject\",\"inLanguage\":\"fr-FR\",\"@id\":\"https:\\\/\\\/www.altercampagne.net\\\/?p=7413#primaryimage\",\"url\":\"http:\\\/\\\/www.altercampagne.net\\\/wp-content\\\/uploads\\\/2017\\\/07\\\/20170711_110056.jpg\",\"contentUrl\":\"http:\\\/\\\/www.altercampagne.net\\\/wp-content\\\/uploads\\\/2017\\\/07\\\/20170711_110056.jpg\"},{\"@type\":\"BreadcrumbList\",\"@id\":\"https:\\\/\\\/www.altercampagne.net\\\/?p=7413#breadcrumb\",\"itemListElement\":[{\"@type\":\"ListItem\",\"position\":1,\"name\":\"Accueil\",\"item\":\"https:\\\/\\\/www.altercampagne.net\\\/\"},{\"@type\":\"ListItem\",\"position\":2,\"name\":\"AlterTour 2017 : un autre Tour de France sur le plateau de la M\u00e9nude\"}]},{\"@type\":\"WebSite\",\"@id\":\"https:\\\/\\\/www.altercampagne.net\\\/#website\",\"url\":\"https:\\\/\\\/www.altercampagne.net\\\/\",\"name\":\"AlterTour\",\"description\":\"Reliez les Alternatives \u00e0 v\u00e9lo\",\"potentialAction\":[{\"@type\":\"SearchAction\",\"target\":{\"@type\":\"EntryPoint\",\"urlTemplate\":\"https:\\\/\\\/www.altercampagne.net\\\/?s={search_term_string}\"},\"query-input\":{\"@type\":\"PropertyValueSpecification\",\"valueRequired\":true,\"valueName\":\"search_term_string\"}}],\"inLanguage\":\"fr-FR\"},{\"@type\":\"Person\",\"@id\":\"https:\\\/\\\/www.altercampagne.net\\\/#\\\/schema\\\/person\\\/0f261460c09e430caa0f9bcffa319109\",\"name\":\"Mathieu\",\"image\":{\"@type\":\"ImageObject\",\"inLanguage\":\"fr-FR\",\"@id\":\"https:\\\/\\\/secure.gravatar.com\\\/avatar\\\/aa9d3d24c83f2141e5e2709d0f63d09a99f6be6bb7a50abc4915838d9f54501a?s=96&d=mm&r=g\",\"url\":\"https:\\\/\\\/secure.gravatar.com\\\/avatar\\\/aa9d3d24c83f2141e5e2709d0f63d09a99f6be6bb7a50abc4915838d9f54501a?s=96&d=mm&r=g\",\"contentUrl\":\"https:\\\/\\\/secure.gravatar.com\\\/avatar\\\/aa9d3d24c83f2141e5e2709d0f63d09a99f6be6bb7a50abc4915838d9f54501a?s=96&d=mm&r=g\",\"caption\":\"Mathieu\"},\"url\":\"https:\\\/\\\/www.altercampagne.net\\\/?author=214\"}]}<\/script>\n<!-- \/ Yoast SEO plugin. -->","yoast_head_json":{"title":"AlterTour 2017 : un autre Tour de France sur le plateau de la M\u00e9nude - AlterTour","robots":{"index":"index","follow":"follow","max-snippet":"max-snippet:-1","max-image-preview":"max-image-preview:large","max-video-preview":"max-video-preview:-1"},"canonical":"https:\/\/www.altercampagne.net\/?p=7413","og_locale":"fr_FR","og_type":"article","og_title":"AlterTour 2017 : un autre Tour de France sur le plateau de la M\u00e9nude - AlterTour","og_description":"L&rsquo;AlterTour 2017 a fait \u00e9tape sur le plateau de la M\u00e9nude accueilli par les forces vives du collectif Non \u00e0 Val Tolosa. L&rsquo;AlterTour est une caravane de citoyens qui parcourent le pays \u00e0 v\u00e9lo et explorent les lieux de la transition \u00e9cologique \u00abLes altercyclistes, au dopage cr\u00e9atif, relient les initiatives ... Read More","og_url":"https:\/\/www.altercampagne.net\/?p=7413","og_site_name":"AlterTour","article_published_time":"2017-07-18T10:51:38+00:00","article_modified_time":"2017-07-19T11:14:05+00:00","og_image":[{"url":"http:\/\/www.altercampagne.net\/wp-content\/uploads\/2017\/07\/20170711_110056.jpg","type":"","width":"","height":""}],"author":"Mathieu","twitter_card":"summary_large_image","twitter_misc":{"\u00c9crit par":"Mathieu","Dur\u00e9e de lecture estim\u00e9e":"2 minutes"},"schema":{"@context":"https:\/\/schema.org","@graph":[{"@type":"Article","@id":"https:\/\/www.altercampagne.net\/?p=7413#article","isPartOf":{"@id":"https:\/\/www.altercampagne.net\/?p=7413"},"author":{"name":"Mathieu","@id":"https:\/\/www.altercampagne.net\/#\/schema\/person\/0f261460c09e430caa0f9bcffa319109"},"headline":"AlterTour 2017 : un autre Tour de France sur le plateau de la M\u00e9nude","datePublished":"2017-07-18T10:51:38+00:00","dateModified":"2017-07-19T11:14:05+00:00","mainEntityOfPage":{"@id":"https:\/\/www.altercampagne.net\/?p=7413"},"wordCount":412,"image":{"@id":"https:\/\/www.altercampagne.net\/?p=7413#primaryimage"},"thumbnailUrl":"http:\/\/www.altercampagne.net\/wp-content\/uploads\/2017\/07\/20170711_110056.jpg","keywords":["AlterTour 2017","2017","Collectif NON \u00e0 Val Tolosa","Val Tolosa","Montaigut-sur-Save","La D\u00e9p\u00eache du Midi","plateau de la M\u00e9nude","Non \u00e0 Val Tolosa"],"articleSection":["Revue de presse"],"inLanguage":"fr-FR"},{"@type":"WebPage","@id":"https:\/\/www.altercampagne.net\/?p=7413","url":"https:\/\/www.altercampagne.net\/?p=7413","name":"AlterTour 2017 : un autre Tour de France sur le plateau de la M\u00e9nude - AlterTour","isPartOf":{"@id":"https:\/\/www.altercampagne.net\/#website"},"primaryImageOfPage":{"@id":"https:\/\/www.altercampagne.net\/?p=7413#primaryimage"},"image":{"@id":"https:\/\/www.altercampagne.net\/?p=7413#primaryimage"},"thumbnailUrl":"http:\/\/www.altercampagne.net\/wp-content\/uploads\/2017\/07\/20170711_110056.jpg","datePublished":"2017-07-18T10:51:38+00:00","dateModified":"2017-07-19T11:14:05+00:00","author":{"@id":"https:\/\/www.altercampagne.net\/#\/schema\/person\/0f261460c09e430caa0f9bcffa319109"},"breadcrumb":{"@id":"https:\/\/www.altercampagne.net\/?p=7413#breadcrumb"},"inLanguage":"fr-FR","potentialAction":[{"@type":"ReadAction","target":["https:\/\/www.altercampagne.net\/?p=7413"]}]},{"@type":"ImageObject","inLanguage":"fr-FR","@id":"https:\/\/www.altercampagne.net\/?p=7413#primaryimage","url":"http:\/\/www.altercampagne.net\/wp-content\/uploads\/2017\/07\/20170711_110056.jpg","contentUrl":"http:\/\/www.altercampagne.net\/wp-content\/uploads\/2017\/07\/20170711_110056.jpg"},{"@type":"BreadcrumbList","@id":"https:\/\/www.altercampagne.net\/?p=7413#breadcrumb","itemListElement":[{"@type":"ListItem","position":1,"name":"Accueil","item":"https:\/\/www.altercampagne.net\/"},{"@type":"ListItem","position":2,"name":"AlterTour 2017 : un autre Tour de France sur le plateau de la M\u00e9nude"}]},{"@type":"WebSite","@id":"https:\/\/www.altercampagne.net\/#website","url":"https:\/\/www.altercampagne.net\/","name":"AlterTour","description":"Reliez les Alternatives \u00e0 v\u00e9lo","potentialAction":[{"@type":"SearchAction","target":{"@type":"EntryPoint","urlTemplate":"https:\/\/www.altercampagne.net\/?s={search_term_string}"},"query-input":{"@type":"PropertyValueSpecification","valueRequired":true,"valueName":"search_term_string"}}],"inLanguage":"fr-FR"},{"@type":"Person","@id":"https:\/\/www.altercampagne.net\/#\/schema\/person\/0f261460c09e430caa0f9bcffa319109","name":"Mathieu","image":{"@type":"ImageObject","inLanguage":"fr-FR","@id":"https:\/\/secure.gravatar.com\/avatar\/aa9d3d24c83f2141e5e2709d0f63d09a99f6be6bb7a50abc4915838d9f54501a?s=96&d=mm&r=g","url":"https:\/\/secure.gravatar.com\/avatar\/aa9d3d24c83f2141e5e2709d0f63d09a99f6be6bb7a50abc4915838d9f54501a?s=96&d=mm&r=g","contentUrl":"https:\/\/secure.gravatar.com\/avatar\/aa9d3d24c83f2141e5e2709d0f63d09a99f6be6bb7a50abc4915838d9f54501a?s=96&d=mm&r=g","caption":"Mathieu"},"url":"https:\/\/www.altercampagne.net\/?author=214"}]}},"_links":{"self":[{"href":"https:\/\/www.altercampagne.net\/index.php?rest_route=\/wp\/v2\/posts\/7413","targetHints":{"allow":["GET"]}}],"collection":[{"href":"https:\/\/www.altercampagne.net\/index.php?rest_route=\/wp\/v2\/posts"}],"about":[{"href":"https:\/\/www.altercampagne.net\/index.php?rest_route=\/wp\/v2\/types\/post"}],"author":[{"embeddable":true,"href":"https:\/\/www.altercampagne.net\/index.php?rest_route=\/wp\/v2\/users\/214"}],"replies":[{"embeddable":true,"href":"https:\/\/www.altercampagne.net\/index.php?rest_route=%2Fwp%2Fv2%2Fcomments&post=7413"}],"version-history":[{"count":0,"href":"https:\/\/www.altercampagne.net\/index.php?rest_route=\/wp\/v2\/posts\/7413\/revisions"}],"wp:attachment":[{"href":"https:\/\/www.altercampagne.net\/index.php?rest_route=%2Fwp%2Fv2%2Fmedia&parent=7413"}],"wp:term":[{"taxonomy":"category","embeddable":true,"href":"https:\/\/www.altercampagne.net\/index.php?rest_route=%2Fwp%2Fv2%2Fcategories&post=7413"},{"taxonomy":"post_tag","embeddable":true,"href":"https:\/\/www.altercampagne.net\/index.php?rest_route=%2Fwp%2Fv2%2Ftags&post=7413"}],"curies":[{"name":"wp","href":"https:\/\/api.w.org\/{rel}","templated":true}]}}