{"id":7418,"date":"2017-07-17T13:14:28","date_gmt":"2017-07-17T11:14:28","guid":{"rendered":"http:\/\/www.altercampagne.net\/?p=7418"},"modified":"2017-07-19T13:17:57","modified_gmt":"2017-07-19T11:17:57","slug":"beziers-altertour-2017","status":"publish","type":"post","link":"https:\/\/www.altercampagne.net\/?p=7418","title":{"rendered":"BEZIERS &#8211; AlterTour 2017"},"content":{"rendered":"<div class=\"spacer p_justify\">\n<p align=\"center\"><strong>A l\u2019occasion du passage de l\u2019AlterTour \u00e0 B\u00e9ziers<\/strong><\/p>\n<p align=\"center\"><strong>\u00a0dimanche 23 juillet<\/strong><\/p>\n<p align=\"center\">\u00a0d\u00e9bat public sur la mobilit\u00e9 douce<\/p>\n<p align=\"center\">et \u00a0manifestation cyclable dans B\u00e9ziers.<\/p>\n<p>Il s\u2019agira de promouvoir concr\u00e8tement dans l\u2019agglom\u00e9ration les d\u00e9placements non motoris\u00e9s. Outre la n\u00e9cessit\u00e9 de r\u00e9ussir\u00a0 la transition \u00e9nerg\u00e9tique, les enjeux de la discussion seront notre sant\u00e9 \u00e0 tous, notre qualit\u00e9 de vie, l\u2019attractivit\u00e9 de notre territoire et notre \u00e9conomie touristique.<\/p>\n<p>Le d\u00e9bat sera suivi d\u2019une manifestation elle-m\u00eame tr\u00e8s douce: course de lenteur sur les all\u00e9es Paul Riquet puis visite collective \u00e0 v\u00e9lo du centre de B\u00e9ziers effectu\u00e9e par le peloton de l\u2019AlterTour accompagn\u00e9 par tous les cyclistes Biterrois qui voudront participer \u00e0 cette promotion du v\u00e9lo.<\/p>\n<p>L\u2019\u00e9tape biterroise de l\u2019AlterTour se terminera par\u00a0 un repas pris en commun \u00e0 la CIMADE (chacun apportera \u00a0un plat..).<\/p>\n<p align=\"center\"><strong>DEROULEMENT<\/strong><\/p>\n<p>16 h 30 \u2013 18 h\u00a0:\u00a0 D\u00e9bat sur les all\u00e9es Paul Riquet<\/p>\n<p>18 h \u2013 19 h\u00a0\u00a0\u00a0\u00a0\u00a0 :\u00a0 Course de lenteur sur les all\u00e9es puis visite du centre ville \u00e0 v\u00e9lo\u00a0\u00a0\u00a0 \u00a0\u00a0\u00a0\u00a0\u00a0\u00a0\u00a0\u00a0\u00a0\u00a0\u00a0\u00a0\u00a0\u00a0\u00a0\u00a0 19 h \u2013 21 h\u00a0\u00a0\u00a0\u00a0\u00a0 :\u00a0 D\u00eener \u00e0 la CIMADE<\/p>\n<p align=\"center\"><strong>RAPPEL<\/strong><\/p>\n<p>L\u2019AlterTour est un tour de France cycliste annuel effectu\u00e9 par une soixantaine de personnes qui vont de ville en ville \u00e0 la rencontre des alternatives locales concr\u00e8tes en mati\u00e8re de d\u00e9veloppement durable et de transition \u00e9nerg\u00e9tique.<\/p>\n<p align=\"center\">Pour plus d\u2019informations\u00a0 <a href=\"http:\/\/www.altertour.net\/\">www.altertour.net<\/a>\u00a0 06 34 02 71 57\u00a0 ou 04 67 76 28 56<\/p>\n<p align=\"center\"><strong>COMITE\u00a0 D\u2019ANIMATION\u00a0 DE\u00a0 L\u2019ALTERTOUR\u00a0 A\u00a0 BEZIERS<\/strong><\/p>\n<p style=\"text-align: right;\"><strong>Robert CLAVIJO, <a href=\"http:\/\/www.herault-tribune.com\/articles\/46545\/beziers-altertour-2017\/\" target=\"_blank\">H\u00e9rault Tribune<\/a><br \/>\n<\/strong><\/p>\n<\/div>\n","protected":false},"excerpt":{"rendered":"<p>A l\u2019occasion du passage de l\u2019AlterTour \u00e0 B\u00e9ziers \u00a0dimanche 23 juillet \u00a0d\u00e9bat public sur la mobilit\u00e9 douce et \u00a0manifestation cyclable dans B\u00e9ziers. Il s\u2019agira de promouvoir concr\u00e8tement dans l\u2019agglom\u00e9ration les d\u00e9placements non motoris\u00e9s. Outre la n\u00e9cessit\u00e9 de r\u00e9ussir\u00a0 la transition \u00e9nerg\u00e9tique, les enjeux de la discussion seront notre sant\u00e9 \u00e0 &#8230; <\/p>\n<div><a href=\"https:\/\/www.altercampagne.net\/?p=7418\" class=\"more-link\">Read More<\/a><\/div>\n","protected":false},"author":214,"featured_media":0,"comment_status":"closed","ping_status":"closed","sticky":false,"template":"","format":"standard","meta":{"footnotes":""},"categories":[239],"tags":[635,2783,2784,3120,3121,3122],"class_list":["post-7418","post","type-post","status-publish","format-standard","hentry","category-revue-de-presse","tag-cimade","tag-altertour-2017","tag-2784","tag-robert-clavijo","tag-herault-tribune","tag-beziers","no-post-thumbnail"],"yoast_head":"<!-- This site is optimized with the Yoast SEO plugin v27.3 - https:\/\/yoast.com\/product\/yoast-seo-wordpress\/ -->\n<title>BEZIERS - AlterTour 2017 - AlterTour<\/title>\n<meta name=\"robots\" content=\"index, follow, max-snippet:-1, max-image-preview:large, max-video-preview:-1\" \/>\n<link rel=\"canonical\" href=\"https:\/\/www.altercampagne.net\/?p=7418\" \/>\n<meta property=\"og:locale\" content=\"fr_FR\" \/>\n<meta property=\"og:type\" content=\"article\" \/>\n<meta property=\"og:title\" content=\"BEZIERS - AlterTour 2017 - AlterTour\" \/>\n<meta property=\"og:description\" content=\"A l\u2019occasion du passage de l\u2019AlterTour \u00e0 B\u00e9ziers \u00a0dimanche 23 juillet \u00a0d\u00e9bat public sur la mobilit\u00e9 douce et \u00a0manifestation cyclable dans B\u00e9ziers. Il s\u2019agira de promouvoir concr\u00e8tement dans l\u2019agglom\u00e9ration les d\u00e9placements non motoris\u00e9s. Outre la n\u00e9cessit\u00e9 de r\u00e9ussir\u00a0 la transition \u00e9nerg\u00e9tique, les enjeux de la discussion seront notre sant\u00e9 \u00e0 ... Read More\" \/>\n<meta property=\"og:url\" content=\"https:\/\/www.altercampagne.net\/?p=7418\" \/>\n<meta property=\"og:site_name\" content=\"AlterTour\" \/>\n<meta property=\"article:published_time\" content=\"2017-07-17T11:14:28+00:00\" \/>\n<meta property=\"article:modified_time\" content=\"2017-07-19T11:17:57+00:00\" \/>\n<meta name=\"author\" content=\"Mathieu\" \/>\n<meta name=\"twitter:card\" content=\"summary_large_image\" \/>\n<meta name=\"twitter:label1\" content=\"\u00c9crit par\" \/>\n\t<meta name=\"twitter:data1\" content=\"Mathieu\" \/>\n\t<meta name=\"twitter:label2\" content=\"Dur\u00e9e de lecture estim\u00e9e\" \/>\n\t<meta name=\"twitter:data2\" content=\"1 minute\" \/>\n<script type=\"application\/ld+json\" class=\"yoast-schema-graph\">{\"@context\":\"https:\\\/\\\/schema.org\",\"@graph\":[{\"@type\":\"Article\",\"@id\":\"https:\\\/\\\/www.altercampagne.net\\\/?p=7418#article\",\"isPartOf\":{\"@id\":\"https:\\\/\\\/www.altercampagne.net\\\/?p=7418\"},\"author\":{\"name\":\"Mathieu\",\"@id\":\"https:\\\/\\\/www.altercampagne.net\\\/#\\\/schema\\\/person\\\/0f261460c09e430caa0f9bcffa319109\"},\"headline\":\"BEZIERS &#8211; AlterTour 2017\",\"datePublished\":\"2017-07-17T11:14:28+00:00\",\"dateModified\":\"2017-07-19T11:17:57+00:00\",\"mainEntityOfPage\":{\"@id\":\"https:\\\/\\\/www.altercampagne.net\\\/?p=7418\"},\"wordCount\":247,\"keywords\":[\"CIMADE\",\"AlterTour 2017\",\"2017\",\"Robert CLAVIJO\",\"H\u00e9rault Tribune\",\"B\u00e9ziers\"],\"articleSection\":[\"Revue de presse\"],\"inLanguage\":\"fr-FR\"},{\"@type\":\"WebPage\",\"@id\":\"https:\\\/\\\/www.altercampagne.net\\\/?p=7418\",\"url\":\"https:\\\/\\\/www.altercampagne.net\\\/?p=7418\",\"name\":\"BEZIERS - AlterTour 2017 - AlterTour\",\"isPartOf\":{\"@id\":\"https:\\\/\\\/www.altercampagne.net\\\/#website\"},\"datePublished\":\"2017-07-17T11:14:28+00:00\",\"dateModified\":\"2017-07-19T11:17:57+00:00\",\"author\":{\"@id\":\"https:\\\/\\\/www.altercampagne.net\\\/#\\\/schema\\\/person\\\/0f261460c09e430caa0f9bcffa319109\"},\"breadcrumb\":{\"@id\":\"https:\\\/\\\/www.altercampagne.net\\\/?p=7418#breadcrumb\"},\"inLanguage\":\"fr-FR\",\"potentialAction\":[{\"@type\":\"ReadAction\",\"target\":[\"https:\\\/\\\/www.altercampagne.net\\\/?p=7418\"]}]},{\"@type\":\"BreadcrumbList\",\"@id\":\"https:\\\/\\\/www.altercampagne.net\\\/?p=7418#breadcrumb\",\"itemListElement\":[{\"@type\":\"ListItem\",\"position\":1,\"name\":\"Accueil\",\"item\":\"https:\\\/\\\/www.altercampagne.net\\\/\"},{\"@type\":\"ListItem\",\"position\":2,\"name\":\"BEZIERS &#8211; AlterTour 2017\"}]},{\"@type\":\"WebSite\",\"@id\":\"https:\\\/\\\/www.altercampagne.net\\\/#website\",\"url\":\"https:\\\/\\\/www.altercampagne.net\\\/\",\"name\":\"AlterTour\",\"description\":\"Reliez les Alternatives \u00e0 v\u00e9lo\",\"potentialAction\":[{\"@type\":\"SearchAction\",\"target\":{\"@type\":\"EntryPoint\",\"urlTemplate\":\"https:\\\/\\\/www.altercampagne.net\\\/?s={search_term_string}\"},\"query-input\":{\"@type\":\"PropertyValueSpecification\",\"valueRequired\":true,\"valueName\":\"search_term_string\"}}],\"inLanguage\":\"fr-FR\"},{\"@type\":\"Person\",\"@id\":\"https:\\\/\\\/www.altercampagne.net\\\/#\\\/schema\\\/person\\\/0f261460c09e430caa0f9bcffa319109\",\"name\":\"Mathieu\",\"image\":{\"@type\":\"ImageObject\",\"inLanguage\":\"fr-FR\",\"@id\":\"https:\\\/\\\/secure.gravatar.com\\\/avatar\\\/aa9d3d24c83f2141e5e2709d0f63d09a99f6be6bb7a50abc4915838d9f54501a?s=96&d=mm&r=g\",\"url\":\"https:\\\/\\\/secure.gravatar.com\\\/avatar\\\/aa9d3d24c83f2141e5e2709d0f63d09a99f6be6bb7a50abc4915838d9f54501a?s=96&d=mm&r=g\",\"contentUrl\":\"https:\\\/\\\/secure.gravatar.com\\\/avatar\\\/aa9d3d24c83f2141e5e2709d0f63d09a99f6be6bb7a50abc4915838d9f54501a?s=96&d=mm&r=g\",\"caption\":\"Mathieu\"},\"url\":\"https:\\\/\\\/www.altercampagne.net\\\/?author=214\"}]}<\/script>\n<!-- \/ Yoast SEO plugin. -->","yoast_head_json":{"title":"BEZIERS - AlterTour 2017 - AlterTour","robots":{"index":"index","follow":"follow","max-snippet":"max-snippet:-1","max-image-preview":"max-image-preview:large","max-video-preview":"max-video-preview:-1"},"canonical":"https:\/\/www.altercampagne.net\/?p=7418","og_locale":"fr_FR","og_type":"article","og_title":"BEZIERS - AlterTour 2017 - AlterTour","og_description":"A l\u2019occasion du passage de l\u2019AlterTour \u00e0 B\u00e9ziers \u00a0dimanche 23 juillet \u00a0d\u00e9bat public sur la mobilit\u00e9 douce et \u00a0manifestation cyclable dans B\u00e9ziers. Il s\u2019agira de promouvoir concr\u00e8tement dans l\u2019agglom\u00e9ration les d\u00e9placements non motoris\u00e9s. Outre la n\u00e9cessit\u00e9 de r\u00e9ussir\u00a0 la transition \u00e9nerg\u00e9tique, les enjeux de la discussion seront notre sant\u00e9 \u00e0 ... Read More","og_url":"https:\/\/www.altercampagne.net\/?p=7418","og_site_name":"AlterTour","article_published_time":"2017-07-17T11:14:28+00:00","article_modified_time":"2017-07-19T11:17:57+00:00","author":"Mathieu","twitter_card":"summary_large_image","twitter_misc":{"\u00c9crit par":"Mathieu","Dur\u00e9e de lecture estim\u00e9e":"1 minute"},"schema":{"@context":"https:\/\/schema.org","@graph":[{"@type":"Article","@id":"https:\/\/www.altercampagne.net\/?p=7418#article","isPartOf":{"@id":"https:\/\/www.altercampagne.net\/?p=7418"},"author":{"name":"Mathieu","@id":"https:\/\/www.altercampagne.net\/#\/schema\/person\/0f261460c09e430caa0f9bcffa319109"},"headline":"BEZIERS &#8211; AlterTour 2017","datePublished":"2017-07-17T11:14:28+00:00","dateModified":"2017-07-19T11:17:57+00:00","mainEntityOfPage":{"@id":"https:\/\/www.altercampagne.net\/?p=7418"},"wordCount":247,"keywords":["CIMADE","AlterTour 2017","2017","Robert CLAVIJO","H\u00e9rault Tribune","B\u00e9ziers"],"articleSection":["Revue de presse"],"inLanguage":"fr-FR"},{"@type":"WebPage","@id":"https:\/\/www.altercampagne.net\/?p=7418","url":"https:\/\/www.altercampagne.net\/?p=7418","name":"BEZIERS - AlterTour 2017 - AlterTour","isPartOf":{"@id":"https:\/\/www.altercampagne.net\/#website"},"datePublished":"2017-07-17T11:14:28+00:00","dateModified":"2017-07-19T11:17:57+00:00","author":{"@id":"https:\/\/www.altercampagne.net\/#\/schema\/person\/0f261460c09e430caa0f9bcffa319109"},"breadcrumb":{"@id":"https:\/\/www.altercampagne.net\/?p=7418#breadcrumb"},"inLanguage":"fr-FR","potentialAction":[{"@type":"ReadAction","target":["https:\/\/www.altercampagne.net\/?p=7418"]}]},{"@type":"BreadcrumbList","@id":"https:\/\/www.altercampagne.net\/?p=7418#breadcrumb","itemListElement":[{"@type":"ListItem","position":1,"name":"Accueil","item":"https:\/\/www.altercampagne.net\/"},{"@type":"ListItem","position":2,"name":"BEZIERS &#8211; AlterTour 2017"}]},{"@type":"WebSite","@id":"https:\/\/www.altercampagne.net\/#website","url":"https:\/\/www.altercampagne.net\/","name":"AlterTour","description":"Reliez les Alternatives \u00e0 v\u00e9lo","potentialAction":[{"@type":"SearchAction","target":{"@type":"EntryPoint","urlTemplate":"https:\/\/www.altercampagne.net\/?s={search_term_string}"},"query-input":{"@type":"PropertyValueSpecification","valueRequired":true,"valueName":"search_term_string"}}],"inLanguage":"fr-FR"},{"@type":"Person","@id":"https:\/\/www.altercampagne.net\/#\/schema\/person\/0f261460c09e430caa0f9bcffa319109","name":"Mathieu","image":{"@type":"ImageObject","inLanguage":"fr-FR","@id":"https:\/\/secure.gravatar.com\/avatar\/aa9d3d24c83f2141e5e2709d0f63d09a99f6be6bb7a50abc4915838d9f54501a?s=96&d=mm&r=g","url":"https:\/\/secure.gravatar.com\/avatar\/aa9d3d24c83f2141e5e2709d0f63d09a99f6be6bb7a50abc4915838d9f54501a?s=96&d=mm&r=g","contentUrl":"https:\/\/secure.gravatar.com\/avatar\/aa9d3d24c83f2141e5e2709d0f63d09a99f6be6bb7a50abc4915838d9f54501a?s=96&d=mm&r=g","caption":"Mathieu"},"url":"https:\/\/www.altercampagne.net\/?author=214"}]}},"_links":{"self":[{"href":"https:\/\/www.altercampagne.net\/index.php?rest_route=\/wp\/v2\/posts\/7418","targetHints":{"allow":["GET"]}}],"collection":[{"href":"https:\/\/www.altercampagne.net\/index.php?rest_route=\/wp\/v2\/posts"}],"about":[{"href":"https:\/\/www.altercampagne.net\/index.php?rest_route=\/wp\/v2\/types\/post"}],"author":[{"embeddable":true,"href":"https:\/\/www.altercampagne.net\/index.php?rest_route=\/wp\/v2\/users\/214"}],"replies":[{"embeddable":true,"href":"https:\/\/www.altercampagne.net\/index.php?rest_route=%2Fwp%2Fv2%2Fcomments&post=7418"}],"version-history":[{"count":0,"href":"https:\/\/www.altercampagne.net\/index.php?rest_route=\/wp\/v2\/posts\/7418\/revisions"}],"wp:attachment":[{"href":"https:\/\/www.altercampagne.net\/index.php?rest_route=%2Fwp%2Fv2%2Fmedia&parent=7418"}],"wp:term":[{"taxonomy":"category","embeddable":true,"href":"https:\/\/www.altercampagne.net\/index.php?rest_route=%2Fwp%2Fv2%2Fcategories&post=7418"},{"taxonomy":"post_tag","embeddable":true,"href":"https:\/\/www.altercampagne.net\/index.php?rest_route=%2Fwp%2Fv2%2Ftags&post=7418"}],"curies":[{"name":"wp","href":"https:\/\/api.w.org\/{rel}","templated":true}]}}