{"id":7420,"date":"2017-07-12T21:19:14","date_gmt":"2017-07-12T19:19:14","guid":{"rendered":"http:\/\/www.altercampagne.net\/?p=7420"},"modified":"2018-03-25T13:19:19","modified_gmt":"2018-03-25T11:19:19","slug":"etape-du-12-juillet-beaumont-sur-leze-cazeres-la-cooperative-dhabitat-lan-01","status":"publish","type":"post","link":"https:\/\/www.altercampagne.net\/?p=7420","title":{"rendered":"Etape du 12 juillet : Beaumont-Sur-L\u00e8ze &#8211; Caz\u00e8res : La coop\u00e9rative d\u2019habitat l\u2019An 01"},"content":{"rendered":"<p><a href=\"http:\/\/www.altercampagne.net\/wp-content\/uploads\/2017\/07\/P1090737.jpg\"><img loading=\"lazy\" decoding=\"async\" class=\" size-large wp-image-7741 alignright\" src=\"http:\/\/www.altercampagne.net\/wp-content\/uploads\/2017\/07\/P1090737-1024x576.jpg\" alt=\"P1090737\" width=\"640\" height=\"360\" srcset=\"https:\/\/www.altercampagne.net\/wp-content\/uploads\/2017\/07\/P1090737-1024x576.jpg 1024w, https:\/\/www.altercampagne.net\/wp-content\/uploads\/2017\/07\/P1090737-300x169.jpg 300w, https:\/\/www.altercampagne.net\/wp-content\/uploads\/2017\/07\/P1090737.jpg 1920w\" sizes=\"auto, (max-width: 640px) 100vw, 640px\" \/><\/a>Lever 7h00 au son d\u2019un \u00ab\u00a0toc occitan\u00a0\u00bb. Briefing sous la pin\u00e8de orchestr\u00e9 par Elsa. Nous faisons connaissance d\u2019Albane, 7 mois, qui fera le trajet avec nous, tout sourire dans son chariot \u00ab\u00a0cougar\u00a0\u00bb.<\/p>\n<p>D\u00e9part 9h15, au son d\u2019une trentaine de sonnettes. En t\u00eate de peloton, Virgile sur son Surly et Cl\u00e9ment sur son v\u00e9lo couch\u00e9, nos 2 guides qui ont pr\u00e9par\u00e9 le parcours et les \u00e9tapes de ce d\u00e9but de l\u2019AlterTour. Talonn\u00e9s de pr\u00e8s par le trio ins\u00e9parable des 3 scouts \u00e9claireuses, qui jouent les \u00ab\u00a0fl\u00e8ches\u00a0\u00bb \u00e0 tous les rond-points ou presque.<\/p>\n<p>Apr\u00e8s avoir emprunt\u00e9 une d\u00e9partementale bien tranquille, nous faisons une pause \u00ab\u00a0noix de cajou\u00a0\u00bb sur la place de la mairie de L\u00e9zat-sur-L\u00e8ze, au pied du kiosque \u00e0 musique.<\/p>\n<p>Puis nous reprenons la route, direction \u00ab\u00a0le balcon aux \u00e9toiles\u00a0\u00bb qui demande forc\u00e9ment quelques beaux efforts aux mollets. Travers\u00e9e du charmant village de Latrape, passage par le lieu-dit \u00ab\u00a0le cap aux morts\u00a0\u00bb, tr\u00e8s belle route de cr\u00eate nous laissant deviner la chaine des Pyr\u00e9n\u00e9es, et arriv\u00e9e \u00e0 Rieux-Valvestre, class\u00e9 \u00ab\u00a0plus beaux d\u00e9tours de France\u00a0\u00bb. Halte d\u00e9jeuner dans le \u00ab\u00a0parc des demoiselles\u00a0\u00bb, parc strictement interdit aux bicyclettes (merci Virgile pour la d\u00e9rogation municipale\u00a0!). Festin de l\u00e9gumes frais de l\u2019AMAP de Mas Coop. Petite le\u00e7on de notre serre-file du jour, Fran\u00e7ois, sur l\u2019art et la mani\u00e8re de jouer avec son d\u00e9railleur.<\/p>\n<p>Quelques belles c\u00f4tes nous taquinent encore l\u2019apr\u00e8s-midi, avant que nous ne refranchissions la Garonne pour arriver \u00e0 Caz\u00e8res \u00e0 16h30, 51 kms au compteur.<\/p>\n<p>Nous sommes accueillis par Nico et ses acolytes \u00e0 la coop\u00e9rative d\u2019habitat de l\u2019An 01, comptant 12 habitants dont 3 enfants. Visite de l\u2019immense b\u00e2tisse en plein travaux, des cultures d\u2019Alban le maraicher et de son \u00e9picerie auto-g\u00e9r\u00e9e, du four \u00e0 pain de Diego le paysan-boulanger\u2026 Dans cette propri\u00e9t\u00e9 collective, c\u2019est la solidarit\u00e9, l\u2019\u00e9cologie et une certaine vision de la gouvernance qui priment.<\/p>\n<p>Apr\u00e8s un copieux diner \u00e0 base de dal de lentilles corail, les plus vaillants mettent le cap vers le cin\u00e9ma de Caz\u00e8res \u00e0 v\u00e9lo pour la projection du film \u00ab\u00a0Mine de rien\u00a0\u00bb sur la mine de Salau (Ari\u00e8ge), suivi d\u2019un d\u00e9bat avec le r\u00e9alisateur et les membres de l\u2019association sur les dangers de l\u2019exploitation de mines de Tungst\u00e8ne.<\/p>\n<p style=\"text-align: right;\"><strong>Lucie<\/strong><\/p>\n","protected":false},"excerpt":{"rendered":"<p>Lever 7h00 au son d\u2019un \u00ab\u00a0toc occitan\u00a0\u00bb. Briefing sous la pin\u00e8de orchestr\u00e9 par Elsa. Nous faisons connaissance d\u2019Albane, 7 mois, qui fera le trajet avec nous, tout sourire dans son chariot \u00ab\u00a0cougar\u00a0\u00bb. D\u00e9part 9h15, au son d\u2019une trentaine de sonnettes. En t\u00eate de peloton, Virgile sur son Surly et Cl\u00e9ment &#8230; <\/p>\n<div><a href=\"https:\/\/www.altercampagne.net\/?p=7420\" class=\"more-link\">Read More<\/a><\/div>\n","protected":false},"author":214,"featured_media":7741,"comment_status":"closed","ping_status":"closed","sticky":false,"template":"","format":"standard","meta":{"footnotes":""},"categories":[3483,3489,3457,3485,3480],"tags":[83,84,85,1844,2783,2784,2785,3123,3297],"class_list":["post-7420","post","type-post","status-publish","format-standard","has-post-thumbnail","hentry","category-agriculture","category-alimentation","category-edition-2017","category-habitat","category-occitanie","tag-an-01","tag-cazeres","tag-haute-garonne","tag-midi-pyrenees","tag-altertour-2017","tag-2784","tag-occitanie","tag-cazeres-sur-garonne","tag-cooperative-dhabitat-lan-01"],"yoast_head":"<!-- This site is optimized with the Yoast SEO plugin v27.3 - https:\/\/yoast.com\/product\/yoast-seo-wordpress\/ -->\n<title>Etape du 12 juillet : Beaumont-Sur-L\u00e8ze - Caz\u00e8res : La coop\u00e9rative d\u2019habitat l\u2019An 01 - AlterTour<\/title>\n<meta name=\"robots\" content=\"index, follow, max-snippet:-1, max-image-preview:large, max-video-preview:-1\" \/>\n<link rel=\"canonical\" href=\"https:\/\/www.altercampagne.net\/?p=7420\" \/>\n<meta property=\"og:locale\" content=\"fr_FR\" \/>\n<meta property=\"og:type\" content=\"article\" \/>\n<meta property=\"og:title\" content=\"Etape du 12 juillet : Beaumont-Sur-L\u00e8ze - Caz\u00e8res : La coop\u00e9rative d\u2019habitat l\u2019An 01 - AlterTour\" \/>\n<meta property=\"og:description\" content=\"Lever 7h00 au son d\u2019un \u00ab\u00a0toc occitan\u00a0\u00bb. Briefing sous la pin\u00e8de orchestr\u00e9 par Elsa. Nous faisons connaissance d\u2019Albane, 7 mois, qui fera le trajet avec nous, tout sourire dans son chariot \u00ab\u00a0cougar\u00a0\u00bb. D\u00e9part 9h15, au son d\u2019une trentaine de sonnettes. En t\u00eate de peloton, Virgile sur son Surly et Cl\u00e9ment ... Read More\" \/>\n<meta property=\"og:url\" content=\"https:\/\/www.altercampagne.net\/?p=7420\" \/>\n<meta property=\"og:site_name\" content=\"AlterTour\" \/>\n<meta property=\"article:published_time\" content=\"2017-07-12T19:19:14+00:00\" \/>\n<meta property=\"article:modified_time\" content=\"2018-03-25T11:19:19+00:00\" \/>\n<meta property=\"og:image\" content=\"https:\/\/www.altercampagne.net\/wp-content\/uploads\/2017\/07\/P1090737.jpg\" \/>\n\t<meta property=\"og:image:width\" content=\"1920\" \/>\n\t<meta property=\"og:image:height\" content=\"1080\" \/>\n\t<meta property=\"og:image:type\" content=\"image\/jpeg\" \/>\n<meta name=\"author\" content=\"Mathieu\" \/>\n<meta name=\"twitter:card\" content=\"summary_large_image\" \/>\n<meta name=\"twitter:label1\" content=\"\u00c9crit par\" \/>\n\t<meta name=\"twitter:data1\" content=\"Mathieu\" \/>\n\t<meta name=\"twitter:label2\" content=\"Dur\u00e9e de lecture estim\u00e9e\" \/>\n\t<meta name=\"twitter:data2\" content=\"2 minutes\" \/>\n<script type=\"application\/ld+json\" class=\"yoast-schema-graph\">{\"@context\":\"https:\\\/\\\/schema.org\",\"@graph\":[{\"@type\":\"Article\",\"@id\":\"https:\\\/\\\/www.altercampagne.net\\\/?p=7420#article\",\"isPartOf\":{\"@id\":\"https:\\\/\\\/www.altercampagne.net\\\/?p=7420\"},\"author\":{\"name\":\"Mathieu\",\"@id\":\"https:\\\/\\\/www.altercampagne.net\\\/#\\\/schema\\\/person\\\/0f261460c09e430caa0f9bcffa319109\"},\"headline\":\"Etape du 12 juillet : Beaumont-Sur-L\u00e8ze &#8211; Caz\u00e8res : La coop\u00e9rative d\u2019habitat l\u2019An 01\",\"datePublished\":\"2017-07-12T19:19:14+00:00\",\"dateModified\":\"2018-03-25T11:19:19+00:00\",\"mainEntityOfPage\":{\"@id\":\"https:\\\/\\\/www.altercampagne.net\\\/?p=7420\"},\"wordCount\":425,\"image\":{\"@id\":\"https:\\\/\\\/www.altercampagne.net\\\/?p=7420#primaryimage\"},\"thumbnailUrl\":\"https:\\\/\\\/www.altercampagne.net\\\/wp-content\\\/uploads\\\/2017\\\/07\\\/P1090737.jpg\",\"keywords\":[\"an 01\",\"Caz\u00e8res\",\"Haute-Garonne\",\"Midi-Pyr\u00e9n\u00e9es\",\"AlterTour 2017\",\"2017\",\"Occitanie\",\"Caz\u00e8res-sur-Garonne\",\"Coop\u00e9rative d'habitat l'an 01\"],\"articleSection\":[\"Agriculture\",\"Alimentation\",\"\u00c9dition 2017\",\"Habitat\",\"Occitanie\"],\"inLanguage\":\"fr-FR\"},{\"@type\":\"WebPage\",\"@id\":\"https:\\\/\\\/www.altercampagne.net\\\/?p=7420\",\"url\":\"https:\\\/\\\/www.altercampagne.net\\\/?p=7420\",\"name\":\"Etape du 12 juillet : Beaumont-Sur-L\u00e8ze - Caz\u00e8res : La coop\u00e9rative d\u2019habitat l\u2019An 01 - AlterTour\",\"isPartOf\":{\"@id\":\"https:\\\/\\\/www.altercampagne.net\\\/#website\"},\"primaryImageOfPage\":{\"@id\":\"https:\\\/\\\/www.altercampagne.net\\\/?p=7420#primaryimage\"},\"image\":{\"@id\":\"https:\\\/\\\/www.altercampagne.net\\\/?p=7420#primaryimage\"},\"thumbnailUrl\":\"https:\\\/\\\/www.altercampagne.net\\\/wp-content\\\/uploads\\\/2017\\\/07\\\/P1090737.jpg\",\"datePublished\":\"2017-07-12T19:19:14+00:00\",\"dateModified\":\"2018-03-25T11:19:19+00:00\",\"author\":{\"@id\":\"https:\\\/\\\/www.altercampagne.net\\\/#\\\/schema\\\/person\\\/0f261460c09e430caa0f9bcffa319109\"},\"breadcrumb\":{\"@id\":\"https:\\\/\\\/www.altercampagne.net\\\/?p=7420#breadcrumb\"},\"inLanguage\":\"fr-FR\",\"potentialAction\":[{\"@type\":\"ReadAction\",\"target\":[\"https:\\\/\\\/www.altercampagne.net\\\/?p=7420\"]}]},{\"@type\":\"ImageObject\",\"inLanguage\":\"fr-FR\",\"@id\":\"https:\\\/\\\/www.altercampagne.net\\\/?p=7420#primaryimage\",\"url\":\"https:\\\/\\\/www.altercampagne.net\\\/wp-content\\\/uploads\\\/2017\\\/07\\\/P1090737.jpg\",\"contentUrl\":\"https:\\\/\\\/www.altercampagne.net\\\/wp-content\\\/uploads\\\/2017\\\/07\\\/P1090737.jpg\",\"width\":1920,\"height\":1080},{\"@type\":\"BreadcrumbList\",\"@id\":\"https:\\\/\\\/www.altercampagne.net\\\/?p=7420#breadcrumb\",\"itemListElement\":[{\"@type\":\"ListItem\",\"position\":1,\"name\":\"Accueil\",\"item\":\"https:\\\/\\\/www.altercampagne.net\\\/\"},{\"@type\":\"ListItem\",\"position\":2,\"name\":\"Etape du 12 juillet : Beaumont-Sur-L\u00e8ze &#8211; Caz\u00e8res : La coop\u00e9rative d\u2019habitat l\u2019An 01\"}]},{\"@type\":\"WebSite\",\"@id\":\"https:\\\/\\\/www.altercampagne.net\\\/#website\",\"url\":\"https:\\\/\\\/www.altercampagne.net\\\/\",\"name\":\"AlterTour\",\"description\":\"Reliez les Alternatives \u00e0 v\u00e9lo\",\"potentialAction\":[{\"@type\":\"SearchAction\",\"target\":{\"@type\":\"EntryPoint\",\"urlTemplate\":\"https:\\\/\\\/www.altercampagne.net\\\/?s={search_term_string}\"},\"query-input\":{\"@type\":\"PropertyValueSpecification\",\"valueRequired\":true,\"valueName\":\"search_term_string\"}}],\"inLanguage\":\"fr-FR\"},{\"@type\":\"Person\",\"@id\":\"https:\\\/\\\/www.altercampagne.net\\\/#\\\/schema\\\/person\\\/0f261460c09e430caa0f9bcffa319109\",\"name\":\"Mathieu\",\"image\":{\"@type\":\"ImageObject\",\"inLanguage\":\"fr-FR\",\"@id\":\"https:\\\/\\\/secure.gravatar.com\\\/avatar\\\/aa9d3d24c83f2141e5e2709d0f63d09a99f6be6bb7a50abc4915838d9f54501a?s=96&d=mm&r=g\",\"url\":\"https:\\\/\\\/secure.gravatar.com\\\/avatar\\\/aa9d3d24c83f2141e5e2709d0f63d09a99f6be6bb7a50abc4915838d9f54501a?s=96&d=mm&r=g\",\"contentUrl\":\"https:\\\/\\\/secure.gravatar.com\\\/avatar\\\/aa9d3d24c83f2141e5e2709d0f63d09a99f6be6bb7a50abc4915838d9f54501a?s=96&d=mm&r=g\",\"caption\":\"Mathieu\"},\"url\":\"https:\\\/\\\/www.altercampagne.net\\\/?author=214\"}]}<\/script>\n<!-- \/ Yoast SEO plugin. -->","yoast_head_json":{"title":"Etape du 12 juillet : Beaumont-Sur-L\u00e8ze - Caz\u00e8res : La coop\u00e9rative d\u2019habitat l\u2019An 01 - AlterTour","robots":{"index":"index","follow":"follow","max-snippet":"max-snippet:-1","max-image-preview":"max-image-preview:large","max-video-preview":"max-video-preview:-1"},"canonical":"https:\/\/www.altercampagne.net\/?p=7420","og_locale":"fr_FR","og_type":"article","og_title":"Etape du 12 juillet : Beaumont-Sur-L\u00e8ze - Caz\u00e8res : La coop\u00e9rative d\u2019habitat l\u2019An 01 - AlterTour","og_description":"Lever 7h00 au son d\u2019un \u00ab\u00a0toc occitan\u00a0\u00bb. Briefing sous la pin\u00e8de orchestr\u00e9 par Elsa. Nous faisons connaissance d\u2019Albane, 7 mois, qui fera le trajet avec nous, tout sourire dans son chariot \u00ab\u00a0cougar\u00a0\u00bb. D\u00e9part 9h15, au son d\u2019une trentaine de sonnettes. En t\u00eate de peloton, Virgile sur son Surly et Cl\u00e9ment ... Read More","og_url":"https:\/\/www.altercampagne.net\/?p=7420","og_site_name":"AlterTour","article_published_time":"2017-07-12T19:19:14+00:00","article_modified_time":"2018-03-25T11:19:19+00:00","og_image":[{"width":1920,"height":1080,"url":"https:\/\/www.altercampagne.net\/wp-content\/uploads\/2017\/07\/P1090737.jpg","type":"image\/jpeg"}],"author":"Mathieu","twitter_card":"summary_large_image","twitter_misc":{"\u00c9crit par":"Mathieu","Dur\u00e9e de lecture estim\u00e9e":"2 minutes"},"schema":{"@context":"https:\/\/schema.org","@graph":[{"@type":"Article","@id":"https:\/\/www.altercampagne.net\/?p=7420#article","isPartOf":{"@id":"https:\/\/www.altercampagne.net\/?p=7420"},"author":{"name":"Mathieu","@id":"https:\/\/www.altercampagne.net\/#\/schema\/person\/0f261460c09e430caa0f9bcffa319109"},"headline":"Etape du 12 juillet : Beaumont-Sur-L\u00e8ze &#8211; Caz\u00e8res : La coop\u00e9rative d\u2019habitat l\u2019An 01","datePublished":"2017-07-12T19:19:14+00:00","dateModified":"2018-03-25T11:19:19+00:00","mainEntityOfPage":{"@id":"https:\/\/www.altercampagne.net\/?p=7420"},"wordCount":425,"image":{"@id":"https:\/\/www.altercampagne.net\/?p=7420#primaryimage"},"thumbnailUrl":"https:\/\/www.altercampagne.net\/wp-content\/uploads\/2017\/07\/P1090737.jpg","keywords":["an 01","Caz\u00e8res","Haute-Garonne","Midi-Pyr\u00e9n\u00e9es","AlterTour 2017","2017","Occitanie","Caz\u00e8res-sur-Garonne","Coop\u00e9rative d'habitat l'an 01"],"articleSection":["Agriculture","Alimentation","\u00c9dition 2017","Habitat","Occitanie"],"inLanguage":"fr-FR"},{"@type":"WebPage","@id":"https:\/\/www.altercampagne.net\/?p=7420","url":"https:\/\/www.altercampagne.net\/?p=7420","name":"Etape du 12 juillet : Beaumont-Sur-L\u00e8ze - Caz\u00e8res : La coop\u00e9rative d\u2019habitat l\u2019An 01 - AlterTour","isPartOf":{"@id":"https:\/\/www.altercampagne.net\/#website"},"primaryImageOfPage":{"@id":"https:\/\/www.altercampagne.net\/?p=7420#primaryimage"},"image":{"@id":"https:\/\/www.altercampagne.net\/?p=7420#primaryimage"},"thumbnailUrl":"https:\/\/www.altercampagne.net\/wp-content\/uploads\/2017\/07\/P1090737.jpg","datePublished":"2017-07-12T19:19:14+00:00","dateModified":"2018-03-25T11:19:19+00:00","author":{"@id":"https:\/\/www.altercampagne.net\/#\/schema\/person\/0f261460c09e430caa0f9bcffa319109"},"breadcrumb":{"@id":"https:\/\/www.altercampagne.net\/?p=7420#breadcrumb"},"inLanguage":"fr-FR","potentialAction":[{"@type":"ReadAction","target":["https:\/\/www.altercampagne.net\/?p=7420"]}]},{"@type":"ImageObject","inLanguage":"fr-FR","@id":"https:\/\/www.altercampagne.net\/?p=7420#primaryimage","url":"https:\/\/www.altercampagne.net\/wp-content\/uploads\/2017\/07\/P1090737.jpg","contentUrl":"https:\/\/www.altercampagne.net\/wp-content\/uploads\/2017\/07\/P1090737.jpg","width":1920,"height":1080},{"@type":"BreadcrumbList","@id":"https:\/\/www.altercampagne.net\/?p=7420#breadcrumb","itemListElement":[{"@type":"ListItem","position":1,"name":"Accueil","item":"https:\/\/www.altercampagne.net\/"},{"@type":"ListItem","position":2,"name":"Etape du 12 juillet : Beaumont-Sur-L\u00e8ze &#8211; Caz\u00e8res : La coop\u00e9rative d\u2019habitat l\u2019An 01"}]},{"@type":"WebSite","@id":"https:\/\/www.altercampagne.net\/#website","url":"https:\/\/www.altercampagne.net\/","name":"AlterTour","description":"Reliez les Alternatives \u00e0 v\u00e9lo","potentialAction":[{"@type":"SearchAction","target":{"@type":"EntryPoint","urlTemplate":"https:\/\/www.altercampagne.net\/?s={search_term_string}"},"query-input":{"@type":"PropertyValueSpecification","valueRequired":true,"valueName":"search_term_string"}}],"inLanguage":"fr-FR"},{"@type":"Person","@id":"https:\/\/www.altercampagne.net\/#\/schema\/person\/0f261460c09e430caa0f9bcffa319109","name":"Mathieu","image":{"@type":"ImageObject","inLanguage":"fr-FR","@id":"https:\/\/secure.gravatar.com\/avatar\/aa9d3d24c83f2141e5e2709d0f63d09a99f6be6bb7a50abc4915838d9f54501a?s=96&d=mm&r=g","url":"https:\/\/secure.gravatar.com\/avatar\/aa9d3d24c83f2141e5e2709d0f63d09a99f6be6bb7a50abc4915838d9f54501a?s=96&d=mm&r=g","contentUrl":"https:\/\/secure.gravatar.com\/avatar\/aa9d3d24c83f2141e5e2709d0f63d09a99f6be6bb7a50abc4915838d9f54501a?s=96&d=mm&r=g","caption":"Mathieu"},"url":"https:\/\/www.altercampagne.net\/?author=214"}]}},"_links":{"self":[{"href":"https:\/\/www.altercampagne.net\/index.php?rest_route=\/wp\/v2\/posts\/7420","targetHints":{"allow":["GET"]}}],"collection":[{"href":"https:\/\/www.altercampagne.net\/index.php?rest_route=\/wp\/v2\/posts"}],"about":[{"href":"https:\/\/www.altercampagne.net\/index.php?rest_route=\/wp\/v2\/types\/post"}],"author":[{"embeddable":true,"href":"https:\/\/www.altercampagne.net\/index.php?rest_route=\/wp\/v2\/users\/214"}],"replies":[{"embeddable":true,"href":"https:\/\/www.altercampagne.net\/index.php?rest_route=%2Fwp%2Fv2%2Fcomments&post=7420"}],"version-history":[{"count":0,"href":"https:\/\/www.altercampagne.net\/index.php?rest_route=\/wp\/v2\/posts\/7420\/revisions"}],"wp:featuredmedia":[{"embeddable":true,"href":"https:\/\/www.altercampagne.net\/index.php?rest_route=\/wp\/v2\/media\/7741"}],"wp:attachment":[{"href":"https:\/\/www.altercampagne.net\/index.php?rest_route=%2Fwp%2Fv2%2Fmedia&parent=7420"}],"wp:term":[{"taxonomy":"category","embeddable":true,"href":"https:\/\/www.altercampagne.net\/index.php?rest_route=%2Fwp%2Fv2%2Fcategories&post=7420"},{"taxonomy":"post_tag","embeddable":true,"href":"https:\/\/www.altercampagne.net\/index.php?rest_route=%2Fwp%2Fv2%2Ftags&post=7420"}],"curies":[{"name":"wp","href":"https:\/\/api.w.org\/{rel}","templated":true}]}}