{"id":7422,"date":"2017-07-11T21:26:49","date_gmt":"2017-07-11T19:26:49","guid":{"rendered":"http:\/\/www.altercampagne.net\/?p=7422"},"modified":"2018-03-25T13:26:21","modified_gmt":"2018-03-25T11:26:21","slug":"etape-du-11-juillet-montaigut-sur-save-a-beaumont-sur-leze-mas-coop","status":"publish","type":"post","link":"https:\/\/www.altercampagne.net\/?p=7422","title":{"rendered":"\u00c9tape du 11 juillet : Montaigut sur Save \u00e0 Beaumont-Sur-L\u00e8ze : Mas Coop"},"content":{"rendered":"<p><a href=\"http:\/\/www.altercampagne.net\/wp-content\/uploads\/2017\/07\/P1090693.jpg\"><img loading=\"lazy\" decoding=\"async\" class=\"aligncenter size-full wp-image-7788\" src=\"http:\/\/www.altercampagne.net\/wp-content\/uploads\/2017\/07\/P1090693.jpg\" alt=\"P1090693\" width=\"1920\" height=\"1080\" srcset=\"https:\/\/www.altercampagne.net\/wp-content\/uploads\/2017\/07\/P1090693.jpg 1920w, https:\/\/www.altercampagne.net\/wp-content\/uploads\/2017\/07\/P1090693-300x169.jpg 300w, https:\/\/www.altercampagne.net\/wp-content\/uploads\/2017\/07\/P1090693-1024x576.jpg 1024w\" sizes=\"auto, (max-width: 1920px) 100vw, 1920px\" \/><\/a>Ce matin, d\u00e9part sur les chapeaux de roues de la ferme de la Bouzigue direction La Salvetat Saint Gilles. Apr\u00e8s un parcours digne des meilleurs VTT &#8211; petits chemins creux, caillouteux, boueux, herbeux mais tellement beaux \u00e0 voir- nous voici arriv\u00e9s \u00e0 La Salvetat. Le collectif\u00a0\u00ab\u00a0Non \u00e0 Val Tolosa\u00a0\u00bb nous accueille et nous explique leur combat. Depuis 10 ans, ils arrivent \u00e0 faire reculer la construction d\u2019un hyper centre commercial. Chaque report d\u2019ann\u00e9e de construction, chaque annulation est une petite victoire mais ne permet pas de baisser la garde. Sc\u00e9nettes caricaturales de la situation, musique- et d\u00e9couverte de la cornemuse boud\u00e8gue- \u00e9changes avec le collectif, repas partag\u00e9 ont ponctu\u00e9 ses quelques heures pass\u00e9es avec eux.<\/p>\n<p>Puis, nous revoil\u00e0 en selle vers Beaumont sur L\u00e8ze. Sur le chemin, nous d\u00e9couvrons un superbe champ solaire au milieu des champs de tournesols, un syst\u00e8me d\u2019irrigation original, bien con\u00e7u, et dissimul\u00e9 dans les herbes folles du bas-c\u00f4t\u00e9, des paysages de toute beaut\u00e9. Enfin, nous arrivons \u00e0 Mas Coop et sommes accueillis comme des rois\u2026 du v\u00e9lo bien s\u00fbr\u00a0!<\/p>\n<p>Une salle commune, 11 logements ind\u00e9pendants, de tailles diff\u00e9rentes et HLM favorisant ainsi une belle mixit\u00e9 sociale et d\u2019\u00e2ges, pas de propri\u00e9taires mais que des locataires pour permettre une certaine mobilit\u00e9 des habitants, un poulailler, un jardin partag\u00e9, le projet est certes ambitieux mais tr\u00e8s bien con\u00e7u. La construction des logements devrait commencer en d\u00e9cembre, mais d\u2019ores et d\u00e9j\u00e0, quelques familles vivent en colocation dans l\u2019espace commun. Repas partag\u00e9, concert, \u00e9changes nombreux, ce f\u00fbt une tr\u00e8s belle soir\u00e9e pour les membres de l\u2019AlterTour.<\/p>\n<p style=\"text-align: right;\"><strong>Fred<\/strong><\/p>\n","protected":false},"excerpt":{"rendered":"<p>Ce matin, d\u00e9part sur les chapeaux de roues de la ferme de la Bouzigue direction La Salvetat Saint Gilles. Apr\u00e8s un parcours digne des meilleurs VTT &#8211; petits chemins creux, caillouteux, boueux, herbeux mais tellement beaux \u00e0 voir- nous voici arriv\u00e9s \u00e0 La Salvetat. Le collectif\u00a0\u00ab\u00a0Non \u00e0 Val Tolosa\u00a0\u00bb nous &#8230; <\/p>\n<div><a href=\"https:\/\/www.altercampagne.net\/?p=7422\" class=\"more-link\">Read More<\/a><\/div>\n","protected":false},"author":214,"featured_media":0,"comment_status":"closed","ping_status":"closed","sticky":false,"template":"","format":"standard","meta":{"footnotes":""},"categories":[3457,3485,3542,3480],"tags":[85,1844,2783,2784,2785,2790,2824,2944,3119],"class_list":["post-7422","post","type-post","status-publish","format-standard","hentry","category-edition-2017","category-habitat","category-lutte","category-occitanie","tag-haute-garonne","tag-midi-pyrenees","tag-altertour-2017","tag-2784","tag-occitanie","tag-mas-coop","tag-beaumont-sur-leze","tag-val-tolosa","tag-non-a-val-tolosa","no-post-thumbnail"],"yoast_head":"<!-- This site is optimized with the Yoast SEO plugin v27.3 - https:\/\/yoast.com\/product\/yoast-seo-wordpress\/ -->\n<title>\u00c9tape du 11 juillet : Montaigut sur Save \u00e0 Beaumont-Sur-L\u00e8ze : Mas Coop - AlterTour<\/title>\n<meta name=\"robots\" content=\"index, follow, max-snippet:-1, max-image-preview:large, max-video-preview:-1\" \/>\n<link rel=\"canonical\" href=\"https:\/\/www.altercampagne.net\/?p=7422\" \/>\n<meta property=\"og:locale\" content=\"fr_FR\" \/>\n<meta property=\"og:type\" content=\"article\" \/>\n<meta property=\"og:title\" content=\"\u00c9tape du 11 juillet : Montaigut sur Save \u00e0 Beaumont-Sur-L\u00e8ze : Mas Coop - AlterTour\" \/>\n<meta property=\"og:description\" content=\"Ce matin, d\u00e9part sur les chapeaux de roues de la ferme de la Bouzigue direction La Salvetat Saint Gilles. Apr\u00e8s un parcours digne des meilleurs VTT &#8211; petits chemins creux, caillouteux, boueux, herbeux mais tellement beaux \u00e0 voir- nous voici arriv\u00e9s \u00e0 La Salvetat. Le collectif\u00a0\u00ab\u00a0Non \u00e0 Val Tolosa\u00a0\u00bb nous ... Read More\" \/>\n<meta property=\"og:url\" content=\"https:\/\/www.altercampagne.net\/?p=7422\" \/>\n<meta property=\"og:site_name\" content=\"AlterTour\" \/>\n<meta property=\"article:published_time\" content=\"2017-07-11T19:26:49+00:00\" \/>\n<meta property=\"article:modified_time\" content=\"2018-03-25T11:26:21+00:00\" \/>\n<meta property=\"og:image\" content=\"http:\/\/www.altercampagne.net\/wp-content\/uploads\/2017\/07\/P1090693.jpg\" \/>\n<meta name=\"author\" content=\"Mathieu\" \/>\n<meta name=\"twitter:card\" content=\"summary_large_image\" \/>\n<meta name=\"twitter:label1\" content=\"\u00c9crit par\" \/>\n\t<meta name=\"twitter:data1\" content=\"Mathieu\" \/>\n\t<meta name=\"twitter:label2\" content=\"Dur\u00e9e de lecture estim\u00e9e\" \/>\n\t<meta name=\"twitter:data2\" content=\"1 minute\" \/>\n<script type=\"application\/ld+json\" class=\"yoast-schema-graph\">{\"@context\":\"https:\\\/\\\/schema.org\",\"@graph\":[{\"@type\":\"Article\",\"@id\":\"https:\\\/\\\/www.altercampagne.net\\\/?p=7422#article\",\"isPartOf\":{\"@id\":\"https:\\\/\\\/www.altercampagne.net\\\/?p=7422\"},\"author\":{\"name\":\"Mathieu\",\"@id\":\"https:\\\/\\\/www.altercampagne.net\\\/#\\\/schema\\\/person\\\/0f261460c09e430caa0f9bcffa319109\"},\"headline\":\"\u00c9tape du 11 juillet : Montaigut sur Save \u00e0 Beaumont-Sur-L\u00e8ze : Mas Coop\",\"datePublished\":\"2017-07-11T19:26:49+00:00\",\"dateModified\":\"2018-03-25T11:26:21+00:00\",\"mainEntityOfPage\":{\"@id\":\"https:\\\/\\\/www.altercampagne.net\\\/?p=7422\"},\"wordCount\":294,\"image\":{\"@id\":\"https:\\\/\\\/www.altercampagne.net\\\/?p=7422#primaryimage\"},\"thumbnailUrl\":\"http:\\\/\\\/www.altercampagne.net\\\/wp-content\\\/uploads\\\/2017\\\/07\\\/P1090693.jpg\",\"keywords\":[\"Haute-Garonne\",\"Midi-Pyr\u00e9n\u00e9es\",\"AlterTour 2017\",\"2017\",\"Occitanie\",\"Mas Coop\",\"Beaumont-sur-L\u00e8ze\",\"Val Tolosa\",\"Non \u00e0 Val Tolosa\"],\"articleSection\":[\"\u00c9dition 2017\",\"Habitat\",\"Lutte\",\"Occitanie\"],\"inLanguage\":\"fr-FR\"},{\"@type\":\"WebPage\",\"@id\":\"https:\\\/\\\/www.altercampagne.net\\\/?p=7422\",\"url\":\"https:\\\/\\\/www.altercampagne.net\\\/?p=7422\",\"name\":\"\u00c9tape du 11 juillet : Montaigut sur Save \u00e0 Beaumont-Sur-L\u00e8ze : Mas Coop - AlterTour\",\"isPartOf\":{\"@id\":\"https:\\\/\\\/www.altercampagne.net\\\/#website\"},\"primaryImageOfPage\":{\"@id\":\"https:\\\/\\\/www.altercampagne.net\\\/?p=7422#primaryimage\"},\"image\":{\"@id\":\"https:\\\/\\\/www.altercampagne.net\\\/?p=7422#primaryimage\"},\"thumbnailUrl\":\"http:\\\/\\\/www.altercampagne.net\\\/wp-content\\\/uploads\\\/2017\\\/07\\\/P1090693.jpg\",\"datePublished\":\"2017-07-11T19:26:49+00:00\",\"dateModified\":\"2018-03-25T11:26:21+00:00\",\"author\":{\"@id\":\"https:\\\/\\\/www.altercampagne.net\\\/#\\\/schema\\\/person\\\/0f261460c09e430caa0f9bcffa319109\"},\"breadcrumb\":{\"@id\":\"https:\\\/\\\/www.altercampagne.net\\\/?p=7422#breadcrumb\"},\"inLanguage\":\"fr-FR\",\"potentialAction\":[{\"@type\":\"ReadAction\",\"target\":[\"https:\\\/\\\/www.altercampagne.net\\\/?p=7422\"]}]},{\"@type\":\"ImageObject\",\"inLanguage\":\"fr-FR\",\"@id\":\"https:\\\/\\\/www.altercampagne.net\\\/?p=7422#primaryimage\",\"url\":\"http:\\\/\\\/www.altercampagne.net\\\/wp-content\\\/uploads\\\/2017\\\/07\\\/P1090693.jpg\",\"contentUrl\":\"http:\\\/\\\/www.altercampagne.net\\\/wp-content\\\/uploads\\\/2017\\\/07\\\/P1090693.jpg\"},{\"@type\":\"BreadcrumbList\",\"@id\":\"https:\\\/\\\/www.altercampagne.net\\\/?p=7422#breadcrumb\",\"itemListElement\":[{\"@type\":\"ListItem\",\"position\":1,\"name\":\"Accueil\",\"item\":\"https:\\\/\\\/www.altercampagne.net\\\/\"},{\"@type\":\"ListItem\",\"position\":2,\"name\":\"\u00c9tape du 11 juillet : Montaigut sur Save \u00e0 Beaumont-Sur-L\u00e8ze : Mas Coop\"}]},{\"@type\":\"WebSite\",\"@id\":\"https:\\\/\\\/www.altercampagne.net\\\/#website\",\"url\":\"https:\\\/\\\/www.altercampagne.net\\\/\",\"name\":\"AlterTour\",\"description\":\"Reliez les Alternatives \u00e0 v\u00e9lo\",\"potentialAction\":[{\"@type\":\"SearchAction\",\"target\":{\"@type\":\"EntryPoint\",\"urlTemplate\":\"https:\\\/\\\/www.altercampagne.net\\\/?s={search_term_string}\"},\"query-input\":{\"@type\":\"PropertyValueSpecification\",\"valueRequired\":true,\"valueName\":\"search_term_string\"}}],\"inLanguage\":\"fr-FR\"},{\"@type\":\"Person\",\"@id\":\"https:\\\/\\\/www.altercampagne.net\\\/#\\\/schema\\\/person\\\/0f261460c09e430caa0f9bcffa319109\",\"name\":\"Mathieu\",\"image\":{\"@type\":\"ImageObject\",\"inLanguage\":\"fr-FR\",\"@id\":\"https:\\\/\\\/secure.gravatar.com\\\/avatar\\\/aa9d3d24c83f2141e5e2709d0f63d09a99f6be6bb7a50abc4915838d9f54501a?s=96&d=mm&r=g\",\"url\":\"https:\\\/\\\/secure.gravatar.com\\\/avatar\\\/aa9d3d24c83f2141e5e2709d0f63d09a99f6be6bb7a50abc4915838d9f54501a?s=96&d=mm&r=g\",\"contentUrl\":\"https:\\\/\\\/secure.gravatar.com\\\/avatar\\\/aa9d3d24c83f2141e5e2709d0f63d09a99f6be6bb7a50abc4915838d9f54501a?s=96&d=mm&r=g\",\"caption\":\"Mathieu\"},\"url\":\"https:\\\/\\\/www.altercampagne.net\\\/?author=214\"}]}<\/script>\n<!-- \/ Yoast SEO plugin. -->","yoast_head_json":{"title":"\u00c9tape du 11 juillet : Montaigut sur Save \u00e0 Beaumont-Sur-L\u00e8ze : Mas Coop - AlterTour","robots":{"index":"index","follow":"follow","max-snippet":"max-snippet:-1","max-image-preview":"max-image-preview:large","max-video-preview":"max-video-preview:-1"},"canonical":"https:\/\/www.altercampagne.net\/?p=7422","og_locale":"fr_FR","og_type":"article","og_title":"\u00c9tape du 11 juillet : Montaigut sur Save \u00e0 Beaumont-Sur-L\u00e8ze : Mas Coop - AlterTour","og_description":"Ce matin, d\u00e9part sur les chapeaux de roues de la ferme de la Bouzigue direction La Salvetat Saint Gilles. Apr\u00e8s un parcours digne des meilleurs VTT &#8211; petits chemins creux, caillouteux, boueux, herbeux mais tellement beaux \u00e0 voir- nous voici arriv\u00e9s \u00e0 La Salvetat. Le collectif\u00a0\u00ab\u00a0Non \u00e0 Val Tolosa\u00a0\u00bb nous ... Read More","og_url":"https:\/\/www.altercampagne.net\/?p=7422","og_site_name":"AlterTour","article_published_time":"2017-07-11T19:26:49+00:00","article_modified_time":"2018-03-25T11:26:21+00:00","og_image":[{"url":"http:\/\/www.altercampagne.net\/wp-content\/uploads\/2017\/07\/P1090693.jpg","type":"","width":"","height":""}],"author":"Mathieu","twitter_card":"summary_large_image","twitter_misc":{"\u00c9crit par":"Mathieu","Dur\u00e9e de lecture estim\u00e9e":"1 minute"},"schema":{"@context":"https:\/\/schema.org","@graph":[{"@type":"Article","@id":"https:\/\/www.altercampagne.net\/?p=7422#article","isPartOf":{"@id":"https:\/\/www.altercampagne.net\/?p=7422"},"author":{"name":"Mathieu","@id":"https:\/\/www.altercampagne.net\/#\/schema\/person\/0f261460c09e430caa0f9bcffa319109"},"headline":"\u00c9tape du 11 juillet : Montaigut sur Save \u00e0 Beaumont-Sur-L\u00e8ze : Mas Coop","datePublished":"2017-07-11T19:26:49+00:00","dateModified":"2018-03-25T11:26:21+00:00","mainEntityOfPage":{"@id":"https:\/\/www.altercampagne.net\/?p=7422"},"wordCount":294,"image":{"@id":"https:\/\/www.altercampagne.net\/?p=7422#primaryimage"},"thumbnailUrl":"http:\/\/www.altercampagne.net\/wp-content\/uploads\/2017\/07\/P1090693.jpg","keywords":["Haute-Garonne","Midi-Pyr\u00e9n\u00e9es","AlterTour 2017","2017","Occitanie","Mas Coop","Beaumont-sur-L\u00e8ze","Val Tolosa","Non \u00e0 Val Tolosa"],"articleSection":["\u00c9dition 2017","Habitat","Lutte","Occitanie"],"inLanguage":"fr-FR"},{"@type":"WebPage","@id":"https:\/\/www.altercampagne.net\/?p=7422","url":"https:\/\/www.altercampagne.net\/?p=7422","name":"\u00c9tape du 11 juillet : Montaigut sur Save \u00e0 Beaumont-Sur-L\u00e8ze : Mas Coop - AlterTour","isPartOf":{"@id":"https:\/\/www.altercampagne.net\/#website"},"primaryImageOfPage":{"@id":"https:\/\/www.altercampagne.net\/?p=7422#primaryimage"},"image":{"@id":"https:\/\/www.altercampagne.net\/?p=7422#primaryimage"},"thumbnailUrl":"http:\/\/www.altercampagne.net\/wp-content\/uploads\/2017\/07\/P1090693.jpg","datePublished":"2017-07-11T19:26:49+00:00","dateModified":"2018-03-25T11:26:21+00:00","author":{"@id":"https:\/\/www.altercampagne.net\/#\/schema\/person\/0f261460c09e430caa0f9bcffa319109"},"breadcrumb":{"@id":"https:\/\/www.altercampagne.net\/?p=7422#breadcrumb"},"inLanguage":"fr-FR","potentialAction":[{"@type":"ReadAction","target":["https:\/\/www.altercampagne.net\/?p=7422"]}]},{"@type":"ImageObject","inLanguage":"fr-FR","@id":"https:\/\/www.altercampagne.net\/?p=7422#primaryimage","url":"http:\/\/www.altercampagne.net\/wp-content\/uploads\/2017\/07\/P1090693.jpg","contentUrl":"http:\/\/www.altercampagne.net\/wp-content\/uploads\/2017\/07\/P1090693.jpg"},{"@type":"BreadcrumbList","@id":"https:\/\/www.altercampagne.net\/?p=7422#breadcrumb","itemListElement":[{"@type":"ListItem","position":1,"name":"Accueil","item":"https:\/\/www.altercampagne.net\/"},{"@type":"ListItem","position":2,"name":"\u00c9tape du 11 juillet : Montaigut sur Save \u00e0 Beaumont-Sur-L\u00e8ze : Mas Coop"}]},{"@type":"WebSite","@id":"https:\/\/www.altercampagne.net\/#website","url":"https:\/\/www.altercampagne.net\/","name":"AlterTour","description":"Reliez les Alternatives \u00e0 v\u00e9lo","potentialAction":[{"@type":"SearchAction","target":{"@type":"EntryPoint","urlTemplate":"https:\/\/www.altercampagne.net\/?s={search_term_string}"},"query-input":{"@type":"PropertyValueSpecification","valueRequired":true,"valueName":"search_term_string"}}],"inLanguage":"fr-FR"},{"@type":"Person","@id":"https:\/\/www.altercampagne.net\/#\/schema\/person\/0f261460c09e430caa0f9bcffa319109","name":"Mathieu","image":{"@type":"ImageObject","inLanguage":"fr-FR","@id":"https:\/\/secure.gravatar.com\/avatar\/aa9d3d24c83f2141e5e2709d0f63d09a99f6be6bb7a50abc4915838d9f54501a?s=96&d=mm&r=g","url":"https:\/\/secure.gravatar.com\/avatar\/aa9d3d24c83f2141e5e2709d0f63d09a99f6be6bb7a50abc4915838d9f54501a?s=96&d=mm&r=g","contentUrl":"https:\/\/secure.gravatar.com\/avatar\/aa9d3d24c83f2141e5e2709d0f63d09a99f6be6bb7a50abc4915838d9f54501a?s=96&d=mm&r=g","caption":"Mathieu"},"url":"https:\/\/www.altercampagne.net\/?author=214"}]}},"_links":{"self":[{"href":"https:\/\/www.altercampagne.net\/index.php?rest_route=\/wp\/v2\/posts\/7422","targetHints":{"allow":["GET"]}}],"collection":[{"href":"https:\/\/www.altercampagne.net\/index.php?rest_route=\/wp\/v2\/posts"}],"about":[{"href":"https:\/\/www.altercampagne.net\/index.php?rest_route=\/wp\/v2\/types\/post"}],"author":[{"embeddable":true,"href":"https:\/\/www.altercampagne.net\/index.php?rest_route=\/wp\/v2\/users\/214"}],"replies":[{"embeddable":true,"href":"https:\/\/www.altercampagne.net\/index.php?rest_route=%2Fwp%2Fv2%2Fcomments&post=7422"}],"version-history":[{"count":0,"href":"https:\/\/www.altercampagne.net\/index.php?rest_route=\/wp\/v2\/posts\/7422\/revisions"}],"wp:attachment":[{"href":"https:\/\/www.altercampagne.net\/index.php?rest_route=%2Fwp%2Fv2%2Fmedia&parent=7422"}],"wp:term":[{"taxonomy":"category","embeddable":true,"href":"https:\/\/www.altercampagne.net\/index.php?rest_route=%2Fwp%2Fv2%2Fcategories&post=7422"},{"taxonomy":"post_tag","embeddable":true,"href":"https:\/\/www.altercampagne.net\/index.php?rest_route=%2Fwp%2Fv2%2Ftags&post=7422"}],"curies":[{"name":"wp","href":"https:\/\/api.w.org\/{rel}","templated":true}]}}