{"id":7425,"date":"2017-07-08T21:31:17","date_gmt":"2017-07-08T19:31:17","guid":{"rendered":"http:\/\/www.altercampagne.net\/?p=7425"},"modified":"2018-03-25T15:52:07","modified_gmt":"2018-03-25T13:52:07","slug":"journee-du-8-juillet-accueil-des-participant-e-s-a-la-maison-de-leconomie-sociale-et-solidaire-a-ramonville","status":"publish","type":"post","link":"https:\/\/www.altercampagne.net\/?p=7425","title":{"rendered":"Journ\u00e9e du 8 juillet : Accueil des participant-e-s \u00e0 la Maison de l\u2019\u00c9conomie Sociale et Solidaire \u00e0 Ramonville"},"content":{"rendered":"<p><a href=\"http:\/\/www.altercampagne.net\/wp-content\/uploads\/2017\/07\/2017-07-08_0001DSC00610.jpg\"><img loading=\"lazy\" decoding=\"async\" class=\"aligncenter size-full wp-image-7745\" src=\"http:\/\/www.altercampagne.net\/wp-content\/uploads\/2017\/07\/2017-07-08_0001DSC00610.jpg\" alt=\"2017-07-08_0001DSC00610\" width=\"1070\" height=\"803\" srcset=\"https:\/\/www.altercampagne.net\/wp-content\/uploads\/2017\/07\/2017-07-08_0001DSC00610.jpg 1070w, https:\/\/www.altercampagne.net\/wp-content\/uploads\/2017\/07\/2017-07-08_0001DSC00610-300x225.jpg 300w, https:\/\/www.altercampagne.net\/wp-content\/uploads\/2017\/07\/2017-07-08_0001DSC00610-1024x768.jpg 1024w\" sizes=\"auto, (max-width: 1070px) 100vw, 1070px\" \/><\/a>1<sup>er<\/sup> jour de l\u2019AlterTour\u00a02017 ! Le rendez-vous est donn\u00e9 \u00e0 la Maison de l\u2019\u00c9conomie Solidaire (MES) \u00e0 Ramonville. Les arriv\u00e9es des participant\u00b7e\u00b7s s\u2019\u00e9chelonnent depuis 9h, mais la plupart arrive vers midi ou dans l\u2019apr\u00e8s-midi. Plusieurs personnes sont \u00e0 pied d\u2019\u0153uvre depuis la veille\u00a0: rangement du camion et du minibus, courses, r\u00e9partition du mat\u00e9riel, marquage, cuisine, etc.<\/p>\n<p>Nous sommes accueillies par Elsa qui nous fait les premi\u00e8res pr\u00e9sentations avec le fonctionnement de l\u2019AlterTour\u00a0: r\u00e9partition des t\u00e2ches, rangement des v\u00e9hicules, v\u00e9rification des inscriptions, essayage et r\u00e9cup\u00e9ration des t-shirts\u2026 Nous serons les prochaines \u00e0 expliquer le fonctionnement aux futur\u00b7e\u00b7s arrivant\u00b7e\u00b7s.<\/p>\n<p>La D\u00e9p\u00eache du Midi est de passage, interviewe Mathieu et prend une photo de groupe pour un futur article.<\/p>\n<p>Le d\u00e9jeuner termin\u00e9, nous nous familiarisons avec le rangement du camion\u00a0: excellent casse-t\u00eate pour arriver \u00e0 tout rentrer de fa\u00e7on logique, tout en gardant une accessibilit\u00e9 relative aux diff\u00e9rentes denr\u00e9es et ustensiles.<\/p>\n<p>L\u2019apr\u00e8s-midi est consacr\u00e9e \u00e0 la pr\u00e9sentation de 3 projets\u00a0:<\/p>\n<ul>\n<li>la MES est rebaptis\u00e9e \u00ab\u00a0Collectif la Maison\u00a0\u00bb depuis le renouvellement des associations et structures h\u00e9berg\u00e9es, \u00e0 titre gratuit pour le moment, par la Mairie.<\/li>\n<li>Roule Ma Frite avait pour objectif de d\u00e9part de promouvoir la (bi)carburation \u00e0 l\u2019huile alimentaire usag\u00e9e. La l\u00e9gislation n\u2019autorisant pas ce type de pratique, l\u2019association continue de r\u00e9cup\u00e9rer des huiles alimentaires usag\u00e9es pour chauffer la maison (dispositif \u00e0 finir de mettre au point). Le reste des huiles est envoy\u00e9 en Espagne, qui autorise leur utilisation en tant que carburant. Par ailleurs, l\u2019association propose un garage associatif\/participatif avec la volont\u00e9 d\u2019apprendre aux gens \u00e0 entretenir leurs v\u00e9hicules avant de r\u00e9parer.<\/li>\n<li>PicOJoule existe depuis environ 1 an et demi. Une dizaine de personnes s\u2019investit b\u00e9n\u00e9volement pour r\u00e9aliser un bloc sanitaire de camping aliment\u00e9 par du biogaz produit par m\u00e9thanisation de d\u00e9chets organiques. Le bloc sanitaire, encore au stade exp\u00e9rimental, est fait majoritairement \u00e0 partir de mat\u00e9riaux de r\u00e9cup\u00e9ration. L\u2019op\u00e9ration du jour consistait \u00e0 faire un apport de bact\u00e9ries permettant d\u2019activer la r\u00e9action de m\u00e9thanisation, notamment celles contenues naturellement dans les bouses de vaches. Une r\u00e9flexion est en cours sur les possibilit\u00e9s d\u2019utiliser les liti\u00e8res de toilettes s\u00e8ches pour la production de biogaz. Le projet suscite beaucoup de questions techniques. Nous finissons par une d\u00e9monstration du processus.<\/li>\n<\/ul>\n<p>Nous encha\u00eenons ensuite avec une pr\u00e9sentation du projet de Clo\u00e9, \u00c9milie et Louise, \u00ab\u00a0a\u00een\u00e9es\u00a0\u00bb aux \u00c9claireuses et \u00c9claireurs Unionistes de France, qui int\u00e8gre, notamment, leur participation \u00e0 l\u2019AlterTour.<\/p>\n<p>Nous finissons ces temps d\u2019\u00e9changes par un tour de pr\u00e9sentation collective de l\u2019AlterTour et du fonctionnement, et des participant\u00b7e\u00b7s avec une m\u00e9t\u00e9o de l\u2019humeur de chacun\u00b7e.<\/p>\n<p>Le repas est pr\u00e9c\u00e9d\u00e9 de la suite du rangement du mat\u00e9riel, la pr\u00e9paration des v\u00e9los., et du briefing du lendemain. On essaie de ne pas tra\u00eener\u00a0: ce soir nous allons \u00e0 l\u2019\u00e9tape de Castanet-Tolosan du festival Convivencia\u00a0!<\/p>\n<p style=\"text-align: right;\"><strong>Marina<\/strong><\/p>\n","protected":false},"excerpt":{"rendered":"<p>1er jour de l\u2019AlterTour\u00a02017 ! Le rendez-vous est donn\u00e9 \u00e0 la Maison de l\u2019\u00c9conomie Solidaire (MES) \u00e0 Ramonville. Les arriv\u00e9es des participant\u00b7e\u00b7s s\u2019\u00e9chelonnent depuis 9h, mais la plupart arrive vers midi ou dans l\u2019apr\u00e8s-midi. Plusieurs personnes sont \u00e0 pied d\u2019\u0153uvre depuis la veille\u00a0: rangement du camion et du minibus, courses, &#8230; <\/p>\n<div><a href=\"https:\/\/www.altercampagne.net\/?p=7425\" class=\"more-link\">Read More<\/a><\/div>\n","protected":false},"author":214,"featured_media":7745,"comment_status":"closed","ping_status":"closed","sticky":false,"template":"","format":"standard","meta":{"footnotes":""},"categories":[3484,3487,3457,3480],"tags":[85,1844,1850,1858,2783,2784,2785,3124,3125,3126,3127,3128,3129,3130],"class_list":["post-7425","post","type-post","status-publish","format-standard","has-post-thumbnail","hentry","category-economie","category-energie","category-edition-2017","category-occitanie","tag-haute-garonne","tag-midi-pyrenees","tag-ramonville","tag-ramonville-saint-agne","tag-altertour-2017","tag-2784","tag-occitanie","tag-maison-de-leconomie-sociale-et-solidaire","tag-collectif-la-maison","tag-roule-ma-frite","tag-picojoule","tag-festival-convivencia","tag-convivencia","tag-castanet-tolosan"],"yoast_head":"<!-- This site is optimized with the Yoast SEO plugin v27.3 - https:\/\/yoast.com\/product\/yoast-seo-wordpress\/ -->\n<title>Journ\u00e9e du 8 juillet : Accueil des participant-e-s \u00e0 la Maison de l\u2019\u00c9conomie Sociale et Solidaire \u00e0 Ramonville - AlterTour<\/title>\n<meta name=\"robots\" content=\"index, follow, max-snippet:-1, max-image-preview:large, max-video-preview:-1\" \/>\n<link rel=\"canonical\" href=\"https:\/\/www.altercampagne.net\/?p=7425\" \/>\n<meta property=\"og:locale\" content=\"fr_FR\" \/>\n<meta property=\"og:type\" content=\"article\" \/>\n<meta property=\"og:title\" content=\"Journ\u00e9e du 8 juillet : Accueil des participant-e-s \u00e0 la Maison de l\u2019\u00c9conomie Sociale et Solidaire \u00e0 Ramonville - AlterTour\" \/>\n<meta property=\"og:description\" content=\"1er jour de l\u2019AlterTour\u00a02017 ! Le rendez-vous est donn\u00e9 \u00e0 la Maison de l\u2019\u00c9conomie Solidaire (MES) \u00e0 Ramonville. Les arriv\u00e9es des participant\u00b7e\u00b7s s\u2019\u00e9chelonnent depuis 9h, mais la plupart arrive vers midi ou dans l\u2019apr\u00e8s-midi. Plusieurs personnes sont \u00e0 pied d\u2019\u0153uvre depuis la veille\u00a0: rangement du camion et du minibus, courses, ... Read More\" \/>\n<meta property=\"og:url\" content=\"https:\/\/www.altercampagne.net\/?p=7425\" \/>\n<meta property=\"og:site_name\" content=\"AlterTour\" \/>\n<meta property=\"article:published_time\" content=\"2017-07-08T19:31:17+00:00\" \/>\n<meta property=\"article:modified_time\" content=\"2018-03-25T13:52:07+00:00\" \/>\n<meta property=\"og:image\" content=\"https:\/\/www.altercampagne.net\/wp-content\/uploads\/2017\/07\/2017-07-08_0001DSC00610.jpg\" \/>\n\t<meta property=\"og:image:width\" content=\"1070\" \/>\n\t<meta property=\"og:image:height\" content=\"803\" \/>\n\t<meta property=\"og:image:type\" content=\"image\/jpeg\" \/>\n<meta name=\"author\" content=\"Mathieu\" \/>\n<meta name=\"twitter:card\" content=\"summary_large_image\" \/>\n<meta name=\"twitter:label1\" content=\"\u00c9crit par\" \/>\n\t<meta name=\"twitter:data1\" content=\"Mathieu\" \/>\n\t<meta name=\"twitter:label2\" content=\"Dur\u00e9e de lecture estim\u00e9e\" \/>\n\t<meta name=\"twitter:data2\" content=\"3 minutes\" \/>\n<script type=\"application\/ld+json\" class=\"yoast-schema-graph\">{\"@context\":\"https:\\\/\\\/schema.org\",\"@graph\":[{\"@type\":\"Article\",\"@id\":\"https:\\\/\\\/www.altercampagne.net\\\/?p=7425#article\",\"isPartOf\":{\"@id\":\"https:\\\/\\\/www.altercampagne.net\\\/?p=7425\"},\"author\":{\"name\":\"Mathieu\",\"@id\":\"https:\\\/\\\/www.altercampagne.net\\\/#\\\/schema\\\/person\\\/0f261460c09e430caa0f9bcffa319109\"},\"headline\":\"Journ\u00e9e du 8 juillet : Accueil des participant-e-s \u00e0 la Maison de l\u2019\u00c9conomie Sociale et Solidaire \u00e0 Ramonville\",\"datePublished\":\"2017-07-08T19:31:17+00:00\",\"dateModified\":\"2018-03-25T13:52:07+00:00\",\"mainEntityOfPage\":{\"@id\":\"https:\\\/\\\/www.altercampagne.net\\\/?p=7425\"},\"wordCount\":553,\"image\":{\"@id\":\"https:\\\/\\\/www.altercampagne.net\\\/?p=7425#primaryimage\"},\"thumbnailUrl\":\"https:\\\/\\\/www.altercampagne.net\\\/wp-content\\\/uploads\\\/2017\\\/07\\\/2017-07-08_0001DSC00610.jpg\",\"keywords\":[\"Haute-Garonne\",\"Midi-Pyr\u00e9n\u00e9es\",\"Ramonville\",\"Ramonville-Saint-Agne\",\"AlterTour 2017\",\"2017\",\"Occitanie\",\"Maison de l\u2019\u00c9conomie Sociale et Solidaire\",\"Collectif la Maison\",\"Roule Ma Frite\",\"PicOJoule\",\"festival Convivencia\",\"Convivencia\",\"Castanet-Tolosan\"],\"articleSection\":[\"\u00c9conomie\",\"\u00c9nergie\",\"\u00c9dition 2017\",\"Occitanie\"],\"inLanguage\":\"fr-FR\"},{\"@type\":\"WebPage\",\"@id\":\"https:\\\/\\\/www.altercampagne.net\\\/?p=7425\",\"url\":\"https:\\\/\\\/www.altercampagne.net\\\/?p=7425\",\"name\":\"Journ\u00e9e du 8 juillet : Accueil des participant-e-s \u00e0 la Maison de l\u2019\u00c9conomie Sociale et Solidaire \u00e0 Ramonville - AlterTour\",\"isPartOf\":{\"@id\":\"https:\\\/\\\/www.altercampagne.net\\\/#website\"},\"primaryImageOfPage\":{\"@id\":\"https:\\\/\\\/www.altercampagne.net\\\/?p=7425#primaryimage\"},\"image\":{\"@id\":\"https:\\\/\\\/www.altercampagne.net\\\/?p=7425#primaryimage\"},\"thumbnailUrl\":\"https:\\\/\\\/www.altercampagne.net\\\/wp-content\\\/uploads\\\/2017\\\/07\\\/2017-07-08_0001DSC00610.jpg\",\"datePublished\":\"2017-07-08T19:31:17+00:00\",\"dateModified\":\"2018-03-25T13:52:07+00:00\",\"author\":{\"@id\":\"https:\\\/\\\/www.altercampagne.net\\\/#\\\/schema\\\/person\\\/0f261460c09e430caa0f9bcffa319109\"},\"breadcrumb\":{\"@id\":\"https:\\\/\\\/www.altercampagne.net\\\/?p=7425#breadcrumb\"},\"inLanguage\":\"fr-FR\",\"potentialAction\":[{\"@type\":\"ReadAction\",\"target\":[\"https:\\\/\\\/www.altercampagne.net\\\/?p=7425\"]}]},{\"@type\":\"ImageObject\",\"inLanguage\":\"fr-FR\",\"@id\":\"https:\\\/\\\/www.altercampagne.net\\\/?p=7425#primaryimage\",\"url\":\"https:\\\/\\\/www.altercampagne.net\\\/wp-content\\\/uploads\\\/2017\\\/07\\\/2017-07-08_0001DSC00610.jpg\",\"contentUrl\":\"https:\\\/\\\/www.altercampagne.net\\\/wp-content\\\/uploads\\\/2017\\\/07\\\/2017-07-08_0001DSC00610.jpg\",\"width\":1070,\"height\":803},{\"@type\":\"BreadcrumbList\",\"@id\":\"https:\\\/\\\/www.altercampagne.net\\\/?p=7425#breadcrumb\",\"itemListElement\":[{\"@type\":\"ListItem\",\"position\":1,\"name\":\"Accueil\",\"item\":\"https:\\\/\\\/www.altercampagne.net\\\/\"},{\"@type\":\"ListItem\",\"position\":2,\"name\":\"Journ\u00e9e du 8 juillet : Accueil des participant-e-s \u00e0 la Maison de l\u2019\u00c9conomie Sociale et Solidaire \u00e0 Ramonville\"}]},{\"@type\":\"WebSite\",\"@id\":\"https:\\\/\\\/www.altercampagne.net\\\/#website\",\"url\":\"https:\\\/\\\/www.altercampagne.net\\\/\",\"name\":\"AlterTour\",\"description\":\"Reliez les Alternatives \u00e0 v\u00e9lo\",\"potentialAction\":[{\"@type\":\"SearchAction\",\"target\":{\"@type\":\"EntryPoint\",\"urlTemplate\":\"https:\\\/\\\/www.altercampagne.net\\\/?s={search_term_string}\"},\"query-input\":{\"@type\":\"PropertyValueSpecification\",\"valueRequired\":true,\"valueName\":\"search_term_string\"}}],\"inLanguage\":\"fr-FR\"},{\"@type\":\"Person\",\"@id\":\"https:\\\/\\\/www.altercampagne.net\\\/#\\\/schema\\\/person\\\/0f261460c09e430caa0f9bcffa319109\",\"name\":\"Mathieu\",\"image\":{\"@type\":\"ImageObject\",\"inLanguage\":\"fr-FR\",\"@id\":\"https:\\\/\\\/secure.gravatar.com\\\/avatar\\\/aa9d3d24c83f2141e5e2709d0f63d09a99f6be6bb7a50abc4915838d9f54501a?s=96&d=mm&r=g\",\"url\":\"https:\\\/\\\/secure.gravatar.com\\\/avatar\\\/aa9d3d24c83f2141e5e2709d0f63d09a99f6be6bb7a50abc4915838d9f54501a?s=96&d=mm&r=g\",\"contentUrl\":\"https:\\\/\\\/secure.gravatar.com\\\/avatar\\\/aa9d3d24c83f2141e5e2709d0f63d09a99f6be6bb7a50abc4915838d9f54501a?s=96&d=mm&r=g\",\"caption\":\"Mathieu\"},\"url\":\"https:\\\/\\\/www.altercampagne.net\\\/?author=214\"}]}<\/script>\n<!-- \/ Yoast SEO plugin. -->","yoast_head_json":{"title":"Journ\u00e9e du 8 juillet : Accueil des participant-e-s \u00e0 la Maison de l\u2019\u00c9conomie Sociale et Solidaire \u00e0 Ramonville - AlterTour","robots":{"index":"index","follow":"follow","max-snippet":"max-snippet:-1","max-image-preview":"max-image-preview:large","max-video-preview":"max-video-preview:-1"},"canonical":"https:\/\/www.altercampagne.net\/?p=7425","og_locale":"fr_FR","og_type":"article","og_title":"Journ\u00e9e du 8 juillet : Accueil des participant-e-s \u00e0 la Maison de l\u2019\u00c9conomie Sociale et Solidaire \u00e0 Ramonville - AlterTour","og_description":"1er jour de l\u2019AlterTour\u00a02017 ! Le rendez-vous est donn\u00e9 \u00e0 la Maison de l\u2019\u00c9conomie Solidaire (MES) \u00e0 Ramonville. Les arriv\u00e9es des participant\u00b7e\u00b7s s\u2019\u00e9chelonnent depuis 9h, mais la plupart arrive vers midi ou dans l\u2019apr\u00e8s-midi. Plusieurs personnes sont \u00e0 pied d\u2019\u0153uvre depuis la veille\u00a0: rangement du camion et du minibus, courses, ... Read More","og_url":"https:\/\/www.altercampagne.net\/?p=7425","og_site_name":"AlterTour","article_published_time":"2017-07-08T19:31:17+00:00","article_modified_time":"2018-03-25T13:52:07+00:00","og_image":[{"width":1070,"height":803,"url":"https:\/\/www.altercampagne.net\/wp-content\/uploads\/2017\/07\/2017-07-08_0001DSC00610.jpg","type":"image\/jpeg"}],"author":"Mathieu","twitter_card":"summary_large_image","twitter_misc":{"\u00c9crit par":"Mathieu","Dur\u00e9e de lecture estim\u00e9e":"3 minutes"},"schema":{"@context":"https:\/\/schema.org","@graph":[{"@type":"Article","@id":"https:\/\/www.altercampagne.net\/?p=7425#article","isPartOf":{"@id":"https:\/\/www.altercampagne.net\/?p=7425"},"author":{"name":"Mathieu","@id":"https:\/\/www.altercampagne.net\/#\/schema\/person\/0f261460c09e430caa0f9bcffa319109"},"headline":"Journ\u00e9e du 8 juillet : Accueil des participant-e-s \u00e0 la Maison de l\u2019\u00c9conomie Sociale et Solidaire \u00e0 Ramonville","datePublished":"2017-07-08T19:31:17+00:00","dateModified":"2018-03-25T13:52:07+00:00","mainEntityOfPage":{"@id":"https:\/\/www.altercampagne.net\/?p=7425"},"wordCount":553,"image":{"@id":"https:\/\/www.altercampagne.net\/?p=7425#primaryimage"},"thumbnailUrl":"https:\/\/www.altercampagne.net\/wp-content\/uploads\/2017\/07\/2017-07-08_0001DSC00610.jpg","keywords":["Haute-Garonne","Midi-Pyr\u00e9n\u00e9es","Ramonville","Ramonville-Saint-Agne","AlterTour 2017","2017","Occitanie","Maison de l\u2019\u00c9conomie Sociale et Solidaire","Collectif la Maison","Roule Ma Frite","PicOJoule","festival Convivencia","Convivencia","Castanet-Tolosan"],"articleSection":["\u00c9conomie","\u00c9nergie","\u00c9dition 2017","Occitanie"],"inLanguage":"fr-FR"},{"@type":"WebPage","@id":"https:\/\/www.altercampagne.net\/?p=7425","url":"https:\/\/www.altercampagne.net\/?p=7425","name":"Journ\u00e9e du 8 juillet : Accueil des participant-e-s \u00e0 la Maison de l\u2019\u00c9conomie Sociale et Solidaire \u00e0 Ramonville - AlterTour","isPartOf":{"@id":"https:\/\/www.altercampagne.net\/#website"},"primaryImageOfPage":{"@id":"https:\/\/www.altercampagne.net\/?p=7425#primaryimage"},"image":{"@id":"https:\/\/www.altercampagne.net\/?p=7425#primaryimage"},"thumbnailUrl":"https:\/\/www.altercampagne.net\/wp-content\/uploads\/2017\/07\/2017-07-08_0001DSC00610.jpg","datePublished":"2017-07-08T19:31:17+00:00","dateModified":"2018-03-25T13:52:07+00:00","author":{"@id":"https:\/\/www.altercampagne.net\/#\/schema\/person\/0f261460c09e430caa0f9bcffa319109"},"breadcrumb":{"@id":"https:\/\/www.altercampagne.net\/?p=7425#breadcrumb"},"inLanguage":"fr-FR","potentialAction":[{"@type":"ReadAction","target":["https:\/\/www.altercampagne.net\/?p=7425"]}]},{"@type":"ImageObject","inLanguage":"fr-FR","@id":"https:\/\/www.altercampagne.net\/?p=7425#primaryimage","url":"https:\/\/www.altercampagne.net\/wp-content\/uploads\/2017\/07\/2017-07-08_0001DSC00610.jpg","contentUrl":"https:\/\/www.altercampagne.net\/wp-content\/uploads\/2017\/07\/2017-07-08_0001DSC00610.jpg","width":1070,"height":803},{"@type":"BreadcrumbList","@id":"https:\/\/www.altercampagne.net\/?p=7425#breadcrumb","itemListElement":[{"@type":"ListItem","position":1,"name":"Accueil","item":"https:\/\/www.altercampagne.net\/"},{"@type":"ListItem","position":2,"name":"Journ\u00e9e du 8 juillet : Accueil des participant-e-s \u00e0 la Maison de l\u2019\u00c9conomie Sociale et Solidaire \u00e0 Ramonville"}]},{"@type":"WebSite","@id":"https:\/\/www.altercampagne.net\/#website","url":"https:\/\/www.altercampagne.net\/","name":"AlterTour","description":"Reliez les Alternatives \u00e0 v\u00e9lo","potentialAction":[{"@type":"SearchAction","target":{"@type":"EntryPoint","urlTemplate":"https:\/\/www.altercampagne.net\/?s={search_term_string}"},"query-input":{"@type":"PropertyValueSpecification","valueRequired":true,"valueName":"search_term_string"}}],"inLanguage":"fr-FR"},{"@type":"Person","@id":"https:\/\/www.altercampagne.net\/#\/schema\/person\/0f261460c09e430caa0f9bcffa319109","name":"Mathieu","image":{"@type":"ImageObject","inLanguage":"fr-FR","@id":"https:\/\/secure.gravatar.com\/avatar\/aa9d3d24c83f2141e5e2709d0f63d09a99f6be6bb7a50abc4915838d9f54501a?s=96&d=mm&r=g","url":"https:\/\/secure.gravatar.com\/avatar\/aa9d3d24c83f2141e5e2709d0f63d09a99f6be6bb7a50abc4915838d9f54501a?s=96&d=mm&r=g","contentUrl":"https:\/\/secure.gravatar.com\/avatar\/aa9d3d24c83f2141e5e2709d0f63d09a99f6be6bb7a50abc4915838d9f54501a?s=96&d=mm&r=g","caption":"Mathieu"},"url":"https:\/\/www.altercampagne.net\/?author=214"}]}},"_links":{"self":[{"href":"https:\/\/www.altercampagne.net\/index.php?rest_route=\/wp\/v2\/posts\/7425","targetHints":{"allow":["GET"]}}],"collection":[{"href":"https:\/\/www.altercampagne.net\/index.php?rest_route=\/wp\/v2\/posts"}],"about":[{"href":"https:\/\/www.altercampagne.net\/index.php?rest_route=\/wp\/v2\/types\/post"}],"author":[{"embeddable":true,"href":"https:\/\/www.altercampagne.net\/index.php?rest_route=\/wp\/v2\/users\/214"}],"replies":[{"embeddable":true,"href":"https:\/\/www.altercampagne.net\/index.php?rest_route=%2Fwp%2Fv2%2Fcomments&post=7425"}],"version-history":[{"count":0,"href":"https:\/\/www.altercampagne.net\/index.php?rest_route=\/wp\/v2\/posts\/7425\/revisions"}],"wp:featuredmedia":[{"embeddable":true,"href":"https:\/\/www.altercampagne.net\/index.php?rest_route=\/wp\/v2\/media\/7745"}],"wp:attachment":[{"href":"https:\/\/www.altercampagne.net\/index.php?rest_route=%2Fwp%2Fv2%2Fmedia&parent=7425"}],"wp:term":[{"taxonomy":"category","embeddable":true,"href":"https:\/\/www.altercampagne.net\/index.php?rest_route=%2Fwp%2Fv2%2Fcategories&post=7425"},{"taxonomy":"post_tag","embeddable":true,"href":"https:\/\/www.altercampagne.net\/index.php?rest_route=%2Fwp%2Fv2%2Ftags&post=7425"}],"curies":[{"name":"wp","href":"https:\/\/api.w.org\/{rel}","templated":true}]}}