{"id":7431,"date":"2017-07-23T20:20:23","date_gmt":"2017-07-23T18:20:23","guid":{"rendered":"http:\/\/www.altercampagne.net\/?p=7431"},"modified":"2017-09-15T17:13:03","modified_gmt":"2017-09-15T15:13:03","slug":"narbonne-ville-etape-de-laltertour-de-france","status":"publish","type":"post","link":"https:\/\/www.altercampagne.net\/?p=7431","title":{"rendered":"Narbonne, ville \u00e9tape de l&rsquo;AlterTour&#8230; de France !"},"content":{"rendered":"<p><strong>Ils ne p\u00e9dalent pas pour la gloire, mais pour<em> \u00ab\u00a0aller \u00e0 la rencontre des acteurs de la transition \u00e9cologique\u00a0\u00bb<\/em>. Parti de Toulouse, l&rsquo;AlterTour sillonne le pays: \u00e9tape apr\u00e8s \u00e9tape, ses 320 participants se relaient en constituant des groupes d&rsquo;une soixantaine de cyclistes. Collectifs d&rsquo;habitants, \u00e9co-lieux, ateliers d&rsquo;auto-r\u00e9paration de v\u00e9los&#8230; Les initiatives relay\u00e9es par la manifestation sont nombreuses. De passage \u00e0 Narbonne samedi 22 ao\u00fbt, l&rsquo;AlterTour a ainsi retrouv\u00e9 les b\u00e9n\u00e9voles de l&rsquo;association locale V\u00e9locit\u00e9, pr\u00f4nant le d\u00e9veloppement des d\u00e9placements doux en milieu urbain.\u00a0<\/strong><\/p>\n<p><em>\u00ab\u00a0Narbonne est une ville o\u00f9 la plupart des rues sont plates, le v\u00e9lo doit donc y avoir toute sa place\u00a0\u00bb<\/em>, insiste-t-on. Pour mieux le d\u00e9montrer, le cort\u00e8ge a quitt\u00e9 le parvis de la M\u00e9diath\u00e8que pour entamer une \u00ab\u00a0v\u00e9lorution\u00a0\u00bb au c\u0153ur de la cit\u00e9. Mais parce que l&rsquo;AlterTour s&rsquo;attache aussi \u00e0 donner la parole aux<em> \u00ab\u00a0gens qui r\u00e9sistent au mod\u00e8le dominant\u00a0\u00bb<\/em>, les organisateurs avaient \u00e9galement convi\u00e9 au d\u00e9bat des b\u00e9n\u00e9voles et militants engag\u00e9s dans un bras de fer avec le groupe Areva dans le dossier du traitement des nitrates du site de Malv\u00e9si.<\/p>\n<p style=\"text-align: right;\"><a href=\"http:\/\/www.lindependant.fr\/2017\/07\/23\/narbonne-ville-etape-de-l-altertour-de-france,3036482.php\" target=\"_blank\"><strong>L&rsquo;ind\u00e9pendant<\/strong><\/a><\/p>\n","protected":false},"excerpt":{"rendered":"<p>Ils ne p\u00e9dalent pas pour la gloire, mais pour \u00ab\u00a0aller \u00e0 la rencontre des acteurs de la transition \u00e9cologique\u00a0\u00bb. Parti de Toulouse, l&rsquo;AlterTour sillonne le pays: \u00e9tape apr\u00e8s \u00e9tape, ses 320 participants se relaient en constituant des groupes d&rsquo;une soixantaine de cyclistes. Collectifs d&rsquo;habitants, \u00e9co-lieux, ateliers d&rsquo;auto-r\u00e9paration de v\u00e9los&#8230; Les &#8230; <\/p>\n<div><a href=\"https:\/\/www.altercampagne.net\/?p=7431\" class=\"more-link\">Read More<\/a><\/div>\n","protected":false},"author":214,"featured_media":0,"comment_status":"closed","ping_status":"closed","sticky":false,"template":"","format":"standard","meta":{"footnotes":""},"categories":[239],"tags":[523,1973,2783,2784,2785,2799,3131,3132,3218],"class_list":["post-7431","post","type-post","status-publish","format-standard","hentry","category-revue-de-presse","tag-aude","tag-languedoc-roussillon","tag-altertour-2017","tag-2784","tag-occitanie","tag-velocite-narbonne","tag-narbonne","tag-malvesi","tag-lindependant","no-post-thumbnail"],"yoast_head":"<!-- This site is optimized with the Yoast SEO plugin v27.3 - https:\/\/yoast.com\/product\/yoast-seo-wordpress\/ -->\n<title>Narbonne, ville \u00e9tape de l&#039;AlterTour... de France ! - AlterTour<\/title>\n<meta name=\"robots\" content=\"index, follow, max-snippet:-1, max-image-preview:large, max-video-preview:-1\" \/>\n<link rel=\"canonical\" href=\"https:\/\/www.altercampagne.net\/?p=7431\" \/>\n<meta property=\"og:locale\" content=\"fr_FR\" \/>\n<meta property=\"og:type\" content=\"article\" \/>\n<meta property=\"og:title\" content=\"Narbonne, ville \u00e9tape de l&#039;AlterTour... de France ! - AlterTour\" \/>\n<meta property=\"og:description\" content=\"Ils ne p\u00e9dalent pas pour la gloire, mais pour \u00ab\u00a0aller \u00e0 la rencontre des acteurs de la transition \u00e9cologique\u00a0\u00bb. Parti de Toulouse, l&rsquo;AlterTour sillonne le pays: \u00e9tape apr\u00e8s \u00e9tape, ses 320 participants se relaient en constituant des groupes d&rsquo;une soixantaine de cyclistes. Collectifs d&rsquo;habitants, \u00e9co-lieux, ateliers d&rsquo;auto-r\u00e9paration de v\u00e9los&#8230; Les ... Read More\" \/>\n<meta property=\"og:url\" content=\"https:\/\/www.altercampagne.net\/?p=7431\" \/>\n<meta property=\"og:site_name\" content=\"AlterTour\" \/>\n<meta property=\"article:published_time\" content=\"2017-07-23T18:20:23+00:00\" \/>\n<meta property=\"article:modified_time\" content=\"2017-09-15T15:13:03+00:00\" \/>\n<meta name=\"author\" content=\"Mathieu\" \/>\n<meta name=\"twitter:card\" content=\"summary_large_image\" \/>\n<meta name=\"twitter:label1\" content=\"\u00c9crit par\" \/>\n\t<meta name=\"twitter:data1\" content=\"Mathieu\" \/>\n\t<meta name=\"twitter:label2\" content=\"Dur\u00e9e de lecture estim\u00e9e\" \/>\n\t<meta name=\"twitter:data2\" content=\"1 minute\" \/>\n<script type=\"application\/ld+json\" class=\"yoast-schema-graph\">{\"@context\":\"https:\\\/\\\/schema.org\",\"@graph\":[{\"@type\":\"Article\",\"@id\":\"https:\\\/\\\/www.altercampagne.net\\\/?p=7431#article\",\"isPartOf\":{\"@id\":\"https:\\\/\\\/www.altercampagne.net\\\/?p=7431\"},\"author\":{\"name\":\"Mathieu\",\"@id\":\"https:\\\/\\\/www.altercampagne.net\\\/#\\\/schema\\\/person\\\/0f261460c09e430caa0f9bcffa319109\"},\"headline\":\"Narbonne, ville \u00e9tape de l&rsquo;AlterTour&#8230; de France !\",\"datePublished\":\"2017-07-23T18:20:23+00:00\",\"dateModified\":\"2017-09-15T15:13:03+00:00\",\"mainEntityOfPage\":{\"@id\":\"https:\\\/\\\/www.altercampagne.net\\\/?p=7431\"},\"wordCount\":215,\"keywords\":[\"Aude\",\"languedoc-roussillon\",\"AlterTour 2017\",\"2017\",\"Occitanie\",\"V\u00e9locit\u00e9 Narbonne\",\"Narbonne\",\"Malv\u00e9si\",\"L'ind\u00e9pendant\"],\"articleSection\":[\"Revue de presse\"],\"inLanguage\":\"fr-FR\"},{\"@type\":\"WebPage\",\"@id\":\"https:\\\/\\\/www.altercampagne.net\\\/?p=7431\",\"url\":\"https:\\\/\\\/www.altercampagne.net\\\/?p=7431\",\"name\":\"Narbonne, ville \u00e9tape de l'AlterTour... de France ! - AlterTour\",\"isPartOf\":{\"@id\":\"https:\\\/\\\/www.altercampagne.net\\\/#website\"},\"datePublished\":\"2017-07-23T18:20:23+00:00\",\"dateModified\":\"2017-09-15T15:13:03+00:00\",\"author\":{\"@id\":\"https:\\\/\\\/www.altercampagne.net\\\/#\\\/schema\\\/person\\\/0f261460c09e430caa0f9bcffa319109\"},\"breadcrumb\":{\"@id\":\"https:\\\/\\\/www.altercampagne.net\\\/?p=7431#breadcrumb\"},\"inLanguage\":\"fr-FR\",\"potentialAction\":[{\"@type\":\"ReadAction\",\"target\":[\"https:\\\/\\\/www.altercampagne.net\\\/?p=7431\"]}]},{\"@type\":\"BreadcrumbList\",\"@id\":\"https:\\\/\\\/www.altercampagne.net\\\/?p=7431#breadcrumb\",\"itemListElement\":[{\"@type\":\"ListItem\",\"position\":1,\"name\":\"Accueil\",\"item\":\"https:\\\/\\\/www.altercampagne.net\\\/\"},{\"@type\":\"ListItem\",\"position\":2,\"name\":\"Narbonne, ville \u00e9tape de l&rsquo;AlterTour&#8230; de France !\"}]},{\"@type\":\"WebSite\",\"@id\":\"https:\\\/\\\/www.altercampagne.net\\\/#website\",\"url\":\"https:\\\/\\\/www.altercampagne.net\\\/\",\"name\":\"AlterTour\",\"description\":\"Reliez les Alternatives \u00e0 v\u00e9lo\",\"potentialAction\":[{\"@type\":\"SearchAction\",\"target\":{\"@type\":\"EntryPoint\",\"urlTemplate\":\"https:\\\/\\\/www.altercampagne.net\\\/?s={search_term_string}\"},\"query-input\":{\"@type\":\"PropertyValueSpecification\",\"valueRequired\":true,\"valueName\":\"search_term_string\"}}],\"inLanguage\":\"fr-FR\"},{\"@type\":\"Person\",\"@id\":\"https:\\\/\\\/www.altercampagne.net\\\/#\\\/schema\\\/person\\\/0f261460c09e430caa0f9bcffa319109\",\"name\":\"Mathieu\",\"image\":{\"@type\":\"ImageObject\",\"inLanguage\":\"fr-FR\",\"@id\":\"https:\\\/\\\/secure.gravatar.com\\\/avatar\\\/aa9d3d24c83f2141e5e2709d0f63d09a99f6be6bb7a50abc4915838d9f54501a?s=96&d=mm&r=g\",\"url\":\"https:\\\/\\\/secure.gravatar.com\\\/avatar\\\/aa9d3d24c83f2141e5e2709d0f63d09a99f6be6bb7a50abc4915838d9f54501a?s=96&d=mm&r=g\",\"contentUrl\":\"https:\\\/\\\/secure.gravatar.com\\\/avatar\\\/aa9d3d24c83f2141e5e2709d0f63d09a99f6be6bb7a50abc4915838d9f54501a?s=96&d=mm&r=g\",\"caption\":\"Mathieu\"},\"url\":\"https:\\\/\\\/www.altercampagne.net\\\/?author=214\"}]}<\/script>\n<!-- \/ Yoast SEO plugin. -->","yoast_head_json":{"title":"Narbonne, ville \u00e9tape de l'AlterTour... de France ! - AlterTour","robots":{"index":"index","follow":"follow","max-snippet":"max-snippet:-1","max-image-preview":"max-image-preview:large","max-video-preview":"max-video-preview:-1"},"canonical":"https:\/\/www.altercampagne.net\/?p=7431","og_locale":"fr_FR","og_type":"article","og_title":"Narbonne, ville \u00e9tape de l'AlterTour... de France ! - AlterTour","og_description":"Ils ne p\u00e9dalent pas pour la gloire, mais pour \u00ab\u00a0aller \u00e0 la rencontre des acteurs de la transition \u00e9cologique\u00a0\u00bb. Parti de Toulouse, l&rsquo;AlterTour sillonne le pays: \u00e9tape apr\u00e8s \u00e9tape, ses 320 participants se relaient en constituant des groupes d&rsquo;une soixantaine de cyclistes. Collectifs d&rsquo;habitants, \u00e9co-lieux, ateliers d&rsquo;auto-r\u00e9paration de v\u00e9los&#8230; Les ... Read More","og_url":"https:\/\/www.altercampagne.net\/?p=7431","og_site_name":"AlterTour","article_published_time":"2017-07-23T18:20:23+00:00","article_modified_time":"2017-09-15T15:13:03+00:00","author":"Mathieu","twitter_card":"summary_large_image","twitter_misc":{"\u00c9crit par":"Mathieu","Dur\u00e9e de lecture estim\u00e9e":"1 minute"},"schema":{"@context":"https:\/\/schema.org","@graph":[{"@type":"Article","@id":"https:\/\/www.altercampagne.net\/?p=7431#article","isPartOf":{"@id":"https:\/\/www.altercampagne.net\/?p=7431"},"author":{"name":"Mathieu","@id":"https:\/\/www.altercampagne.net\/#\/schema\/person\/0f261460c09e430caa0f9bcffa319109"},"headline":"Narbonne, ville \u00e9tape de l&rsquo;AlterTour&#8230; de France !","datePublished":"2017-07-23T18:20:23+00:00","dateModified":"2017-09-15T15:13:03+00:00","mainEntityOfPage":{"@id":"https:\/\/www.altercampagne.net\/?p=7431"},"wordCount":215,"keywords":["Aude","languedoc-roussillon","AlterTour 2017","2017","Occitanie","V\u00e9locit\u00e9 Narbonne","Narbonne","Malv\u00e9si","L'ind\u00e9pendant"],"articleSection":["Revue de presse"],"inLanguage":"fr-FR"},{"@type":"WebPage","@id":"https:\/\/www.altercampagne.net\/?p=7431","url":"https:\/\/www.altercampagne.net\/?p=7431","name":"Narbonne, ville \u00e9tape de l'AlterTour... de France ! - AlterTour","isPartOf":{"@id":"https:\/\/www.altercampagne.net\/#website"},"datePublished":"2017-07-23T18:20:23+00:00","dateModified":"2017-09-15T15:13:03+00:00","author":{"@id":"https:\/\/www.altercampagne.net\/#\/schema\/person\/0f261460c09e430caa0f9bcffa319109"},"breadcrumb":{"@id":"https:\/\/www.altercampagne.net\/?p=7431#breadcrumb"},"inLanguage":"fr-FR","potentialAction":[{"@type":"ReadAction","target":["https:\/\/www.altercampagne.net\/?p=7431"]}]},{"@type":"BreadcrumbList","@id":"https:\/\/www.altercampagne.net\/?p=7431#breadcrumb","itemListElement":[{"@type":"ListItem","position":1,"name":"Accueil","item":"https:\/\/www.altercampagne.net\/"},{"@type":"ListItem","position":2,"name":"Narbonne, ville \u00e9tape de l&rsquo;AlterTour&#8230; de France !"}]},{"@type":"WebSite","@id":"https:\/\/www.altercampagne.net\/#website","url":"https:\/\/www.altercampagne.net\/","name":"AlterTour","description":"Reliez les Alternatives \u00e0 v\u00e9lo","potentialAction":[{"@type":"SearchAction","target":{"@type":"EntryPoint","urlTemplate":"https:\/\/www.altercampagne.net\/?s={search_term_string}"},"query-input":{"@type":"PropertyValueSpecification","valueRequired":true,"valueName":"search_term_string"}}],"inLanguage":"fr-FR"},{"@type":"Person","@id":"https:\/\/www.altercampagne.net\/#\/schema\/person\/0f261460c09e430caa0f9bcffa319109","name":"Mathieu","image":{"@type":"ImageObject","inLanguage":"fr-FR","@id":"https:\/\/secure.gravatar.com\/avatar\/aa9d3d24c83f2141e5e2709d0f63d09a99f6be6bb7a50abc4915838d9f54501a?s=96&d=mm&r=g","url":"https:\/\/secure.gravatar.com\/avatar\/aa9d3d24c83f2141e5e2709d0f63d09a99f6be6bb7a50abc4915838d9f54501a?s=96&d=mm&r=g","contentUrl":"https:\/\/secure.gravatar.com\/avatar\/aa9d3d24c83f2141e5e2709d0f63d09a99f6be6bb7a50abc4915838d9f54501a?s=96&d=mm&r=g","caption":"Mathieu"},"url":"https:\/\/www.altercampagne.net\/?author=214"}]}},"_links":{"self":[{"href":"https:\/\/www.altercampagne.net\/index.php?rest_route=\/wp\/v2\/posts\/7431","targetHints":{"allow":["GET"]}}],"collection":[{"href":"https:\/\/www.altercampagne.net\/index.php?rest_route=\/wp\/v2\/posts"}],"about":[{"href":"https:\/\/www.altercampagne.net\/index.php?rest_route=\/wp\/v2\/types\/post"}],"author":[{"embeddable":true,"href":"https:\/\/www.altercampagne.net\/index.php?rest_route=\/wp\/v2\/users\/214"}],"replies":[{"embeddable":true,"href":"https:\/\/www.altercampagne.net\/index.php?rest_route=%2Fwp%2Fv2%2Fcomments&post=7431"}],"version-history":[{"count":0,"href":"https:\/\/www.altercampagne.net\/index.php?rest_route=\/wp\/v2\/posts\/7431\/revisions"}],"wp:attachment":[{"href":"https:\/\/www.altercampagne.net\/index.php?rest_route=%2Fwp%2Fv2%2Fmedia&parent=7431"}],"wp:term":[{"taxonomy":"category","embeddable":true,"href":"https:\/\/www.altercampagne.net\/index.php?rest_route=%2Fwp%2Fv2%2Fcategories&post=7431"},{"taxonomy":"post_tag","embeddable":true,"href":"https:\/\/www.altercampagne.net\/index.php?rest_route=%2Fwp%2Fv2%2Ftags&post=7431"}],"curies":[{"name":"wp","href":"https:\/\/api.w.org\/{rel}","templated":true}]}}