{"id":7446,"date":"2017-07-27T20:05:41","date_gmt":"2017-07-27T18:05:41","guid":{"rendered":"http:\/\/www.altercampagne.net\/?p=7446"},"modified":"2019-09-13T11:14:03","modified_gmt":"2019-09-13T09:14:03","slug":"cyclisme-cest-la-velorution","status":"publish","type":"post","link":"https:\/\/www.altercampagne.net\/?p=7446","title":{"rendered":"Cyclisme : c&rsquo;est la v\u00e9lorution !"},"content":{"rendered":"<p>Une centaine de manifestants \u00e0 v\u00e9lo d\u00e9ambulent dans les rues de Montpellier, ce matin.<\/p>\n<p>Le cort\u00e8ge s&rsquo;est \u00e9lanc\u00e9 aux alentours de 10h30, depuis la place de la Com\u00e9die et s&rsquo;arr\u00eatera \u00e0 midi, pour un d\u00e9jeuner partag\u00e9, au squat de l&rsquo;Uttopia 003, au c\u0153ur du quartier Boutonnet.<\/p>\n<p>L&rsquo;AlterTour (le tour de France des alternatives) est pr\u00e9sent pour cette v\u00e9lorution, l&rsquo;occasion pour les associations montpelli\u00e9rains Alternatiba et V\u00e9locit\u00e9 de pr\u00e9senter les dispositifs alternatifs de la ville, comme l&rsquo;atelier de r\u00e9paration du Vieux Biclou, aux Beaux-arts ou l&rsquo;\u00e9picerie solidaire de la Cagette, situ\u00e9 dans le quartier Figuerolles.<\/p>\n<p>\u00ab\u00a0La v\u00e9lorution c&rsquo;est aussi l&rsquo;occasion de r\u00e9\u00e9quilibrer le rapport de force entre automobilistes et cyclistes\u00a0\u00bb, rappelle Elisabeth, membre de V\u00e9locit\u00e9 Montpellier, \u00ab\u00a0de montrer que le cyclisme est l&rsquo;avenir et que l&rsquo;auto, si polluante, appartient au pass\u00e9\u00a0\u00bb.<\/p>\n<p>Automobilistes, si vous croisez la route du cort\u00e8ge, un conseil : c\u00e9dez le passage !<\/p>\n<p style=\"text-align: right;\"><strong>Matthieu VAUTIER<\/strong><\/p>\n<div style=\"position: relative; padding-bottom: 57.25%;\"><iframe loading=\"lazy\" style=\"position: absolute; top: 0; left: 0; width: 100%; height: 100%;\" src=\"https:\/\/player.myvideoplace.tv\/?v=ACTUGAZ_PAD_270717\" allowfullscreen=\"allowfullscreen\" width=\"300\" height=\"150\" frameborder=\"0\"><\/iframe><\/div>\n","protected":false},"excerpt":{"rendered":"<p>Une centaine de manifestants \u00e0 v\u00e9lo d\u00e9ambulent dans les rues de Montpellier, ce matin. Le cort\u00e8ge s&rsquo;est \u00e9lanc\u00e9 aux alentours de 10h30, depuis la place de la Com\u00e9die et s&rsquo;arr\u00eatera \u00e0 midi, pour un d\u00e9jeuner partag\u00e9, au squat de l&rsquo;Uttopia 003, au c\u0153ur du quartier Boutonnet. L&rsquo;AlterTour (le tour de &#8230; <\/p>\n<div><a href=\"https:\/\/www.altercampagne.net\/?p=7446\" class=\"more-link\">Read More<\/a><\/div>\n","protected":false},"author":214,"featured_media":0,"comment_status":"closed","ping_status":"closed","sticky":false,"template":"","format":"standard","meta":{"footnotes":""},"categories":[239,3932],"tags":[102,1341,1972,1973,2783,2784,2785,3038,3135,3136,3137,3138,3139],"class_list":["post-7446","post","type-post","status-publish","format-standard","hentry","category-revue-de-presse","category-velo","tag-velorution","tag-montpellier","tag-herault","tag-languedoc-roussillon","tag-altertour-2017","tag-2784","tag-occitanie","tag-alternatiba-montpellier","tag-uttopia-003","tag-velocite-montpellier","tag-quartier-boutonnet","tag-place-de-la-comedie","tag-matthieu-vautier","no-post-thumbnail"],"yoast_head":"<!-- This site is optimized with the Yoast SEO plugin v27.3 - https:\/\/yoast.com\/product\/yoast-seo-wordpress\/ -->\n<title>Cyclisme : c&#039;est la v\u00e9lorution ! - AlterTour<\/title>\n<meta name=\"robots\" content=\"index, follow, max-snippet:-1, max-image-preview:large, max-video-preview:-1\" \/>\n<link rel=\"canonical\" href=\"https:\/\/www.altercampagne.net\/?p=7446\" \/>\n<meta property=\"og:locale\" content=\"fr_FR\" \/>\n<meta property=\"og:type\" content=\"article\" \/>\n<meta property=\"og:title\" content=\"Cyclisme : c&#039;est la v\u00e9lorution ! - AlterTour\" \/>\n<meta property=\"og:description\" content=\"Une centaine de manifestants \u00e0 v\u00e9lo d\u00e9ambulent dans les rues de Montpellier, ce matin. Le cort\u00e8ge s&rsquo;est \u00e9lanc\u00e9 aux alentours de 10h30, depuis la place de la Com\u00e9die et s&rsquo;arr\u00eatera \u00e0 midi, pour un d\u00e9jeuner partag\u00e9, au squat de l&rsquo;Uttopia 003, au c\u0153ur du quartier Boutonnet. L&rsquo;AlterTour (le tour de ... Read More\" \/>\n<meta property=\"og:url\" content=\"https:\/\/www.altercampagne.net\/?p=7446\" \/>\n<meta property=\"og:site_name\" content=\"AlterTour\" \/>\n<meta property=\"article:published_time\" content=\"2017-07-27T18:05:41+00:00\" \/>\n<meta property=\"article:modified_time\" content=\"2019-09-13T09:14:03+00:00\" \/>\n<meta name=\"author\" content=\"Mathieu\" \/>\n<meta name=\"twitter:card\" content=\"summary_large_image\" \/>\n<meta name=\"twitter:label1\" content=\"\u00c9crit par\" \/>\n\t<meta name=\"twitter:data1\" content=\"Mathieu\" \/>\n\t<meta name=\"twitter:label2\" content=\"Dur\u00e9e de lecture estim\u00e9e\" \/>\n\t<meta name=\"twitter:data2\" content=\"1 minute\" \/>\n<script type=\"application\/ld+json\" class=\"yoast-schema-graph\">{\"@context\":\"https:\\\/\\\/schema.org\",\"@graph\":[{\"@type\":\"Article\",\"@id\":\"https:\\\/\\\/www.altercampagne.net\\\/?p=7446#article\",\"isPartOf\":{\"@id\":\"https:\\\/\\\/www.altercampagne.net\\\/?p=7446\"},\"author\":{\"name\":\"Mathieu\",\"@id\":\"https:\\\/\\\/www.altercampagne.net\\\/#\\\/schema\\\/person\\\/0f261460c09e430caa0f9bcffa319109\"},\"headline\":\"Cyclisme : c&rsquo;est la v\u00e9lorution !\",\"datePublished\":\"2017-07-27T18:05:41+00:00\",\"dateModified\":\"2019-09-13T09:14:03+00:00\",\"mainEntityOfPage\":{\"@id\":\"https:\\\/\\\/www.altercampagne.net\\\/?p=7446\"},\"wordCount\":177,\"keywords\":[\"v\u00e9lorution\",\"Montpellier\",\"h\u00e9rault\",\"languedoc-roussillon\",\"AlterTour 2017\",\"2017\",\"Occitanie\",\"Alternatiba Montpellier\",\"Uttopia 003\",\"V\u00e9locit\u00e9 montpellier\",\"quartier Boutonnet\",\"place de la Com\u00e9die\",\"Matthieu VAUTIER\"],\"articleSection\":[\"Revue de presse\",\"V\u00e9lo\"],\"inLanguage\":\"fr-FR\"},{\"@type\":\"WebPage\",\"@id\":\"https:\\\/\\\/www.altercampagne.net\\\/?p=7446\",\"url\":\"https:\\\/\\\/www.altercampagne.net\\\/?p=7446\",\"name\":\"Cyclisme : c'est la v\u00e9lorution ! - AlterTour\",\"isPartOf\":{\"@id\":\"https:\\\/\\\/www.altercampagne.net\\\/#website\"},\"datePublished\":\"2017-07-27T18:05:41+00:00\",\"dateModified\":\"2019-09-13T09:14:03+00:00\",\"author\":{\"@id\":\"https:\\\/\\\/www.altercampagne.net\\\/#\\\/schema\\\/person\\\/0f261460c09e430caa0f9bcffa319109\"},\"breadcrumb\":{\"@id\":\"https:\\\/\\\/www.altercampagne.net\\\/?p=7446#breadcrumb\"},\"inLanguage\":\"fr-FR\",\"potentialAction\":[{\"@type\":\"ReadAction\",\"target\":[\"https:\\\/\\\/www.altercampagne.net\\\/?p=7446\"]}]},{\"@type\":\"BreadcrumbList\",\"@id\":\"https:\\\/\\\/www.altercampagne.net\\\/?p=7446#breadcrumb\",\"itemListElement\":[{\"@type\":\"ListItem\",\"position\":1,\"name\":\"Accueil\",\"item\":\"https:\\\/\\\/www.altercampagne.net\\\/\"},{\"@type\":\"ListItem\",\"position\":2,\"name\":\"Cyclisme : c&rsquo;est la v\u00e9lorution !\"}]},{\"@type\":\"WebSite\",\"@id\":\"https:\\\/\\\/www.altercampagne.net\\\/#website\",\"url\":\"https:\\\/\\\/www.altercampagne.net\\\/\",\"name\":\"AlterTour\",\"description\":\"Reliez les Alternatives \u00e0 v\u00e9lo\",\"potentialAction\":[{\"@type\":\"SearchAction\",\"target\":{\"@type\":\"EntryPoint\",\"urlTemplate\":\"https:\\\/\\\/www.altercampagne.net\\\/?s={search_term_string}\"},\"query-input\":{\"@type\":\"PropertyValueSpecification\",\"valueRequired\":true,\"valueName\":\"search_term_string\"}}],\"inLanguage\":\"fr-FR\"},{\"@type\":\"Person\",\"@id\":\"https:\\\/\\\/www.altercampagne.net\\\/#\\\/schema\\\/person\\\/0f261460c09e430caa0f9bcffa319109\",\"name\":\"Mathieu\",\"image\":{\"@type\":\"ImageObject\",\"inLanguage\":\"fr-FR\",\"@id\":\"https:\\\/\\\/secure.gravatar.com\\\/avatar\\\/aa9d3d24c83f2141e5e2709d0f63d09a99f6be6bb7a50abc4915838d9f54501a?s=96&d=mm&r=g\",\"url\":\"https:\\\/\\\/secure.gravatar.com\\\/avatar\\\/aa9d3d24c83f2141e5e2709d0f63d09a99f6be6bb7a50abc4915838d9f54501a?s=96&d=mm&r=g\",\"contentUrl\":\"https:\\\/\\\/secure.gravatar.com\\\/avatar\\\/aa9d3d24c83f2141e5e2709d0f63d09a99f6be6bb7a50abc4915838d9f54501a?s=96&d=mm&r=g\",\"caption\":\"Mathieu\"},\"url\":\"https:\\\/\\\/www.altercampagne.net\\\/?author=214\"}]}<\/script>\n<!-- \/ Yoast SEO plugin. -->","yoast_head_json":{"title":"Cyclisme : c'est la v\u00e9lorution ! - AlterTour","robots":{"index":"index","follow":"follow","max-snippet":"max-snippet:-1","max-image-preview":"max-image-preview:large","max-video-preview":"max-video-preview:-1"},"canonical":"https:\/\/www.altercampagne.net\/?p=7446","og_locale":"fr_FR","og_type":"article","og_title":"Cyclisme : c'est la v\u00e9lorution ! - AlterTour","og_description":"Une centaine de manifestants \u00e0 v\u00e9lo d\u00e9ambulent dans les rues de Montpellier, ce matin. Le cort\u00e8ge s&rsquo;est \u00e9lanc\u00e9 aux alentours de 10h30, depuis la place de la Com\u00e9die et s&rsquo;arr\u00eatera \u00e0 midi, pour un d\u00e9jeuner partag\u00e9, au squat de l&rsquo;Uttopia 003, au c\u0153ur du quartier Boutonnet. L&rsquo;AlterTour (le tour de ... Read More","og_url":"https:\/\/www.altercampagne.net\/?p=7446","og_site_name":"AlterTour","article_published_time":"2017-07-27T18:05:41+00:00","article_modified_time":"2019-09-13T09:14:03+00:00","author":"Mathieu","twitter_card":"summary_large_image","twitter_misc":{"\u00c9crit par":"Mathieu","Dur\u00e9e de lecture estim\u00e9e":"1 minute"},"schema":{"@context":"https:\/\/schema.org","@graph":[{"@type":"Article","@id":"https:\/\/www.altercampagne.net\/?p=7446#article","isPartOf":{"@id":"https:\/\/www.altercampagne.net\/?p=7446"},"author":{"name":"Mathieu","@id":"https:\/\/www.altercampagne.net\/#\/schema\/person\/0f261460c09e430caa0f9bcffa319109"},"headline":"Cyclisme : c&rsquo;est la v\u00e9lorution !","datePublished":"2017-07-27T18:05:41+00:00","dateModified":"2019-09-13T09:14:03+00:00","mainEntityOfPage":{"@id":"https:\/\/www.altercampagne.net\/?p=7446"},"wordCount":177,"keywords":["v\u00e9lorution","Montpellier","h\u00e9rault","languedoc-roussillon","AlterTour 2017","2017","Occitanie","Alternatiba Montpellier","Uttopia 003","V\u00e9locit\u00e9 montpellier","quartier Boutonnet","place de la Com\u00e9die","Matthieu VAUTIER"],"articleSection":["Revue de presse","V\u00e9lo"],"inLanguage":"fr-FR"},{"@type":"WebPage","@id":"https:\/\/www.altercampagne.net\/?p=7446","url":"https:\/\/www.altercampagne.net\/?p=7446","name":"Cyclisme : c'est la v\u00e9lorution ! - AlterTour","isPartOf":{"@id":"https:\/\/www.altercampagne.net\/#website"},"datePublished":"2017-07-27T18:05:41+00:00","dateModified":"2019-09-13T09:14:03+00:00","author":{"@id":"https:\/\/www.altercampagne.net\/#\/schema\/person\/0f261460c09e430caa0f9bcffa319109"},"breadcrumb":{"@id":"https:\/\/www.altercampagne.net\/?p=7446#breadcrumb"},"inLanguage":"fr-FR","potentialAction":[{"@type":"ReadAction","target":["https:\/\/www.altercampagne.net\/?p=7446"]}]},{"@type":"BreadcrumbList","@id":"https:\/\/www.altercampagne.net\/?p=7446#breadcrumb","itemListElement":[{"@type":"ListItem","position":1,"name":"Accueil","item":"https:\/\/www.altercampagne.net\/"},{"@type":"ListItem","position":2,"name":"Cyclisme : c&rsquo;est la v\u00e9lorution !"}]},{"@type":"WebSite","@id":"https:\/\/www.altercampagne.net\/#website","url":"https:\/\/www.altercampagne.net\/","name":"AlterTour","description":"Reliez les Alternatives \u00e0 v\u00e9lo","potentialAction":[{"@type":"SearchAction","target":{"@type":"EntryPoint","urlTemplate":"https:\/\/www.altercampagne.net\/?s={search_term_string}"},"query-input":{"@type":"PropertyValueSpecification","valueRequired":true,"valueName":"search_term_string"}}],"inLanguage":"fr-FR"},{"@type":"Person","@id":"https:\/\/www.altercampagne.net\/#\/schema\/person\/0f261460c09e430caa0f9bcffa319109","name":"Mathieu","image":{"@type":"ImageObject","inLanguage":"fr-FR","@id":"https:\/\/secure.gravatar.com\/avatar\/aa9d3d24c83f2141e5e2709d0f63d09a99f6be6bb7a50abc4915838d9f54501a?s=96&d=mm&r=g","url":"https:\/\/secure.gravatar.com\/avatar\/aa9d3d24c83f2141e5e2709d0f63d09a99f6be6bb7a50abc4915838d9f54501a?s=96&d=mm&r=g","contentUrl":"https:\/\/secure.gravatar.com\/avatar\/aa9d3d24c83f2141e5e2709d0f63d09a99f6be6bb7a50abc4915838d9f54501a?s=96&d=mm&r=g","caption":"Mathieu"},"url":"https:\/\/www.altercampagne.net\/?author=214"}]}},"_links":{"self":[{"href":"https:\/\/www.altercampagne.net\/index.php?rest_route=\/wp\/v2\/posts\/7446","targetHints":{"allow":["GET"]}}],"collection":[{"href":"https:\/\/www.altercampagne.net\/index.php?rest_route=\/wp\/v2\/posts"}],"about":[{"href":"https:\/\/www.altercampagne.net\/index.php?rest_route=\/wp\/v2\/types\/post"}],"author":[{"embeddable":true,"href":"https:\/\/www.altercampagne.net\/index.php?rest_route=\/wp\/v2\/users\/214"}],"replies":[{"embeddable":true,"href":"https:\/\/www.altercampagne.net\/index.php?rest_route=%2Fwp%2Fv2%2Fcomments&post=7446"}],"version-history":[{"count":0,"href":"https:\/\/www.altercampagne.net\/index.php?rest_route=\/wp\/v2\/posts\/7446\/revisions"}],"wp:attachment":[{"href":"https:\/\/www.altercampagne.net\/index.php?rest_route=%2Fwp%2Fv2%2Fmedia&parent=7446"}],"wp:term":[{"taxonomy":"category","embeddable":true,"href":"https:\/\/www.altercampagne.net\/index.php?rest_route=%2Fwp%2Fv2%2Fcategories&post=7446"},{"taxonomy":"post_tag","embeddable":true,"href":"https:\/\/www.altercampagne.net\/index.php?rest_route=%2Fwp%2Fv2%2Ftags&post=7446"}],"curies":[{"name":"wp","href":"https:\/\/api.w.org\/{rel}","templated":true}]}}