{"id":7457,"date":"2017-08-02T08:45:36","date_gmt":"2017-08-02T06:45:36","guid":{"rendered":"http:\/\/www.altercampagne.net\/?p=7457"},"modified":"2019-09-17T09:46:20","modified_gmt":"2019-09-17T07:46:20","slug":"stop-pollutions-minieres-en-cevennes","status":"publish","type":"post","link":"https:\/\/www.altercampagne.net\/?p=7457","title":{"rendered":"Stop pollutions mini\u00e8res en C\u00e9vennes"},"content":{"rendered":"<p>La diversit\u00e9 paysag\u00e8re des C\u00e9vennes est due en partie \u00e0 ses caract\u00e9ristiques g\u00e9ologiques (existence d\u2019une faille qui traverse le sud du Massif Central, de l\u2019H\u00e9rault jusqu\u2019\u00e0 l\u2019Ard\u00e8che). Cette faille a permis, d\u00e8s le N\u00e9olithique, la d\u00e9couverte et l\u2019exploitation des min\u00e9raux et du charbon. A l\u2019\u00e8re industrielle, d\u00e8s le 19\u00e8 si\u00e8cle, l\u2019exploitation artisanale s\u2019est transform\u00e9e en extractivisme industriel g\u00e9n\u00e9rant de vastes sites miniers et de grosses quantit\u00e9s de d\u00e9chets. Aujourd\u2019hui, nous subissons de graves pollutions et sommes expos\u00e9s \u00e0 des risques sanitaires majeurs issus de ces m\u00eames d\u00e9chets (plomb, arsenic, cadmium, \u2026). Les pouvoirs publics n\u2019ont pas pris la mesure du danger sanitaire que repr\u00e9sentent en France 350.000 sites industriels fortement pollu\u00e9s. Ils tardent, pour des raisons financi\u00e8res, \u00e0 mettre en \u0153uvre une vraie politique de gestion des risques sanitaires, \u00e0 savoir\u00a0la mise en application imm\u00e9diate du <strong><em>plan de gestion des risques<\/em><\/strong>. Seule cette gestion des sites pollu\u00e9s permettra de retrouver en C\u00e9vennes une qualit\u00e9 de l\u2019eau et de l\u2019air permettant un accueil touristique responsable.<\/p>\n<p>Les cyclistes de l\u2019AlterTour \u2013 <a href=\"http:\/\/altercampagne.net\">http:\/\/altercampagne.net<\/a> \u2013 et les habitants de La Mine.<\/p>\n","protected":false},"excerpt":{"rendered":"<p>La diversit\u00e9 paysag\u00e8re des C\u00e9vennes est due en partie \u00e0 ses caract\u00e9ristiques g\u00e9ologiques (existence d\u2019une faille qui traverse le sud du Massif Central, de l\u2019H\u00e9rault jusqu\u2019\u00e0 l\u2019Ard\u00e8che). Cette faille a permis, d\u00e8s le N\u00e9olithique, la d\u00e9couverte et l\u2019exploitation des min\u00e9raux et du charbon. A l\u2019\u00e8re industrielle, d\u00e8s le 19\u00e8 si\u00e8cle, &#8230; <\/p>\n<div><a href=\"https:\/\/www.altercampagne.net\/?p=7457\" class=\"more-link\">Read More<\/a><\/div>\n","protected":false},"author":214,"featured_media":15868,"comment_status":"closed","ping_status":"closed","sticky":false,"template":"","format":"standard","meta":{"footnotes":""},"categories":[3457,3486,3480],"tags":[1075,1973,1995,2783,2784,2785,3140,3141,3142],"class_list":["post-7457","post","type-post","status-publish","format-standard","has-post-thumbnail","hentry","category-edition-2017","category-environnement","category-occitanie","tag-gard","tag-languedoc-roussillon","tag-anduze","tag-altertour-2017","tag-2784","tag-occitanie","tag-la-mine","tag-thoiras","tag-la-vieille-mine"],"yoast_head":"<!-- This site is optimized with the Yoast SEO plugin v27.3 - https:\/\/yoast.com\/product\/yoast-seo-wordpress\/ -->\n<title>Stop pollutions mini\u00e8res en C\u00e9vennes - AlterTour<\/title>\n<meta name=\"robots\" content=\"index, follow, max-snippet:-1, max-image-preview:large, max-video-preview:-1\" \/>\n<link rel=\"canonical\" href=\"https:\/\/www.altercampagne.net\/?p=7457\" \/>\n<meta property=\"og:locale\" content=\"fr_FR\" \/>\n<meta property=\"og:type\" content=\"article\" \/>\n<meta property=\"og:title\" content=\"Stop pollutions mini\u00e8res en C\u00e9vennes - AlterTour\" \/>\n<meta property=\"og:description\" content=\"La diversit\u00e9 paysag\u00e8re des C\u00e9vennes est due en partie \u00e0 ses caract\u00e9ristiques g\u00e9ologiques (existence d\u2019une faille qui traverse le sud du Massif Central, de l\u2019H\u00e9rault jusqu\u2019\u00e0 l\u2019Ard\u00e8che). Cette faille a permis, d\u00e8s le N\u00e9olithique, la d\u00e9couverte et l\u2019exploitation des min\u00e9raux et du charbon. A l\u2019\u00e8re industrielle, d\u00e8s le 19\u00e8 si\u00e8cle, ... Read More\" \/>\n<meta property=\"og:url\" content=\"https:\/\/www.altercampagne.net\/?p=7457\" \/>\n<meta property=\"og:site_name\" content=\"AlterTour\" \/>\n<meta property=\"article:published_time\" content=\"2017-08-02T06:45:36+00:00\" \/>\n<meta property=\"article:modified_time\" content=\"2019-09-17T07:46:20+00:00\" \/>\n<meta property=\"og:image\" content=\"https:\/\/www.altercampagne.net\/wp-content\/uploads\/2017\/08\/2017-07-31_09.48.50_75831-e1601459697945.jpg\" \/>\n\t<meta property=\"og:image:width\" content=\"836\" \/>\n\t<meta property=\"og:image:height\" content=\"439\" \/>\n\t<meta property=\"og:image:type\" content=\"image\/jpeg\" \/>\n<meta name=\"author\" content=\"Mathieu\" \/>\n<meta name=\"twitter:card\" content=\"summary_large_image\" \/>\n<meta name=\"twitter:label1\" content=\"\u00c9crit par\" \/>\n\t<meta name=\"twitter:data1\" content=\"Mathieu\" \/>\n\t<meta name=\"twitter:label2\" content=\"Dur\u00e9e de lecture estim\u00e9e\" \/>\n\t<meta name=\"twitter:data2\" content=\"1 minute\" \/>\n<script type=\"application\/ld+json\" class=\"yoast-schema-graph\">{\"@context\":\"https:\\\/\\\/schema.org\",\"@graph\":[{\"@type\":\"Article\",\"@id\":\"https:\\\/\\\/www.altercampagne.net\\\/?p=7457#article\",\"isPartOf\":{\"@id\":\"https:\\\/\\\/www.altercampagne.net\\\/?p=7457\"},\"author\":{\"name\":\"Mathieu\",\"@id\":\"https:\\\/\\\/www.altercampagne.net\\\/#\\\/schema\\\/person\\\/0f261460c09e430caa0f9bcffa319109\"},\"headline\":\"Stop pollutions mini\u00e8res en C\u00e9vennes\",\"datePublished\":\"2017-08-02T06:45:36+00:00\",\"dateModified\":\"2019-09-17T07:46:20+00:00\",\"mainEntityOfPage\":{\"@id\":\"https:\\\/\\\/www.altercampagne.net\\\/?p=7457\"},\"wordCount\":216,\"image\":{\"@id\":\"https:\\\/\\\/www.altercampagne.net\\\/?p=7457#primaryimage\"},\"thumbnailUrl\":\"https:\\\/\\\/www.altercampagne.net\\\/wp-content\\\/uploads\\\/2017\\\/08\\\/2017-07-31_09.48.50_75831-e1601459697945.jpg\",\"keywords\":[\"Gard\",\"languedoc-roussillon\",\"Anduze\",\"AlterTour 2017\",\"2017\",\"Occitanie\",\"La mine\",\"Thoiras\",\"La vieille mine\"],\"articleSection\":[\"\u00c9dition 2017\",\"Environnement\",\"Occitanie\"],\"inLanguage\":\"fr-FR\"},{\"@type\":\"WebPage\",\"@id\":\"https:\\\/\\\/www.altercampagne.net\\\/?p=7457\",\"url\":\"https:\\\/\\\/www.altercampagne.net\\\/?p=7457\",\"name\":\"Stop pollutions mini\u00e8res en C\u00e9vennes - AlterTour\",\"isPartOf\":{\"@id\":\"https:\\\/\\\/www.altercampagne.net\\\/#website\"},\"primaryImageOfPage\":{\"@id\":\"https:\\\/\\\/www.altercampagne.net\\\/?p=7457#primaryimage\"},\"image\":{\"@id\":\"https:\\\/\\\/www.altercampagne.net\\\/?p=7457#primaryimage\"},\"thumbnailUrl\":\"https:\\\/\\\/www.altercampagne.net\\\/wp-content\\\/uploads\\\/2017\\\/08\\\/2017-07-31_09.48.50_75831-e1601459697945.jpg\",\"datePublished\":\"2017-08-02T06:45:36+00:00\",\"dateModified\":\"2019-09-17T07:46:20+00:00\",\"author\":{\"@id\":\"https:\\\/\\\/www.altercampagne.net\\\/#\\\/schema\\\/person\\\/0f261460c09e430caa0f9bcffa319109\"},\"breadcrumb\":{\"@id\":\"https:\\\/\\\/www.altercampagne.net\\\/?p=7457#breadcrumb\"},\"inLanguage\":\"fr-FR\",\"potentialAction\":[{\"@type\":\"ReadAction\",\"target\":[\"https:\\\/\\\/www.altercampagne.net\\\/?p=7457\"]}]},{\"@type\":\"ImageObject\",\"inLanguage\":\"fr-FR\",\"@id\":\"https:\\\/\\\/www.altercampagne.net\\\/?p=7457#primaryimage\",\"url\":\"https:\\\/\\\/www.altercampagne.net\\\/wp-content\\\/uploads\\\/2017\\\/08\\\/2017-07-31_09.48.50_75831-e1601459697945.jpg\",\"contentUrl\":\"https:\\\/\\\/www.altercampagne.net\\\/wp-content\\\/uploads\\\/2017\\\/08\\\/2017-07-31_09.48.50_75831-e1601459697945.jpg\",\"width\":836,\"height\":439},{\"@type\":\"BreadcrumbList\",\"@id\":\"https:\\\/\\\/www.altercampagne.net\\\/?p=7457#breadcrumb\",\"itemListElement\":[{\"@type\":\"ListItem\",\"position\":1,\"name\":\"Accueil\",\"item\":\"https:\\\/\\\/www.altercampagne.net\\\/\"},{\"@type\":\"ListItem\",\"position\":2,\"name\":\"Stop pollutions mini\u00e8res en C\u00e9vennes\"}]},{\"@type\":\"WebSite\",\"@id\":\"https:\\\/\\\/www.altercampagne.net\\\/#website\",\"url\":\"https:\\\/\\\/www.altercampagne.net\\\/\",\"name\":\"AlterTour\",\"description\":\"Reliez les Alternatives \u00e0 v\u00e9lo\",\"potentialAction\":[{\"@type\":\"SearchAction\",\"target\":{\"@type\":\"EntryPoint\",\"urlTemplate\":\"https:\\\/\\\/www.altercampagne.net\\\/?s={search_term_string}\"},\"query-input\":{\"@type\":\"PropertyValueSpecification\",\"valueRequired\":true,\"valueName\":\"search_term_string\"}}],\"inLanguage\":\"fr-FR\"},{\"@type\":\"Person\",\"@id\":\"https:\\\/\\\/www.altercampagne.net\\\/#\\\/schema\\\/person\\\/0f261460c09e430caa0f9bcffa319109\",\"name\":\"Mathieu\",\"image\":{\"@type\":\"ImageObject\",\"inLanguage\":\"fr-FR\",\"@id\":\"https:\\\/\\\/secure.gravatar.com\\\/avatar\\\/aa9d3d24c83f2141e5e2709d0f63d09a99f6be6bb7a50abc4915838d9f54501a?s=96&d=mm&r=g\",\"url\":\"https:\\\/\\\/secure.gravatar.com\\\/avatar\\\/aa9d3d24c83f2141e5e2709d0f63d09a99f6be6bb7a50abc4915838d9f54501a?s=96&d=mm&r=g\",\"contentUrl\":\"https:\\\/\\\/secure.gravatar.com\\\/avatar\\\/aa9d3d24c83f2141e5e2709d0f63d09a99f6be6bb7a50abc4915838d9f54501a?s=96&d=mm&r=g\",\"caption\":\"Mathieu\"},\"url\":\"https:\\\/\\\/www.altercampagne.net\\\/?author=214\"}]}<\/script>\n<!-- \/ Yoast SEO plugin. -->","yoast_head_json":{"title":"Stop pollutions mini\u00e8res en C\u00e9vennes - AlterTour","robots":{"index":"index","follow":"follow","max-snippet":"max-snippet:-1","max-image-preview":"max-image-preview:large","max-video-preview":"max-video-preview:-1"},"canonical":"https:\/\/www.altercampagne.net\/?p=7457","og_locale":"fr_FR","og_type":"article","og_title":"Stop pollutions mini\u00e8res en C\u00e9vennes - AlterTour","og_description":"La diversit\u00e9 paysag\u00e8re des C\u00e9vennes est due en partie \u00e0 ses caract\u00e9ristiques g\u00e9ologiques (existence d\u2019une faille qui traverse le sud du Massif Central, de l\u2019H\u00e9rault jusqu\u2019\u00e0 l\u2019Ard\u00e8che). Cette faille a permis, d\u00e8s le N\u00e9olithique, la d\u00e9couverte et l\u2019exploitation des min\u00e9raux et du charbon. A l\u2019\u00e8re industrielle, d\u00e8s le 19\u00e8 si\u00e8cle, ... Read More","og_url":"https:\/\/www.altercampagne.net\/?p=7457","og_site_name":"AlterTour","article_published_time":"2017-08-02T06:45:36+00:00","article_modified_time":"2019-09-17T07:46:20+00:00","og_image":[{"width":836,"height":439,"url":"https:\/\/www.altercampagne.net\/wp-content\/uploads\/2017\/08\/2017-07-31_09.48.50_75831-e1601459697945.jpg","type":"image\/jpeg"}],"author":"Mathieu","twitter_card":"summary_large_image","twitter_misc":{"\u00c9crit par":"Mathieu","Dur\u00e9e de lecture estim\u00e9e":"1 minute"},"schema":{"@context":"https:\/\/schema.org","@graph":[{"@type":"Article","@id":"https:\/\/www.altercampagne.net\/?p=7457#article","isPartOf":{"@id":"https:\/\/www.altercampagne.net\/?p=7457"},"author":{"name":"Mathieu","@id":"https:\/\/www.altercampagne.net\/#\/schema\/person\/0f261460c09e430caa0f9bcffa319109"},"headline":"Stop pollutions mini\u00e8res en C\u00e9vennes","datePublished":"2017-08-02T06:45:36+00:00","dateModified":"2019-09-17T07:46:20+00:00","mainEntityOfPage":{"@id":"https:\/\/www.altercampagne.net\/?p=7457"},"wordCount":216,"image":{"@id":"https:\/\/www.altercampagne.net\/?p=7457#primaryimage"},"thumbnailUrl":"https:\/\/www.altercampagne.net\/wp-content\/uploads\/2017\/08\/2017-07-31_09.48.50_75831-e1601459697945.jpg","keywords":["Gard","languedoc-roussillon","Anduze","AlterTour 2017","2017","Occitanie","La mine","Thoiras","La vieille mine"],"articleSection":["\u00c9dition 2017","Environnement","Occitanie"],"inLanguage":"fr-FR"},{"@type":"WebPage","@id":"https:\/\/www.altercampagne.net\/?p=7457","url":"https:\/\/www.altercampagne.net\/?p=7457","name":"Stop pollutions mini\u00e8res en C\u00e9vennes - AlterTour","isPartOf":{"@id":"https:\/\/www.altercampagne.net\/#website"},"primaryImageOfPage":{"@id":"https:\/\/www.altercampagne.net\/?p=7457#primaryimage"},"image":{"@id":"https:\/\/www.altercampagne.net\/?p=7457#primaryimage"},"thumbnailUrl":"https:\/\/www.altercampagne.net\/wp-content\/uploads\/2017\/08\/2017-07-31_09.48.50_75831-e1601459697945.jpg","datePublished":"2017-08-02T06:45:36+00:00","dateModified":"2019-09-17T07:46:20+00:00","author":{"@id":"https:\/\/www.altercampagne.net\/#\/schema\/person\/0f261460c09e430caa0f9bcffa319109"},"breadcrumb":{"@id":"https:\/\/www.altercampagne.net\/?p=7457#breadcrumb"},"inLanguage":"fr-FR","potentialAction":[{"@type":"ReadAction","target":["https:\/\/www.altercampagne.net\/?p=7457"]}]},{"@type":"ImageObject","inLanguage":"fr-FR","@id":"https:\/\/www.altercampagne.net\/?p=7457#primaryimage","url":"https:\/\/www.altercampagne.net\/wp-content\/uploads\/2017\/08\/2017-07-31_09.48.50_75831-e1601459697945.jpg","contentUrl":"https:\/\/www.altercampagne.net\/wp-content\/uploads\/2017\/08\/2017-07-31_09.48.50_75831-e1601459697945.jpg","width":836,"height":439},{"@type":"BreadcrumbList","@id":"https:\/\/www.altercampagne.net\/?p=7457#breadcrumb","itemListElement":[{"@type":"ListItem","position":1,"name":"Accueil","item":"https:\/\/www.altercampagne.net\/"},{"@type":"ListItem","position":2,"name":"Stop pollutions mini\u00e8res en C\u00e9vennes"}]},{"@type":"WebSite","@id":"https:\/\/www.altercampagne.net\/#website","url":"https:\/\/www.altercampagne.net\/","name":"AlterTour","description":"Reliez les Alternatives \u00e0 v\u00e9lo","potentialAction":[{"@type":"SearchAction","target":{"@type":"EntryPoint","urlTemplate":"https:\/\/www.altercampagne.net\/?s={search_term_string}"},"query-input":{"@type":"PropertyValueSpecification","valueRequired":true,"valueName":"search_term_string"}}],"inLanguage":"fr-FR"},{"@type":"Person","@id":"https:\/\/www.altercampagne.net\/#\/schema\/person\/0f261460c09e430caa0f9bcffa319109","name":"Mathieu","image":{"@type":"ImageObject","inLanguage":"fr-FR","@id":"https:\/\/secure.gravatar.com\/avatar\/aa9d3d24c83f2141e5e2709d0f63d09a99f6be6bb7a50abc4915838d9f54501a?s=96&d=mm&r=g","url":"https:\/\/secure.gravatar.com\/avatar\/aa9d3d24c83f2141e5e2709d0f63d09a99f6be6bb7a50abc4915838d9f54501a?s=96&d=mm&r=g","contentUrl":"https:\/\/secure.gravatar.com\/avatar\/aa9d3d24c83f2141e5e2709d0f63d09a99f6be6bb7a50abc4915838d9f54501a?s=96&d=mm&r=g","caption":"Mathieu"},"url":"https:\/\/www.altercampagne.net\/?author=214"}]}},"_links":{"self":[{"href":"https:\/\/www.altercampagne.net\/index.php?rest_route=\/wp\/v2\/posts\/7457","targetHints":{"allow":["GET"]}}],"collection":[{"href":"https:\/\/www.altercampagne.net\/index.php?rest_route=\/wp\/v2\/posts"}],"about":[{"href":"https:\/\/www.altercampagne.net\/index.php?rest_route=\/wp\/v2\/types\/post"}],"author":[{"embeddable":true,"href":"https:\/\/www.altercampagne.net\/index.php?rest_route=\/wp\/v2\/users\/214"}],"replies":[{"embeddable":true,"href":"https:\/\/www.altercampagne.net\/index.php?rest_route=%2Fwp%2Fv2%2Fcomments&post=7457"}],"version-history":[{"count":0,"href":"https:\/\/www.altercampagne.net\/index.php?rest_route=\/wp\/v2\/posts\/7457\/revisions"}],"wp:featuredmedia":[{"embeddable":true,"href":"https:\/\/www.altercampagne.net\/index.php?rest_route=\/wp\/v2\/media\/15868"}],"wp:attachment":[{"href":"https:\/\/www.altercampagne.net\/index.php?rest_route=%2Fwp%2Fv2%2Fmedia&parent=7457"}],"wp:term":[{"taxonomy":"category","embeddable":true,"href":"https:\/\/www.altercampagne.net\/index.php?rest_route=%2Fwp%2Fv2%2Fcategories&post=7457"},{"taxonomy":"post_tag","embeddable":true,"href":"https:\/\/www.altercampagne.net\/index.php?rest_route=%2Fwp%2Fv2%2Ftags&post=7457"}],"curies":[{"name":"wp","href":"https:\/\/api.w.org\/{rel}","templated":true}]}}