{"id":7459,"date":"2017-08-02T19:54:54","date_gmt":"2017-08-02T17:54:54","guid":{"rendered":"http:\/\/www.altercampagne.net\/?p=7459"},"modified":"2019-05-23T10:34:28","modified_gmt":"2019-05-23T08:34:28","slug":"l-altertour-de-france-de-passage-a-vauvert","status":"publish","type":"post","link":"https:\/\/www.altercampagne.net\/?p=7459","title":{"rendered":"L\u2019 AlterTour\u2026 de France de passage \u00e0 Vauvert"},"content":{"rendered":"<p>Parti de Toulouse, l\u2019AlterTour sillonne le pays avec ses 320 participants qui se relaient en constituant des groupes d\u2019une soixantaine de cyclistes.<\/p>\n<p>De passage \u00e0 Vauvert les 27 et 28 juillet dernier, les soixante-huit participants de l\u2019\u00e9tape Montpellier-Vauvert ont pos\u00e9 le pied, pour une journ\u00e9e de repos actif, sur l\u2019\u00e9co-lieu g\u00e9r\u00e9 par Alter\u2019\u00e9co 30.<\/p>\n<p>En effet, cette manifestation profite de chaque \u00e9tape pour aller \u00e0 la rencontre des acteurs de la transition \u00e9cologique&nbsp;; collectifs d\u2019habitants, \u00e9co-lieux, ateliers d\u2019auto-r\u00e9paration de v\u00e9los\u2026 Les initiatives relay\u00e9es par la manifestation sont nombreuses.<\/p>\n<h2>AlterTour, pourquoi&nbsp;et comment ?<\/h2>\n<p>Randonn\u00e9e cycliste, relais solidaire militant \u00e0 v\u00e9lo autog\u00e9r\u00e9 et autonome, cette manifestation, dont c\u2019est le dixi\u00e8me anniversaire en 2017, est organis\u00e9e par l\u2019association AlterCampagne qui se bat contre le concept de dopage g\u00e9n\u00e9ralis\u00e9.<br \/>\n\u00ab&nbsp;Le dopage dans le sport, tout le monde conna\u00eet. Mais peut-il \u00eatre appliqu\u00e9 \u00e0 d\u2019autres domaines de la soci\u00e9t\u00e9 ? Oui ! \u00c0 presque tous m\u00eame&nbsp;!\u00bb Clame l\u2019association AlterCampagne.<\/p>\n<p>Ainsi, pour l\u2019organisation AlterCampagne, les subprimes sont du dopage financier qui a artificiellement maintenu une \u00e9conomie d\u00e9j\u00e0 moribonde. Les pesticides et autres engrais de synth\u00e8se ? Du dopage agricole provoquant un effondrement de la biodiversit\u00e9, polluant rivi\u00e8res, campagnes, alimentation\u2026 Il en va de m\u00eame pour le p\u00e9trole, dopant du transport, du nucl\u00e9aire et de la publicit\u00e9, dopage commercial pour faire croire que le bonheur est dans \u00ab l\u2019Avoir \u00bb plut\u00f4t que \u00ab l\u2019\u00catre \u00bb.<\/p>\n<p>Alors plut\u00f4t que de d\u00e9primer, Altercampagne a imagin\u00e9 une manifestation reliant des alternatives \u00e0 ce dopage soci\u00e9tal g\u00e9n\u00e9ralis\u00e9, par un tour \u00e0 v\u00e9lo, histoire de mettre ces actions sous les feux de la rampe, de montrer qu\u2019autre chose est possible et de s\u2019extraire au maximum du \u00ab Tout p\u00e9trole \u00bb : et c\u2019est ainsi qu\u2019en 2008, l\u2019AlterTour est n\u00e9.<\/p>\n<h2>L\u2019\u00e9mission radio avec Radio Syst\u00e8me<\/h2>\n<p><iframe loading=\"lazy\" src=\"https:\/\/w.soundcloud.com\/player\/?url=https%3A\/\/api.soundcloud.com\/tracks\/335236134&amp;auto_play=false&amp;hide_related=false&amp;show_comments=true&amp;show_user=true&amp;show_reposts=false&amp;visual=true\" scrolling=\"no\" width=\"100%\" height=\"450\" frameborder=\"no\"><\/iframe><\/p>\n<h2>Une \u00e9tape \u00e0 Vauvert sur l\u2019\u00e9co-lieu EchoVert<\/h2>\n<p>EchoVert est un lieu de vie alternatif g\u00e9r\u00e9 par l\u2019association Alter\u2019Eco 30. C\u2019est un lieu d\u2019exp\u00e9rimentation dans tous les pans de la vie. Il s\u2019inscrit dans un mod\u00e8le de transition coh\u00e9rent et int\u00e9gr\u00e9 avec l\u2019\u00e9nergie, certes, mais aussi l\u2019agriculture, l\u2019\u00e9co-construction, l\u2019eau, l\u2019alimentation, l\u2019\u00e9ducation, le bien-\u00eatre et le relationnel.<\/p>\n<p>Arriv\u00e9s tard le jeudi, le groupe de cyclistes a pu b\u00e9n\u00e9ficier d\u2019une journ\u00e9e riche en exp\u00e9rience le vendredi avec beaucoup d\u2019animations.<br \/>\nIls ont pu ainsi participer \u00e0 des Questions-d\u00e9bat apr\u00e8s une visite de l\u2019\u00e9co-lieu, contribuer \u00e0 la r\u00e9fection du s\u00e9choir solaire collectif, enduire de terre et paille un mur climatiseur, r\u00e9aliser une \u00ab&nbsp;pile&nbsp;\u00bb de compost et animer une \u00e9mission radio avec Radio Syst\u00e8me. Le tout dans une ambiance tr\u00e8s conviviale et familiale qui s\u2019est termin\u00e9 le soir avec un ap\u00e9ritif et un repas musical.<\/p>\n<p><strong>Toutes les infos sur le site&nbsp;:<\/strong> <a href=\"http:\/\/www.altertour.net\">L\u2019Alter\u2019tour<\/a><\/p>\n<p style=\"text-align: right;\"><a href=\"http:\/\/vauvert-plus.com\/2017\/08\/02\/altertour-de-france-de-passage-a-vauvert\/\" target=\"_blank\" rel=\"noopener noreferrer\"><strong>Vauvert plus petite Camargue<\/strong><\/a><\/p>\n","protected":false},"excerpt":{"rendered":"<p>Parti de Toulouse, l\u2019AlterTour sillonne le pays avec ses 320 participants qui se relaient en constituant des groupes d\u2019une soixantaine de cyclistes. De passage \u00e0 Vauvert les 27 et 28 juillet dernier, les soixante-huit participants de l\u2019\u00e9tape Montpellier-Vauvert ont pos\u00e9 le pied, pour une journ\u00e9e de repos actif, sur l\u2019\u00e9co-lieu &#8230; <\/p>\n<div><a href=\"https:\/\/www.altercampagne.net\/?p=7459\" class=\"more-link\">Read More<\/a><\/div>\n","protected":false},"author":214,"featured_media":0,"comment_status":"closed","ping_status":"closed","sticky":false,"template":"","format":"standard","meta":{"footnotes":""},"categories":[239],"tags":[1075,1973,2783,2784,2785,2803,3031,3133,3134,3143],"class_list":["post-7459","post","type-post","status-publish","format-standard","hentry","category-revue-de-presse","tag-gard","tag-languedoc-roussillon","tag-altertour-2017","tag-2784","tag-occitanie","tag-altereco-30","tag-vauvert","tag-radio-systeme","tag-echovert","tag-vauvert-plus-petite-camargue","no-post-thumbnail"],"yoast_head":"<!-- This site is optimized with the Yoast SEO plugin v27.3 - https:\/\/yoast.com\/product\/yoast-seo-wordpress\/ -->\n<title>L\u2019 AlterTour\u2026 de France de passage \u00e0 Vauvert - AlterTour<\/title>\n<meta name=\"robots\" content=\"index, follow, max-snippet:-1, max-image-preview:large, max-video-preview:-1\" \/>\n<link rel=\"canonical\" href=\"https:\/\/www.altercampagne.net\/?p=7459\" \/>\n<meta property=\"og:locale\" content=\"fr_FR\" \/>\n<meta property=\"og:type\" content=\"article\" \/>\n<meta property=\"og:title\" content=\"L\u2019 AlterTour\u2026 de France de passage \u00e0 Vauvert - AlterTour\" \/>\n<meta property=\"og:description\" content=\"Parti de Toulouse, l\u2019AlterTour sillonne le pays avec ses 320 participants qui se relaient en constituant des groupes d\u2019une soixantaine de cyclistes. De passage \u00e0 Vauvert les 27 et 28 juillet dernier, les soixante-huit participants de l\u2019\u00e9tape Montpellier-Vauvert ont pos\u00e9 le pied, pour une journ\u00e9e de repos actif, sur l\u2019\u00e9co-lieu ... Read More\" \/>\n<meta property=\"og:url\" content=\"https:\/\/www.altercampagne.net\/?p=7459\" \/>\n<meta property=\"og:site_name\" content=\"AlterTour\" \/>\n<meta property=\"article:published_time\" content=\"2017-08-02T17:54:54+00:00\" \/>\n<meta property=\"article:modified_time\" content=\"2019-05-23T08:34:28+00:00\" \/>\n<meta name=\"author\" content=\"Mathieu\" \/>\n<meta name=\"twitter:card\" content=\"summary_large_image\" \/>\n<meta name=\"twitter:label1\" content=\"\u00c9crit par\" \/>\n\t<meta name=\"twitter:data1\" content=\"Mathieu\" \/>\n\t<meta name=\"twitter:label2\" content=\"Dur\u00e9e de lecture estim\u00e9e\" \/>\n\t<meta name=\"twitter:data2\" content=\"3 minutes\" \/>\n<script type=\"application\/ld+json\" class=\"yoast-schema-graph\">{\"@context\":\"https:\\\/\\\/schema.org\",\"@graph\":[{\"@type\":\"Article\",\"@id\":\"https:\\\/\\\/www.altercampagne.net\\\/?p=7459#article\",\"isPartOf\":{\"@id\":\"https:\\\/\\\/www.altercampagne.net\\\/?p=7459\"},\"author\":{\"name\":\"Mathieu\",\"@id\":\"https:\\\/\\\/www.altercampagne.net\\\/#\\\/schema\\\/person\\\/0f261460c09e430caa0f9bcffa319109\"},\"headline\":\"L\u2019 AlterTour\u2026 de France de passage \u00e0 Vauvert\",\"datePublished\":\"2017-08-02T17:54:54+00:00\",\"dateModified\":\"2019-05-23T08:34:28+00:00\",\"mainEntityOfPage\":{\"@id\":\"https:\\\/\\\/www.altercampagne.net\\\/?p=7459\"},\"wordCount\":516,\"keywords\":[\"Gard\",\"languedoc-roussillon\",\"AlterTour 2017\",\"2017\",\"Occitanie\",\"Alter'Eco 30\",\"Vauvert\",\"Radio Systeme\",\"Echovert\",\"Vauvert plus petite Camargue\"],\"articleSection\":[\"Revue de presse\"],\"inLanguage\":\"fr-FR\"},{\"@type\":\"WebPage\",\"@id\":\"https:\\\/\\\/www.altercampagne.net\\\/?p=7459\",\"url\":\"https:\\\/\\\/www.altercampagne.net\\\/?p=7459\",\"name\":\"L\u2019 AlterTour\u2026 de France de passage \u00e0 Vauvert - AlterTour\",\"isPartOf\":{\"@id\":\"https:\\\/\\\/www.altercampagne.net\\\/#website\"},\"datePublished\":\"2017-08-02T17:54:54+00:00\",\"dateModified\":\"2019-05-23T08:34:28+00:00\",\"author\":{\"@id\":\"https:\\\/\\\/www.altercampagne.net\\\/#\\\/schema\\\/person\\\/0f261460c09e430caa0f9bcffa319109\"},\"breadcrumb\":{\"@id\":\"https:\\\/\\\/www.altercampagne.net\\\/?p=7459#breadcrumb\"},\"inLanguage\":\"fr-FR\",\"potentialAction\":[{\"@type\":\"ReadAction\",\"target\":[\"https:\\\/\\\/www.altercampagne.net\\\/?p=7459\"]}]},{\"@type\":\"BreadcrumbList\",\"@id\":\"https:\\\/\\\/www.altercampagne.net\\\/?p=7459#breadcrumb\",\"itemListElement\":[{\"@type\":\"ListItem\",\"position\":1,\"name\":\"Accueil\",\"item\":\"https:\\\/\\\/www.altercampagne.net\\\/\"},{\"@type\":\"ListItem\",\"position\":2,\"name\":\"L\u2019 AlterTour\u2026 de France de passage \u00e0 Vauvert\"}]},{\"@type\":\"WebSite\",\"@id\":\"https:\\\/\\\/www.altercampagne.net\\\/#website\",\"url\":\"https:\\\/\\\/www.altercampagne.net\\\/\",\"name\":\"AlterTour\",\"description\":\"Reliez les Alternatives \u00e0 v\u00e9lo\",\"potentialAction\":[{\"@type\":\"SearchAction\",\"target\":{\"@type\":\"EntryPoint\",\"urlTemplate\":\"https:\\\/\\\/www.altercampagne.net\\\/?s={search_term_string}\"},\"query-input\":{\"@type\":\"PropertyValueSpecification\",\"valueRequired\":true,\"valueName\":\"search_term_string\"}}],\"inLanguage\":\"fr-FR\"},{\"@type\":\"Person\",\"@id\":\"https:\\\/\\\/www.altercampagne.net\\\/#\\\/schema\\\/person\\\/0f261460c09e430caa0f9bcffa319109\",\"name\":\"Mathieu\",\"image\":{\"@type\":\"ImageObject\",\"inLanguage\":\"fr-FR\",\"@id\":\"https:\\\/\\\/secure.gravatar.com\\\/avatar\\\/aa9d3d24c83f2141e5e2709d0f63d09a99f6be6bb7a50abc4915838d9f54501a?s=96&d=mm&r=g\",\"url\":\"https:\\\/\\\/secure.gravatar.com\\\/avatar\\\/aa9d3d24c83f2141e5e2709d0f63d09a99f6be6bb7a50abc4915838d9f54501a?s=96&d=mm&r=g\",\"contentUrl\":\"https:\\\/\\\/secure.gravatar.com\\\/avatar\\\/aa9d3d24c83f2141e5e2709d0f63d09a99f6be6bb7a50abc4915838d9f54501a?s=96&d=mm&r=g\",\"caption\":\"Mathieu\"},\"url\":\"https:\\\/\\\/www.altercampagne.net\\\/?author=214\"}]}<\/script>\n<!-- \/ Yoast SEO plugin. -->","yoast_head_json":{"title":"L\u2019 AlterTour\u2026 de France de passage \u00e0 Vauvert - AlterTour","robots":{"index":"index","follow":"follow","max-snippet":"max-snippet:-1","max-image-preview":"max-image-preview:large","max-video-preview":"max-video-preview:-1"},"canonical":"https:\/\/www.altercampagne.net\/?p=7459","og_locale":"fr_FR","og_type":"article","og_title":"L\u2019 AlterTour\u2026 de France de passage \u00e0 Vauvert - AlterTour","og_description":"Parti de Toulouse, l\u2019AlterTour sillonne le pays avec ses 320 participants qui se relaient en constituant des groupes d\u2019une soixantaine de cyclistes. De passage \u00e0 Vauvert les 27 et 28 juillet dernier, les soixante-huit participants de l\u2019\u00e9tape Montpellier-Vauvert ont pos\u00e9 le pied, pour une journ\u00e9e de repos actif, sur l\u2019\u00e9co-lieu ... Read More","og_url":"https:\/\/www.altercampagne.net\/?p=7459","og_site_name":"AlterTour","article_published_time":"2017-08-02T17:54:54+00:00","article_modified_time":"2019-05-23T08:34:28+00:00","author":"Mathieu","twitter_card":"summary_large_image","twitter_misc":{"\u00c9crit par":"Mathieu","Dur\u00e9e de lecture estim\u00e9e":"3 minutes"},"schema":{"@context":"https:\/\/schema.org","@graph":[{"@type":"Article","@id":"https:\/\/www.altercampagne.net\/?p=7459#article","isPartOf":{"@id":"https:\/\/www.altercampagne.net\/?p=7459"},"author":{"name":"Mathieu","@id":"https:\/\/www.altercampagne.net\/#\/schema\/person\/0f261460c09e430caa0f9bcffa319109"},"headline":"L\u2019 AlterTour\u2026 de France de passage \u00e0 Vauvert","datePublished":"2017-08-02T17:54:54+00:00","dateModified":"2019-05-23T08:34:28+00:00","mainEntityOfPage":{"@id":"https:\/\/www.altercampagne.net\/?p=7459"},"wordCount":516,"keywords":["Gard","languedoc-roussillon","AlterTour 2017","2017","Occitanie","Alter'Eco 30","Vauvert","Radio Systeme","Echovert","Vauvert plus petite Camargue"],"articleSection":["Revue de presse"],"inLanguage":"fr-FR"},{"@type":"WebPage","@id":"https:\/\/www.altercampagne.net\/?p=7459","url":"https:\/\/www.altercampagne.net\/?p=7459","name":"L\u2019 AlterTour\u2026 de France de passage \u00e0 Vauvert - AlterTour","isPartOf":{"@id":"https:\/\/www.altercampagne.net\/#website"},"datePublished":"2017-08-02T17:54:54+00:00","dateModified":"2019-05-23T08:34:28+00:00","author":{"@id":"https:\/\/www.altercampagne.net\/#\/schema\/person\/0f261460c09e430caa0f9bcffa319109"},"breadcrumb":{"@id":"https:\/\/www.altercampagne.net\/?p=7459#breadcrumb"},"inLanguage":"fr-FR","potentialAction":[{"@type":"ReadAction","target":["https:\/\/www.altercampagne.net\/?p=7459"]}]},{"@type":"BreadcrumbList","@id":"https:\/\/www.altercampagne.net\/?p=7459#breadcrumb","itemListElement":[{"@type":"ListItem","position":1,"name":"Accueil","item":"https:\/\/www.altercampagne.net\/"},{"@type":"ListItem","position":2,"name":"L\u2019 AlterTour\u2026 de France de passage \u00e0 Vauvert"}]},{"@type":"WebSite","@id":"https:\/\/www.altercampagne.net\/#website","url":"https:\/\/www.altercampagne.net\/","name":"AlterTour","description":"Reliez les Alternatives \u00e0 v\u00e9lo","potentialAction":[{"@type":"SearchAction","target":{"@type":"EntryPoint","urlTemplate":"https:\/\/www.altercampagne.net\/?s={search_term_string}"},"query-input":{"@type":"PropertyValueSpecification","valueRequired":true,"valueName":"search_term_string"}}],"inLanguage":"fr-FR"},{"@type":"Person","@id":"https:\/\/www.altercampagne.net\/#\/schema\/person\/0f261460c09e430caa0f9bcffa319109","name":"Mathieu","image":{"@type":"ImageObject","inLanguage":"fr-FR","@id":"https:\/\/secure.gravatar.com\/avatar\/aa9d3d24c83f2141e5e2709d0f63d09a99f6be6bb7a50abc4915838d9f54501a?s=96&d=mm&r=g","url":"https:\/\/secure.gravatar.com\/avatar\/aa9d3d24c83f2141e5e2709d0f63d09a99f6be6bb7a50abc4915838d9f54501a?s=96&d=mm&r=g","contentUrl":"https:\/\/secure.gravatar.com\/avatar\/aa9d3d24c83f2141e5e2709d0f63d09a99f6be6bb7a50abc4915838d9f54501a?s=96&d=mm&r=g","caption":"Mathieu"},"url":"https:\/\/www.altercampagne.net\/?author=214"}]}},"_links":{"self":[{"href":"https:\/\/www.altercampagne.net\/index.php?rest_route=\/wp\/v2\/posts\/7459","targetHints":{"allow":["GET"]}}],"collection":[{"href":"https:\/\/www.altercampagne.net\/index.php?rest_route=\/wp\/v2\/posts"}],"about":[{"href":"https:\/\/www.altercampagne.net\/index.php?rest_route=\/wp\/v2\/types\/post"}],"author":[{"embeddable":true,"href":"https:\/\/www.altercampagne.net\/index.php?rest_route=\/wp\/v2\/users\/214"}],"replies":[{"embeddable":true,"href":"https:\/\/www.altercampagne.net\/index.php?rest_route=%2Fwp%2Fv2%2Fcomments&post=7459"}],"version-history":[{"count":0,"href":"https:\/\/www.altercampagne.net\/index.php?rest_route=\/wp\/v2\/posts\/7459\/revisions"}],"wp:attachment":[{"href":"https:\/\/www.altercampagne.net\/index.php?rest_route=%2Fwp%2Fv2%2Fmedia&parent=7459"}],"wp:term":[{"taxonomy":"category","embeddable":true,"href":"https:\/\/www.altercampagne.net\/index.php?rest_route=%2Fwp%2Fv2%2Fcategories&post=7459"},{"taxonomy":"post_tag","embeddable":true,"href":"https:\/\/www.altercampagne.net\/index.php?rest_route=%2Fwp%2Fv2%2Ftags&post=7459"}],"curies":[{"name":"wp","href":"https:\/\/api.w.org\/{rel}","templated":true}]}}