{"id":7466,"date":"2017-07-25T20:27:21","date_gmt":"2017-07-25T18:27:21","guid":{"rendered":"http:\/\/www.altercampagne.net\/?p=7466"},"modified":"2020-02-24T11:01:32","modified_gmt":"2020-02-24T10:01:32","slug":"etape-du-25-juillet-villerveyrac-montpellier-la-ferme-urbaine-collective-de-la-condamine","status":"publish","type":"post","link":"https:\/\/www.altercampagne.net\/?p=7466","title":{"rendered":"La Ferme Urbaine Collective de la Condamine"},"content":{"rendered":"<p><a href=\"http:\/\/www.altercampagne.net\/wp-content\/uploads\/2017\/07\/2017-07-27_12.53.43_7193.jpg\"><img loading=\"lazy\" decoding=\"async\" class=\" size-full wp-image-7771 alignright\" src=\"http:\/\/www.altercampagne.net\/wp-content\/uploads\/2017\/07\/2017-07-27_12.53.43_7193.jpg\" alt=\"2017-07-27_12.53.43_7193\" width=\"718\" height=\"478\" srcset=\"https:\/\/www.altercampagne.net\/wp-content\/uploads\/2017\/07\/2017-07-27_12.53.43_7193.jpg 718w, https:\/\/www.altercampagne.net\/wp-content\/uploads\/2017\/07\/2017-07-27_12.53.43_7193-300x200.jpg 300w\" sizes=\"auto, (max-width: 718px) 100vw, 718px\" \/><\/a>\u00c9tonnant, Philippe de Montpellier arrive avec son engin \u00e9lectrique futuriste et bricol\u00e9 \u00e0 la fois. C&rsquo;est un\u00a0 prototype tout blanc qui fonctionne avec des panneaux solaires et qu&rsquo;il am\u00e9liore sans cesse depuis quelques ann\u00e9es . Il va pendant plusieurs jours caracoller en t\u00eate de notre peloton d&rsquo;Altercyclistes, lui donnant une touche d&rsquo;originalit\u00e9 incontestable, parmi les tee shirts multicolores des 10 ans.<\/p>\n<p>La route serpente en direction de Montpellier mais pour y arriver ce n&rsquo;est pas si facile : nous passons bient\u00f4t entre \u00e9tang et mer, une vue sur les parcs \u00e0 hu\u00eetres de Bouzigues et apr\u00e8s quelques d\u00e9tours , nous prenons une longue Piste cyclable qui contourne Montpellier et nous m\u00e8ne \u00e0 la <a href=\"https:\/\/www.facebook.com\/La-Ferme-Urbaine-Collective-de-la-Condamine-911956972273397\/\" target=\"_blank\" rel=\"noopener noreferrer\"><strong>Ferme Urbaine Collective de la Condamine<\/strong><\/a> : c&rsquo;est un collectif de sept personnes qui a r\u00e9ussi \u00e0 convaincre la m\u00e9tropole de lui confier ce terrain pour y installer leurs activit\u00e9s. Ils ont \u00e9t\u00e9 choisis dans le cadre d&rsquo;un appel \u00e0 projet et c&rsquo;est vraiment impressionnant de voir qu&rsquo;ils sont install\u00e9s simplement depuis le mois de mai et d\u00e9j\u00e0 on voit des courgettes, des aubergines, des tomates, du basilic bref tout un jardin qui s&rsquo;organise.<\/p>\n<p>Devant le b\u00e2timent, un espace ouvert pour les activit\u00e9s culturelles et festives. La nuit tombe, soir\u00e9e festival ! avec la pr\u00e9sentation de la conf\u00e9rence gesticul\u00e9e pr\u00e9par\u00e9e depuis de longs mois et qui change d\u2019interpr\u00e8tes \u00e0 chaque pr\u00e9sentation. succ\u00e8s, rires appuy\u00e9s ! Puis c&rsquo;est Jean-Robin \u00e0 la guitare et ensuite, le film r\u00e9alis\u00e9 par les Zycophages. Il met en lumi\u00e8re et en images les \u00e9tapes et les difficult\u00e9s de l&rsquo;acc\u00e8s \u00e0 la terre surtout quand le foncier est proche d&rsquo;une agglom\u00e9ration&#8230; et pourtant on a besoin de circuits courts ! Nous voici au c\u0153ur de notre th\u00e8me : les chemins de la transition.<\/p>\n<p style=\"text-align: right;\"><strong>Danielle<\/strong><\/p>\n","protected":false},"excerpt":{"rendered":"<p>\u00c9tonnant, Philippe de Montpellier arrive avec son engin \u00e9lectrique futuriste et bricol\u00e9 \u00e0 la fois. C&rsquo;est un\u00a0 prototype tout blanc qui fonctionne avec des panneaux solaires et qu&rsquo;il am\u00e9liore sans cesse depuis quelques ann\u00e9es . Il va pendant plusieurs jours caracoller en t\u00eate de notre peloton d&rsquo;Altercyclistes, lui donnant une &#8230; <\/p>\n<div><a href=\"https:\/\/www.altercampagne.net\/?p=7466\" class=\"more-link\">Read More<\/a><\/div>\n","protected":false},"author":214,"featured_media":0,"comment_status":"closed","ping_status":"closed","sticky":false,"template":"","format":"standard","meta":{"footnotes":""},"categories":[3483,3490,3457,3480],"tags":[1341,1972,1973,2783,2784,3144,3145],"class_list":["post-7466","post","type-post","status-publish","format-standard","hentry","category-agriculture","category-culture","category-edition-2017","category-occitanie","tag-montpellier","tag-herault","tag-languedoc-roussillon","tag-altertour-2017","tag-2784","tag-occitanier","tag-zycophages","no-post-thumbnail"],"yoast_head":"<!-- This site is optimized with the Yoast SEO plugin v27.3 - https:\/\/yoast.com\/product\/yoast-seo-wordpress\/ -->\n<title>La Ferme Urbaine Collective de la Condamine - AlterTour<\/title>\n<meta name=\"robots\" content=\"index, follow, max-snippet:-1, max-image-preview:large, max-video-preview:-1\" \/>\n<link rel=\"canonical\" href=\"https:\/\/www.altercampagne.net\/?p=7466\" \/>\n<meta property=\"og:locale\" content=\"fr_FR\" \/>\n<meta property=\"og:type\" content=\"article\" \/>\n<meta property=\"og:title\" content=\"La Ferme Urbaine Collective de la Condamine - AlterTour\" \/>\n<meta property=\"og:description\" content=\"\u00c9tonnant, Philippe de Montpellier arrive avec son engin \u00e9lectrique futuriste et bricol\u00e9 \u00e0 la fois. C&rsquo;est un\u00a0 prototype tout blanc qui fonctionne avec des panneaux solaires et qu&rsquo;il am\u00e9liore sans cesse depuis quelques ann\u00e9es . Il va pendant plusieurs jours caracoller en t\u00eate de notre peloton d&rsquo;Altercyclistes, lui donnant une ... Read More\" \/>\n<meta property=\"og:url\" content=\"https:\/\/www.altercampagne.net\/?p=7466\" \/>\n<meta property=\"og:site_name\" content=\"AlterTour\" \/>\n<meta property=\"article:published_time\" content=\"2017-07-25T18:27:21+00:00\" \/>\n<meta property=\"article:modified_time\" content=\"2020-02-24T10:01:32+00:00\" \/>\n<meta property=\"og:image\" content=\"http:\/\/www.altercampagne.net\/wp-content\/uploads\/2017\/07\/2017-07-27_12.53.43_7193.jpg\" \/>\n<meta name=\"author\" content=\"Mathieu\" \/>\n<meta name=\"twitter:card\" content=\"summary_large_image\" \/>\n<meta name=\"twitter:label1\" content=\"\u00c9crit par\" \/>\n\t<meta name=\"twitter:data1\" content=\"Mathieu\" \/>\n\t<meta name=\"twitter:label2\" content=\"Dur\u00e9e de lecture estim\u00e9e\" \/>\n\t<meta name=\"twitter:data2\" content=\"2 minutes\" \/>\n<script type=\"application\/ld+json\" class=\"yoast-schema-graph\">{\"@context\":\"https:\\\/\\\/schema.org\",\"@graph\":[{\"@type\":\"Article\",\"@id\":\"https:\\\/\\\/www.altercampagne.net\\\/?p=7466#article\",\"isPartOf\":{\"@id\":\"https:\\\/\\\/www.altercampagne.net\\\/?p=7466\"},\"author\":{\"name\":\"Mathieu\",\"@id\":\"https:\\\/\\\/www.altercampagne.net\\\/#\\\/schema\\\/person\\\/0f261460c09e430caa0f9bcffa319109\"},\"headline\":\"La Ferme Urbaine Collective de la Condamine\",\"datePublished\":\"2017-07-25T18:27:21+00:00\",\"dateModified\":\"2020-02-24T10:01:32+00:00\",\"mainEntityOfPage\":{\"@id\":\"https:\\\/\\\/www.altercampagne.net\\\/?p=7466\"},\"wordCount\":326,\"image\":{\"@id\":\"https:\\\/\\\/www.altercampagne.net\\\/?p=7466#primaryimage\"},\"thumbnailUrl\":\"http:\\\/\\\/www.altercampagne.net\\\/wp-content\\\/uploads\\\/2017\\\/07\\\/2017-07-27_12.53.43_7193.jpg\",\"keywords\":[\"Montpellier\",\"h\u00e9rault\",\"languedoc-roussillon\",\"AlterTour 2017\",\"2017\",\"Occitanier\",\"Zycophages\"],\"articleSection\":[\"Agriculture\",\"Culture\",\"\u00c9dition 2017\",\"Occitanie\"],\"inLanguage\":\"fr-FR\"},{\"@type\":\"WebPage\",\"@id\":\"https:\\\/\\\/www.altercampagne.net\\\/?p=7466\",\"url\":\"https:\\\/\\\/www.altercampagne.net\\\/?p=7466\",\"name\":\"La Ferme Urbaine Collective de la Condamine - AlterTour\",\"isPartOf\":{\"@id\":\"https:\\\/\\\/www.altercampagne.net\\\/#website\"},\"primaryImageOfPage\":{\"@id\":\"https:\\\/\\\/www.altercampagne.net\\\/?p=7466#primaryimage\"},\"image\":{\"@id\":\"https:\\\/\\\/www.altercampagne.net\\\/?p=7466#primaryimage\"},\"thumbnailUrl\":\"http:\\\/\\\/www.altercampagne.net\\\/wp-content\\\/uploads\\\/2017\\\/07\\\/2017-07-27_12.53.43_7193.jpg\",\"datePublished\":\"2017-07-25T18:27:21+00:00\",\"dateModified\":\"2020-02-24T10:01:32+00:00\",\"author\":{\"@id\":\"https:\\\/\\\/www.altercampagne.net\\\/#\\\/schema\\\/person\\\/0f261460c09e430caa0f9bcffa319109\"},\"breadcrumb\":{\"@id\":\"https:\\\/\\\/www.altercampagne.net\\\/?p=7466#breadcrumb\"},\"inLanguage\":\"fr-FR\",\"potentialAction\":[{\"@type\":\"ReadAction\",\"target\":[\"https:\\\/\\\/www.altercampagne.net\\\/?p=7466\"]}]},{\"@type\":\"ImageObject\",\"inLanguage\":\"fr-FR\",\"@id\":\"https:\\\/\\\/www.altercampagne.net\\\/?p=7466#primaryimage\",\"url\":\"http:\\\/\\\/www.altercampagne.net\\\/wp-content\\\/uploads\\\/2017\\\/07\\\/2017-07-27_12.53.43_7193.jpg\",\"contentUrl\":\"http:\\\/\\\/www.altercampagne.net\\\/wp-content\\\/uploads\\\/2017\\\/07\\\/2017-07-27_12.53.43_7193.jpg\"},{\"@type\":\"BreadcrumbList\",\"@id\":\"https:\\\/\\\/www.altercampagne.net\\\/?p=7466#breadcrumb\",\"itemListElement\":[{\"@type\":\"ListItem\",\"position\":1,\"name\":\"Accueil\",\"item\":\"https:\\\/\\\/www.altercampagne.net\\\/\"},{\"@type\":\"ListItem\",\"position\":2,\"name\":\"La Ferme Urbaine Collective de la Condamine\"}]},{\"@type\":\"WebSite\",\"@id\":\"https:\\\/\\\/www.altercampagne.net\\\/#website\",\"url\":\"https:\\\/\\\/www.altercampagne.net\\\/\",\"name\":\"AlterTour\",\"description\":\"Reliez les Alternatives \u00e0 v\u00e9lo\",\"potentialAction\":[{\"@type\":\"SearchAction\",\"target\":{\"@type\":\"EntryPoint\",\"urlTemplate\":\"https:\\\/\\\/www.altercampagne.net\\\/?s={search_term_string}\"},\"query-input\":{\"@type\":\"PropertyValueSpecification\",\"valueRequired\":true,\"valueName\":\"search_term_string\"}}],\"inLanguage\":\"fr-FR\"},{\"@type\":\"Person\",\"@id\":\"https:\\\/\\\/www.altercampagne.net\\\/#\\\/schema\\\/person\\\/0f261460c09e430caa0f9bcffa319109\",\"name\":\"Mathieu\",\"image\":{\"@type\":\"ImageObject\",\"inLanguage\":\"fr-FR\",\"@id\":\"https:\\\/\\\/secure.gravatar.com\\\/avatar\\\/aa9d3d24c83f2141e5e2709d0f63d09a99f6be6bb7a50abc4915838d9f54501a?s=96&d=mm&r=g\",\"url\":\"https:\\\/\\\/secure.gravatar.com\\\/avatar\\\/aa9d3d24c83f2141e5e2709d0f63d09a99f6be6bb7a50abc4915838d9f54501a?s=96&d=mm&r=g\",\"contentUrl\":\"https:\\\/\\\/secure.gravatar.com\\\/avatar\\\/aa9d3d24c83f2141e5e2709d0f63d09a99f6be6bb7a50abc4915838d9f54501a?s=96&d=mm&r=g\",\"caption\":\"Mathieu\"},\"url\":\"https:\\\/\\\/www.altercampagne.net\\\/?author=214\"}]}<\/script>\n<!-- \/ Yoast SEO plugin. -->","yoast_head_json":{"title":"La Ferme Urbaine Collective de la Condamine - AlterTour","robots":{"index":"index","follow":"follow","max-snippet":"max-snippet:-1","max-image-preview":"max-image-preview:large","max-video-preview":"max-video-preview:-1"},"canonical":"https:\/\/www.altercampagne.net\/?p=7466","og_locale":"fr_FR","og_type":"article","og_title":"La Ferme Urbaine Collective de la Condamine - AlterTour","og_description":"\u00c9tonnant, Philippe de Montpellier arrive avec son engin \u00e9lectrique futuriste et bricol\u00e9 \u00e0 la fois. C&rsquo;est un\u00a0 prototype tout blanc qui fonctionne avec des panneaux solaires et qu&rsquo;il am\u00e9liore sans cesse depuis quelques ann\u00e9es . Il va pendant plusieurs jours caracoller en t\u00eate de notre peloton d&rsquo;Altercyclistes, lui donnant une ... Read More","og_url":"https:\/\/www.altercampagne.net\/?p=7466","og_site_name":"AlterTour","article_published_time":"2017-07-25T18:27:21+00:00","article_modified_time":"2020-02-24T10:01:32+00:00","og_image":[{"url":"http:\/\/www.altercampagne.net\/wp-content\/uploads\/2017\/07\/2017-07-27_12.53.43_7193.jpg","type":"","width":"","height":""}],"author":"Mathieu","twitter_card":"summary_large_image","twitter_misc":{"\u00c9crit par":"Mathieu","Dur\u00e9e de lecture estim\u00e9e":"2 minutes"},"schema":{"@context":"https:\/\/schema.org","@graph":[{"@type":"Article","@id":"https:\/\/www.altercampagne.net\/?p=7466#article","isPartOf":{"@id":"https:\/\/www.altercampagne.net\/?p=7466"},"author":{"name":"Mathieu","@id":"https:\/\/www.altercampagne.net\/#\/schema\/person\/0f261460c09e430caa0f9bcffa319109"},"headline":"La Ferme Urbaine Collective de la Condamine","datePublished":"2017-07-25T18:27:21+00:00","dateModified":"2020-02-24T10:01:32+00:00","mainEntityOfPage":{"@id":"https:\/\/www.altercampagne.net\/?p=7466"},"wordCount":326,"image":{"@id":"https:\/\/www.altercampagne.net\/?p=7466#primaryimage"},"thumbnailUrl":"http:\/\/www.altercampagne.net\/wp-content\/uploads\/2017\/07\/2017-07-27_12.53.43_7193.jpg","keywords":["Montpellier","h\u00e9rault","languedoc-roussillon","AlterTour 2017","2017","Occitanier","Zycophages"],"articleSection":["Agriculture","Culture","\u00c9dition 2017","Occitanie"],"inLanguage":"fr-FR"},{"@type":"WebPage","@id":"https:\/\/www.altercampagne.net\/?p=7466","url":"https:\/\/www.altercampagne.net\/?p=7466","name":"La Ferme Urbaine Collective de la Condamine - AlterTour","isPartOf":{"@id":"https:\/\/www.altercampagne.net\/#website"},"primaryImageOfPage":{"@id":"https:\/\/www.altercampagne.net\/?p=7466#primaryimage"},"image":{"@id":"https:\/\/www.altercampagne.net\/?p=7466#primaryimage"},"thumbnailUrl":"http:\/\/www.altercampagne.net\/wp-content\/uploads\/2017\/07\/2017-07-27_12.53.43_7193.jpg","datePublished":"2017-07-25T18:27:21+00:00","dateModified":"2020-02-24T10:01:32+00:00","author":{"@id":"https:\/\/www.altercampagne.net\/#\/schema\/person\/0f261460c09e430caa0f9bcffa319109"},"breadcrumb":{"@id":"https:\/\/www.altercampagne.net\/?p=7466#breadcrumb"},"inLanguage":"fr-FR","potentialAction":[{"@type":"ReadAction","target":["https:\/\/www.altercampagne.net\/?p=7466"]}]},{"@type":"ImageObject","inLanguage":"fr-FR","@id":"https:\/\/www.altercampagne.net\/?p=7466#primaryimage","url":"http:\/\/www.altercampagne.net\/wp-content\/uploads\/2017\/07\/2017-07-27_12.53.43_7193.jpg","contentUrl":"http:\/\/www.altercampagne.net\/wp-content\/uploads\/2017\/07\/2017-07-27_12.53.43_7193.jpg"},{"@type":"BreadcrumbList","@id":"https:\/\/www.altercampagne.net\/?p=7466#breadcrumb","itemListElement":[{"@type":"ListItem","position":1,"name":"Accueil","item":"https:\/\/www.altercampagne.net\/"},{"@type":"ListItem","position":2,"name":"La Ferme Urbaine Collective de la Condamine"}]},{"@type":"WebSite","@id":"https:\/\/www.altercampagne.net\/#website","url":"https:\/\/www.altercampagne.net\/","name":"AlterTour","description":"Reliez les Alternatives \u00e0 v\u00e9lo","potentialAction":[{"@type":"SearchAction","target":{"@type":"EntryPoint","urlTemplate":"https:\/\/www.altercampagne.net\/?s={search_term_string}"},"query-input":{"@type":"PropertyValueSpecification","valueRequired":true,"valueName":"search_term_string"}}],"inLanguage":"fr-FR"},{"@type":"Person","@id":"https:\/\/www.altercampagne.net\/#\/schema\/person\/0f261460c09e430caa0f9bcffa319109","name":"Mathieu","image":{"@type":"ImageObject","inLanguage":"fr-FR","@id":"https:\/\/secure.gravatar.com\/avatar\/aa9d3d24c83f2141e5e2709d0f63d09a99f6be6bb7a50abc4915838d9f54501a?s=96&d=mm&r=g","url":"https:\/\/secure.gravatar.com\/avatar\/aa9d3d24c83f2141e5e2709d0f63d09a99f6be6bb7a50abc4915838d9f54501a?s=96&d=mm&r=g","contentUrl":"https:\/\/secure.gravatar.com\/avatar\/aa9d3d24c83f2141e5e2709d0f63d09a99f6be6bb7a50abc4915838d9f54501a?s=96&d=mm&r=g","caption":"Mathieu"},"url":"https:\/\/www.altercampagne.net\/?author=214"}]}},"_links":{"self":[{"href":"https:\/\/www.altercampagne.net\/index.php?rest_route=\/wp\/v2\/posts\/7466","targetHints":{"allow":["GET"]}}],"collection":[{"href":"https:\/\/www.altercampagne.net\/index.php?rest_route=\/wp\/v2\/posts"}],"about":[{"href":"https:\/\/www.altercampagne.net\/index.php?rest_route=\/wp\/v2\/types\/post"}],"author":[{"embeddable":true,"href":"https:\/\/www.altercampagne.net\/index.php?rest_route=\/wp\/v2\/users\/214"}],"replies":[{"embeddable":true,"href":"https:\/\/www.altercampagne.net\/index.php?rest_route=%2Fwp%2Fv2%2Fcomments&post=7466"}],"version-history":[{"count":1,"href":"https:\/\/www.altercampagne.net\/index.php?rest_route=\/wp\/v2\/posts\/7466\/revisions"}],"predecessor-version":[{"id":17272,"href":"https:\/\/www.altercampagne.net\/index.php?rest_route=\/wp\/v2\/posts\/7466\/revisions\/17272"}],"wp:attachment":[{"href":"https:\/\/www.altercampagne.net\/index.php?rest_route=%2Fwp%2Fv2%2Fmedia&parent=7466"}],"wp:term":[{"taxonomy":"category","embeddable":true,"href":"https:\/\/www.altercampagne.net\/index.php?rest_route=%2Fwp%2Fv2%2Fcategories&post=7466"},{"taxonomy":"post_tag","embeddable":true,"href":"https:\/\/www.altercampagne.net\/index.php?rest_route=%2Fwp%2Fv2%2Ftags&post=7466"}],"curies":[{"name":"wp","href":"https:\/\/api.w.org\/{rel}","templated":true}]}}