{"id":7468,"date":"2017-07-26T20:41:58","date_gmt":"2017-07-26T18:41:58","guid":{"rendered":"http:\/\/www.altercampagne.net\/?p=7468"},"modified":"2018-03-25T12:51:03","modified_gmt":"2018-03-25T10:51:03","slug":"journee-du-26-juillet-a-la-ferme-urbaine-et-collective-de-la-condamine-a-montpellier","status":"publish","type":"post","link":"https:\/\/www.altercampagne.net\/?p=7468","title":{"rendered":"Journ\u00e9e du 26 juillet \u00e0 la Ferme Urbaine et Collective de la Condamine \u00e0 Montpellier"},"content":{"rendered":"<p><a href=\"http:\/\/www.altercampagne.net\/wp-content\/uploads\/2017\/08\/FullSizeRender.jpg\"><img loading=\"lazy\" decoding=\"async\" class=\"aligncenter size-full wp-image-7469\" src=\"http:\/\/www.altercampagne.net\/wp-content\/uploads\/2017\/08\/FullSizeRender.jpg\" alt=\"FullSizeRender\" width=\"800\" height=\"600\" srcset=\"https:\/\/www.altercampagne.net\/wp-content\/uploads\/2017\/08\/FullSizeRender.jpg 800w, https:\/\/www.altercampagne.net\/wp-content\/uploads\/2017\/08\/FullSizeRender-300x225.jpg 300w\" sizes=\"auto, (max-width: 800px) 100vw, 800px\" \/><\/a>L&rsquo;AlterTour pose son sac dans le verger du collectif de L<a href=\"https:\/\/www.facebook.com\/La-Ferme-Urbaine-Collective-de-la-Condamine-911956972273397\/\" target=\"_blank\">a Ferme Urbaine Collective de la Condamine<\/a> pour deux jours. Bien cal\u00e9e en bordure de l&rsquo;agglom\u00e9ration de Montpellier, voici un lieu qui se r\u00e9veille apr\u00e8s un long sommeil gr\u00e2ce \u00e0 l&rsquo;obstination de sept jeunes courageux.<br \/>\nPeut \u00eatre ce 26 Juillet 2017 restera comme un petit evenement pour le collectif. Ce soir Pascal des Zychonophages diffusent pour la premi\u00e8re fois dans leur jardin, le film paysans sans terre, sans capital retra\u00e7ant la gestation du \u00ab\u00a0projet condamine\u00a0\u00bb.<br \/>\nIl s&rsquo;agit \u00e0 termes de combiner la production mara\u00eech\u00e8re \u00e0 destination de \u00ab\u00a0la Cajette\u00a0\u00bb de Montpellier*, la restauration v\u00e9g\u00e9tarienne et l&rsquo;\u00e9ducation populaire.<br \/>\n\u00ab\u00a0Soyons raisonnable exigeons l&rsquo;impossible\u00a0\u00bb comme dirait l&rsquo;autre.<br \/>\nNos jardiniers toqu\u00e9s* ont investi le site depuis seulement deux mois et d\u00e9j\u00e0 les courgettes, aubergines, tomates, blettes et fines herbes sont d\u00e9j\u00e0 pr\u00eate \u00e0 l&#8217;emploi ! Tr\u00e8s certainement des journ\u00e9es \u00e0 rallonge pour nettoyer, planter et pr\u00e9parer la venue d&rsquo;une soixantaine d&rsquo;altercyclistes.<br \/>\nAlors aujourd&rsquo;hui l&rsquo;AlterTour met la main \u00e0 la p\u00e2te, les cuisiniers s&rsquo;affairent, les jeunes brasseurs de Zoobrew* apportent la bi\u00e8re blonde et ambr\u00e9e, les copains musiciens Jean Robin, Just In Blues et Gregoire vont jouer pour une soir\u00e9e assur\u00e9ment festive.<\/p>\n<p>Alterportrait du collectif de la ferme de la Condamine :<\/p>\n<p>Si ton humeur pouvait faire un bruit aujourd&rsquo;hui, quel serai t il ?<br \/>\nAphextwin Cheeta 7b<br \/>\nExc\u00e8s de son<br \/>\nWizzz<br \/>\nUn pet<br \/>\nPffff<br \/>\nWhouuuuuuu whou<br \/>\nEnregistres les<\/p>\n<p>Qu&rsquo;est ce qui est le plus pr\u00e9cieux \u00e0 tes yeux?<br \/>\nRien a trop de valeur \u00e0 mes yeux<br \/>\nMa t\u00eate<br \/>\nL&rsquo;amiti\u00e9<br \/>\nLe bien etre certainement<br \/>\nLa bienveillance<br \/>\nLe bonheur des gens autour de moi<br \/>\nCa<\/p>\n<p>Quelle association m\u00e9rite d&rsquo;\u00eatre connue?<br \/>\nLes jardiniers toqu\u00e9s<br \/>\nTomate haricot<br \/>\nL&rsquo;arche de Jean Vanier<br \/>\nLes jardiniers toqu\u00e9s<br \/>\nCelles qui viennent en aide aux migrants<br \/>\nTomate basilic haricot<\/p>\n<p>Quelle est ta pire angoisse?<br \/>\nLe vertige\/ l&rsquo;incapacit\u00e9<br \/>\nQue l&rsquo;on me brutalise moralement<br \/>\nFinir seule<br \/>\nJe suis tr\u00e8s peu angoiss\u00e9<br \/>\nPerdre mon bras droit<br \/>\nDans les lacs, le n\u00e9ant total, plus de bruit, rien.<br \/>\nJ&rsquo;en ai tellement<\/p>\n<p>Quel est ton rem\u00e8de \u00e0 la m\u00e9lancolie?<br \/>\nHardcore n\u00e9erlandais des 90&rsquo;s<br \/>\nVivre l&rsquo;instant pr\u00e9sent, ce qui nous entoure, le pr\u00e9sentement.<br \/>\nLa musique<br \/>\nL&rsquo;alcool<br \/>\nLes amis<br \/>\nMoi j&rsquo;aime bien chanter<br \/>\nUne bonne \u00e9motion la m\u00e9lancolie.<\/p>\n<p style=\"text-align: right;\"><strong>Fran\u00e7ois<\/strong><br \/>\nIllustration : Merci \u00e0 Louisa, Sarah et Jean Robin<\/p>\n","protected":false},"excerpt":{"rendered":"<p>L&rsquo;AlterTour pose son sac dans le verger du collectif de La Ferme Urbaine Collective de la Condamine pour deux jours. Bien cal\u00e9e en bordure de l&rsquo;agglom\u00e9ration de Montpellier, voici un lieu qui se r\u00e9veille apr\u00e8s un long sommeil gr\u00e2ce \u00e0 l&rsquo;obstination de sept jeunes courageux. Peut \u00eatre ce 26 Juillet &#8230; <\/p>\n<div><a href=\"https:\/\/www.altercampagne.net\/?p=7468\" class=\"more-link\">Read More<\/a><\/div>\n","protected":false},"author":183,"featured_media":0,"comment_status":"closed","ping_status":"closed","sticky":false,"template":"","format":"standard","meta":{"footnotes":""},"categories":[3483,3490,3457,3480],"tags":[1341,1972,1973,2783,2784,2785,3030,3146],"class_list":["post-7468","post","type-post","status-publish","format-standard","hentry","category-agriculture","category-culture","category-edition-2017","category-occitanie","tag-montpellier","tag-herault","tag-languedoc-roussillon","tag-altertour-2017","tag-2784","tag-occitanie","tag-ferme-urbaine-collective-de-la-condamine","tag-la-cajette","no-post-thumbnail"],"yoast_head":"<!-- This site is optimized with the Yoast SEO plugin v27.3 - https:\/\/yoast.com\/product\/yoast-seo-wordpress\/ -->\n<title>Journ\u00e9e du 26 juillet \u00e0 la Ferme Urbaine et Collective de la Condamine \u00e0 Montpellier - AlterTour<\/title>\n<meta name=\"robots\" content=\"index, follow, max-snippet:-1, max-image-preview:large, max-video-preview:-1\" \/>\n<link rel=\"canonical\" href=\"https:\/\/www.altercampagne.net\/?p=7468\" \/>\n<meta property=\"og:locale\" content=\"fr_FR\" \/>\n<meta property=\"og:type\" content=\"article\" \/>\n<meta property=\"og:title\" content=\"Journ\u00e9e du 26 juillet \u00e0 la Ferme Urbaine et Collective de la Condamine \u00e0 Montpellier - AlterTour\" \/>\n<meta property=\"og:description\" content=\"L&rsquo;AlterTour pose son sac dans le verger du collectif de La Ferme Urbaine Collective de la Condamine pour deux jours. Bien cal\u00e9e en bordure de l&rsquo;agglom\u00e9ration de Montpellier, voici un lieu qui se r\u00e9veille apr\u00e8s un long sommeil gr\u00e2ce \u00e0 l&rsquo;obstination de sept jeunes courageux. Peut \u00eatre ce 26 Juillet ... Read More\" \/>\n<meta property=\"og:url\" content=\"https:\/\/www.altercampagne.net\/?p=7468\" \/>\n<meta property=\"og:site_name\" content=\"AlterTour\" \/>\n<meta property=\"article:published_time\" content=\"2017-07-26T18:41:58+00:00\" \/>\n<meta property=\"article:modified_time\" content=\"2018-03-25T10:51:03+00:00\" \/>\n<meta property=\"og:image\" content=\"http:\/\/www.altercampagne.net\/wp-content\/uploads\/2017\/08\/FullSizeRender.jpg\" \/>\n<meta name=\"author\" content=\"Fran\u00e7ois\" \/>\n<meta name=\"twitter:card\" content=\"summary_large_image\" \/>\n<meta name=\"twitter:label1\" content=\"\u00c9crit par\" \/>\n\t<meta name=\"twitter:data1\" content=\"Fran\u00e7ois\" \/>\n\t<meta name=\"twitter:label2\" content=\"Dur\u00e9e de lecture estim\u00e9e\" \/>\n\t<meta name=\"twitter:data2\" content=\"2 minutes\" \/>\n<script type=\"application\/ld+json\" class=\"yoast-schema-graph\">{\"@context\":\"https:\\\/\\\/schema.org\",\"@graph\":[{\"@type\":\"Article\",\"@id\":\"https:\\\/\\\/www.altercampagne.net\\\/?p=7468#article\",\"isPartOf\":{\"@id\":\"https:\\\/\\\/www.altercampagne.net\\\/?p=7468\"},\"author\":{\"name\":\"Fran\u00e7ois\",\"@id\":\"https:\\\/\\\/www.altercampagne.net\\\/#\\\/schema\\\/person\\\/b1259471f31847ed2d2df43875ef215e\"},\"headline\":\"Journ\u00e9e du 26 juillet \u00e0 la Ferme Urbaine et Collective de la Condamine \u00e0 Montpellier\",\"datePublished\":\"2017-07-26T18:41:58+00:00\",\"dateModified\":\"2018-03-25T10:51:03+00:00\",\"mainEntityOfPage\":{\"@id\":\"https:\\\/\\\/www.altercampagne.net\\\/?p=7468\"},\"wordCount\":436,\"image\":{\"@id\":\"https:\\\/\\\/www.altercampagne.net\\\/?p=7468#primaryimage\"},\"thumbnailUrl\":\"http:\\\/\\\/www.altercampagne.net\\\/wp-content\\\/uploads\\\/2017\\\/08\\\/FullSizeRender.jpg\",\"keywords\":[\"Montpellier\",\"h\u00e9rault\",\"languedoc-roussillon\",\"AlterTour 2017\",\"2017\",\"Occitanie\",\"Ferme Urbaine Collective de la Condamine\",\"la Cajette\"],\"articleSection\":[\"Agriculture\",\"Culture\",\"\u00c9dition 2017\",\"Occitanie\"],\"inLanguage\":\"fr-FR\"},{\"@type\":\"WebPage\",\"@id\":\"https:\\\/\\\/www.altercampagne.net\\\/?p=7468\",\"url\":\"https:\\\/\\\/www.altercampagne.net\\\/?p=7468\",\"name\":\"Journ\u00e9e du 26 juillet \u00e0 la Ferme Urbaine et Collective de la Condamine \u00e0 Montpellier - AlterTour\",\"isPartOf\":{\"@id\":\"https:\\\/\\\/www.altercampagne.net\\\/#website\"},\"primaryImageOfPage\":{\"@id\":\"https:\\\/\\\/www.altercampagne.net\\\/?p=7468#primaryimage\"},\"image\":{\"@id\":\"https:\\\/\\\/www.altercampagne.net\\\/?p=7468#primaryimage\"},\"thumbnailUrl\":\"http:\\\/\\\/www.altercampagne.net\\\/wp-content\\\/uploads\\\/2017\\\/08\\\/FullSizeRender.jpg\",\"datePublished\":\"2017-07-26T18:41:58+00:00\",\"dateModified\":\"2018-03-25T10:51:03+00:00\",\"author\":{\"@id\":\"https:\\\/\\\/www.altercampagne.net\\\/#\\\/schema\\\/person\\\/b1259471f31847ed2d2df43875ef215e\"},\"breadcrumb\":{\"@id\":\"https:\\\/\\\/www.altercampagne.net\\\/?p=7468#breadcrumb\"},\"inLanguage\":\"fr-FR\",\"potentialAction\":[{\"@type\":\"ReadAction\",\"target\":[\"https:\\\/\\\/www.altercampagne.net\\\/?p=7468\"]}]},{\"@type\":\"ImageObject\",\"inLanguage\":\"fr-FR\",\"@id\":\"https:\\\/\\\/www.altercampagne.net\\\/?p=7468#primaryimage\",\"url\":\"http:\\\/\\\/www.altercampagne.net\\\/wp-content\\\/uploads\\\/2017\\\/08\\\/FullSizeRender.jpg\",\"contentUrl\":\"http:\\\/\\\/www.altercampagne.net\\\/wp-content\\\/uploads\\\/2017\\\/08\\\/FullSizeRender.jpg\"},{\"@type\":\"BreadcrumbList\",\"@id\":\"https:\\\/\\\/www.altercampagne.net\\\/?p=7468#breadcrumb\",\"itemListElement\":[{\"@type\":\"ListItem\",\"position\":1,\"name\":\"Accueil\",\"item\":\"https:\\\/\\\/www.altercampagne.net\\\/\"},{\"@type\":\"ListItem\",\"position\":2,\"name\":\"Journ\u00e9e du 26 juillet \u00e0 la Ferme Urbaine et Collective de la Condamine \u00e0 Montpellier\"}]},{\"@type\":\"WebSite\",\"@id\":\"https:\\\/\\\/www.altercampagne.net\\\/#website\",\"url\":\"https:\\\/\\\/www.altercampagne.net\\\/\",\"name\":\"AlterTour\",\"description\":\"Reliez les Alternatives \u00e0 v\u00e9lo\",\"potentialAction\":[{\"@type\":\"SearchAction\",\"target\":{\"@type\":\"EntryPoint\",\"urlTemplate\":\"https:\\\/\\\/www.altercampagne.net\\\/?s={search_term_string}\"},\"query-input\":{\"@type\":\"PropertyValueSpecification\",\"valueRequired\":true,\"valueName\":\"search_term_string\"}}],\"inLanguage\":\"fr-FR\"},{\"@type\":\"Person\",\"@id\":\"https:\\\/\\\/www.altercampagne.net\\\/#\\\/schema\\\/person\\\/b1259471f31847ed2d2df43875ef215e\",\"name\":\"Fran\u00e7ois\",\"image\":{\"@type\":\"ImageObject\",\"inLanguage\":\"fr-FR\",\"@id\":\"https:\\\/\\\/secure.gravatar.com\\\/avatar\\\/20589a7d66b429edcdd305fe2c8dc0285ed4210f33070b818f00b34f15157d26?s=96&d=mm&r=g\",\"url\":\"https:\\\/\\\/secure.gravatar.com\\\/avatar\\\/20589a7d66b429edcdd305fe2c8dc0285ed4210f33070b818f00b34f15157d26?s=96&d=mm&r=g\",\"contentUrl\":\"https:\\\/\\\/secure.gravatar.com\\\/avatar\\\/20589a7d66b429edcdd305fe2c8dc0285ed4210f33070b818f00b34f15157d26?s=96&d=mm&r=g\",\"caption\":\"Fran\u00e7ois\"},\"url\":\"https:\\\/\\\/www.altercampagne.net\\\/?author=183\"}]}<\/script>\n<!-- \/ Yoast SEO plugin. -->","yoast_head_json":{"title":"Journ\u00e9e du 26 juillet \u00e0 la Ferme Urbaine et Collective de la Condamine \u00e0 Montpellier - AlterTour","robots":{"index":"index","follow":"follow","max-snippet":"max-snippet:-1","max-image-preview":"max-image-preview:large","max-video-preview":"max-video-preview:-1"},"canonical":"https:\/\/www.altercampagne.net\/?p=7468","og_locale":"fr_FR","og_type":"article","og_title":"Journ\u00e9e du 26 juillet \u00e0 la Ferme Urbaine et Collective de la Condamine \u00e0 Montpellier - AlterTour","og_description":"L&rsquo;AlterTour pose son sac dans le verger du collectif de La Ferme Urbaine Collective de la Condamine pour deux jours. Bien cal\u00e9e en bordure de l&rsquo;agglom\u00e9ration de Montpellier, voici un lieu qui se r\u00e9veille apr\u00e8s un long sommeil gr\u00e2ce \u00e0 l&rsquo;obstination de sept jeunes courageux. Peut \u00eatre ce 26 Juillet ... Read More","og_url":"https:\/\/www.altercampagne.net\/?p=7468","og_site_name":"AlterTour","article_published_time":"2017-07-26T18:41:58+00:00","article_modified_time":"2018-03-25T10:51:03+00:00","og_image":[{"url":"http:\/\/www.altercampagne.net\/wp-content\/uploads\/2017\/08\/FullSizeRender.jpg","type":"","width":"","height":""}],"author":"Fran\u00e7ois","twitter_card":"summary_large_image","twitter_misc":{"\u00c9crit par":"Fran\u00e7ois","Dur\u00e9e de lecture estim\u00e9e":"2 minutes"},"schema":{"@context":"https:\/\/schema.org","@graph":[{"@type":"Article","@id":"https:\/\/www.altercampagne.net\/?p=7468#article","isPartOf":{"@id":"https:\/\/www.altercampagne.net\/?p=7468"},"author":{"name":"Fran\u00e7ois","@id":"https:\/\/www.altercampagne.net\/#\/schema\/person\/b1259471f31847ed2d2df43875ef215e"},"headline":"Journ\u00e9e du 26 juillet \u00e0 la Ferme Urbaine et Collective de la Condamine \u00e0 Montpellier","datePublished":"2017-07-26T18:41:58+00:00","dateModified":"2018-03-25T10:51:03+00:00","mainEntityOfPage":{"@id":"https:\/\/www.altercampagne.net\/?p=7468"},"wordCount":436,"image":{"@id":"https:\/\/www.altercampagne.net\/?p=7468#primaryimage"},"thumbnailUrl":"http:\/\/www.altercampagne.net\/wp-content\/uploads\/2017\/08\/FullSizeRender.jpg","keywords":["Montpellier","h\u00e9rault","languedoc-roussillon","AlterTour 2017","2017","Occitanie","Ferme Urbaine Collective de la Condamine","la Cajette"],"articleSection":["Agriculture","Culture","\u00c9dition 2017","Occitanie"],"inLanguage":"fr-FR"},{"@type":"WebPage","@id":"https:\/\/www.altercampagne.net\/?p=7468","url":"https:\/\/www.altercampagne.net\/?p=7468","name":"Journ\u00e9e du 26 juillet \u00e0 la Ferme Urbaine et Collective de la Condamine \u00e0 Montpellier - AlterTour","isPartOf":{"@id":"https:\/\/www.altercampagne.net\/#website"},"primaryImageOfPage":{"@id":"https:\/\/www.altercampagne.net\/?p=7468#primaryimage"},"image":{"@id":"https:\/\/www.altercampagne.net\/?p=7468#primaryimage"},"thumbnailUrl":"http:\/\/www.altercampagne.net\/wp-content\/uploads\/2017\/08\/FullSizeRender.jpg","datePublished":"2017-07-26T18:41:58+00:00","dateModified":"2018-03-25T10:51:03+00:00","author":{"@id":"https:\/\/www.altercampagne.net\/#\/schema\/person\/b1259471f31847ed2d2df43875ef215e"},"breadcrumb":{"@id":"https:\/\/www.altercampagne.net\/?p=7468#breadcrumb"},"inLanguage":"fr-FR","potentialAction":[{"@type":"ReadAction","target":["https:\/\/www.altercampagne.net\/?p=7468"]}]},{"@type":"ImageObject","inLanguage":"fr-FR","@id":"https:\/\/www.altercampagne.net\/?p=7468#primaryimage","url":"http:\/\/www.altercampagne.net\/wp-content\/uploads\/2017\/08\/FullSizeRender.jpg","contentUrl":"http:\/\/www.altercampagne.net\/wp-content\/uploads\/2017\/08\/FullSizeRender.jpg"},{"@type":"BreadcrumbList","@id":"https:\/\/www.altercampagne.net\/?p=7468#breadcrumb","itemListElement":[{"@type":"ListItem","position":1,"name":"Accueil","item":"https:\/\/www.altercampagne.net\/"},{"@type":"ListItem","position":2,"name":"Journ\u00e9e du 26 juillet \u00e0 la Ferme Urbaine et Collective de la Condamine \u00e0 Montpellier"}]},{"@type":"WebSite","@id":"https:\/\/www.altercampagne.net\/#website","url":"https:\/\/www.altercampagne.net\/","name":"AlterTour","description":"Reliez les Alternatives \u00e0 v\u00e9lo","potentialAction":[{"@type":"SearchAction","target":{"@type":"EntryPoint","urlTemplate":"https:\/\/www.altercampagne.net\/?s={search_term_string}"},"query-input":{"@type":"PropertyValueSpecification","valueRequired":true,"valueName":"search_term_string"}}],"inLanguage":"fr-FR"},{"@type":"Person","@id":"https:\/\/www.altercampagne.net\/#\/schema\/person\/b1259471f31847ed2d2df43875ef215e","name":"Fran\u00e7ois","image":{"@type":"ImageObject","inLanguage":"fr-FR","@id":"https:\/\/secure.gravatar.com\/avatar\/20589a7d66b429edcdd305fe2c8dc0285ed4210f33070b818f00b34f15157d26?s=96&d=mm&r=g","url":"https:\/\/secure.gravatar.com\/avatar\/20589a7d66b429edcdd305fe2c8dc0285ed4210f33070b818f00b34f15157d26?s=96&d=mm&r=g","contentUrl":"https:\/\/secure.gravatar.com\/avatar\/20589a7d66b429edcdd305fe2c8dc0285ed4210f33070b818f00b34f15157d26?s=96&d=mm&r=g","caption":"Fran\u00e7ois"},"url":"https:\/\/www.altercampagne.net\/?author=183"}]}},"_links":{"self":[{"href":"https:\/\/www.altercampagne.net\/index.php?rest_route=\/wp\/v2\/posts\/7468","targetHints":{"allow":["GET"]}}],"collection":[{"href":"https:\/\/www.altercampagne.net\/index.php?rest_route=\/wp\/v2\/posts"}],"about":[{"href":"https:\/\/www.altercampagne.net\/index.php?rest_route=\/wp\/v2\/types\/post"}],"author":[{"embeddable":true,"href":"https:\/\/www.altercampagne.net\/index.php?rest_route=\/wp\/v2\/users\/183"}],"replies":[{"embeddable":true,"href":"https:\/\/www.altercampagne.net\/index.php?rest_route=%2Fwp%2Fv2%2Fcomments&post=7468"}],"version-history":[{"count":0,"href":"https:\/\/www.altercampagne.net\/index.php?rest_route=\/wp\/v2\/posts\/7468\/revisions"}],"wp:attachment":[{"href":"https:\/\/www.altercampagne.net\/index.php?rest_route=%2Fwp%2Fv2%2Fmedia&parent=7468"}],"wp:term":[{"taxonomy":"category","embeddable":true,"href":"https:\/\/www.altercampagne.net\/index.php?rest_route=%2Fwp%2Fv2%2Fcategories&post=7468"},{"taxonomy":"post_tag","embeddable":true,"href":"https:\/\/www.altercampagne.net\/index.php?rest_route=%2Fwp%2Fv2%2Ftags&post=7468"}],"curies":[{"name":"wp","href":"https:\/\/api.w.org\/{rel}","templated":true}]}}