{"id":7474,"date":"2017-08-02T22:16:50","date_gmt":"2017-08-02T20:16:50","guid":{"rendered":"http:\/\/www.altercampagne.net\/?p=7474"},"modified":"2017-08-04T22:27:10","modified_gmt":"2017-08-04T20:27:10","slug":"pollution-des-mines-gardoises-les-habitants-continuent-leur-combat","status":"publish","type":"post","link":"https:\/\/www.altercampagne.net\/?p=7474","title":{"rendered":"Pollution des mines gardoises : les habitants continuent leur combat"},"content":{"rendered":"<p>Ce mercredi 02 ao\u00fbt, une cinquantaine de personnes ont manifest\u00e9 devant la mairie d&rsquo;Anduze, dans le Gard. Depuis trois ans maintenant, elles r\u00e9clament des analyses d&rsquo;une part, et justice d&rsquo;autre part, dans l&rsquo;affaire des pollutions des eaux, des sols et de l&rsquo;air, caus\u00e9es par deux mines abandonn\u00e9es.<\/p>\n<p><strong>Etendues sur le sol<\/strong>, devant l\u2019h\u00f4tel de ville : une <strong>cinquantaine de personnes<\/strong> ont manifest\u00e9 ce mercredi 2 ao\u00fbt \u00e0 Anduze, dans le Gard. Venues de Saint-F\u00e9lix-de-Palli\u00e8res, Tornac ou Thoiras, les communes alentour, elles demandent entre autres <strong>la d\u00e9pollution des sols, la conduite d\u2019une enqu\u00eate \u00e9pid\u00e9miologique, ou encore la mise en place d\u2019un plan de pr\u00e9vention des risques<\/strong>.<\/p>\n<p>Leur action s\u2019inscrit dans le cadre d\u2019un <strong>long combat<\/strong>, commenc\u00e9 en <strong>2014<\/strong> apr\u00e8s des r\u00e9v\u00e9lations sur les <strong>pollutions des sols, des eaux et de l\u2019air<\/strong> dans cette zone proche des C\u00e9vennes.<\/p>\n<h2>Au moins 46 personnes touch\u00e9es<\/h2>\n<p>A l\u2019origine de ces pollutions,<strong> rest\u00e9es cach\u00e9es pendant des d\u00e9cennies<\/strong> : <strong>deux anciennes mines de plomb et de zinc<\/strong>, abandonn\u00e9es respectivement en 1955 et 1971 par l&rsquo;entreprise belge Union mini\u00e8re<\/p>\n<p>Les habitants de la r\u00e9gion en payent aujourd\u2019hui le prix. Fin 2015, une premi\u00e8re enqu\u00eate de d\u00e9pistage d\u00e9celait des <strong>taux anormaux de m\u00e9taux (arsenic, plomb et cadmium) chez 46 personnes<\/strong>. Souvent, celles-ci ignoraient que les lieux \u00e9taient contamin\u00e9es lorsqu\u2019elles s\u2019y sont install\u00e9es.<\/p>\n<h2>Plainte contre X<\/h2>\n<p>L\u2019affaire est d\u00e9sormais devant la justice : 43 personnes et deux associations ont port\u00e9 plainte contre X en mars 2016 aupr\u00e8s du tribunal d\u2019Al\u00e8s et du p\u00f4le sant\u00e9 du tribunal de grande instance de Marseille. <strong>Elles estiment avoir \u00e9t\u00e9 laiss\u00e9es pendant des ann\u00e9es dans l\u2019ignorance des dangers encourus.<\/strong><\/p>\n<p>Pour mieux comprendre l\u2019origine des pollutions, les services sanitaires de l\u2019Etat ont entrepris des <strong>analyses compl\u00e9mentaires<\/strong>. Les r\u00e9sultats devaient \u00eatre d\u00e9voil\u00e9s en mars derniers, mais leur publication a \u00e9t\u00e9 repouss\u00e9e, rajoutant encore \u00e0 <strong>l\u2019inqui\u00e9tude <\/strong>des habitants.<\/p>\n<p style=\"text-align: center;\"><span style=\"text-decoration: underline;\"><strong>Le reportage de Virginie Danger et Pierre Trouillet<\/strong><\/span><strong> :\u00a0<\/strong><br \/>\n<iframe loading=\"lazy\" src=\"\/\/embedftv-a.akamaihd.net\/adfb1387f2540e73eeb84aa4888a6b24\" width=\"544\" height=\"306\" frameborder=\"0\" scrolling=\"no\" allowfullscreen=\"allowfullscreen\"><\/iframe><br \/>\n<a href=\"http:\/\/france3-regions.francetvinfo.fr\/occitanie\/gard\/pollution-mines-gardoises-habitants-continuent-leur-combat-1306237.html\" target=\"_blank\">Anduze (30) : les habitants continuent leur combat contre les pollutions des mines<\/a><\/p>\n","protected":false},"excerpt":{"rendered":"<p>Ce mercredi 02 ao\u00fbt, une cinquantaine de personnes ont manifest\u00e9 devant la mairie d&rsquo;Anduze, dans le Gard. Depuis trois ans maintenant, elles r\u00e9clament des analyses d&rsquo;une part, et justice d&rsquo;autre part, dans l&rsquo;affaire des pollutions des eaux, des sols et de l&rsquo;air, caus\u00e9es par deux mines abandonn\u00e9es. Etendues sur le &#8230; <\/p>\n<div><a href=\"https:\/\/www.altercampagne.net\/?p=7474\" class=\"more-link\">Read More<\/a><\/div>\n","protected":false},"author":214,"featured_media":0,"comment_status":"closed","ping_status":"closed","sticky":false,"template":"","format":"standard","meta":{"footnotes":""},"categories":[239],"tags":[3141,3154,3153,3152,3151,3150,3149,3148,3147,371,3140,2785,2784,2783,1995,1973,1075],"class_list":["post-7474","post","type-post","status-publish","format-standard","hentry","category-revue-de-presse","tag-thoiras","tag-cadmium","tag-plomb","tag-arsenic","tag-pollutions","tag-tornac","tag-saint-felix-de-pallieres","tag-france-3-occitanie","tag-france-3-gard","tag-france-3","tag-la-mine","tag-occitanie","tag-2784","tag-altertour-2017","tag-anduze","tag-languedoc-roussillon","tag-gard","no-post-thumbnail"],"yoast_head":"<!-- This site is optimized with the Yoast SEO plugin v27.3 - https:\/\/yoast.com\/product\/yoast-seo-wordpress\/ -->\n<title>Pollution des mines gardoises : les habitants continuent leur combat - AlterTour<\/title>\n<meta name=\"robots\" content=\"index, follow, max-snippet:-1, max-image-preview:large, max-video-preview:-1\" \/>\n<link rel=\"canonical\" href=\"https:\/\/www.altercampagne.net\/?p=7474\" \/>\n<meta property=\"og:locale\" content=\"fr_FR\" \/>\n<meta property=\"og:type\" content=\"article\" \/>\n<meta property=\"og:title\" content=\"Pollution des mines gardoises : les habitants continuent leur combat - AlterTour\" \/>\n<meta property=\"og:description\" content=\"Ce mercredi 02 ao\u00fbt, une cinquantaine de personnes ont manifest\u00e9 devant la mairie d&rsquo;Anduze, dans le Gard. Depuis trois ans maintenant, elles r\u00e9clament des analyses d&rsquo;une part, et justice d&rsquo;autre part, dans l&rsquo;affaire des pollutions des eaux, des sols et de l&rsquo;air, caus\u00e9es par deux mines abandonn\u00e9es. Etendues sur le ... Read More\" \/>\n<meta property=\"og:url\" content=\"https:\/\/www.altercampagne.net\/?p=7474\" \/>\n<meta property=\"og:site_name\" content=\"AlterTour\" \/>\n<meta property=\"article:published_time\" content=\"2017-08-02T20:16:50+00:00\" \/>\n<meta property=\"article:modified_time\" content=\"2017-08-04T20:27:10+00:00\" \/>\n<meta name=\"author\" content=\"Mathieu\" \/>\n<meta name=\"twitter:card\" content=\"summary_large_image\" \/>\n<meta name=\"twitter:label1\" content=\"\u00c9crit par\" \/>\n\t<meta name=\"twitter:data1\" content=\"Mathieu\" \/>\n\t<meta name=\"twitter:label2\" content=\"Dur\u00e9e de lecture estim\u00e9e\" \/>\n\t<meta name=\"twitter:data2\" content=\"2 minutes\" \/>\n<script type=\"application\/ld+json\" class=\"yoast-schema-graph\">{\"@context\":\"https:\\\/\\\/schema.org\",\"@graph\":[{\"@type\":\"Article\",\"@id\":\"https:\\\/\\\/www.altercampagne.net\\\/?p=7474#article\",\"isPartOf\":{\"@id\":\"https:\\\/\\\/www.altercampagne.net\\\/?p=7474\"},\"author\":{\"name\":\"Mathieu\",\"@id\":\"https:\\\/\\\/www.altercampagne.net\\\/#\\\/schema\\\/person\\\/0f261460c09e430caa0f9bcffa319109\"},\"headline\":\"Pollution des mines gardoises : les habitants continuent leur combat\",\"datePublished\":\"2017-08-02T20:16:50+00:00\",\"dateModified\":\"2017-08-04T20:27:10+00:00\",\"mainEntityOfPage\":{\"@id\":\"https:\\\/\\\/www.altercampagne.net\\\/?p=7474\"},\"wordCount\":377,\"keywords\":[\"Thoiras\",\"cadmium\",\"plomb\",\"arsenic\",\"pollutions\",\"Tornac\",\"Saint-F\u00e9lix-de-Palli\u00e8res\",\"France 3 Occitanie\",\"France 3 gard\",\"france 3\",\"La mine\",\"Occitanie\",\"2017\",\"AlterTour 2017\",\"Anduze\",\"languedoc-roussillon\",\"Gard\"],\"articleSection\":[\"Revue de presse\"],\"inLanguage\":\"fr-FR\"},{\"@type\":\"WebPage\",\"@id\":\"https:\\\/\\\/www.altercampagne.net\\\/?p=7474\",\"url\":\"https:\\\/\\\/www.altercampagne.net\\\/?p=7474\",\"name\":\"Pollution des mines gardoises : les habitants continuent leur combat - AlterTour\",\"isPartOf\":{\"@id\":\"https:\\\/\\\/www.altercampagne.net\\\/#website\"},\"datePublished\":\"2017-08-02T20:16:50+00:00\",\"dateModified\":\"2017-08-04T20:27:10+00:00\",\"author\":{\"@id\":\"https:\\\/\\\/www.altercampagne.net\\\/#\\\/schema\\\/person\\\/0f261460c09e430caa0f9bcffa319109\"},\"breadcrumb\":{\"@id\":\"https:\\\/\\\/www.altercampagne.net\\\/?p=7474#breadcrumb\"},\"inLanguage\":\"fr-FR\",\"potentialAction\":[{\"@type\":\"ReadAction\",\"target\":[\"https:\\\/\\\/www.altercampagne.net\\\/?p=7474\"]}]},{\"@type\":\"BreadcrumbList\",\"@id\":\"https:\\\/\\\/www.altercampagne.net\\\/?p=7474#breadcrumb\",\"itemListElement\":[{\"@type\":\"ListItem\",\"position\":1,\"name\":\"Accueil\",\"item\":\"https:\\\/\\\/www.altercampagne.net\\\/\"},{\"@type\":\"ListItem\",\"position\":2,\"name\":\"Pollution des mines gardoises : les habitants continuent leur combat\"}]},{\"@type\":\"WebSite\",\"@id\":\"https:\\\/\\\/www.altercampagne.net\\\/#website\",\"url\":\"https:\\\/\\\/www.altercampagne.net\\\/\",\"name\":\"AlterTour\",\"description\":\"Reliez les Alternatives \u00e0 v\u00e9lo\",\"potentialAction\":[{\"@type\":\"SearchAction\",\"target\":{\"@type\":\"EntryPoint\",\"urlTemplate\":\"https:\\\/\\\/www.altercampagne.net\\\/?s={search_term_string}\"},\"query-input\":{\"@type\":\"PropertyValueSpecification\",\"valueRequired\":true,\"valueName\":\"search_term_string\"}}],\"inLanguage\":\"fr-FR\"},{\"@type\":\"Person\",\"@id\":\"https:\\\/\\\/www.altercampagne.net\\\/#\\\/schema\\\/person\\\/0f261460c09e430caa0f9bcffa319109\",\"name\":\"Mathieu\",\"image\":{\"@type\":\"ImageObject\",\"inLanguage\":\"fr-FR\",\"@id\":\"https:\\\/\\\/secure.gravatar.com\\\/avatar\\\/aa9d3d24c83f2141e5e2709d0f63d09a99f6be6bb7a50abc4915838d9f54501a?s=96&d=mm&r=g\",\"url\":\"https:\\\/\\\/secure.gravatar.com\\\/avatar\\\/aa9d3d24c83f2141e5e2709d0f63d09a99f6be6bb7a50abc4915838d9f54501a?s=96&d=mm&r=g\",\"contentUrl\":\"https:\\\/\\\/secure.gravatar.com\\\/avatar\\\/aa9d3d24c83f2141e5e2709d0f63d09a99f6be6bb7a50abc4915838d9f54501a?s=96&d=mm&r=g\",\"caption\":\"Mathieu\"},\"url\":\"https:\\\/\\\/www.altercampagne.net\\\/?author=214\"}]}<\/script>\n<!-- \/ Yoast SEO plugin. -->","yoast_head_json":{"title":"Pollution des mines gardoises : les habitants continuent leur combat - AlterTour","robots":{"index":"index","follow":"follow","max-snippet":"max-snippet:-1","max-image-preview":"max-image-preview:large","max-video-preview":"max-video-preview:-1"},"canonical":"https:\/\/www.altercampagne.net\/?p=7474","og_locale":"fr_FR","og_type":"article","og_title":"Pollution des mines gardoises : les habitants continuent leur combat - AlterTour","og_description":"Ce mercredi 02 ao\u00fbt, une cinquantaine de personnes ont manifest\u00e9 devant la mairie d&rsquo;Anduze, dans le Gard. Depuis trois ans maintenant, elles r\u00e9clament des analyses d&rsquo;une part, et justice d&rsquo;autre part, dans l&rsquo;affaire des pollutions des eaux, des sols et de l&rsquo;air, caus\u00e9es par deux mines abandonn\u00e9es. Etendues sur le ... Read More","og_url":"https:\/\/www.altercampagne.net\/?p=7474","og_site_name":"AlterTour","article_published_time":"2017-08-02T20:16:50+00:00","article_modified_time":"2017-08-04T20:27:10+00:00","author":"Mathieu","twitter_card":"summary_large_image","twitter_misc":{"\u00c9crit par":"Mathieu","Dur\u00e9e de lecture estim\u00e9e":"2 minutes"},"schema":{"@context":"https:\/\/schema.org","@graph":[{"@type":"Article","@id":"https:\/\/www.altercampagne.net\/?p=7474#article","isPartOf":{"@id":"https:\/\/www.altercampagne.net\/?p=7474"},"author":{"name":"Mathieu","@id":"https:\/\/www.altercampagne.net\/#\/schema\/person\/0f261460c09e430caa0f9bcffa319109"},"headline":"Pollution des mines gardoises : les habitants continuent leur combat","datePublished":"2017-08-02T20:16:50+00:00","dateModified":"2017-08-04T20:27:10+00:00","mainEntityOfPage":{"@id":"https:\/\/www.altercampagne.net\/?p=7474"},"wordCount":377,"keywords":["Thoiras","cadmium","plomb","arsenic","pollutions","Tornac","Saint-F\u00e9lix-de-Palli\u00e8res","France 3 Occitanie","France 3 gard","france 3","La mine","Occitanie","2017","AlterTour 2017","Anduze","languedoc-roussillon","Gard"],"articleSection":["Revue de presse"],"inLanguage":"fr-FR"},{"@type":"WebPage","@id":"https:\/\/www.altercampagne.net\/?p=7474","url":"https:\/\/www.altercampagne.net\/?p=7474","name":"Pollution des mines gardoises : les habitants continuent leur combat - AlterTour","isPartOf":{"@id":"https:\/\/www.altercampagne.net\/#website"},"datePublished":"2017-08-02T20:16:50+00:00","dateModified":"2017-08-04T20:27:10+00:00","author":{"@id":"https:\/\/www.altercampagne.net\/#\/schema\/person\/0f261460c09e430caa0f9bcffa319109"},"breadcrumb":{"@id":"https:\/\/www.altercampagne.net\/?p=7474#breadcrumb"},"inLanguage":"fr-FR","potentialAction":[{"@type":"ReadAction","target":["https:\/\/www.altercampagne.net\/?p=7474"]}]},{"@type":"BreadcrumbList","@id":"https:\/\/www.altercampagne.net\/?p=7474#breadcrumb","itemListElement":[{"@type":"ListItem","position":1,"name":"Accueil","item":"https:\/\/www.altercampagne.net\/"},{"@type":"ListItem","position":2,"name":"Pollution des mines gardoises : les habitants continuent leur combat"}]},{"@type":"WebSite","@id":"https:\/\/www.altercampagne.net\/#website","url":"https:\/\/www.altercampagne.net\/","name":"AlterTour","description":"Reliez les Alternatives \u00e0 v\u00e9lo","potentialAction":[{"@type":"SearchAction","target":{"@type":"EntryPoint","urlTemplate":"https:\/\/www.altercampagne.net\/?s={search_term_string}"},"query-input":{"@type":"PropertyValueSpecification","valueRequired":true,"valueName":"search_term_string"}}],"inLanguage":"fr-FR"},{"@type":"Person","@id":"https:\/\/www.altercampagne.net\/#\/schema\/person\/0f261460c09e430caa0f9bcffa319109","name":"Mathieu","image":{"@type":"ImageObject","inLanguage":"fr-FR","@id":"https:\/\/secure.gravatar.com\/avatar\/aa9d3d24c83f2141e5e2709d0f63d09a99f6be6bb7a50abc4915838d9f54501a?s=96&d=mm&r=g","url":"https:\/\/secure.gravatar.com\/avatar\/aa9d3d24c83f2141e5e2709d0f63d09a99f6be6bb7a50abc4915838d9f54501a?s=96&d=mm&r=g","contentUrl":"https:\/\/secure.gravatar.com\/avatar\/aa9d3d24c83f2141e5e2709d0f63d09a99f6be6bb7a50abc4915838d9f54501a?s=96&d=mm&r=g","caption":"Mathieu"},"url":"https:\/\/www.altercampagne.net\/?author=214"}]}},"_links":{"self":[{"href":"https:\/\/www.altercampagne.net\/index.php?rest_route=\/wp\/v2\/posts\/7474","targetHints":{"allow":["GET"]}}],"collection":[{"href":"https:\/\/www.altercampagne.net\/index.php?rest_route=\/wp\/v2\/posts"}],"about":[{"href":"https:\/\/www.altercampagne.net\/index.php?rest_route=\/wp\/v2\/types\/post"}],"author":[{"embeddable":true,"href":"https:\/\/www.altercampagne.net\/index.php?rest_route=\/wp\/v2\/users\/214"}],"replies":[{"embeddable":true,"href":"https:\/\/www.altercampagne.net\/index.php?rest_route=%2Fwp%2Fv2%2Fcomments&post=7474"}],"version-history":[{"count":0,"href":"https:\/\/www.altercampagne.net\/index.php?rest_route=\/wp\/v2\/posts\/7474\/revisions"}],"wp:attachment":[{"href":"https:\/\/www.altercampagne.net\/index.php?rest_route=%2Fwp%2Fv2%2Fmedia&parent=7474"}],"wp:term":[{"taxonomy":"category","embeddable":true,"href":"https:\/\/www.altercampagne.net\/index.php?rest_route=%2Fwp%2Fv2%2Fcategories&post=7474"},{"taxonomy":"post_tag","embeddable":true,"href":"https:\/\/www.altercampagne.net\/index.php?rest_route=%2Fwp%2Fv2%2Ftags&post=7474"}],"curies":[{"name":"wp","href":"https:\/\/api.w.org\/{rel}","templated":true}]}}