{"id":7477,"date":"2017-08-03T22:39:34","date_gmt":"2017-08-03T20:39:34","guid":{"rendered":"http:\/\/www.altercampagne.net\/?p=7477"},"modified":"2024-10-22T14:53:38","modified_gmt":"2024-10-22T12:53:38","slug":"pollution-minieres-dans-les-cevennes-lalter-tour-roule-pour-la-planete","status":"publish","type":"post","link":"https:\/\/www.altercampagne.net\/?p=7477","title":{"rendered":"Pollution mini\u00e8res dans les C\u00e9vennes : l\u2019AlterTour roule pour la plan\u00e8te"},"content":{"rendered":"<p>Des dizaines de cyclistes se sont faits les porte-voix des victimes de la pollution des anciennes mines de zinc et de plomb de St-F\u00e9lix-de-Palli\u00e8res.<\/p>\n<div class=\"full-content\">\n<div class=\"long\">\n<p class=\"txt-let-1\">\u00ab\u00a0Pas de plomb dans le Gardon ! Pas d&rsquo;arsenic dans notre pique-nique !\u201d L&rsquo;arriv\u00e9e vers 11 h 10, ce mercredi 2 ao\u00fbt, d&rsquo;une quarantaine de cyclistes foulards sur la bouche, brandissant une pancarte \u201cStop aux pollutions mini\u00e8res en C\u00e9vennes\u201d a remu\u00e9 la tr\u00e8s touristique Anduze.<\/p>\n<p class=\"txt-cou\">Dans le cadre de l&rsquo;Alter tour 2017, ils ont d\u00e9cid\u00e9 de se faire les porte-voix des victimes de la pollution mini\u00e8re voisine, \u00e0 Saint-F\u00e9lix-de-Palli\u00e8res, Thoiras et Tornac<strong><em> (*)<\/em><\/strong>. \u201cJe viens de Paris. Je connaissais la probl\u00e9matique des pollutions invisibles. Mais quand j&rsquo;ai d\u00e9couvert celle de Saint-F\u00e9lix, j&rsquo;ai \u00e9t\u00e9 totalement estomaqu\u00e9e\u201d, explique l&rsquo;altercycliste Danielle Fournier, bandeau \u201carsenic\u201d sur le cr\u00e2ne.<\/p>\n<h3>les chemins de la transition &#8211; <strong>Un tour de France \u00e9colo en v\u00e9lo<\/strong><\/h3>\n<p>Au d\u00e9part, en 2004, le collectif Alter campagne f\u00e9d\u00e8re les faucheurs volontaires, lors des Journ\u00e9es mondiales d\u2019opposition des OGM. Quelques ann\u00e9es plus tard, ses membres ont envie de partir \u00e0 la rencontre de gens qui ont pris d\u2019autres chemins, \u00e9nerg\u00e9tiques, agricoles, sociaux, \u00e9ducatifs, et qui l\u2019assument. L\u2019AlterTour, \u00ab\u00a0un Tour de France sans dopage ni comp\u00e9tition, uniquement dans l\u2019entraide et la bonne humeur\u00a0\u00bb \u00e9tait n\u00e9.<\/p>\n<p>Depuis dix ans, des citoyens de tous pays, p\u00e9dalent, tout l\u2019\u00e9t\u00e9, du 8 juillet au 20 ao\u00fbt cette ann\u00e9e. De Toulouse \u00e0 Valence, en passant par le Gard, dans les communes de Thoiras, Saint-Jean-du-Gard, Anduze, Ribaute-les-Tavernes (photos), Bess\u00e8ges\u2026 Le th\u00e8me de cette dixi\u00e8me \u00e9dition ? \u201cSur les chemins de la transition\u201d. \u00ab\u00a0Sur place, on prend connaissance des luttes locales, dont on devient des relais et des porte-voix\u00a0\u00bb, souligne Mathieu Fromont, coordinateur de l\u2019AlterTour.<\/p>\n<p><strong>Invit\u00e9s par une habitante de Ribaute<\/strong><\/p>\n<p>Une cinquantaine d\u2019Altercyclistes ont \u00e9t\u00e9 accueillis par Fran\u00e7oise Folcher, une habitante de Ribaute-les-Tavernes qui a pr\u00eat\u00e9 son terrain pour l\u2019\u00e9tablissement de leur campement, ce mercredi. \u00ab\u00a0Je ne connaissais pas le principe. J\u2019ai \u00e9t\u00e9 contact\u00e9e par l\u2019association Agir (Association gardoise pour les int\u00e9r\u00eats de la ruralit\u00e9) de Saint-Christol-lez-Al\u00e8s, et j\u2019ai accept\u00e9 (sur la photo, \u00e0 droite, Martial Delannoy et Martine Roure-Biscarat, d\u2019Agir).<\/p>\n<p>En \u00e9change, ils m\u2019ont donn\u00e9 un coup de main pour d\u00e9sherber et d\u00e9broussailler mon terrain.\u00a0C\u2019est un bon \u00e9change\u2005! S\u2019il faisait moins chaud, j\u2019aurais bien partag\u00e9 un bout de route avec eux.\u00a0\u00bb\u00a0Louis Julian (\u00e0 gauche sur la photo), vigneron bio \u00e0 Ribaute-les-Tavernes, est aussi venu \u00e9changer avec les participants.<\/p>\n<p>Dix-septi\u00e8me g\u00e9n\u00e9ration de paysans, l\u2019homme est pass\u00e9 en viticulture bio en 1979. D\u00e9sormais, ses deux fils, Thibaut et Simon, diversifient l\u2019exploitation. L\u2019un \u00e9l\u00e8ve moutons, vaches et volailles, le second pratique le mara\u00eechage avec sa compagne, Anne-Sophie. Cette diversification rassure quelque peu Louis Julian\u2005: \u00ab\u00a0La monoculture est dangereuse. On essaie d\u2019\u00e9largir, de devenir une ferme globale. Je redoute une nouvelle maladie des vignes, caus\u00e9e par le changement climatique.\u00a0Il faut arr\u00eater de faire la guerre \u00e0 la nature. Quand elle va se rebiffer, \u00e7a nous co\u00fbtera cher.\u00a0\u00bb<\/p>\n<p><strong>Ren\u00e9 et Monique, couple 200\u2005% engag\u00e9<\/strong><\/p>\n<div class=\"encart\">\n<p>Originaire du nord de la France (Hazebrouck),\u00a0Ren\u00e9 et Monique Fauvergue, participants de l\u2019Alter tour, aident les plus fragiles depuis 1984. \u00ab\u00a0Avec notre association, Espoir, on a commenc\u00e9 par chercher puis am\u00e9nager des logements vides pour accueillir des personnes \u00e0 la rue.\u00a0\u00bb<\/p>\n<p>Depuis des mois, le couple s\u2019int\u00e9resse \u00e9galement\u00a0au sort des migrants\u2005: \u00ab\u00a0Chaque semaine, avec un groupe solidaire, on ouvre nos maisons aux migrants, principalement des \u00c9rythr\u00e9ens, afin qu\u2019ils puissent se reposer et se doucher.\u00a0On propose \u00e0 ceux qui sont malades de passer la nuit.\u00a0\u00bb\u00a0La solidarit\u00e9 et la rencontre, moteurs de l\u2019Alter tour, ne peuvent que correspondre \u00e0 ce couple.<\/p>\n<\/div>\n<blockquote>\n<p class=\"txt-cou\">\u00ab\u00a0J&rsquo;ai l&rsquo;impression que c&rsquo;est le d\u00e9but de quelque chose\u00a0\u00bb<\/p>\n<\/blockquote>\n<p class=\"txt-cou\">Une chance, pour de nombreux habitants des zones touch\u00e9es (dont des parents de jeunes enfants), qui ont port\u00e9 plainte devant les juridictions administratives et p\u00e9nales et n&rsquo;osent pas m\u00e9diatiser leur situation. Certains, pourtant, sont bien l\u00e0, et participent ouvertement \u00e0 la manifestation. Comme Wilhem et Christian Sunt, de l&rsquo;espace d&rsquo;accueil temporaire La Mine, qui ont sensibilis\u00e9 les cyclistes \u00e0 ce scandale. \u201cMaintenant, on attend des autorit\u00e9s une vraie r\u00e9ponse, explique Christian Sunt. Qu&rsquo;on nous explique ce qu&rsquo;on va faire des sites pollu\u00e9s et qu&rsquo;on nous propose des solutions d&rsquo;habitations, dans les C\u00e9vennes.\u201d<\/p>\n<p class=\"txt-cou\">Au micro, <a href=\"http:\/\/www.midilibre.fr\/2015\/11\/16\/pollution-miniere-ils-ont-ose-aller-en-justice,1242259.php\" target=\"_blank\" rel=\"noopener\">l&rsquo;un des habitants les plus impact\u00e9s, Manuel Gomes, de Tornac<\/a>, rappelle <a href=\"http:\/\/www.midilibre.fr\/2017\/05\/17\/pollution-des-anciennes-mines-dans-les-cevennes-la-lenteur-de-la-justice,1508214.php\" target=\"_blank\" rel=\"noopener\">la lenteur de l&rsquo;action \u00e9tatique sur le dossier<\/a>, et pointe une \u201cabsence de suivi\u201d sur les enfants. Quelques touristes s&rsquo;arr\u00eatent, une dame \u00e2g\u00e9e vient f\u00e9liciter les manifestants pour leur action. \u201cC&rsquo;est bien de voir \u00e7a, souffle une des victimes. J&rsquo;ai l&rsquo;impression que c&rsquo;est le d\u00e9but de quelque chose.\u201d<\/p>\n<p><em><strong>(*) L&rsquo;exploitation<\/strong> de mines de zinc et de plomb a entra\u00een\u00e9 une forte pr\u00e9sence de plomb, arsenic, cadmium, antimoine\u2026 dans un vaste territoire situ\u00e9 autour des exploitations. Des habitants pr\u00e9sentent des taux de m\u00e9taux lourds anormaux dans le sang. \u00c0 ce jour, quatre plaintes au tribunal administratif et 55 au p\u00e9nal ont \u00e9t\u00e9 d\u00e9pos\u00e9es.<\/em><\/p>\n<p style=\"text-align: right;\"><span class=\"author\"><span class=\"strong\"><strong>Adrien Boudet et Laurie Z\u00e9non, <a href=\"http:\/\/www.midilibre.fr\/2017\/08\/03\/pollution-minieres-dans-les-cevennes-l-alter-tour-roule-pour-la-planete,1544076.php\" target=\"_blank\" rel=\"noopener\">Midi Libre<\/a><\/strong><br \/>\n<\/span><\/span><\/p>\n<\/div>\n<\/div>\n","protected":false},"excerpt":{"rendered":"<p>Des dizaines de cyclistes se sont faits les porte-voix des victimes de la pollution des anciennes mines de zinc et de plomb de St-F\u00e9lix-de-Palli\u00e8res. \u00ab\u00a0Pas de plomb dans le Gardon ! Pas d&rsquo;arsenic dans notre pique-nique !\u201d L&rsquo;arriv\u00e9e vers 11 h 10, ce mercredi 2 ao\u00fbt, d&rsquo;une quarantaine de cyclistes &#8230; <\/p>\n<div><a href=\"https:\/\/www.altercampagne.net\/?p=7477\" class=\"more-link\">Read More<\/a><\/div>\n","protected":false},"author":215,"featured_media":9480,"comment_status":"closed","ping_status":"closed","sticky":false,"template":"","format":"standard","meta":{"footnotes":""},"categories":[3471,239,3457,3486],"tags":[3153,3164,3163,3162,3161,3160,3159,3158,3157,3156,3155,1075,3152,3150,3141,3051,2785,2784,2783,1973,1076],"class_list":["post-7477","post","type-post","status-publish","format-standard","has-post-thumbnail","hentry","category-auvergne-rhone-alpes","category-revue-de-presse","category-edition-2017","category-environnement","tag-plomb","tag-christian-sunt","tag-wilhem-sunt","tag-rene-fauvergue","tag-monique-fauvergue","tag-ribaute-les-tavernes","tag-danielle-fournier","tag-st-felix-de-pallieres","tag-midi-libre","tag-laurie-zenon","tag-adrien-boudet","tag-gard","tag-arsenic","tag-tornac","tag-thoiras","tag-besseges","tag-occitanie","tag-2784","tag-altertour-2017","tag-languedoc-roussillon","tag-cevennes"],"yoast_head":"<!-- This site is optimized with the Yoast SEO plugin v27.3 - https:\/\/yoast.com\/product\/yoast-seo-wordpress\/ -->\n<title>Pollution mini\u00e8res dans les C\u00e9vennes : l\u2019AlterTour roule pour la plan\u00e8te - AlterTour<\/title>\n<meta name=\"robots\" content=\"index, follow, max-snippet:-1, max-image-preview:large, max-video-preview:-1\" \/>\n<link rel=\"canonical\" href=\"https:\/\/www.altercampagne.net\/?p=7477\" \/>\n<meta property=\"og:locale\" content=\"fr_FR\" \/>\n<meta property=\"og:type\" content=\"article\" \/>\n<meta property=\"og:title\" content=\"Pollution mini\u00e8res dans les C\u00e9vennes : l\u2019AlterTour roule pour la plan\u00e8te - AlterTour\" \/>\n<meta property=\"og:description\" content=\"Des dizaines de cyclistes se sont faits les porte-voix des victimes de la pollution des anciennes mines de zinc et de plomb de St-F\u00e9lix-de-Palli\u00e8res. \u00ab\u00a0Pas de plomb dans le Gardon ! Pas d&rsquo;arsenic dans notre pique-nique !\u201d L&rsquo;arriv\u00e9e vers 11 h 10, ce mercredi 2 ao\u00fbt, d&rsquo;une quarantaine de cyclistes ... Read More\" \/>\n<meta property=\"og:url\" content=\"https:\/\/www.altercampagne.net\/?p=7477\" \/>\n<meta property=\"og:site_name\" content=\"AlterTour\" \/>\n<meta property=\"article:published_time\" content=\"2017-08-03T20:39:34+00:00\" \/>\n<meta property=\"article:modified_time\" content=\"2024-10-22T12:53:38+00:00\" \/>\n<meta property=\"og:image\" content=\"https:\/\/www.altercampagne.net\/wp-content\/uploads\/2017\/08\/2017-08-02_11.11.jpg\" \/>\n\t<meta property=\"og:image:width\" content=\"761\" \/>\n\t<meta property=\"og:image:height\" content=\"397\" \/>\n\t<meta property=\"og:image:type\" content=\"image\/jpeg\" \/>\n<meta name=\"author\" content=\"AlterTour\" \/>\n<meta name=\"twitter:card\" content=\"summary_large_image\" \/>\n<meta name=\"twitter:label1\" content=\"\u00c9crit par\" \/>\n\t<meta name=\"twitter:data1\" content=\"AlterTour\" \/>\n\t<meta name=\"twitter:label2\" content=\"Dur\u00e9e de lecture estim\u00e9e\" \/>\n\t<meta name=\"twitter:data2\" content=\"5 minutes\" \/>\n<script type=\"application\/ld+json\" class=\"yoast-schema-graph\">{\"@context\":\"https:\\\/\\\/schema.org\",\"@graph\":[{\"@type\":\"Article\",\"@id\":\"https:\\\/\\\/www.altercampagne.net\\\/?p=7477#article\",\"isPartOf\":{\"@id\":\"https:\\\/\\\/www.altercampagne.net\\\/?p=7477\"},\"author\":{\"name\":\"AlterTour\",\"@id\":\"https:\\\/\\\/www.altercampagne.net\\\/#\\\/schema\\\/person\\\/e5b68c803196f649c2152249d262d94a\"},\"headline\":\"Pollution mini\u00e8res dans les C\u00e9vennes : l\u2019AlterTour roule pour la plan\u00e8te\",\"datePublished\":\"2017-08-03T20:39:34+00:00\",\"dateModified\":\"2024-10-22T12:53:38+00:00\",\"mainEntityOfPage\":{\"@id\":\"https:\\\/\\\/www.altercampagne.net\\\/?p=7477\"},\"wordCount\":920,\"image\":{\"@id\":\"https:\\\/\\\/www.altercampagne.net\\\/?p=7477#primaryimage\"},\"thumbnailUrl\":\"https:\\\/\\\/www.altercampagne.net\\\/wp-content\\\/uploads\\\/2017\\\/08\\\/2017-08-02_11.11.jpg\",\"keywords\":[\"plomb\",\"Christian Sunt\",\"Wilhem Sunt\",\"Ren\u00e9 Fauvergue\",\"Monique Fauvergue\",\"Ribaute-les-Tavernes\",\"Danielle Fournier\",\"St-F\u00e9lix-de-Palli\u00e8res\",\"Midi Libre\",\"Laurie Z\u00e9non\",\"Adrien Boudet\",\"Gard\",\"arsenic\",\"Tornac\",\"Thoiras\",\"Bess\u00e8ges\",\"Occitanie\",\"2017\",\"AlterTour 2017\",\"languedoc-roussillon\",\"C\u00e9vennes\"],\"articleSection\":[\"Auvergne-Rh\u00f4ne-Alpes\",\"Revue de presse\",\"\u00c9dition 2017\",\"Environnement\"],\"inLanguage\":\"fr-FR\"},{\"@type\":\"WebPage\",\"@id\":\"https:\\\/\\\/www.altercampagne.net\\\/?p=7477\",\"url\":\"https:\\\/\\\/www.altercampagne.net\\\/?p=7477\",\"name\":\"Pollution mini\u00e8res dans les C\u00e9vennes : l\u2019AlterTour roule pour la plan\u00e8te - AlterTour\",\"isPartOf\":{\"@id\":\"https:\\\/\\\/www.altercampagne.net\\\/#website\"},\"primaryImageOfPage\":{\"@id\":\"https:\\\/\\\/www.altercampagne.net\\\/?p=7477#primaryimage\"},\"image\":{\"@id\":\"https:\\\/\\\/www.altercampagne.net\\\/?p=7477#primaryimage\"},\"thumbnailUrl\":\"https:\\\/\\\/www.altercampagne.net\\\/wp-content\\\/uploads\\\/2017\\\/08\\\/2017-08-02_11.11.jpg\",\"datePublished\":\"2017-08-03T20:39:34+00:00\",\"dateModified\":\"2024-10-22T12:53:38+00:00\",\"author\":{\"@id\":\"https:\\\/\\\/www.altercampagne.net\\\/#\\\/schema\\\/person\\\/e5b68c803196f649c2152249d262d94a\"},\"breadcrumb\":{\"@id\":\"https:\\\/\\\/www.altercampagne.net\\\/?p=7477#breadcrumb\"},\"inLanguage\":\"fr-FR\",\"potentialAction\":[{\"@type\":\"ReadAction\",\"target\":[\"https:\\\/\\\/www.altercampagne.net\\\/?p=7477\"]}]},{\"@type\":\"ImageObject\",\"inLanguage\":\"fr-FR\",\"@id\":\"https:\\\/\\\/www.altercampagne.net\\\/?p=7477#primaryimage\",\"url\":\"https:\\\/\\\/www.altercampagne.net\\\/wp-content\\\/uploads\\\/2017\\\/08\\\/2017-08-02_11.11.jpg\",\"contentUrl\":\"https:\\\/\\\/www.altercampagne.net\\\/wp-content\\\/uploads\\\/2017\\\/08\\\/2017-08-02_11.11.jpg\",\"width\":761,\"height\":397},{\"@type\":\"BreadcrumbList\",\"@id\":\"https:\\\/\\\/www.altercampagne.net\\\/?p=7477#breadcrumb\",\"itemListElement\":[{\"@type\":\"ListItem\",\"position\":1,\"name\":\"Accueil\",\"item\":\"https:\\\/\\\/www.altercampagne.net\\\/\"},{\"@type\":\"ListItem\",\"position\":2,\"name\":\"Pollution mini\u00e8res dans les C\u00e9vennes : l\u2019AlterTour roule pour la plan\u00e8te\"}]},{\"@type\":\"WebSite\",\"@id\":\"https:\\\/\\\/www.altercampagne.net\\\/#website\",\"url\":\"https:\\\/\\\/www.altercampagne.net\\\/\",\"name\":\"AlterTour\",\"description\":\"Reliez les Alternatives \u00e0 v\u00e9lo\",\"potentialAction\":[{\"@type\":\"SearchAction\",\"target\":{\"@type\":\"EntryPoint\",\"urlTemplate\":\"https:\\\/\\\/www.altercampagne.net\\\/?s={search_term_string}\"},\"query-input\":{\"@type\":\"PropertyValueSpecification\",\"valueRequired\":true,\"valueName\":\"search_term_string\"}}],\"inLanguage\":\"fr-FR\"},{\"@type\":\"Person\",\"@id\":\"https:\\\/\\\/www.altercampagne.net\\\/#\\\/schema\\\/person\\\/e5b68c803196f649c2152249d262d94a\",\"name\":\"AlterTour\",\"image\":{\"@type\":\"ImageObject\",\"inLanguage\":\"fr-FR\",\"@id\":\"https:\\\/\\\/secure.gravatar.com\\\/avatar\\\/3f2ed77f8506b8ea264ad5938bb0114bfa10f35b64086a66dfbb6e9f58ad9693?s=96&d=mm&r=g\",\"url\":\"https:\\\/\\\/secure.gravatar.com\\\/avatar\\\/3f2ed77f8506b8ea264ad5938bb0114bfa10f35b64086a66dfbb6e9f58ad9693?s=96&d=mm&r=g\",\"contentUrl\":\"https:\\\/\\\/secure.gravatar.com\\\/avatar\\\/3f2ed77f8506b8ea264ad5938bb0114bfa10f35b64086a66dfbb6e9f58ad9693?s=96&d=mm&r=g\",\"caption\":\"AlterTour\"},\"url\":\"https:\\\/\\\/www.altercampagne.net\\\/?author=215\"}]}<\/script>\n<!-- \/ Yoast SEO plugin. -->","yoast_head_json":{"title":"Pollution mini\u00e8res dans les C\u00e9vennes : l\u2019AlterTour roule pour la plan\u00e8te - AlterTour","robots":{"index":"index","follow":"follow","max-snippet":"max-snippet:-1","max-image-preview":"max-image-preview:large","max-video-preview":"max-video-preview:-1"},"canonical":"https:\/\/www.altercampagne.net\/?p=7477","og_locale":"fr_FR","og_type":"article","og_title":"Pollution mini\u00e8res dans les C\u00e9vennes : l\u2019AlterTour roule pour la plan\u00e8te - AlterTour","og_description":"Des dizaines de cyclistes se sont faits les porte-voix des victimes de la pollution des anciennes mines de zinc et de plomb de St-F\u00e9lix-de-Palli\u00e8res. \u00ab\u00a0Pas de plomb dans le Gardon ! Pas d&rsquo;arsenic dans notre pique-nique !\u201d L&rsquo;arriv\u00e9e vers 11 h 10, ce mercredi 2 ao\u00fbt, d&rsquo;une quarantaine de cyclistes ... Read More","og_url":"https:\/\/www.altercampagne.net\/?p=7477","og_site_name":"AlterTour","article_published_time":"2017-08-03T20:39:34+00:00","article_modified_time":"2024-10-22T12:53:38+00:00","og_image":[{"width":761,"height":397,"url":"https:\/\/www.altercampagne.net\/wp-content\/uploads\/2017\/08\/2017-08-02_11.11.jpg","type":"image\/jpeg"}],"author":"AlterTour","twitter_card":"summary_large_image","twitter_misc":{"\u00c9crit par":"AlterTour","Dur\u00e9e de lecture estim\u00e9e":"5 minutes"},"schema":{"@context":"https:\/\/schema.org","@graph":[{"@type":"Article","@id":"https:\/\/www.altercampagne.net\/?p=7477#article","isPartOf":{"@id":"https:\/\/www.altercampagne.net\/?p=7477"},"author":{"name":"AlterTour","@id":"https:\/\/www.altercampagne.net\/#\/schema\/person\/e5b68c803196f649c2152249d262d94a"},"headline":"Pollution mini\u00e8res dans les C\u00e9vennes : l\u2019AlterTour roule pour la plan\u00e8te","datePublished":"2017-08-03T20:39:34+00:00","dateModified":"2024-10-22T12:53:38+00:00","mainEntityOfPage":{"@id":"https:\/\/www.altercampagne.net\/?p=7477"},"wordCount":920,"image":{"@id":"https:\/\/www.altercampagne.net\/?p=7477#primaryimage"},"thumbnailUrl":"https:\/\/www.altercampagne.net\/wp-content\/uploads\/2017\/08\/2017-08-02_11.11.jpg","keywords":["plomb","Christian Sunt","Wilhem Sunt","Ren\u00e9 Fauvergue","Monique Fauvergue","Ribaute-les-Tavernes","Danielle Fournier","St-F\u00e9lix-de-Palli\u00e8res","Midi Libre","Laurie Z\u00e9non","Adrien Boudet","Gard","arsenic","Tornac","Thoiras","Bess\u00e8ges","Occitanie","2017","AlterTour 2017","languedoc-roussillon","C\u00e9vennes"],"articleSection":["Auvergne-Rh\u00f4ne-Alpes","Revue de presse","\u00c9dition 2017","Environnement"],"inLanguage":"fr-FR"},{"@type":"WebPage","@id":"https:\/\/www.altercampagne.net\/?p=7477","url":"https:\/\/www.altercampagne.net\/?p=7477","name":"Pollution mini\u00e8res dans les C\u00e9vennes : l\u2019AlterTour roule pour la plan\u00e8te - AlterTour","isPartOf":{"@id":"https:\/\/www.altercampagne.net\/#website"},"primaryImageOfPage":{"@id":"https:\/\/www.altercampagne.net\/?p=7477#primaryimage"},"image":{"@id":"https:\/\/www.altercampagne.net\/?p=7477#primaryimage"},"thumbnailUrl":"https:\/\/www.altercampagne.net\/wp-content\/uploads\/2017\/08\/2017-08-02_11.11.jpg","datePublished":"2017-08-03T20:39:34+00:00","dateModified":"2024-10-22T12:53:38+00:00","author":{"@id":"https:\/\/www.altercampagne.net\/#\/schema\/person\/e5b68c803196f649c2152249d262d94a"},"breadcrumb":{"@id":"https:\/\/www.altercampagne.net\/?p=7477#breadcrumb"},"inLanguage":"fr-FR","potentialAction":[{"@type":"ReadAction","target":["https:\/\/www.altercampagne.net\/?p=7477"]}]},{"@type":"ImageObject","inLanguage":"fr-FR","@id":"https:\/\/www.altercampagne.net\/?p=7477#primaryimage","url":"https:\/\/www.altercampagne.net\/wp-content\/uploads\/2017\/08\/2017-08-02_11.11.jpg","contentUrl":"https:\/\/www.altercampagne.net\/wp-content\/uploads\/2017\/08\/2017-08-02_11.11.jpg","width":761,"height":397},{"@type":"BreadcrumbList","@id":"https:\/\/www.altercampagne.net\/?p=7477#breadcrumb","itemListElement":[{"@type":"ListItem","position":1,"name":"Accueil","item":"https:\/\/www.altercampagne.net\/"},{"@type":"ListItem","position":2,"name":"Pollution mini\u00e8res dans les C\u00e9vennes : l\u2019AlterTour roule pour la plan\u00e8te"}]},{"@type":"WebSite","@id":"https:\/\/www.altercampagne.net\/#website","url":"https:\/\/www.altercampagne.net\/","name":"AlterTour","description":"Reliez les Alternatives \u00e0 v\u00e9lo","potentialAction":[{"@type":"SearchAction","target":{"@type":"EntryPoint","urlTemplate":"https:\/\/www.altercampagne.net\/?s={search_term_string}"},"query-input":{"@type":"PropertyValueSpecification","valueRequired":true,"valueName":"search_term_string"}}],"inLanguage":"fr-FR"},{"@type":"Person","@id":"https:\/\/www.altercampagne.net\/#\/schema\/person\/e5b68c803196f649c2152249d262d94a","name":"AlterTour","image":{"@type":"ImageObject","inLanguage":"fr-FR","@id":"https:\/\/secure.gravatar.com\/avatar\/3f2ed77f8506b8ea264ad5938bb0114bfa10f35b64086a66dfbb6e9f58ad9693?s=96&d=mm&r=g","url":"https:\/\/secure.gravatar.com\/avatar\/3f2ed77f8506b8ea264ad5938bb0114bfa10f35b64086a66dfbb6e9f58ad9693?s=96&d=mm&r=g","contentUrl":"https:\/\/secure.gravatar.com\/avatar\/3f2ed77f8506b8ea264ad5938bb0114bfa10f35b64086a66dfbb6e9f58ad9693?s=96&d=mm&r=g","caption":"AlterTour"},"url":"https:\/\/www.altercampagne.net\/?author=215"}]}},"_links":{"self":[{"href":"https:\/\/www.altercampagne.net\/index.php?rest_route=\/wp\/v2\/posts\/7477","targetHints":{"allow":["GET"]}}],"collection":[{"href":"https:\/\/www.altercampagne.net\/index.php?rest_route=\/wp\/v2\/posts"}],"about":[{"href":"https:\/\/www.altercampagne.net\/index.php?rest_route=\/wp\/v2\/types\/post"}],"author":[{"embeddable":true,"href":"https:\/\/www.altercampagne.net\/index.php?rest_route=\/wp\/v2\/users\/215"}],"replies":[{"embeddable":true,"href":"https:\/\/www.altercampagne.net\/index.php?rest_route=%2Fwp%2Fv2%2Fcomments&post=7477"}],"version-history":[{"count":1,"href":"https:\/\/www.altercampagne.net\/index.php?rest_route=\/wp\/v2\/posts\/7477\/revisions"}],"predecessor-version":[{"id":28793,"href":"https:\/\/www.altercampagne.net\/index.php?rest_route=\/wp\/v2\/posts\/7477\/revisions\/28793"}],"wp:featuredmedia":[{"embeddable":true,"href":"https:\/\/www.altercampagne.net\/index.php?rest_route=\/wp\/v2\/media\/9480"}],"wp:attachment":[{"href":"https:\/\/www.altercampagne.net\/index.php?rest_route=%2Fwp%2Fv2%2Fmedia&parent=7477"}],"wp:term":[{"taxonomy":"category","embeddable":true,"href":"https:\/\/www.altercampagne.net\/index.php?rest_route=%2Fwp%2Fv2%2Fcategories&post=7477"},{"taxonomy":"post_tag","embeddable":true,"href":"https:\/\/www.altercampagne.net\/index.php?rest_route=%2Fwp%2Fv2%2Ftags&post=7477"}],"curies":[{"name":"wp","href":"https:\/\/api.w.org\/{rel}","templated":true}]}}