{"id":7485,"date":"2017-07-31T21:32:03","date_gmt":"2017-07-31T19:32:03","guid":{"rendered":"http:\/\/www.altercampagne.net\/?p=7485"},"modified":"2018-03-25T12:49:45","modified_gmt":"2018-03-25T10:49:45","slug":"journee-du-31-juillet-a-lancienne-mine-de-thoiras","status":"publish","type":"post","link":"https:\/\/www.altercampagne.net\/?p=7485","title":{"rendered":"Journ\u00e9e du 31 juillet \u00e0 l&rsquo;ancienne Mine de Thoiras"},"content":{"rendered":"<p><a href=\"http:\/\/www.altercampagne.net\/wp-content\/uploads\/2017\/07\/2017-07-31_09.55.11_6405.jpg\"><img loading=\"lazy\" decoding=\"async\" class=\" size-full wp-image-7766 alignright\" src=\"http:\/\/www.altercampagne.net\/wp-content\/uploads\/2017\/07\/2017-07-31_09.55.11_6405.jpg\" alt=\"2017-07-31_09.55.11_6405\" width=\"511\" height=\"761\" srcset=\"https:\/\/www.altercampagne.net\/wp-content\/uploads\/2017\/07\/2017-07-31_09.55.11_6405.jpg 511w, https:\/\/www.altercampagne.net\/wp-content\/uploads\/2017\/07\/2017-07-31_09.55.11_6405-201x300.jpg 201w\" sizes=\"auto, (max-width: 511px) 100vw, 511px\" \/><\/a>La journ\u00e9e commence par la visite de l&rsquo;ancien site de la Mine de Thoiras. Derri\u00e8re la v\u00e9g\u00e9tation certes aride mais luxuriante aux alentours de la commune, qui se douterait que ce site est hautement pollu\u00e9 par les m\u00e9taux lourds (arsenic, plomb\u2026)\u00a0?<\/p>\n<p>Avec quelques riverains victimes de leur ignorance \u00e0 l&rsquo;\u00e9poque, le collectif des <a href=\"https:\/\/www.facebook.com\/les-ZAmis-De-la-mine-605898409467858\/?ref=br_rs\" target=\"_blank\" rel=\"noopener\">Z&rsquo;amis de la Mine<\/a> install\u00e9 sur les lieux il y a environ 10 ans, a beaucoup contribu\u00e9 \u00e0 faire \u00e9clater la v\u00e9rit\u00e9 en 2014, soit environ 40 ans apr\u00e8s la fermeture de l&rsquo;exploitation mini\u00e8re.<\/p>\n<p>Mais le plus important reste \u00e0 venir\u00a0: qu&rsquo;un plan de gestion des risques soit enfin adopt\u00e9 et mis en application par l\u2019\u00c9tat.<\/p>\n<p>Ce sera l&rsquo;objet de la v\u00e9lorution dans 2 jours \u00e0 Anduze, ville tr\u00e8s touristique&#8230;\u00a0!!<\/p>\n<p>L&rsquo;apr\u00e8s-midi se poursuit par un \u00e9change avec l&rsquo;<a href=\"https:\/\/www.halemfrance.org\/\" target=\"_blank\" rel=\"noopener\">association HALEM<\/a> qui d\u00e9fend les int\u00e9r\u00eats des habitants de logement \u00e9ph\u00e9m\u00e8re ou mobiles.<\/p>\n<p>Sont concern\u00e9s les Z&rsquo;amis de la Mine, certes propri\u00e9taires des lieux mais qui malgr\u00e9 tout n&rsquo;ont pas l&rsquo;autorisation de l&rsquo;Etat pour vivre dans des habitats dits l\u00e9gers (caravanes, yourtes..) du moins pour l&rsquo;instant\u00a0: l&rsquo;audience est fix\u00e9e fin septembre.<\/p>\n<p>Leur revendication\u00a0: se voir reconna\u00eetre le droit universel au logement (tout en assumant des obligations) en obtenant un espace d\u00e9di\u00e9 par les communes dans le respect de ce choix de vie qui s&rsquo;inscrit dans une d\u00e9marche de simplicit\u00e9 volontaire ou non.<\/p>\n<p>En effet, les habitats l\u00e9gers incarnent aussi une solution peu on\u00e9reuse face aux probl\u00e9matiques actuelles du\u00a0 Travail (CDD, ch\u00f4mage, bas salaires\u2026) et du Logement insuffisant ou insalubre.<\/p>\n<p>Lors de la soir\u00e9e, est projet\u00e9 le documentaire \u00abpi\u00e8ces \u00e0 conviction\u00bb qui fut un gros coup m\u00e9diatique pour d\u00e9noncer cette pollution mini\u00e8re \u00e0 Thoiras.<\/p>\n<p style=\"text-align: right;\"><strong>Malka<\/strong><\/p>\n","protected":false},"excerpt":{"rendered":"<p>La journ\u00e9e commence par la visite de l&rsquo;ancien site de la Mine de Thoiras. Derri\u00e8re la v\u00e9g\u00e9tation certes aride mais luxuriante aux alentours de la commune, qui se douterait que ce site est hautement pollu\u00e9 par les m\u00e9taux lourds (arsenic, plomb\u2026)\u00a0? Avec quelques riverains victimes de leur ignorance \u00e0 l&rsquo;\u00e9poque, &#8230; <\/p>\n<div><a href=\"https:\/\/www.altercampagne.net\/?p=7485\" class=\"more-link\">Read More<\/a><\/div>\n","protected":false},"author":214,"featured_media":0,"comment_status":"closed","ping_status":"closed","sticky":false,"template":"","format":"standard","meta":{"footnotes":""},"categories":[3457,3486,3480],"tags":[1075,1076,1973,1995,2785,3140,3141,3168,3169],"class_list":["post-7485","post","type-post","status-publish","format-standard","hentry","category-edition-2017","category-environnement","category-occitanie","tag-gard","tag-cevennes","tag-languedoc-roussillon","tag-anduze","tag-occitanie","tag-la-mine","tag-thoiras","tag-zamis-de-la-mine","tag-halem","no-post-thumbnail"],"yoast_head":"<!-- This site is optimized with the Yoast SEO plugin v27.3 - https:\/\/yoast.com\/product\/yoast-seo-wordpress\/ -->\n<title>Journ\u00e9e du 31 juillet \u00e0 l&#039;ancienne Mine de Thoiras - AlterTour<\/title>\n<meta name=\"robots\" content=\"index, follow, max-snippet:-1, max-image-preview:large, max-video-preview:-1\" \/>\n<link rel=\"canonical\" href=\"https:\/\/www.altercampagne.net\/?p=7485\" \/>\n<meta property=\"og:locale\" content=\"fr_FR\" \/>\n<meta property=\"og:type\" content=\"article\" \/>\n<meta property=\"og:title\" content=\"Journ\u00e9e du 31 juillet \u00e0 l&#039;ancienne Mine de Thoiras - AlterTour\" \/>\n<meta property=\"og:description\" content=\"La journ\u00e9e commence par la visite de l&rsquo;ancien site de la Mine de Thoiras. Derri\u00e8re la v\u00e9g\u00e9tation certes aride mais luxuriante aux alentours de la commune, qui se douterait que ce site est hautement pollu\u00e9 par les m\u00e9taux lourds (arsenic, plomb\u2026)\u00a0? Avec quelques riverains victimes de leur ignorance \u00e0 l&rsquo;\u00e9poque, ... Read More\" \/>\n<meta property=\"og:url\" content=\"https:\/\/www.altercampagne.net\/?p=7485\" \/>\n<meta property=\"og:site_name\" content=\"AlterTour\" \/>\n<meta property=\"article:published_time\" content=\"2017-07-31T19:32:03+00:00\" \/>\n<meta property=\"article:modified_time\" content=\"2018-03-25T10:49:45+00:00\" \/>\n<meta property=\"og:image\" content=\"http:\/\/www.altercampagne.net\/wp-content\/uploads\/2017\/07\/2017-07-31_09.55.11_6405.jpg\" \/>\n<meta name=\"author\" content=\"Mathieu\" \/>\n<meta name=\"twitter:card\" content=\"summary_large_image\" \/>\n<meta name=\"twitter:label1\" content=\"\u00c9crit par\" \/>\n\t<meta name=\"twitter:data1\" content=\"Mathieu\" \/>\n\t<meta name=\"twitter:label2\" content=\"Dur\u00e9e de lecture estim\u00e9e\" \/>\n\t<meta name=\"twitter:data2\" content=\"1 minute\" \/>\n<script type=\"application\/ld+json\" class=\"yoast-schema-graph\">{\"@context\":\"https:\\\/\\\/schema.org\",\"@graph\":[{\"@type\":\"Article\",\"@id\":\"https:\\\/\\\/www.altercampagne.net\\\/?p=7485#article\",\"isPartOf\":{\"@id\":\"https:\\\/\\\/www.altercampagne.net\\\/?p=7485\"},\"author\":{\"name\":\"Mathieu\",\"@id\":\"https:\\\/\\\/www.altercampagne.net\\\/#\\\/schema\\\/person\\\/0f261460c09e430caa0f9bcffa319109\"},\"headline\":\"Journ\u00e9e du 31 juillet \u00e0 l&rsquo;ancienne Mine de Thoiras\",\"datePublished\":\"2017-07-31T19:32:03+00:00\",\"dateModified\":\"2018-03-25T10:49:45+00:00\",\"mainEntityOfPage\":{\"@id\":\"https:\\\/\\\/www.altercampagne.net\\\/?p=7485\"},\"wordCount\":321,\"image\":{\"@id\":\"https:\\\/\\\/www.altercampagne.net\\\/?p=7485#primaryimage\"},\"thumbnailUrl\":\"http:\\\/\\\/www.altercampagne.net\\\/wp-content\\\/uploads\\\/2017\\\/07\\\/2017-07-31_09.55.11_6405.jpg\",\"keywords\":[\"Gard\",\"C\u00e9vennes\",\"languedoc-roussillon\",\"Anduze\",\"Occitanie\",\"La mine\",\"Thoiras\",\"z'amis de la mine\",\"Halem\"],\"articleSection\":[\"\u00c9dition 2017\",\"Environnement\",\"Occitanie\"],\"inLanguage\":\"fr-FR\"},{\"@type\":\"WebPage\",\"@id\":\"https:\\\/\\\/www.altercampagne.net\\\/?p=7485\",\"url\":\"https:\\\/\\\/www.altercampagne.net\\\/?p=7485\",\"name\":\"Journ\u00e9e du 31 juillet \u00e0 l'ancienne Mine de Thoiras - AlterTour\",\"isPartOf\":{\"@id\":\"https:\\\/\\\/www.altercampagne.net\\\/#website\"},\"primaryImageOfPage\":{\"@id\":\"https:\\\/\\\/www.altercampagne.net\\\/?p=7485#primaryimage\"},\"image\":{\"@id\":\"https:\\\/\\\/www.altercampagne.net\\\/?p=7485#primaryimage\"},\"thumbnailUrl\":\"http:\\\/\\\/www.altercampagne.net\\\/wp-content\\\/uploads\\\/2017\\\/07\\\/2017-07-31_09.55.11_6405.jpg\",\"datePublished\":\"2017-07-31T19:32:03+00:00\",\"dateModified\":\"2018-03-25T10:49:45+00:00\",\"author\":{\"@id\":\"https:\\\/\\\/www.altercampagne.net\\\/#\\\/schema\\\/person\\\/0f261460c09e430caa0f9bcffa319109\"},\"breadcrumb\":{\"@id\":\"https:\\\/\\\/www.altercampagne.net\\\/?p=7485#breadcrumb\"},\"inLanguage\":\"fr-FR\",\"potentialAction\":[{\"@type\":\"ReadAction\",\"target\":[\"https:\\\/\\\/www.altercampagne.net\\\/?p=7485\"]}]},{\"@type\":\"ImageObject\",\"inLanguage\":\"fr-FR\",\"@id\":\"https:\\\/\\\/www.altercampagne.net\\\/?p=7485#primaryimage\",\"url\":\"http:\\\/\\\/www.altercampagne.net\\\/wp-content\\\/uploads\\\/2017\\\/07\\\/2017-07-31_09.55.11_6405.jpg\",\"contentUrl\":\"http:\\\/\\\/www.altercampagne.net\\\/wp-content\\\/uploads\\\/2017\\\/07\\\/2017-07-31_09.55.11_6405.jpg\"},{\"@type\":\"BreadcrumbList\",\"@id\":\"https:\\\/\\\/www.altercampagne.net\\\/?p=7485#breadcrumb\",\"itemListElement\":[{\"@type\":\"ListItem\",\"position\":1,\"name\":\"Accueil\",\"item\":\"https:\\\/\\\/www.altercampagne.net\\\/\"},{\"@type\":\"ListItem\",\"position\":2,\"name\":\"Journ\u00e9e du 31 juillet \u00e0 l&rsquo;ancienne Mine de Thoiras\"}]},{\"@type\":\"WebSite\",\"@id\":\"https:\\\/\\\/www.altercampagne.net\\\/#website\",\"url\":\"https:\\\/\\\/www.altercampagne.net\\\/\",\"name\":\"AlterTour\",\"description\":\"Reliez les Alternatives \u00e0 v\u00e9lo\",\"potentialAction\":[{\"@type\":\"SearchAction\",\"target\":{\"@type\":\"EntryPoint\",\"urlTemplate\":\"https:\\\/\\\/www.altercampagne.net\\\/?s={search_term_string}\"},\"query-input\":{\"@type\":\"PropertyValueSpecification\",\"valueRequired\":true,\"valueName\":\"search_term_string\"}}],\"inLanguage\":\"fr-FR\"},{\"@type\":\"Person\",\"@id\":\"https:\\\/\\\/www.altercampagne.net\\\/#\\\/schema\\\/person\\\/0f261460c09e430caa0f9bcffa319109\",\"name\":\"Mathieu\",\"image\":{\"@type\":\"ImageObject\",\"inLanguage\":\"fr-FR\",\"@id\":\"https:\\\/\\\/secure.gravatar.com\\\/avatar\\\/aa9d3d24c83f2141e5e2709d0f63d09a99f6be6bb7a50abc4915838d9f54501a?s=96&d=mm&r=g\",\"url\":\"https:\\\/\\\/secure.gravatar.com\\\/avatar\\\/aa9d3d24c83f2141e5e2709d0f63d09a99f6be6bb7a50abc4915838d9f54501a?s=96&d=mm&r=g\",\"contentUrl\":\"https:\\\/\\\/secure.gravatar.com\\\/avatar\\\/aa9d3d24c83f2141e5e2709d0f63d09a99f6be6bb7a50abc4915838d9f54501a?s=96&d=mm&r=g\",\"caption\":\"Mathieu\"},\"url\":\"https:\\\/\\\/www.altercampagne.net\\\/?author=214\"}]}<\/script>\n<!-- \/ Yoast SEO plugin. -->","yoast_head_json":{"title":"Journ\u00e9e du 31 juillet \u00e0 l'ancienne Mine de Thoiras - AlterTour","robots":{"index":"index","follow":"follow","max-snippet":"max-snippet:-1","max-image-preview":"max-image-preview:large","max-video-preview":"max-video-preview:-1"},"canonical":"https:\/\/www.altercampagne.net\/?p=7485","og_locale":"fr_FR","og_type":"article","og_title":"Journ\u00e9e du 31 juillet \u00e0 l'ancienne Mine de Thoiras - AlterTour","og_description":"La journ\u00e9e commence par la visite de l&rsquo;ancien site de la Mine de Thoiras. Derri\u00e8re la v\u00e9g\u00e9tation certes aride mais luxuriante aux alentours de la commune, qui se douterait que ce site est hautement pollu\u00e9 par les m\u00e9taux lourds (arsenic, plomb\u2026)\u00a0? Avec quelques riverains victimes de leur ignorance \u00e0 l&rsquo;\u00e9poque, ... Read More","og_url":"https:\/\/www.altercampagne.net\/?p=7485","og_site_name":"AlterTour","article_published_time":"2017-07-31T19:32:03+00:00","article_modified_time":"2018-03-25T10:49:45+00:00","og_image":[{"url":"http:\/\/www.altercampagne.net\/wp-content\/uploads\/2017\/07\/2017-07-31_09.55.11_6405.jpg","type":"","width":"","height":""}],"author":"Mathieu","twitter_card":"summary_large_image","twitter_misc":{"\u00c9crit par":"Mathieu","Dur\u00e9e de lecture estim\u00e9e":"1 minute"},"schema":{"@context":"https:\/\/schema.org","@graph":[{"@type":"Article","@id":"https:\/\/www.altercampagne.net\/?p=7485#article","isPartOf":{"@id":"https:\/\/www.altercampagne.net\/?p=7485"},"author":{"name":"Mathieu","@id":"https:\/\/www.altercampagne.net\/#\/schema\/person\/0f261460c09e430caa0f9bcffa319109"},"headline":"Journ\u00e9e du 31 juillet \u00e0 l&rsquo;ancienne Mine de Thoiras","datePublished":"2017-07-31T19:32:03+00:00","dateModified":"2018-03-25T10:49:45+00:00","mainEntityOfPage":{"@id":"https:\/\/www.altercampagne.net\/?p=7485"},"wordCount":321,"image":{"@id":"https:\/\/www.altercampagne.net\/?p=7485#primaryimage"},"thumbnailUrl":"http:\/\/www.altercampagne.net\/wp-content\/uploads\/2017\/07\/2017-07-31_09.55.11_6405.jpg","keywords":["Gard","C\u00e9vennes","languedoc-roussillon","Anduze","Occitanie","La mine","Thoiras","z'amis de la mine","Halem"],"articleSection":["\u00c9dition 2017","Environnement","Occitanie"],"inLanguage":"fr-FR"},{"@type":"WebPage","@id":"https:\/\/www.altercampagne.net\/?p=7485","url":"https:\/\/www.altercampagne.net\/?p=7485","name":"Journ\u00e9e du 31 juillet \u00e0 l'ancienne Mine de Thoiras - AlterTour","isPartOf":{"@id":"https:\/\/www.altercampagne.net\/#website"},"primaryImageOfPage":{"@id":"https:\/\/www.altercampagne.net\/?p=7485#primaryimage"},"image":{"@id":"https:\/\/www.altercampagne.net\/?p=7485#primaryimage"},"thumbnailUrl":"http:\/\/www.altercampagne.net\/wp-content\/uploads\/2017\/07\/2017-07-31_09.55.11_6405.jpg","datePublished":"2017-07-31T19:32:03+00:00","dateModified":"2018-03-25T10:49:45+00:00","author":{"@id":"https:\/\/www.altercampagne.net\/#\/schema\/person\/0f261460c09e430caa0f9bcffa319109"},"breadcrumb":{"@id":"https:\/\/www.altercampagne.net\/?p=7485#breadcrumb"},"inLanguage":"fr-FR","potentialAction":[{"@type":"ReadAction","target":["https:\/\/www.altercampagne.net\/?p=7485"]}]},{"@type":"ImageObject","inLanguage":"fr-FR","@id":"https:\/\/www.altercampagne.net\/?p=7485#primaryimage","url":"http:\/\/www.altercampagne.net\/wp-content\/uploads\/2017\/07\/2017-07-31_09.55.11_6405.jpg","contentUrl":"http:\/\/www.altercampagne.net\/wp-content\/uploads\/2017\/07\/2017-07-31_09.55.11_6405.jpg"},{"@type":"BreadcrumbList","@id":"https:\/\/www.altercampagne.net\/?p=7485#breadcrumb","itemListElement":[{"@type":"ListItem","position":1,"name":"Accueil","item":"https:\/\/www.altercampagne.net\/"},{"@type":"ListItem","position":2,"name":"Journ\u00e9e du 31 juillet \u00e0 l&rsquo;ancienne Mine de Thoiras"}]},{"@type":"WebSite","@id":"https:\/\/www.altercampagne.net\/#website","url":"https:\/\/www.altercampagne.net\/","name":"AlterTour","description":"Reliez les Alternatives \u00e0 v\u00e9lo","potentialAction":[{"@type":"SearchAction","target":{"@type":"EntryPoint","urlTemplate":"https:\/\/www.altercampagne.net\/?s={search_term_string}"},"query-input":{"@type":"PropertyValueSpecification","valueRequired":true,"valueName":"search_term_string"}}],"inLanguage":"fr-FR"},{"@type":"Person","@id":"https:\/\/www.altercampagne.net\/#\/schema\/person\/0f261460c09e430caa0f9bcffa319109","name":"Mathieu","image":{"@type":"ImageObject","inLanguage":"fr-FR","@id":"https:\/\/secure.gravatar.com\/avatar\/aa9d3d24c83f2141e5e2709d0f63d09a99f6be6bb7a50abc4915838d9f54501a?s=96&d=mm&r=g","url":"https:\/\/secure.gravatar.com\/avatar\/aa9d3d24c83f2141e5e2709d0f63d09a99f6be6bb7a50abc4915838d9f54501a?s=96&d=mm&r=g","contentUrl":"https:\/\/secure.gravatar.com\/avatar\/aa9d3d24c83f2141e5e2709d0f63d09a99f6be6bb7a50abc4915838d9f54501a?s=96&d=mm&r=g","caption":"Mathieu"},"url":"https:\/\/www.altercampagne.net\/?author=214"}]}},"_links":{"self":[{"href":"https:\/\/www.altercampagne.net\/index.php?rest_route=\/wp\/v2\/posts\/7485","targetHints":{"allow":["GET"]}}],"collection":[{"href":"https:\/\/www.altercampagne.net\/index.php?rest_route=\/wp\/v2\/posts"}],"about":[{"href":"https:\/\/www.altercampagne.net\/index.php?rest_route=\/wp\/v2\/types\/post"}],"author":[{"embeddable":true,"href":"https:\/\/www.altercampagne.net\/index.php?rest_route=\/wp\/v2\/users\/214"}],"replies":[{"embeddable":true,"href":"https:\/\/www.altercampagne.net\/index.php?rest_route=%2Fwp%2Fv2%2Fcomments&post=7485"}],"version-history":[{"count":0,"href":"https:\/\/www.altercampagne.net\/index.php?rest_route=\/wp\/v2\/posts\/7485\/revisions"}],"wp:attachment":[{"href":"https:\/\/www.altercampagne.net\/index.php?rest_route=%2Fwp%2Fv2%2Fmedia&parent=7485"}],"wp:term":[{"taxonomy":"category","embeddable":true,"href":"https:\/\/www.altercampagne.net\/index.php?rest_route=%2Fwp%2Fv2%2Fcategories&post=7485"},{"taxonomy":"post_tag","embeddable":true,"href":"https:\/\/www.altercampagne.net\/index.php?rest_route=%2Fwp%2Fv2%2Ftags&post=7485"}],"curies":[{"name":"wp","href":"https:\/\/api.w.org\/{rel}","templated":true}]}}