{"id":7487,"date":"2017-07-16T20:52:49","date_gmt":"2017-07-16T18:52:49","guid":{"rendered":"http:\/\/www.altercampagne.net\/?p=7487"},"modified":"2017-08-10T16:54:14","modified_gmt":"2017-08-10T14:54:14","slug":"lalter-tour-arriba-a-lateneu-eugenienc","status":"publish","type":"post","link":"https:\/\/www.altercampagne.net\/?p=7487","title":{"rendered":"L\u2019Alter Tour arriba a l\u2019Ateneu Eugenienc"},"content":{"rendered":"<div class=\"dest-noti-cos single\">\n<div class=\"pf-content\">\n<p>Els passats dies 13, 14 i 15 de juliol, quan els rostolls decoren les vores dels camins i sembla que enlloc no hi ha m\u00e9s vida que la que la letargia estiuenca ens deixa sentir, a<label class=\"wh_highlighted\"> Santa Eug\u00e8nia<\/label> de Ter hi ha hagut un <em>petit sisme<\/em>. Entenguem com a <em>sisme<\/em> all\u00f2 que fa que es somogui la Terra. Un moviment intern que a voltes promou canvis i que deixa darrere seu un nou aspecte que pretenem que sigui perdurable.<\/p>\n<p>Un grup dels ciclistes dels 350 que conformen l\u2019<em>Alter Tour<\/em>* ens ha visitat. Han volgut venir a Catalunya per con\u00e8ixer com ho fem per remoure consci\u00e8ncies. Des de moltes vessants, en xarxa, assemble\u00e0riament i amb l\u2019objectiu b\u00e0sic de treballar pel b\u00e9 com\u00fa. Transformant dia a dia la realitat amb la feina despr\u00e9s de la reflexi\u00f3. Sumant campanyes que una rere l\u2019altra podem assegurar que s\u00f3n les que fan de la Terra un m\u00f3n m\u00e9s just i sostenible.<\/p>\n<p>El dijous -13 de juliol- a la tarda reb\u00edem els valents que, tot i la calor, travessaven les l\u00ednies fict\u00edcies de la frontera que separen les persones i que ens volen a\u00efllades les unes de les altres. L\u2019arribada va ser tranquil\u00b7la i un cop asseguts en el magn\u00edfic Ateneu Eugenienc i aparcades les bicicletes, decid\u00edem entre totes qu\u00e8 era el que m\u00e9s ganes tenien de visitar. Humilment van escollir les hortes i el Ter, lluny de les visites tur\u00edstiques a la ciutat capital de la comarca.<\/p>\n<p>El divendres -14 de juliol- al mat\u00ed, un grup de companyes de l\u2019Ateneu Eugeninec es van despla\u00e7ar amb l\u2019<em>Alter Tour<\/em> per fer les visites. La for\u00e7a de la lluita compartida es va materialitzar just divendres a la tarda en una assemblea per donar a con\u00e8ixer cada una de les entitats** que hi vam participar. La PAH vam convocar a les entitats que, segons el perfil que volien saludar, van poder venir a la trobada. Entitats ecologistes, entitats en lluita pel dret a l\u2019habitatge i en lluita per la sobirania energ\u00e8tica i totes les sobiranies.<\/p>\n<p>Des del defensar el dret a decidir de cada poble a mantenir i desenvolupar els seus aliments tenint en compte la diversitat i la identitat, al dret i el deure a preservar el nostre entorn, aturar els projectes destructors de prospeccions, fr\u00e0cking, les campanyes del <em>No a la MAT<\/em>, divulgar i combatre el nou gasoducte de MIDCAT, la defensa del Ter, a la den\u00fancia de les el\u00e8ctriques, a la banca i els grans poders financers i de les pol\u00edtiques excloents dels drets b\u00e0sics de les fam\u00edlies i tot el que ens comporta com a persones.<\/p>\n<p>No ens acomplexa dir que ens vam sentir orgulloses de poder oferir tants contactes als visitants. D\u2019una trobada que prev\u00e8iem \u00edntima, m\u00e9s d\u2019una dotzena d\u2019entitats van presentar els seus projectes i vam poder con\u00e8ixer el seu funcionament i i petites grans vict\u00f2ries en la lluita.<\/p>\n<p>Aquest petit espai que \u00e9s l\u2019Ateneu Eugenienc vibrava d\u2019energia continguda a cada pon\u00e8ncia i encomanava la for\u00e7a i l\u2019esperan\u00e7a de la revoluci\u00f3.<\/p>\n<p>Despr\u00e9s de quasi tres hores de xerrada vam agrair l\u2019esfor\u00e7 de totes i ens vam encoratjar en les lluites individuals que condueixen a la lluita comuna, un m\u00f3n m\u00e9s just, m\u00e9s solidari, m\u00e9s sa i m\u00e9s noble, lluny d\u2019interessos privats i en defensa dels drets sobirans i en contra del poder repressiu sobre les persones i del nostre m\u00f3n.<\/p>\n<p>Per celebrar aquest final de festa, vam rematar l\u2019acte amb un sopar a la pla\u00e7a, com ens agrada fer-ho a<label class=\"wh_highlighted\"> Santa Eug\u00e8nia<\/label>. Amb un bon \u00e0pat i m\u00fasica oferta pels joves que participen a l\u2019Ateneu i que volen tamb\u00e9 mostrar que un altre m\u00f3n \u00e9s possible. Juntes.<\/p>\n<p>Gr\u00e0cies a tothom per\u00f2 sobretot, gr\u00e0cies a l\u2019<em>Alter Tour<\/em> per ajudar a trobar-nos i gr\u00e0cies<label class=\"wh_highlighted\"> Santa Eug\u00e8nia<\/label> de Ter per ser el nostre espai, el punt d\u2019uni\u00f3. No ser\u00e0 la darrera trobada, segur.<\/p>\n<p>Com a amfitriones de la trobada, PAH Giron\u00e8s hem procurat que es trobessin c\u00f2modes, hem fet de mitjanceres en unes visites al nostre espai f\u00edsic, als carrers, les places, les hortes, el Ter i finalment no hem estat m\u00e9s que mers aliades d\u2019una experi\u00e8ncia fant\u00e0stica. Vam remoure un xic i tot va prendre forma. Benvinguts aquests sismes al nostre entorn.<\/p>\n<p>Ha estat un honor i\u2026 Fins a l\u2019any vinent!<\/p>\n<p>*<em>Alter Tour<\/em>:\u00a0http:\/\/www.altercampagne.net<br \/>\n<em>Alter Tour<\/em> a Girona: http:\/\/www.altercampagne.net\/?page_id=4917&amp;route=157<br \/>\n**Entitats:<br \/>\nEcologistes en Acci\u00f3 \/ Federaci\u00f3 d\u2019entitats ecologistas: http:\/\/www.ecologistesenaccio.cat<br \/>\nNaturalistes de Girona: http:\/\/www.naturalistesgirona.org\/ca<br \/>\nAigua \u00e9s vida: http:\/\/www.aiguaesvida.org<br \/>\nNo a la MAT: https:\/\/noalamatgirona.wordpress.com<br \/>\nResposta al Midcat: http:\/\/gasoducte.blogspot.co.uk<br \/>\nXarxa per a la Sobirania Energ\u00e8tica: http:\/\/xse.cat<br \/>\nEcologistes de Catalunya: http:\/\/ecologistes.cat<br \/>\nMassa Cr\u00edtica: https:\/\/www.facebook.com\/MassaCriticaGirona<br \/>\nLes el\u00e8ctriques ens roben, qu\u00e8 fas aqu\u00ed parat?:<br \/>\nhttps:\/\/www.facebook.com\/Les-electriques-ens-roben-que-fas-aqui-parat<br \/>\nAV Santa E<i><\/i>ug\u00e8nia: https:\/\/www.facebook.com\/AVSantaeugenia<br \/>\nAteneu Eugenienc: https:\/\/www.facebook.com\/pages\/Ateneu-Eugenienc<br \/>\nPAH Giron\u00e8s: https:\/\/pahgirones.wordpress.com<br \/>\nEldimoni.com: http:\/\/www.eldimoni.com<\/p>\n<\/div>\n<\/div>\n","protected":false},"excerpt":{"rendered":"<p>Els passats dies 13, 14 i 15 de juliol, quan els rostolls decoren les vores dels camins i sembla que enlloc no hi ha m\u00e9s vida que la que la letargia estiuenca ens deixa sentir, a Santa Eug\u00e8nia de Ter hi ha hagut un petit sisme. Entenguem com a sisme &#8230; <\/p>\n<div><a href=\"https:\/\/www.altercampagne.net\/?p=7487\" class=\"more-link\">Read More<\/a><\/div>\n","protected":false},"author":214,"featured_media":0,"comment_status":"closed","ping_status":"closed","sticky":false,"template":"","format":"standard","meta":{"footnotes":""},"categories":[239],"tags":[2460,2783,2784],"class_list":["post-7487","post","type-post","status-publish","format-standard","hentry","category-revue-de-presse","tag-echappee-belle","tag-altertour-2017","tag-2784","no-post-thumbnail"],"yoast_head":"<!-- This site is optimized with the Yoast SEO plugin v27.3 - https:\/\/yoast.com\/product\/yoast-seo-wordpress\/ -->\n<title>L\u2019Alter Tour arriba a l\u2019Ateneu Eugenienc - AlterTour<\/title>\n<meta name=\"robots\" content=\"index, follow, max-snippet:-1, max-image-preview:large, max-video-preview:-1\" \/>\n<link rel=\"canonical\" href=\"https:\/\/www.altercampagne.net\/?p=7487\" \/>\n<meta property=\"og:locale\" content=\"fr_FR\" \/>\n<meta property=\"og:type\" content=\"article\" \/>\n<meta property=\"og:title\" content=\"L\u2019Alter Tour arriba a l\u2019Ateneu Eugenienc - AlterTour\" \/>\n<meta property=\"og:description\" content=\"Els passats dies 13, 14 i 15 de juliol, quan els rostolls decoren les vores dels camins i sembla que enlloc no hi ha m\u00e9s vida que la que la letargia estiuenca ens deixa sentir, a Santa Eug\u00e8nia de Ter hi ha hagut un petit sisme. Entenguem com a sisme ... Read More\" \/>\n<meta property=\"og:url\" content=\"https:\/\/www.altercampagne.net\/?p=7487\" \/>\n<meta property=\"og:site_name\" content=\"AlterTour\" \/>\n<meta property=\"article:published_time\" content=\"2017-07-16T18:52:49+00:00\" \/>\n<meta property=\"article:modified_time\" content=\"2017-08-10T14:54:14+00:00\" \/>\n<meta name=\"author\" content=\"Mathieu\" \/>\n<meta name=\"twitter:card\" content=\"summary_large_image\" \/>\n<meta name=\"twitter:label1\" content=\"\u00c9crit par\" \/>\n\t<meta name=\"twitter:data1\" content=\"Mathieu\" \/>\n\t<meta name=\"twitter:label2\" content=\"Dur\u00e9e de lecture estim\u00e9e\" \/>\n\t<meta name=\"twitter:data2\" content=\"5 minutes\" \/>\n<script type=\"application\/ld+json\" class=\"yoast-schema-graph\">{\"@context\":\"https:\\\/\\\/schema.org\",\"@graph\":[{\"@type\":\"Article\",\"@id\":\"https:\\\/\\\/www.altercampagne.net\\\/?p=7487#article\",\"isPartOf\":{\"@id\":\"https:\\\/\\\/www.altercampagne.net\\\/?p=7487\"},\"author\":{\"name\":\"Mathieu\",\"@id\":\"https:\\\/\\\/www.altercampagne.net\\\/#\\\/schema\\\/person\\\/0f261460c09e430caa0f9bcffa319109\"},\"headline\":\"L\u2019Alter Tour arriba a l\u2019Ateneu Eugenienc\",\"datePublished\":\"2017-07-16T18:52:49+00:00\",\"dateModified\":\"2017-08-10T14:54:14+00:00\",\"mainEntityOfPage\":{\"@id\":\"https:\\\/\\\/www.altercampagne.net\\\/?p=7487\"},\"wordCount\":918,\"keywords\":[\"Echapp\u00e9e Belle\",\"AlterTour 2017\",\"2017\"],\"articleSection\":[\"Revue de presse\"],\"inLanguage\":\"fr-FR\"},{\"@type\":\"WebPage\",\"@id\":\"https:\\\/\\\/www.altercampagne.net\\\/?p=7487\",\"url\":\"https:\\\/\\\/www.altercampagne.net\\\/?p=7487\",\"name\":\"L\u2019Alter Tour arriba a l\u2019Ateneu Eugenienc - AlterTour\",\"isPartOf\":{\"@id\":\"https:\\\/\\\/www.altercampagne.net\\\/#website\"},\"datePublished\":\"2017-07-16T18:52:49+00:00\",\"dateModified\":\"2017-08-10T14:54:14+00:00\",\"author\":{\"@id\":\"https:\\\/\\\/www.altercampagne.net\\\/#\\\/schema\\\/person\\\/0f261460c09e430caa0f9bcffa319109\"},\"breadcrumb\":{\"@id\":\"https:\\\/\\\/www.altercampagne.net\\\/?p=7487#breadcrumb\"},\"inLanguage\":\"fr-FR\",\"potentialAction\":[{\"@type\":\"ReadAction\",\"target\":[\"https:\\\/\\\/www.altercampagne.net\\\/?p=7487\"]}]},{\"@type\":\"BreadcrumbList\",\"@id\":\"https:\\\/\\\/www.altercampagne.net\\\/?p=7487#breadcrumb\",\"itemListElement\":[{\"@type\":\"ListItem\",\"position\":1,\"name\":\"Accueil\",\"item\":\"https:\\\/\\\/www.altercampagne.net\\\/\"},{\"@type\":\"ListItem\",\"position\":2,\"name\":\"L\u2019Alter Tour arriba a l\u2019Ateneu Eugenienc\"}]},{\"@type\":\"WebSite\",\"@id\":\"https:\\\/\\\/www.altercampagne.net\\\/#website\",\"url\":\"https:\\\/\\\/www.altercampagne.net\\\/\",\"name\":\"AlterTour\",\"description\":\"Reliez les Alternatives \u00e0 v\u00e9lo\",\"potentialAction\":[{\"@type\":\"SearchAction\",\"target\":{\"@type\":\"EntryPoint\",\"urlTemplate\":\"https:\\\/\\\/www.altercampagne.net\\\/?s={search_term_string}\"},\"query-input\":{\"@type\":\"PropertyValueSpecification\",\"valueRequired\":true,\"valueName\":\"search_term_string\"}}],\"inLanguage\":\"fr-FR\"},{\"@type\":\"Person\",\"@id\":\"https:\\\/\\\/www.altercampagne.net\\\/#\\\/schema\\\/person\\\/0f261460c09e430caa0f9bcffa319109\",\"name\":\"Mathieu\",\"image\":{\"@type\":\"ImageObject\",\"inLanguage\":\"fr-FR\",\"@id\":\"https:\\\/\\\/secure.gravatar.com\\\/avatar\\\/aa9d3d24c83f2141e5e2709d0f63d09a99f6be6bb7a50abc4915838d9f54501a?s=96&d=mm&r=g\",\"url\":\"https:\\\/\\\/secure.gravatar.com\\\/avatar\\\/aa9d3d24c83f2141e5e2709d0f63d09a99f6be6bb7a50abc4915838d9f54501a?s=96&d=mm&r=g\",\"contentUrl\":\"https:\\\/\\\/secure.gravatar.com\\\/avatar\\\/aa9d3d24c83f2141e5e2709d0f63d09a99f6be6bb7a50abc4915838d9f54501a?s=96&d=mm&r=g\",\"caption\":\"Mathieu\"},\"url\":\"https:\\\/\\\/www.altercampagne.net\\\/?author=214\"}]}<\/script>\n<!-- \/ Yoast SEO plugin. -->","yoast_head_json":{"title":"L\u2019Alter Tour arriba a l\u2019Ateneu Eugenienc - AlterTour","robots":{"index":"index","follow":"follow","max-snippet":"max-snippet:-1","max-image-preview":"max-image-preview:large","max-video-preview":"max-video-preview:-1"},"canonical":"https:\/\/www.altercampagne.net\/?p=7487","og_locale":"fr_FR","og_type":"article","og_title":"L\u2019Alter Tour arriba a l\u2019Ateneu Eugenienc - AlterTour","og_description":"Els passats dies 13, 14 i 15 de juliol, quan els rostolls decoren les vores dels camins i sembla que enlloc no hi ha m\u00e9s vida que la que la letargia estiuenca ens deixa sentir, a Santa Eug\u00e8nia de Ter hi ha hagut un petit sisme. Entenguem com a sisme ... Read More","og_url":"https:\/\/www.altercampagne.net\/?p=7487","og_site_name":"AlterTour","article_published_time":"2017-07-16T18:52:49+00:00","article_modified_time":"2017-08-10T14:54:14+00:00","author":"Mathieu","twitter_card":"summary_large_image","twitter_misc":{"\u00c9crit par":"Mathieu","Dur\u00e9e de lecture estim\u00e9e":"5 minutes"},"schema":{"@context":"https:\/\/schema.org","@graph":[{"@type":"Article","@id":"https:\/\/www.altercampagne.net\/?p=7487#article","isPartOf":{"@id":"https:\/\/www.altercampagne.net\/?p=7487"},"author":{"name":"Mathieu","@id":"https:\/\/www.altercampagne.net\/#\/schema\/person\/0f261460c09e430caa0f9bcffa319109"},"headline":"L\u2019Alter Tour arriba a l\u2019Ateneu Eugenienc","datePublished":"2017-07-16T18:52:49+00:00","dateModified":"2017-08-10T14:54:14+00:00","mainEntityOfPage":{"@id":"https:\/\/www.altercampagne.net\/?p=7487"},"wordCount":918,"keywords":["Echapp\u00e9e Belle","AlterTour 2017","2017"],"articleSection":["Revue de presse"],"inLanguage":"fr-FR"},{"@type":"WebPage","@id":"https:\/\/www.altercampagne.net\/?p=7487","url":"https:\/\/www.altercampagne.net\/?p=7487","name":"L\u2019Alter Tour arriba a l\u2019Ateneu Eugenienc - AlterTour","isPartOf":{"@id":"https:\/\/www.altercampagne.net\/#website"},"datePublished":"2017-07-16T18:52:49+00:00","dateModified":"2017-08-10T14:54:14+00:00","author":{"@id":"https:\/\/www.altercampagne.net\/#\/schema\/person\/0f261460c09e430caa0f9bcffa319109"},"breadcrumb":{"@id":"https:\/\/www.altercampagne.net\/?p=7487#breadcrumb"},"inLanguage":"fr-FR","potentialAction":[{"@type":"ReadAction","target":["https:\/\/www.altercampagne.net\/?p=7487"]}]},{"@type":"BreadcrumbList","@id":"https:\/\/www.altercampagne.net\/?p=7487#breadcrumb","itemListElement":[{"@type":"ListItem","position":1,"name":"Accueil","item":"https:\/\/www.altercampagne.net\/"},{"@type":"ListItem","position":2,"name":"L\u2019Alter Tour arriba a l\u2019Ateneu Eugenienc"}]},{"@type":"WebSite","@id":"https:\/\/www.altercampagne.net\/#website","url":"https:\/\/www.altercampagne.net\/","name":"AlterTour","description":"Reliez les Alternatives \u00e0 v\u00e9lo","potentialAction":[{"@type":"SearchAction","target":{"@type":"EntryPoint","urlTemplate":"https:\/\/www.altercampagne.net\/?s={search_term_string}"},"query-input":{"@type":"PropertyValueSpecification","valueRequired":true,"valueName":"search_term_string"}}],"inLanguage":"fr-FR"},{"@type":"Person","@id":"https:\/\/www.altercampagne.net\/#\/schema\/person\/0f261460c09e430caa0f9bcffa319109","name":"Mathieu","image":{"@type":"ImageObject","inLanguage":"fr-FR","@id":"https:\/\/secure.gravatar.com\/avatar\/aa9d3d24c83f2141e5e2709d0f63d09a99f6be6bb7a50abc4915838d9f54501a?s=96&d=mm&r=g","url":"https:\/\/secure.gravatar.com\/avatar\/aa9d3d24c83f2141e5e2709d0f63d09a99f6be6bb7a50abc4915838d9f54501a?s=96&d=mm&r=g","contentUrl":"https:\/\/secure.gravatar.com\/avatar\/aa9d3d24c83f2141e5e2709d0f63d09a99f6be6bb7a50abc4915838d9f54501a?s=96&d=mm&r=g","caption":"Mathieu"},"url":"https:\/\/www.altercampagne.net\/?author=214"}]}},"_links":{"self":[{"href":"https:\/\/www.altercampagne.net\/index.php?rest_route=\/wp\/v2\/posts\/7487","targetHints":{"allow":["GET"]}}],"collection":[{"href":"https:\/\/www.altercampagne.net\/index.php?rest_route=\/wp\/v2\/posts"}],"about":[{"href":"https:\/\/www.altercampagne.net\/index.php?rest_route=\/wp\/v2\/types\/post"}],"author":[{"embeddable":true,"href":"https:\/\/www.altercampagne.net\/index.php?rest_route=\/wp\/v2\/users\/214"}],"replies":[{"embeddable":true,"href":"https:\/\/www.altercampagne.net\/index.php?rest_route=%2Fwp%2Fv2%2Fcomments&post=7487"}],"version-history":[{"count":0,"href":"https:\/\/www.altercampagne.net\/index.php?rest_route=\/wp\/v2\/posts\/7487\/revisions"}],"wp:attachment":[{"href":"https:\/\/www.altercampagne.net\/index.php?rest_route=%2Fwp%2Fv2%2Fmedia&parent=7487"}],"wp:term":[{"taxonomy":"category","embeddable":true,"href":"https:\/\/www.altercampagne.net\/index.php?rest_route=%2Fwp%2Fv2%2Fcategories&post=7487"},{"taxonomy":"post_tag","embeddable":true,"href":"https:\/\/www.altercampagne.net\/index.php?rest_route=%2Fwp%2Fv2%2Ftags&post=7487"}],"curies":[{"name":"wp","href":"https:\/\/api.w.org\/{rel}","templated":true}]}}