{"id":7489,"date":"2017-07-24T21:56:39","date_gmt":"2017-07-24T19:56:39","guid":{"rendered":"http:\/\/www.altercampagne.net\/?p=7489"},"modified":"2018-03-25T12:54:11","modified_gmt":"2018-03-25T10:54:11","slug":"etape-du-24-juillet-beziers-villeveyrac-la-ferme-des-saveurs-la-lpo-herault-et-initiatives-citoyennes","status":"publish","type":"post","link":"https:\/\/www.altercampagne.net\/?p=7489","title":{"rendered":"\u00c9tape du 24 juillet : B\u00e9ziers \u2013 Villeveyrac : La ferme des saveurs, la Lpo H\u00e9rault et Initiatives citoyennes"},"content":{"rendered":"<p><a href=\"http:\/\/www.altercampagne.net\/wp-content\/uploads\/2017\/07\/2017-07-24_000120170724_164555.jpg\"><img loading=\"lazy\" decoding=\"async\" class=\" size-full wp-image-7775 alignleft\" src=\"http:\/\/www.altercampagne.net\/wp-content\/uploads\/2017\/07\/2017-07-24_000120170724_164555.jpg\" alt=\"2017-07-24_000120170724_164555\" width=\"447\" height=\"335\" srcset=\"https:\/\/www.altercampagne.net\/wp-content\/uploads\/2017\/07\/2017-07-24_000120170724_164555.jpg 447w, https:\/\/www.altercampagne.net\/wp-content\/uploads\/2017\/07\/2017-07-24_000120170724_164555-300x225.jpg 300w\" sizes=\"auto, (max-width: 447px) 100vw, 447px\" \/><\/a>Record battu ! r\u00e9veil \u00e0 5h30 d\u00e9part 2h plus tard et \u00e7a roule ! Un vent violent et contraire nous tourmente mais pr\u00e8s quelques corrections de l&rsquo;itin\u00e9raire des h\u00e9sitations, un passage le long du canal, arriv\u00e9e \u00e0 Villeveyrac \u00e0 la ferme des saveurs chez un \u00e9leveur de ch\u00e8vres install\u00e9 au sommet d&rsquo;une colline. Le soir\u00a0 nous avons go\u00fbt\u00e9 la production de d\u00e9licieux yaourts tout frais. Nous n&rsquo;irons pas plus loin malheureusement dans la connaissance de cette exploitation, nous avons rendez-vous avec la ligue de protection des oiseaux de l\u2019H\u00e9rault . Ils nous ont attendus pour faire un rel\u00e2ch\u00e9 de 6 faucons cr\u00e9cerelles qui \u00e9taient en soins \u00e0 la LPO. Les oiseaux h\u00e9sitent un peu et s&rsquo;envolent: c&rsquo;est leur premier vol \u00e0 l&rsquo;air libre, avant ils \u00e9taient dans les voli\u00e8res que nous apercevons de loin. Moment d&rsquo;\u00e9motion et de photos. Nous avons ensuite une visite p\u00e9dagogique du jardin et un ap\u00e9ro de fin bien sympa!<br \/>\nLe soir c&rsquo;est Louis qui vient \u00e0 notre rencontre pour tracer la lutte du collectif contre Hinterland. Hinterland est un gros projet conduit par la r\u00e9gion Occitanie. Le port de S\u00e8te aurait besoin pour se d\u00e9velopper de bases \u00e0 terre, et il existe un\u00a0 projet d\u2019extension du port. l\u2019association \u00ab Initiatives citoyennes \u00bb (ancien collectif \u00ab Non \u00e0 l\u2019hinterland \u00bb) conteste ce projet jug\u00e9 inutile et propose de transformer cette op\u00e9ration de sp\u00e9culation fonci\u00e8re en projet exemplaire pour la pr\u00e9servation des terres agricoles et de l\u2019environnement. A une r\u00e9serve fonci\u00e8re sans objet, l\u2019association propose de substituer un v\u00e9ritable projet agro-\u00e9cologique avec des fermes paysannes et un centre de formation. La lutte n&rsquo;est donc pas seulement d\u00e9fensive &#8230; tiens tiens, cela rappelle d&rsquo;autres luttes pour le maintien de terres agricoles&#8230;<\/p>\n<p>D&rsquo;ailleurs, entre temps, nous avons \u00e9t\u00e9 livr\u00e9s de l\u00e9gumes bios tout frais et g\u00e9n\u00e9reusement pes\u00e9s par un agriculteur engag\u00e9 qui ne m\u00e9nage pas son temps tout comme Yann, un des altercyclistes bien connus qui jusque tard dans la nuit r\u00e9pare la fourche de la remorque \u00e0 v\u00e9los et soude, seule lumi\u00e8re dans le noir.<\/p>\n<p style=\"text-align: right;\"><strong>Danielle <\/strong><\/p>\n","protected":false},"excerpt":{"rendered":"<p>Record battu ! r\u00e9veil \u00e0 5h30 d\u00e9part 2h plus tard et \u00e7a roule ! Un vent violent et contraire nous tourmente mais pr\u00e8s quelques corrections de l&rsquo;itin\u00e9raire des h\u00e9sitations, un passage le long du canal, arriv\u00e9e \u00e0 Villeveyrac \u00e0 la ferme des saveurs chez un \u00e9leveur de ch\u00e8vres install\u00e9 au &#8230; <\/p>\n<div><a href=\"https:\/\/www.altercampagne.net\/?p=7489\" class=\"more-link\">Read More<\/a><\/div>\n","protected":false},"author":214,"featured_media":0,"comment_status":"closed","ping_status":"closed","sticky":false,"template":"","format":"standard","meta":{"footnotes":""},"categories":[3483,3457,3486,3480],"tags":[1972,1973,2785,2980,3028,3029,3170,3171,3299],"class_list":["post-7489","post","type-post","status-publish","format-standard","hentry","category-agriculture","category-edition-2017","category-environnement","category-occitanie","tag-herault","tag-languedoc-roussillon","tag-occitanie","tag-ferme-des-saveurs","tag-lpo-herault","tag-villeveyrac","tag-initiatives-citoyennes","tag-la-ferme-des-saveurs","tag-non-a-hinterland","no-post-thumbnail"],"yoast_head":"<!-- This site is optimized with the Yoast SEO plugin v27.3 - https:\/\/yoast.com\/product\/yoast-seo-wordpress\/ -->\n<title>\u00c9tape du 24 juillet : B\u00e9ziers \u2013 Villeveyrac : La ferme des saveurs, la Lpo H\u00e9rault et Initiatives citoyennes - AlterTour<\/title>\n<meta name=\"robots\" content=\"index, follow, max-snippet:-1, max-image-preview:large, max-video-preview:-1\" \/>\n<link rel=\"canonical\" href=\"https:\/\/www.altercampagne.net\/?p=7489\" \/>\n<meta property=\"og:locale\" content=\"fr_FR\" \/>\n<meta property=\"og:type\" content=\"article\" \/>\n<meta property=\"og:title\" content=\"\u00c9tape du 24 juillet : B\u00e9ziers \u2013 Villeveyrac : La ferme des saveurs, la Lpo H\u00e9rault et Initiatives citoyennes - AlterTour\" \/>\n<meta property=\"og:description\" content=\"Record battu ! r\u00e9veil \u00e0 5h30 d\u00e9part 2h plus tard et \u00e7a roule ! Un vent violent et contraire nous tourmente mais pr\u00e8s quelques corrections de l&rsquo;itin\u00e9raire des h\u00e9sitations, un passage le long du canal, arriv\u00e9e \u00e0 Villeveyrac \u00e0 la ferme des saveurs chez un \u00e9leveur de ch\u00e8vres install\u00e9 au ... Read More\" \/>\n<meta property=\"og:url\" content=\"https:\/\/www.altercampagne.net\/?p=7489\" \/>\n<meta property=\"og:site_name\" content=\"AlterTour\" \/>\n<meta property=\"article:published_time\" content=\"2017-07-24T19:56:39+00:00\" \/>\n<meta property=\"article:modified_time\" content=\"2018-03-25T10:54:11+00:00\" \/>\n<meta property=\"og:image\" content=\"http:\/\/www.altercampagne.net\/wp-content\/uploads\/2017\/07\/2017-07-24_000120170724_164555.jpg\" \/>\n<meta name=\"author\" content=\"Mathieu\" \/>\n<meta name=\"twitter:card\" content=\"summary_large_image\" \/>\n<meta name=\"twitter:label1\" content=\"\u00c9crit par\" \/>\n\t<meta name=\"twitter:data1\" content=\"Mathieu\" \/>\n\t<meta name=\"twitter:label2\" content=\"Dur\u00e9e de lecture estim\u00e9e\" \/>\n\t<meta name=\"twitter:data2\" content=\"2 minutes\" \/>\n<script type=\"application\/ld+json\" class=\"yoast-schema-graph\">{\"@context\":\"https:\\\/\\\/schema.org\",\"@graph\":[{\"@type\":\"Article\",\"@id\":\"https:\\\/\\\/www.altercampagne.net\\\/?p=7489#article\",\"isPartOf\":{\"@id\":\"https:\\\/\\\/www.altercampagne.net\\\/?p=7489\"},\"author\":{\"name\":\"Mathieu\",\"@id\":\"https:\\\/\\\/www.altercampagne.net\\\/#\\\/schema\\\/person\\\/0f261460c09e430caa0f9bcffa319109\"},\"headline\":\"\u00c9tape du 24 juillet : B\u00e9ziers \u2013 Villeveyrac : La ferme des saveurs, la Lpo H\u00e9rault et Initiatives citoyennes\",\"datePublished\":\"2017-07-24T19:56:39+00:00\",\"dateModified\":\"2018-03-25T10:54:11+00:00\",\"mainEntityOfPage\":{\"@id\":\"https:\\\/\\\/www.altercampagne.net\\\/?p=7489\"},\"wordCount\":391,\"image\":{\"@id\":\"https:\\\/\\\/www.altercampagne.net\\\/?p=7489#primaryimage\"},\"thumbnailUrl\":\"http:\\\/\\\/www.altercampagne.net\\\/wp-content\\\/uploads\\\/2017\\\/07\\\/2017-07-24_000120170724_164555.jpg\",\"keywords\":[\"h\u00e9rault\",\"languedoc-roussillon\",\"Occitanie\",\"Ferme des Saveurs\",\"LPO H\u00e9rault\",\"Villeveyrac\",\"Initiatives citoyennes\",\"La ferme des saveurs\",\"Non \u00e0 Hinterland\"],\"articleSection\":[\"Agriculture\",\"\u00c9dition 2017\",\"Environnement\",\"Occitanie\"],\"inLanguage\":\"fr-FR\"},{\"@type\":\"WebPage\",\"@id\":\"https:\\\/\\\/www.altercampagne.net\\\/?p=7489\",\"url\":\"https:\\\/\\\/www.altercampagne.net\\\/?p=7489\",\"name\":\"\u00c9tape du 24 juillet : B\u00e9ziers \u2013 Villeveyrac : La ferme des saveurs, la Lpo H\u00e9rault et Initiatives citoyennes - AlterTour\",\"isPartOf\":{\"@id\":\"https:\\\/\\\/www.altercampagne.net\\\/#website\"},\"primaryImageOfPage\":{\"@id\":\"https:\\\/\\\/www.altercampagne.net\\\/?p=7489#primaryimage\"},\"image\":{\"@id\":\"https:\\\/\\\/www.altercampagne.net\\\/?p=7489#primaryimage\"},\"thumbnailUrl\":\"http:\\\/\\\/www.altercampagne.net\\\/wp-content\\\/uploads\\\/2017\\\/07\\\/2017-07-24_000120170724_164555.jpg\",\"datePublished\":\"2017-07-24T19:56:39+00:00\",\"dateModified\":\"2018-03-25T10:54:11+00:00\",\"author\":{\"@id\":\"https:\\\/\\\/www.altercampagne.net\\\/#\\\/schema\\\/person\\\/0f261460c09e430caa0f9bcffa319109\"},\"breadcrumb\":{\"@id\":\"https:\\\/\\\/www.altercampagne.net\\\/?p=7489#breadcrumb\"},\"inLanguage\":\"fr-FR\",\"potentialAction\":[{\"@type\":\"ReadAction\",\"target\":[\"https:\\\/\\\/www.altercampagne.net\\\/?p=7489\"]}]},{\"@type\":\"ImageObject\",\"inLanguage\":\"fr-FR\",\"@id\":\"https:\\\/\\\/www.altercampagne.net\\\/?p=7489#primaryimage\",\"url\":\"http:\\\/\\\/www.altercampagne.net\\\/wp-content\\\/uploads\\\/2017\\\/07\\\/2017-07-24_000120170724_164555.jpg\",\"contentUrl\":\"http:\\\/\\\/www.altercampagne.net\\\/wp-content\\\/uploads\\\/2017\\\/07\\\/2017-07-24_000120170724_164555.jpg\"},{\"@type\":\"BreadcrumbList\",\"@id\":\"https:\\\/\\\/www.altercampagne.net\\\/?p=7489#breadcrumb\",\"itemListElement\":[{\"@type\":\"ListItem\",\"position\":1,\"name\":\"Accueil\",\"item\":\"https:\\\/\\\/www.altercampagne.net\\\/\"},{\"@type\":\"ListItem\",\"position\":2,\"name\":\"\u00c9tape du 24 juillet : B\u00e9ziers \u2013 Villeveyrac : La ferme des saveurs, la Lpo H\u00e9rault et Initiatives citoyennes\"}]},{\"@type\":\"WebSite\",\"@id\":\"https:\\\/\\\/www.altercampagne.net\\\/#website\",\"url\":\"https:\\\/\\\/www.altercampagne.net\\\/\",\"name\":\"AlterTour\",\"description\":\"Reliez les Alternatives \u00e0 v\u00e9lo\",\"potentialAction\":[{\"@type\":\"SearchAction\",\"target\":{\"@type\":\"EntryPoint\",\"urlTemplate\":\"https:\\\/\\\/www.altercampagne.net\\\/?s={search_term_string}\"},\"query-input\":{\"@type\":\"PropertyValueSpecification\",\"valueRequired\":true,\"valueName\":\"search_term_string\"}}],\"inLanguage\":\"fr-FR\"},{\"@type\":\"Person\",\"@id\":\"https:\\\/\\\/www.altercampagne.net\\\/#\\\/schema\\\/person\\\/0f261460c09e430caa0f9bcffa319109\",\"name\":\"Mathieu\",\"image\":{\"@type\":\"ImageObject\",\"inLanguage\":\"fr-FR\",\"@id\":\"https:\\\/\\\/secure.gravatar.com\\\/avatar\\\/aa9d3d24c83f2141e5e2709d0f63d09a99f6be6bb7a50abc4915838d9f54501a?s=96&d=mm&r=g\",\"url\":\"https:\\\/\\\/secure.gravatar.com\\\/avatar\\\/aa9d3d24c83f2141e5e2709d0f63d09a99f6be6bb7a50abc4915838d9f54501a?s=96&d=mm&r=g\",\"contentUrl\":\"https:\\\/\\\/secure.gravatar.com\\\/avatar\\\/aa9d3d24c83f2141e5e2709d0f63d09a99f6be6bb7a50abc4915838d9f54501a?s=96&d=mm&r=g\",\"caption\":\"Mathieu\"},\"url\":\"https:\\\/\\\/www.altercampagne.net\\\/?author=214\"}]}<\/script>\n<!-- \/ Yoast SEO plugin. -->","yoast_head_json":{"title":"\u00c9tape du 24 juillet : B\u00e9ziers \u2013 Villeveyrac : La ferme des saveurs, la Lpo H\u00e9rault et Initiatives citoyennes - AlterTour","robots":{"index":"index","follow":"follow","max-snippet":"max-snippet:-1","max-image-preview":"max-image-preview:large","max-video-preview":"max-video-preview:-1"},"canonical":"https:\/\/www.altercampagne.net\/?p=7489","og_locale":"fr_FR","og_type":"article","og_title":"\u00c9tape du 24 juillet : B\u00e9ziers \u2013 Villeveyrac : La ferme des saveurs, la Lpo H\u00e9rault et Initiatives citoyennes - AlterTour","og_description":"Record battu ! r\u00e9veil \u00e0 5h30 d\u00e9part 2h plus tard et \u00e7a roule ! Un vent violent et contraire nous tourmente mais pr\u00e8s quelques corrections de l&rsquo;itin\u00e9raire des h\u00e9sitations, un passage le long du canal, arriv\u00e9e \u00e0 Villeveyrac \u00e0 la ferme des saveurs chez un \u00e9leveur de ch\u00e8vres install\u00e9 au ... Read More","og_url":"https:\/\/www.altercampagne.net\/?p=7489","og_site_name":"AlterTour","article_published_time":"2017-07-24T19:56:39+00:00","article_modified_time":"2018-03-25T10:54:11+00:00","og_image":[{"url":"http:\/\/www.altercampagne.net\/wp-content\/uploads\/2017\/07\/2017-07-24_000120170724_164555.jpg","type":"","width":"","height":""}],"author":"Mathieu","twitter_card":"summary_large_image","twitter_misc":{"\u00c9crit par":"Mathieu","Dur\u00e9e de lecture estim\u00e9e":"2 minutes"},"schema":{"@context":"https:\/\/schema.org","@graph":[{"@type":"Article","@id":"https:\/\/www.altercampagne.net\/?p=7489#article","isPartOf":{"@id":"https:\/\/www.altercampagne.net\/?p=7489"},"author":{"name":"Mathieu","@id":"https:\/\/www.altercampagne.net\/#\/schema\/person\/0f261460c09e430caa0f9bcffa319109"},"headline":"\u00c9tape du 24 juillet : B\u00e9ziers \u2013 Villeveyrac : La ferme des saveurs, la Lpo H\u00e9rault et Initiatives citoyennes","datePublished":"2017-07-24T19:56:39+00:00","dateModified":"2018-03-25T10:54:11+00:00","mainEntityOfPage":{"@id":"https:\/\/www.altercampagne.net\/?p=7489"},"wordCount":391,"image":{"@id":"https:\/\/www.altercampagne.net\/?p=7489#primaryimage"},"thumbnailUrl":"http:\/\/www.altercampagne.net\/wp-content\/uploads\/2017\/07\/2017-07-24_000120170724_164555.jpg","keywords":["h\u00e9rault","languedoc-roussillon","Occitanie","Ferme des Saveurs","LPO H\u00e9rault","Villeveyrac","Initiatives citoyennes","La ferme des saveurs","Non \u00e0 Hinterland"],"articleSection":["Agriculture","\u00c9dition 2017","Environnement","Occitanie"],"inLanguage":"fr-FR"},{"@type":"WebPage","@id":"https:\/\/www.altercampagne.net\/?p=7489","url":"https:\/\/www.altercampagne.net\/?p=7489","name":"\u00c9tape du 24 juillet : B\u00e9ziers \u2013 Villeveyrac : La ferme des saveurs, la Lpo H\u00e9rault et Initiatives citoyennes - AlterTour","isPartOf":{"@id":"https:\/\/www.altercampagne.net\/#website"},"primaryImageOfPage":{"@id":"https:\/\/www.altercampagne.net\/?p=7489#primaryimage"},"image":{"@id":"https:\/\/www.altercampagne.net\/?p=7489#primaryimage"},"thumbnailUrl":"http:\/\/www.altercampagne.net\/wp-content\/uploads\/2017\/07\/2017-07-24_000120170724_164555.jpg","datePublished":"2017-07-24T19:56:39+00:00","dateModified":"2018-03-25T10:54:11+00:00","author":{"@id":"https:\/\/www.altercampagne.net\/#\/schema\/person\/0f261460c09e430caa0f9bcffa319109"},"breadcrumb":{"@id":"https:\/\/www.altercampagne.net\/?p=7489#breadcrumb"},"inLanguage":"fr-FR","potentialAction":[{"@type":"ReadAction","target":["https:\/\/www.altercampagne.net\/?p=7489"]}]},{"@type":"ImageObject","inLanguage":"fr-FR","@id":"https:\/\/www.altercampagne.net\/?p=7489#primaryimage","url":"http:\/\/www.altercampagne.net\/wp-content\/uploads\/2017\/07\/2017-07-24_000120170724_164555.jpg","contentUrl":"http:\/\/www.altercampagne.net\/wp-content\/uploads\/2017\/07\/2017-07-24_000120170724_164555.jpg"},{"@type":"BreadcrumbList","@id":"https:\/\/www.altercampagne.net\/?p=7489#breadcrumb","itemListElement":[{"@type":"ListItem","position":1,"name":"Accueil","item":"https:\/\/www.altercampagne.net\/"},{"@type":"ListItem","position":2,"name":"\u00c9tape du 24 juillet : B\u00e9ziers \u2013 Villeveyrac : La ferme des saveurs, la Lpo H\u00e9rault et Initiatives citoyennes"}]},{"@type":"WebSite","@id":"https:\/\/www.altercampagne.net\/#website","url":"https:\/\/www.altercampagne.net\/","name":"AlterTour","description":"Reliez les Alternatives \u00e0 v\u00e9lo","potentialAction":[{"@type":"SearchAction","target":{"@type":"EntryPoint","urlTemplate":"https:\/\/www.altercampagne.net\/?s={search_term_string}"},"query-input":{"@type":"PropertyValueSpecification","valueRequired":true,"valueName":"search_term_string"}}],"inLanguage":"fr-FR"},{"@type":"Person","@id":"https:\/\/www.altercampagne.net\/#\/schema\/person\/0f261460c09e430caa0f9bcffa319109","name":"Mathieu","image":{"@type":"ImageObject","inLanguage":"fr-FR","@id":"https:\/\/secure.gravatar.com\/avatar\/aa9d3d24c83f2141e5e2709d0f63d09a99f6be6bb7a50abc4915838d9f54501a?s=96&d=mm&r=g","url":"https:\/\/secure.gravatar.com\/avatar\/aa9d3d24c83f2141e5e2709d0f63d09a99f6be6bb7a50abc4915838d9f54501a?s=96&d=mm&r=g","contentUrl":"https:\/\/secure.gravatar.com\/avatar\/aa9d3d24c83f2141e5e2709d0f63d09a99f6be6bb7a50abc4915838d9f54501a?s=96&d=mm&r=g","caption":"Mathieu"},"url":"https:\/\/www.altercampagne.net\/?author=214"}]}},"_links":{"self":[{"href":"https:\/\/www.altercampagne.net\/index.php?rest_route=\/wp\/v2\/posts\/7489","targetHints":{"allow":["GET"]}}],"collection":[{"href":"https:\/\/www.altercampagne.net\/index.php?rest_route=\/wp\/v2\/posts"}],"about":[{"href":"https:\/\/www.altercampagne.net\/index.php?rest_route=\/wp\/v2\/types\/post"}],"author":[{"embeddable":true,"href":"https:\/\/www.altercampagne.net\/index.php?rest_route=\/wp\/v2\/users\/214"}],"replies":[{"embeddable":true,"href":"https:\/\/www.altercampagne.net\/index.php?rest_route=%2Fwp%2Fv2%2Fcomments&post=7489"}],"version-history":[{"count":0,"href":"https:\/\/www.altercampagne.net\/index.php?rest_route=\/wp\/v2\/posts\/7489\/revisions"}],"wp:attachment":[{"href":"https:\/\/www.altercampagne.net\/index.php?rest_route=%2Fwp%2Fv2%2Fmedia&parent=7489"}],"wp:term":[{"taxonomy":"category","embeddable":true,"href":"https:\/\/www.altercampagne.net\/index.php?rest_route=%2Fwp%2Fv2%2Fcategories&post=7489"},{"taxonomy":"post_tag","embeddable":true,"href":"https:\/\/www.altercampagne.net\/index.php?rest_route=%2Fwp%2Fv2%2Ftags&post=7489"}],"curies":[{"name":"wp","href":"https:\/\/api.w.org\/{rel}","templated":true}]}}