{"id":7491,"date":"2017-07-30T20:12:52","date_gmt":"2017-07-30T18:12:52","guid":{"rendered":"http:\/\/www.altercampagne.net\/?p=7491"},"modified":"2018-03-25T12:50:26","modified_gmt":"2018-03-25T10:50:26","slug":"etape-du-30-juillet-aujargues-thoiras-le-collectif-de-la-mine","status":"publish","type":"post","link":"https:\/\/www.altercampagne.net\/?p=7491","title":{"rendered":"\u00c9tape du 30 juillet : Aujargues &#8211; Thoiras : Le Collectif de la Mine"},"content":{"rendered":"<p><a href=\"http:\/\/www.altercampagne.net\/wp-content\/uploads\/2017\/07\/2017-07-31_09.50.02_7589.jpg\"><img loading=\"lazy\" decoding=\"async\" class=\"aligncenter size-full wp-image-7779\" src=\"http:\/\/www.altercampagne.net\/wp-content\/uploads\/2017\/07\/2017-07-31_09.50.02_7589.jpg\" alt=\"2017-07-31_09.50.02_7589\" width=\"837\" height=\"557\" srcset=\"https:\/\/www.altercampagne.net\/wp-content\/uploads\/2017\/07\/2017-07-31_09.50.02_7589.jpg 837w, https:\/\/www.altercampagne.net\/wp-content\/uploads\/2017\/07\/2017-07-31_09.50.02_7589-300x200.jpg 300w\" sizes=\"auto, (max-width: 837px) 100vw, 837px\" \/><\/a>Ce matin les alter cyclistes sont sortis de la clairi\u00e8re accueillante o\u00f9 vit Joaquim&#8230; Un peu \u00e0 regret, le soleil tape fort et le vent est pr\u00e9sent. Aujourd\u2019hui, proposition de se disposer \u00ab\u00a0en carquois\u00a0\u00bb,\u00a0 une formation propos\u00e9e par\u00a0 Isabelle et Philippe, nos deux guides bien visibles chacun avec sa carriole originale. Et derri\u00e8re, c&rsquo;est d\u00e9cid\u00e9,\u00a0\u00bb le premier altercycliste sera la premi\u00e8re \u00ab\u00a0fl\u00e8che\u00a0\u00bb. Ah!,\u00a0 la fl\u00e8che, objet d&rsquo;un cercle de parole hier sur la s\u00e9curit\u00e9&#8230;<\/p>\n<p>Bref nous voici arriv\u00e9s sur les bords du viderle o\u00f9 nous attendent un bon repas servi au bord de l&rsquo;eau et un bain improvis\u00e9 .Ensuite d\u00e9part en plein soleil, des mont\u00e9es plus marqu\u00e9es, des descentes. Nous voici arriv\u00e9es dans les C\u00e9vennes, la v\u00e9g\u00e9tation change, plus verte, et les maisons en pierre sont plus basses et plus massives. Nous voici arriv\u00e9s \u00e0 l&rsquo;\u00e9tape: l&rsquo;association La mine. L&rsquo;arriv\u00e9e est d\u00e9concertante parce que nous lisons des panneaux rouges : \u00a0\u00bb danger ancien site de mine, pollution au m\u00e9taux lourds. Ne pas stationner. Ne pas cueillir de v\u00e9g\u00e9taux . Ne pas s&rsquo;\u00e9loigner des sentiers balis\u00e9s\u00a0\u00bb. Une s\u00e9rie d&rsquo;interdictions qui nous rend circonspects d&rsquo;autant que nous sommes entour\u00e9s de caravanes un peu d\u00e9fonc\u00e9es, de cars, de gros camions, un monde qui d\u00e9tonne&#8230;<\/p>\n<p>Une fois les tentes plant\u00e9es gr\u00e2ce \u00e0 Mathilde qui dirige cette association et Willem qui en est l&rsquo;animateur,\u00a0 nous comprenons ce qui se passe. L&rsquo;entreprise Umicore a ferm\u00e9 dans les ann\u00e9es 70. Cette entreprise belge a\u00a0 exploit\u00e9 cette mine de plomb, de nickel, de cadmium, de m\u00e9taux lourds que l&rsquo;on extrait gr\u00e2ce \u00e0 de l&rsquo;arsenic entre autres, a produit des r\u00e9sidus acides qui ensuite lorsqu&rsquo;il pleut et que tout cela ravine eh bien s&rsquo;en vont dans les rivi\u00e8res locale comme le Gardon ou vers aigues-mortes. Depuis 15 ans il y a un habitat informel sur ce lieu et, en 1999 le collectif compos\u00e9 de 12 personnes en groupement foncier agricole a pu acheter une partie du terrain . Ce n&rsquo;est qu&rsquo;ensuite qu&rsquo;on a d\u00e9couvert la pollution, cach\u00e9e \u00e0 la va vite sous une couche de terre et de pins replant\u00e9s sur la colline. Il y a donc un double enjeu l&rsquo;un autour de la rem\u00e9diation du site et\u00a0 de la pollution aux m\u00e9taux lourds et l&rsquo;autre autour des installations nomades&#8230; Heureusement le collectif a pr\u00e9vu une soir\u00e9e musicale pour nous accueillir, ce qui fait oublier quelques temps les 9 millions de sable gris enfouis sur le site et les 350 000 sites pollu\u00e9s en France.<\/p>\n<p style=\"text-align: right;\"><strong>Danielle<\/strong><\/p>\n","protected":false},"excerpt":{"rendered":"<p>Ce matin les alter cyclistes sont sortis de la clairi\u00e8re accueillante o\u00f9 vit Joaquim&#8230; Un peu \u00e0 regret, le soleil tape fort et le vent est pr\u00e9sent. Aujourd\u2019hui, proposition de se disposer \u00ab\u00a0en carquois\u00a0\u00bb,\u00a0 une formation propos\u00e9e par\u00a0 Isabelle et Philippe, nos deux guides bien visibles chacun avec sa carriole &#8230; <\/p>\n<div><a href=\"https:\/\/www.altercampagne.net\/?p=7491\" class=\"more-link\">Read More<\/a><\/div>\n","protected":false},"author":214,"featured_media":0,"comment_status":"closed","ping_status":"closed","sticky":false,"template":"","format":"standard","meta":{"footnotes":""},"categories":[3457,3486,3480],"tags":[1075,1076,1973,2783,2784,3040,3140,3141,3168,3173],"class_list":["post-7491","post","type-post","status-publish","format-standard","hentry","category-edition-2017","category-environnement","category-occitanie","tag-gard","tag-cevennes","tag-languedoc-roussillon","tag-altertour-2017","tag-2784","tag-occiatanie","tag-la-mine","tag-thoiras","tag-zamis-de-la-mine","tag-umicore","no-post-thumbnail"],"yoast_head":"<!-- This site is optimized with the Yoast SEO plugin v27.3 - https:\/\/yoast.com\/product\/yoast-seo-wordpress\/ -->\n<title>\u00c9tape du 30 juillet : Aujargues - Thoiras : Le Collectif de la Mine - AlterTour<\/title>\n<meta name=\"robots\" content=\"index, follow, max-snippet:-1, max-image-preview:large, max-video-preview:-1\" \/>\n<link rel=\"canonical\" href=\"https:\/\/www.altercampagne.net\/?p=7491\" \/>\n<meta property=\"og:locale\" content=\"fr_FR\" \/>\n<meta property=\"og:type\" content=\"article\" \/>\n<meta property=\"og:title\" content=\"\u00c9tape du 30 juillet : Aujargues - Thoiras : Le Collectif de la Mine - AlterTour\" \/>\n<meta property=\"og:description\" content=\"Ce matin les alter cyclistes sont sortis de la clairi\u00e8re accueillante o\u00f9 vit Joaquim&#8230; Un peu \u00e0 regret, le soleil tape fort et le vent est pr\u00e9sent. Aujourd\u2019hui, proposition de se disposer \u00ab\u00a0en carquois\u00a0\u00bb,\u00a0 une formation propos\u00e9e par\u00a0 Isabelle et Philippe, nos deux guides bien visibles chacun avec sa carriole ... Read More\" \/>\n<meta property=\"og:url\" content=\"https:\/\/www.altercampagne.net\/?p=7491\" \/>\n<meta property=\"og:site_name\" content=\"AlterTour\" \/>\n<meta property=\"article:published_time\" content=\"2017-07-30T18:12:52+00:00\" \/>\n<meta property=\"article:modified_time\" content=\"2018-03-25T10:50:26+00:00\" \/>\n<meta property=\"og:image\" content=\"http:\/\/www.altercampagne.net\/wp-content\/uploads\/2017\/07\/2017-07-31_09.50.02_7589.jpg\" \/>\n<meta name=\"author\" content=\"Mathieu\" \/>\n<meta name=\"twitter:card\" content=\"summary_large_image\" \/>\n<meta name=\"twitter:label1\" content=\"\u00c9crit par\" \/>\n\t<meta name=\"twitter:data1\" content=\"Mathieu\" \/>\n\t<meta name=\"twitter:label2\" content=\"Dur\u00e9e de lecture estim\u00e9e\" \/>\n\t<meta name=\"twitter:data2\" content=\"2 minutes\" \/>\n<script type=\"application\/ld+json\" class=\"yoast-schema-graph\">{\"@context\":\"https:\\\/\\\/schema.org\",\"@graph\":[{\"@type\":\"Article\",\"@id\":\"https:\\\/\\\/www.altercampagne.net\\\/?p=7491#article\",\"isPartOf\":{\"@id\":\"https:\\\/\\\/www.altercampagne.net\\\/?p=7491\"},\"author\":{\"name\":\"Mathieu\",\"@id\":\"https:\\\/\\\/www.altercampagne.net\\\/#\\\/schema\\\/person\\\/0f261460c09e430caa0f9bcffa319109\"},\"headline\":\"\u00c9tape du 30 juillet : Aujargues &#8211; Thoiras : Le Collectif de la Mine\",\"datePublished\":\"2017-07-30T18:12:52+00:00\",\"dateModified\":\"2018-03-25T10:50:26+00:00\",\"mainEntityOfPage\":{\"@id\":\"https:\\\/\\\/www.altercampagne.net\\\/?p=7491\"},\"wordCount\":467,\"image\":{\"@id\":\"https:\\\/\\\/www.altercampagne.net\\\/?p=7491#primaryimage\"},\"thumbnailUrl\":\"http:\\\/\\\/www.altercampagne.net\\\/wp-content\\\/uploads\\\/2017\\\/07\\\/2017-07-31_09.50.02_7589.jpg\",\"keywords\":[\"Gard\",\"C\u00e9vennes\",\"languedoc-roussillon\",\"AlterTour 2017\",\"2017\",\"Occiatanie\",\"La mine\",\"Thoiras\",\"z'amis de la mine\",\"Umicore\"],\"articleSection\":[\"\u00c9dition 2017\",\"Environnement\",\"Occitanie\"],\"inLanguage\":\"fr-FR\"},{\"@type\":\"WebPage\",\"@id\":\"https:\\\/\\\/www.altercampagne.net\\\/?p=7491\",\"url\":\"https:\\\/\\\/www.altercampagne.net\\\/?p=7491\",\"name\":\"\u00c9tape du 30 juillet : Aujargues - Thoiras : Le Collectif de la Mine - AlterTour\",\"isPartOf\":{\"@id\":\"https:\\\/\\\/www.altercampagne.net\\\/#website\"},\"primaryImageOfPage\":{\"@id\":\"https:\\\/\\\/www.altercampagne.net\\\/?p=7491#primaryimage\"},\"image\":{\"@id\":\"https:\\\/\\\/www.altercampagne.net\\\/?p=7491#primaryimage\"},\"thumbnailUrl\":\"http:\\\/\\\/www.altercampagne.net\\\/wp-content\\\/uploads\\\/2017\\\/07\\\/2017-07-31_09.50.02_7589.jpg\",\"datePublished\":\"2017-07-30T18:12:52+00:00\",\"dateModified\":\"2018-03-25T10:50:26+00:00\",\"author\":{\"@id\":\"https:\\\/\\\/www.altercampagne.net\\\/#\\\/schema\\\/person\\\/0f261460c09e430caa0f9bcffa319109\"},\"breadcrumb\":{\"@id\":\"https:\\\/\\\/www.altercampagne.net\\\/?p=7491#breadcrumb\"},\"inLanguage\":\"fr-FR\",\"potentialAction\":[{\"@type\":\"ReadAction\",\"target\":[\"https:\\\/\\\/www.altercampagne.net\\\/?p=7491\"]}]},{\"@type\":\"ImageObject\",\"inLanguage\":\"fr-FR\",\"@id\":\"https:\\\/\\\/www.altercampagne.net\\\/?p=7491#primaryimage\",\"url\":\"http:\\\/\\\/www.altercampagne.net\\\/wp-content\\\/uploads\\\/2017\\\/07\\\/2017-07-31_09.50.02_7589.jpg\",\"contentUrl\":\"http:\\\/\\\/www.altercampagne.net\\\/wp-content\\\/uploads\\\/2017\\\/07\\\/2017-07-31_09.50.02_7589.jpg\"},{\"@type\":\"BreadcrumbList\",\"@id\":\"https:\\\/\\\/www.altercampagne.net\\\/?p=7491#breadcrumb\",\"itemListElement\":[{\"@type\":\"ListItem\",\"position\":1,\"name\":\"Accueil\",\"item\":\"https:\\\/\\\/www.altercampagne.net\\\/\"},{\"@type\":\"ListItem\",\"position\":2,\"name\":\"\u00c9tape du 30 juillet : Aujargues &#8211; Thoiras : Le Collectif de la Mine\"}]},{\"@type\":\"WebSite\",\"@id\":\"https:\\\/\\\/www.altercampagne.net\\\/#website\",\"url\":\"https:\\\/\\\/www.altercampagne.net\\\/\",\"name\":\"AlterTour\",\"description\":\"Reliez les Alternatives \u00e0 v\u00e9lo\",\"potentialAction\":[{\"@type\":\"SearchAction\",\"target\":{\"@type\":\"EntryPoint\",\"urlTemplate\":\"https:\\\/\\\/www.altercampagne.net\\\/?s={search_term_string}\"},\"query-input\":{\"@type\":\"PropertyValueSpecification\",\"valueRequired\":true,\"valueName\":\"search_term_string\"}}],\"inLanguage\":\"fr-FR\"},{\"@type\":\"Person\",\"@id\":\"https:\\\/\\\/www.altercampagne.net\\\/#\\\/schema\\\/person\\\/0f261460c09e430caa0f9bcffa319109\",\"name\":\"Mathieu\",\"image\":{\"@type\":\"ImageObject\",\"inLanguage\":\"fr-FR\",\"@id\":\"https:\\\/\\\/secure.gravatar.com\\\/avatar\\\/aa9d3d24c83f2141e5e2709d0f63d09a99f6be6bb7a50abc4915838d9f54501a?s=96&d=mm&r=g\",\"url\":\"https:\\\/\\\/secure.gravatar.com\\\/avatar\\\/aa9d3d24c83f2141e5e2709d0f63d09a99f6be6bb7a50abc4915838d9f54501a?s=96&d=mm&r=g\",\"contentUrl\":\"https:\\\/\\\/secure.gravatar.com\\\/avatar\\\/aa9d3d24c83f2141e5e2709d0f63d09a99f6be6bb7a50abc4915838d9f54501a?s=96&d=mm&r=g\",\"caption\":\"Mathieu\"},\"url\":\"https:\\\/\\\/www.altercampagne.net\\\/?author=214\"}]}<\/script>\n<!-- \/ Yoast SEO plugin. -->","yoast_head_json":{"title":"\u00c9tape du 30 juillet : Aujargues - Thoiras : Le Collectif de la Mine - AlterTour","robots":{"index":"index","follow":"follow","max-snippet":"max-snippet:-1","max-image-preview":"max-image-preview:large","max-video-preview":"max-video-preview:-1"},"canonical":"https:\/\/www.altercampagne.net\/?p=7491","og_locale":"fr_FR","og_type":"article","og_title":"\u00c9tape du 30 juillet : Aujargues - Thoiras : Le Collectif de la Mine - AlterTour","og_description":"Ce matin les alter cyclistes sont sortis de la clairi\u00e8re accueillante o\u00f9 vit Joaquim&#8230; Un peu \u00e0 regret, le soleil tape fort et le vent est pr\u00e9sent. Aujourd\u2019hui, proposition de se disposer \u00ab\u00a0en carquois\u00a0\u00bb,\u00a0 une formation propos\u00e9e par\u00a0 Isabelle et Philippe, nos deux guides bien visibles chacun avec sa carriole ... Read More","og_url":"https:\/\/www.altercampagne.net\/?p=7491","og_site_name":"AlterTour","article_published_time":"2017-07-30T18:12:52+00:00","article_modified_time":"2018-03-25T10:50:26+00:00","og_image":[{"url":"http:\/\/www.altercampagne.net\/wp-content\/uploads\/2017\/07\/2017-07-31_09.50.02_7589.jpg","type":"","width":"","height":""}],"author":"Mathieu","twitter_card":"summary_large_image","twitter_misc":{"\u00c9crit par":"Mathieu","Dur\u00e9e de lecture estim\u00e9e":"2 minutes"},"schema":{"@context":"https:\/\/schema.org","@graph":[{"@type":"Article","@id":"https:\/\/www.altercampagne.net\/?p=7491#article","isPartOf":{"@id":"https:\/\/www.altercampagne.net\/?p=7491"},"author":{"name":"Mathieu","@id":"https:\/\/www.altercampagne.net\/#\/schema\/person\/0f261460c09e430caa0f9bcffa319109"},"headline":"\u00c9tape du 30 juillet : Aujargues &#8211; Thoiras : Le Collectif de la Mine","datePublished":"2017-07-30T18:12:52+00:00","dateModified":"2018-03-25T10:50:26+00:00","mainEntityOfPage":{"@id":"https:\/\/www.altercampagne.net\/?p=7491"},"wordCount":467,"image":{"@id":"https:\/\/www.altercampagne.net\/?p=7491#primaryimage"},"thumbnailUrl":"http:\/\/www.altercampagne.net\/wp-content\/uploads\/2017\/07\/2017-07-31_09.50.02_7589.jpg","keywords":["Gard","C\u00e9vennes","languedoc-roussillon","AlterTour 2017","2017","Occiatanie","La mine","Thoiras","z'amis de la mine","Umicore"],"articleSection":["\u00c9dition 2017","Environnement","Occitanie"],"inLanguage":"fr-FR"},{"@type":"WebPage","@id":"https:\/\/www.altercampagne.net\/?p=7491","url":"https:\/\/www.altercampagne.net\/?p=7491","name":"\u00c9tape du 30 juillet : Aujargues - Thoiras : Le Collectif de la Mine - AlterTour","isPartOf":{"@id":"https:\/\/www.altercampagne.net\/#website"},"primaryImageOfPage":{"@id":"https:\/\/www.altercampagne.net\/?p=7491#primaryimage"},"image":{"@id":"https:\/\/www.altercampagne.net\/?p=7491#primaryimage"},"thumbnailUrl":"http:\/\/www.altercampagne.net\/wp-content\/uploads\/2017\/07\/2017-07-31_09.50.02_7589.jpg","datePublished":"2017-07-30T18:12:52+00:00","dateModified":"2018-03-25T10:50:26+00:00","author":{"@id":"https:\/\/www.altercampagne.net\/#\/schema\/person\/0f261460c09e430caa0f9bcffa319109"},"breadcrumb":{"@id":"https:\/\/www.altercampagne.net\/?p=7491#breadcrumb"},"inLanguage":"fr-FR","potentialAction":[{"@type":"ReadAction","target":["https:\/\/www.altercampagne.net\/?p=7491"]}]},{"@type":"ImageObject","inLanguage":"fr-FR","@id":"https:\/\/www.altercampagne.net\/?p=7491#primaryimage","url":"http:\/\/www.altercampagne.net\/wp-content\/uploads\/2017\/07\/2017-07-31_09.50.02_7589.jpg","contentUrl":"http:\/\/www.altercampagne.net\/wp-content\/uploads\/2017\/07\/2017-07-31_09.50.02_7589.jpg"},{"@type":"BreadcrumbList","@id":"https:\/\/www.altercampagne.net\/?p=7491#breadcrumb","itemListElement":[{"@type":"ListItem","position":1,"name":"Accueil","item":"https:\/\/www.altercampagne.net\/"},{"@type":"ListItem","position":2,"name":"\u00c9tape du 30 juillet : Aujargues &#8211; Thoiras : Le Collectif de la Mine"}]},{"@type":"WebSite","@id":"https:\/\/www.altercampagne.net\/#website","url":"https:\/\/www.altercampagne.net\/","name":"AlterTour","description":"Reliez les Alternatives \u00e0 v\u00e9lo","potentialAction":[{"@type":"SearchAction","target":{"@type":"EntryPoint","urlTemplate":"https:\/\/www.altercampagne.net\/?s={search_term_string}"},"query-input":{"@type":"PropertyValueSpecification","valueRequired":true,"valueName":"search_term_string"}}],"inLanguage":"fr-FR"},{"@type":"Person","@id":"https:\/\/www.altercampagne.net\/#\/schema\/person\/0f261460c09e430caa0f9bcffa319109","name":"Mathieu","image":{"@type":"ImageObject","inLanguage":"fr-FR","@id":"https:\/\/secure.gravatar.com\/avatar\/aa9d3d24c83f2141e5e2709d0f63d09a99f6be6bb7a50abc4915838d9f54501a?s=96&d=mm&r=g","url":"https:\/\/secure.gravatar.com\/avatar\/aa9d3d24c83f2141e5e2709d0f63d09a99f6be6bb7a50abc4915838d9f54501a?s=96&d=mm&r=g","contentUrl":"https:\/\/secure.gravatar.com\/avatar\/aa9d3d24c83f2141e5e2709d0f63d09a99f6be6bb7a50abc4915838d9f54501a?s=96&d=mm&r=g","caption":"Mathieu"},"url":"https:\/\/www.altercampagne.net\/?author=214"}]}},"_links":{"self":[{"href":"https:\/\/www.altercampagne.net\/index.php?rest_route=\/wp\/v2\/posts\/7491","targetHints":{"allow":["GET"]}}],"collection":[{"href":"https:\/\/www.altercampagne.net\/index.php?rest_route=\/wp\/v2\/posts"}],"about":[{"href":"https:\/\/www.altercampagne.net\/index.php?rest_route=\/wp\/v2\/types\/post"}],"author":[{"embeddable":true,"href":"https:\/\/www.altercampagne.net\/index.php?rest_route=\/wp\/v2\/users\/214"}],"replies":[{"embeddable":true,"href":"https:\/\/www.altercampagne.net\/index.php?rest_route=%2Fwp%2Fv2%2Fcomments&post=7491"}],"version-history":[{"count":0,"href":"https:\/\/www.altercampagne.net\/index.php?rest_route=\/wp\/v2\/posts\/7491\/revisions"}],"wp:attachment":[{"href":"https:\/\/www.altercampagne.net\/index.php?rest_route=%2Fwp%2Fv2%2Fmedia&parent=7491"}],"wp:term":[{"taxonomy":"category","embeddable":true,"href":"https:\/\/www.altercampagne.net\/index.php?rest_route=%2Fwp%2Fv2%2Fcategories&post=7491"},{"taxonomy":"post_tag","embeddable":true,"href":"https:\/\/www.altercampagne.net\/index.php?rest_route=%2Fwp%2Fv2%2Ftags&post=7491"}],"curies":[{"name":"wp","href":"https:\/\/api.w.org\/{rel}","templated":true}]}}