{"id":7494,"date":"2017-08-02T21:19:13","date_gmt":"2017-08-02T19:19:13","guid":{"rendered":"http:\/\/www.altercampagne.net\/?p=7494"},"modified":"2019-09-17T09:45:37","modified_gmt":"2019-09-17T07:45:37","slug":"etape-du-2-aout-saint-jean-du-gard-ribaute-les-tavernes-lassociation-agir","status":"publish","type":"post","link":"https:\/\/www.altercampagne.net\/?p=7494","title":{"rendered":"\u00c9tape du 2 ao\u00fbt : Saint Jean du Gard \u2013 Ribaute les Tavernes : L&rsquo;association AGIR"},"content":{"rendered":"<p>Ce 2 Ao\u00fbt 2017, apr\u00e8s un d\u00e9part de Saint-Jean-du-Gard o\u00f9 la mairie nous a gracieusement pr\u00eat\u00e9 un terrain pour installer notre campement, l\u2019AlterTour a marqu\u00e9 son engagement pour une plan\u00e8te plus propre, plus respectueuse du vivant, par une magnifique V\u00e9lorution dans la jolie ville d\u2019Anduze, au c\u0153ur des C\u00e9vennes, en soutien \u00e0 l\u2019association \u00ab\u00a0La Mine\u00a0\u00bb. Association de d\u00e9fense du site des anciennes mines de la Vieille Montagne \u00e0 Thoiras, \u00ab\u00a0La Mine\u00a0\u00bb se bat pour la d\u00e9pollution du site et pour alerter la population sur la situation gravissime de pollution mini\u00e8re qui s\u2019infiltre largement via les r\u00e9seaux de rivi\u00e8res, touchant un p\u00e9rim\u00e8tre important. Fance 3, Midi Libre, France Bleu et des radios locales sont venus relayer le mouvement.<\/p>\n<p>Quelques coups de p\u00e9dales plus tard, en deuxi\u00e8me partie de journ\u00e9e, l\u2019AlterTour a \u00e9t\u00e9 chaleureusement accueilli par des repr\u00e9sentants de l\u2019association AGIR (Association Gardoise pour l\u2019Int\u00e9r\u00eat de la Ruralit\u00e9) chez Fran\u00e7oise Folchet, sur la commune de Ribaute Les Tavernes. A cet endroit o\u00f9 Fran\u00e7oise nous avait\u00a0 laiss\u00e9 \u00e0 disposition un terrain pour notre campement, nous avons eu aussi le plaisir de rencontrer Laurence Ruimy de l\u2019association \u00ab\u00a0Vrac Attitude\u00a0\u00bb qui veut promouvoir la r\u00e9duction des d\u00e9chets et le d\u00e9veloppement de l\u2019agriculture biologique locale par des Ateliers \u00ab\u00a0Z\u00e9ro d\u00e9chet\u00a0\u00bb et une \u00ab\u00a0Epicerie ambulante biologique en vrac\u00a0\u00bb s\u2019inspirant du travail de B\u00e9a Johnson.<\/p>\n<p>Et le festival des rencontres et discussions sur les initiatives de transition ne s\u2019est pas arr\u00eat\u00e9 l\u00e0\u00a0! Martial Delannoy d\u2019AGIR nous a pr\u00e9sent\u00e9 les actions principales de l\u2019association\u00a0: jardins familiaux bios ainsi que conf\u00e9rences et films-d\u00e9bats sur les alternatives aux pesticides. Des responsables locaux sensibilis\u00e9s \u00e0 cet esprit de transition &#8211; M.Itier, maire de Ribaute, M.Reverger, maire de Boiset et Gaujac, de m\u00eame que M.Francis, adjoint \u00e0 la mairie de St Christols et pr\u00e9sident d\u2019AGIR \u2013 ont communiqu\u00e9 sur leurs initiatives\u00a0: \u0153uvrer en vue d\u2019\u00eatre reconnus \u00ab\u00a0label commune sans pesticides, terres saines\u00a0\u00bb, d\u00e9velopper la mobilit\u00e9 douce, etc. Enfin, un militant d\u2019AGIR, R\u00e9mi, est venu nous parler de sa lutte pour lutter contre les d\u00e9chets au bord des routes.<\/p>\n<p>Cette belle journ\u00e9e s\u2019est achev\u00e9e par une projection de parties du film de Patrick Laurent \u00ab\u00a0Agriculture et bio\u00a0: le paradoxe\u00a0\u00bb. En premi\u00e8re partie, \u00ab\u00a0Terres mortes, terres vivantes\u00a0\u00bb de Louis Juillan, viticulteur naturel\u00a0 qui produit avec passion et g\u00e9n\u00e9rosit\u00e9 un tr\u00e8s bon vin sans sulfites, d\u00e9montre par son film que l\u2019agriculture bio pr\u00e9serve la bonne qualit\u00e9 de la terre (fertilit\u00e9, perm\u00e9abilit\u00e9\u00a0\u2026), au contraire de l\u2019agriculture dite traditionnelle. Ensuite, \u00ab\u00a0Comment j\u2019\u00e9l\u00e8ve mes poules en bio\u00a0\u00bb avec\u00a0 Janick Perron, \u00e9leveur de poules pondeuses, t\u00e9moigne de l\u2019int\u00e9r\u00eat des poulaillers ronds.<\/p>\n<p>L\u2019engouement pour ces projections a \u00e9t\u00e9 confirm\u00e9 par les nombreuses questions qui ont suivi la projection avant de tranquillement glaner un repos bien m\u00e9rit\u00e9\u00a0potentiellement parsem\u00e9 de r\u00eaves de transition diverses et vari\u00e9es\u2026<\/p>\n<p style=\"text-align: right;\"><strong>Ghislaine<\/strong><\/p>\n","protected":false},"excerpt":{"rendered":"<p>Ce 2 Ao\u00fbt 2017, apr\u00e8s un d\u00e9part de Saint-Jean-du-Gard o\u00f9 la mairie nous a gracieusement pr\u00eat\u00e9 un terrain pour installer notre campement, l\u2019AlterTour a marqu\u00e9 son engagement pour une plan\u00e8te plus propre, plus respectueuse du vivant, par une magnifique V\u00e9lorution dans la jolie ville d\u2019Anduze, au c\u0153ur des C\u00e9vennes, en &#8230; <\/p>\n<div><a href=\"https:\/\/www.altercampagne.net\/?p=7494\" class=\"more-link\">Read More<\/a><\/div>\n","protected":false},"author":214,"featured_media":15866,"comment_status":"closed","ping_status":"closed","sticky":false,"template":"","format":"standard","meta":{"footnotes":""},"categories":[3483,3457,3486,3480],"tags":[1075,1973,2783,2784,3160,3174,3175,3176],"class_list":["post-7494","post","type-post","status-publish","format-standard","has-post-thumbnail","hentry","category-agriculture","category-edition-2017","category-environnement","category-occitanie","tag-gard","tag-languedoc-roussillon","tag-altertour-2017","tag-2784","tag-ribaute-les-tavernes","tag-association-agir","tag-association-gardoise-pour-linteret-de-la-ruralite","tag-occiatinie"],"yoast_head":"<!-- This site is optimized with the Yoast SEO plugin v27.3 - https:\/\/yoast.com\/product\/yoast-seo-wordpress\/ -->\n<title>\u00c9tape du 2 ao\u00fbt : Saint Jean du Gard \u2013 Ribaute les Tavernes : L&#039;association AGIR - AlterTour<\/title>\n<meta name=\"robots\" content=\"index, follow, max-snippet:-1, max-image-preview:large, max-video-preview:-1\" \/>\n<link rel=\"canonical\" href=\"https:\/\/www.altercampagne.net\/?p=7494\" \/>\n<meta property=\"og:locale\" content=\"fr_FR\" \/>\n<meta property=\"og:type\" content=\"article\" \/>\n<meta property=\"og:title\" content=\"\u00c9tape du 2 ao\u00fbt : Saint Jean du Gard \u2013 Ribaute les Tavernes : L&#039;association AGIR - AlterTour\" \/>\n<meta property=\"og:description\" content=\"Ce 2 Ao\u00fbt 2017, apr\u00e8s un d\u00e9part de Saint-Jean-du-Gard o\u00f9 la mairie nous a gracieusement pr\u00eat\u00e9 un terrain pour installer notre campement, l\u2019AlterTour a marqu\u00e9 son engagement pour une plan\u00e8te plus propre, plus respectueuse du vivant, par une magnifique V\u00e9lorution dans la jolie ville d\u2019Anduze, au c\u0153ur des C\u00e9vennes, en ... Read More\" \/>\n<meta property=\"og:url\" content=\"https:\/\/www.altercampagne.net\/?p=7494\" \/>\n<meta property=\"og:site_name\" content=\"AlterTour\" \/>\n<meta property=\"article:published_time\" content=\"2017-08-02T19:19:13+00:00\" \/>\n<meta property=\"article:modified_time\" content=\"2019-09-17T07:45:37+00:00\" \/>\n<meta property=\"og:image\" content=\"https:\/\/www.altercampagne.net\/wp-content\/uploads\/2017\/08\/2017-08-02_0001P10107561-e1601459641653.jpg\" \/>\n\t<meta property=\"og:image:width\" content=\"1196\" \/>\n\t<meta property=\"og:image:height\" content=\"627\" \/>\n\t<meta property=\"og:image:type\" content=\"image\/jpeg\" \/>\n<meta name=\"author\" content=\"Mathieu\" \/>\n<meta name=\"twitter:card\" content=\"summary_large_image\" \/>\n<meta name=\"twitter:label1\" content=\"\u00c9crit par\" \/>\n\t<meta name=\"twitter:data1\" content=\"Mathieu\" \/>\n\t<meta name=\"twitter:label2\" content=\"Dur\u00e9e de lecture estim\u00e9e\" \/>\n\t<meta name=\"twitter:data2\" content=\"3 minutes\" \/>\n<script type=\"application\/ld+json\" class=\"yoast-schema-graph\">{\"@context\":\"https:\\\/\\\/schema.org\",\"@graph\":[{\"@type\":\"Article\",\"@id\":\"https:\\\/\\\/www.altercampagne.net\\\/?p=7494#article\",\"isPartOf\":{\"@id\":\"https:\\\/\\\/www.altercampagne.net\\\/?p=7494\"},\"author\":{\"name\":\"Mathieu\",\"@id\":\"https:\\\/\\\/www.altercampagne.net\\\/#\\\/schema\\\/person\\\/0f261460c09e430caa0f9bcffa319109\"},\"headline\":\"\u00c9tape du 2 ao\u00fbt : Saint Jean du Gard \u2013 Ribaute les Tavernes : L&rsquo;association AGIR\",\"datePublished\":\"2017-08-02T19:19:13+00:00\",\"dateModified\":\"2019-09-17T07:45:37+00:00\",\"mainEntityOfPage\":{\"@id\":\"https:\\\/\\\/www.altercampagne.net\\\/?p=7494\"},\"wordCount\":540,\"image\":{\"@id\":\"https:\\\/\\\/www.altercampagne.net\\\/?p=7494#primaryimage\"},\"thumbnailUrl\":\"https:\\\/\\\/www.altercampagne.net\\\/wp-content\\\/uploads\\\/2017\\\/08\\\/2017-08-02_0001P10107561-e1601459641653.jpg\",\"keywords\":[\"Gard\",\"languedoc-roussillon\",\"AlterTour 2017\",\"2017\",\"Ribaute-les-Tavernes\",\"association AGIR\",\"Association Gardoise pour l\u2019Int\u00e9r\u00eat de la Ruralit\u00e9\",\"Occiatinie\"],\"articleSection\":[\"Agriculture\",\"\u00c9dition 2017\",\"Environnement\",\"Occitanie\"],\"inLanguage\":\"fr-FR\"},{\"@type\":\"WebPage\",\"@id\":\"https:\\\/\\\/www.altercampagne.net\\\/?p=7494\",\"url\":\"https:\\\/\\\/www.altercampagne.net\\\/?p=7494\",\"name\":\"\u00c9tape du 2 ao\u00fbt : Saint Jean du Gard \u2013 Ribaute les Tavernes : L'association AGIR - AlterTour\",\"isPartOf\":{\"@id\":\"https:\\\/\\\/www.altercampagne.net\\\/#website\"},\"primaryImageOfPage\":{\"@id\":\"https:\\\/\\\/www.altercampagne.net\\\/?p=7494#primaryimage\"},\"image\":{\"@id\":\"https:\\\/\\\/www.altercampagne.net\\\/?p=7494#primaryimage\"},\"thumbnailUrl\":\"https:\\\/\\\/www.altercampagne.net\\\/wp-content\\\/uploads\\\/2017\\\/08\\\/2017-08-02_0001P10107561-e1601459641653.jpg\",\"datePublished\":\"2017-08-02T19:19:13+00:00\",\"dateModified\":\"2019-09-17T07:45:37+00:00\",\"author\":{\"@id\":\"https:\\\/\\\/www.altercampagne.net\\\/#\\\/schema\\\/person\\\/0f261460c09e430caa0f9bcffa319109\"},\"breadcrumb\":{\"@id\":\"https:\\\/\\\/www.altercampagne.net\\\/?p=7494#breadcrumb\"},\"inLanguage\":\"fr-FR\",\"potentialAction\":[{\"@type\":\"ReadAction\",\"target\":[\"https:\\\/\\\/www.altercampagne.net\\\/?p=7494\"]}]},{\"@type\":\"ImageObject\",\"inLanguage\":\"fr-FR\",\"@id\":\"https:\\\/\\\/www.altercampagne.net\\\/?p=7494#primaryimage\",\"url\":\"https:\\\/\\\/www.altercampagne.net\\\/wp-content\\\/uploads\\\/2017\\\/08\\\/2017-08-02_0001P10107561-e1601459641653.jpg\",\"contentUrl\":\"https:\\\/\\\/www.altercampagne.net\\\/wp-content\\\/uploads\\\/2017\\\/08\\\/2017-08-02_0001P10107561-e1601459641653.jpg\",\"width\":1196,\"height\":627},{\"@type\":\"BreadcrumbList\",\"@id\":\"https:\\\/\\\/www.altercampagne.net\\\/?p=7494#breadcrumb\",\"itemListElement\":[{\"@type\":\"ListItem\",\"position\":1,\"name\":\"Accueil\",\"item\":\"https:\\\/\\\/www.altercampagne.net\\\/\"},{\"@type\":\"ListItem\",\"position\":2,\"name\":\"\u00c9tape du 2 ao\u00fbt : Saint Jean du Gard \u2013 Ribaute les Tavernes : L&rsquo;association AGIR\"}]},{\"@type\":\"WebSite\",\"@id\":\"https:\\\/\\\/www.altercampagne.net\\\/#website\",\"url\":\"https:\\\/\\\/www.altercampagne.net\\\/\",\"name\":\"AlterTour\",\"description\":\"Reliez les Alternatives \u00e0 v\u00e9lo\",\"potentialAction\":[{\"@type\":\"SearchAction\",\"target\":{\"@type\":\"EntryPoint\",\"urlTemplate\":\"https:\\\/\\\/www.altercampagne.net\\\/?s={search_term_string}\"},\"query-input\":{\"@type\":\"PropertyValueSpecification\",\"valueRequired\":true,\"valueName\":\"search_term_string\"}}],\"inLanguage\":\"fr-FR\"},{\"@type\":\"Person\",\"@id\":\"https:\\\/\\\/www.altercampagne.net\\\/#\\\/schema\\\/person\\\/0f261460c09e430caa0f9bcffa319109\",\"name\":\"Mathieu\",\"image\":{\"@type\":\"ImageObject\",\"inLanguage\":\"fr-FR\",\"@id\":\"https:\\\/\\\/secure.gravatar.com\\\/avatar\\\/aa9d3d24c83f2141e5e2709d0f63d09a99f6be6bb7a50abc4915838d9f54501a?s=96&d=mm&r=g\",\"url\":\"https:\\\/\\\/secure.gravatar.com\\\/avatar\\\/aa9d3d24c83f2141e5e2709d0f63d09a99f6be6bb7a50abc4915838d9f54501a?s=96&d=mm&r=g\",\"contentUrl\":\"https:\\\/\\\/secure.gravatar.com\\\/avatar\\\/aa9d3d24c83f2141e5e2709d0f63d09a99f6be6bb7a50abc4915838d9f54501a?s=96&d=mm&r=g\",\"caption\":\"Mathieu\"},\"url\":\"https:\\\/\\\/www.altercampagne.net\\\/?author=214\"}]}<\/script>\n<!-- \/ Yoast SEO plugin. -->","yoast_head_json":{"title":"\u00c9tape du 2 ao\u00fbt : Saint Jean du Gard \u2013 Ribaute les Tavernes : L'association AGIR - AlterTour","robots":{"index":"index","follow":"follow","max-snippet":"max-snippet:-1","max-image-preview":"max-image-preview:large","max-video-preview":"max-video-preview:-1"},"canonical":"https:\/\/www.altercampagne.net\/?p=7494","og_locale":"fr_FR","og_type":"article","og_title":"\u00c9tape du 2 ao\u00fbt : Saint Jean du Gard \u2013 Ribaute les Tavernes : L'association AGIR - AlterTour","og_description":"Ce 2 Ao\u00fbt 2017, apr\u00e8s un d\u00e9part de Saint-Jean-du-Gard o\u00f9 la mairie nous a gracieusement pr\u00eat\u00e9 un terrain pour installer notre campement, l\u2019AlterTour a marqu\u00e9 son engagement pour une plan\u00e8te plus propre, plus respectueuse du vivant, par une magnifique V\u00e9lorution dans la jolie ville d\u2019Anduze, au c\u0153ur des C\u00e9vennes, en ... Read More","og_url":"https:\/\/www.altercampagne.net\/?p=7494","og_site_name":"AlterTour","article_published_time":"2017-08-02T19:19:13+00:00","article_modified_time":"2019-09-17T07:45:37+00:00","og_image":[{"width":1196,"height":627,"url":"https:\/\/www.altercampagne.net\/wp-content\/uploads\/2017\/08\/2017-08-02_0001P10107561-e1601459641653.jpg","type":"image\/jpeg"}],"author":"Mathieu","twitter_card":"summary_large_image","twitter_misc":{"\u00c9crit par":"Mathieu","Dur\u00e9e de lecture estim\u00e9e":"3 minutes"},"schema":{"@context":"https:\/\/schema.org","@graph":[{"@type":"Article","@id":"https:\/\/www.altercampagne.net\/?p=7494#article","isPartOf":{"@id":"https:\/\/www.altercampagne.net\/?p=7494"},"author":{"name":"Mathieu","@id":"https:\/\/www.altercampagne.net\/#\/schema\/person\/0f261460c09e430caa0f9bcffa319109"},"headline":"\u00c9tape du 2 ao\u00fbt : Saint Jean du Gard \u2013 Ribaute les Tavernes : L&rsquo;association AGIR","datePublished":"2017-08-02T19:19:13+00:00","dateModified":"2019-09-17T07:45:37+00:00","mainEntityOfPage":{"@id":"https:\/\/www.altercampagne.net\/?p=7494"},"wordCount":540,"image":{"@id":"https:\/\/www.altercampagne.net\/?p=7494#primaryimage"},"thumbnailUrl":"https:\/\/www.altercampagne.net\/wp-content\/uploads\/2017\/08\/2017-08-02_0001P10107561-e1601459641653.jpg","keywords":["Gard","languedoc-roussillon","AlterTour 2017","2017","Ribaute-les-Tavernes","association AGIR","Association Gardoise pour l\u2019Int\u00e9r\u00eat de la Ruralit\u00e9","Occiatinie"],"articleSection":["Agriculture","\u00c9dition 2017","Environnement","Occitanie"],"inLanguage":"fr-FR"},{"@type":"WebPage","@id":"https:\/\/www.altercampagne.net\/?p=7494","url":"https:\/\/www.altercampagne.net\/?p=7494","name":"\u00c9tape du 2 ao\u00fbt : Saint Jean du Gard \u2013 Ribaute les Tavernes : L'association AGIR - AlterTour","isPartOf":{"@id":"https:\/\/www.altercampagne.net\/#website"},"primaryImageOfPage":{"@id":"https:\/\/www.altercampagne.net\/?p=7494#primaryimage"},"image":{"@id":"https:\/\/www.altercampagne.net\/?p=7494#primaryimage"},"thumbnailUrl":"https:\/\/www.altercampagne.net\/wp-content\/uploads\/2017\/08\/2017-08-02_0001P10107561-e1601459641653.jpg","datePublished":"2017-08-02T19:19:13+00:00","dateModified":"2019-09-17T07:45:37+00:00","author":{"@id":"https:\/\/www.altercampagne.net\/#\/schema\/person\/0f261460c09e430caa0f9bcffa319109"},"breadcrumb":{"@id":"https:\/\/www.altercampagne.net\/?p=7494#breadcrumb"},"inLanguage":"fr-FR","potentialAction":[{"@type":"ReadAction","target":["https:\/\/www.altercampagne.net\/?p=7494"]}]},{"@type":"ImageObject","inLanguage":"fr-FR","@id":"https:\/\/www.altercampagne.net\/?p=7494#primaryimage","url":"https:\/\/www.altercampagne.net\/wp-content\/uploads\/2017\/08\/2017-08-02_0001P10107561-e1601459641653.jpg","contentUrl":"https:\/\/www.altercampagne.net\/wp-content\/uploads\/2017\/08\/2017-08-02_0001P10107561-e1601459641653.jpg","width":1196,"height":627},{"@type":"BreadcrumbList","@id":"https:\/\/www.altercampagne.net\/?p=7494#breadcrumb","itemListElement":[{"@type":"ListItem","position":1,"name":"Accueil","item":"https:\/\/www.altercampagne.net\/"},{"@type":"ListItem","position":2,"name":"\u00c9tape du 2 ao\u00fbt : Saint Jean du Gard \u2013 Ribaute les Tavernes : L&rsquo;association AGIR"}]},{"@type":"WebSite","@id":"https:\/\/www.altercampagne.net\/#website","url":"https:\/\/www.altercampagne.net\/","name":"AlterTour","description":"Reliez les Alternatives \u00e0 v\u00e9lo","potentialAction":[{"@type":"SearchAction","target":{"@type":"EntryPoint","urlTemplate":"https:\/\/www.altercampagne.net\/?s={search_term_string}"},"query-input":{"@type":"PropertyValueSpecification","valueRequired":true,"valueName":"search_term_string"}}],"inLanguage":"fr-FR"},{"@type":"Person","@id":"https:\/\/www.altercampagne.net\/#\/schema\/person\/0f261460c09e430caa0f9bcffa319109","name":"Mathieu","image":{"@type":"ImageObject","inLanguage":"fr-FR","@id":"https:\/\/secure.gravatar.com\/avatar\/aa9d3d24c83f2141e5e2709d0f63d09a99f6be6bb7a50abc4915838d9f54501a?s=96&d=mm&r=g","url":"https:\/\/secure.gravatar.com\/avatar\/aa9d3d24c83f2141e5e2709d0f63d09a99f6be6bb7a50abc4915838d9f54501a?s=96&d=mm&r=g","contentUrl":"https:\/\/secure.gravatar.com\/avatar\/aa9d3d24c83f2141e5e2709d0f63d09a99f6be6bb7a50abc4915838d9f54501a?s=96&d=mm&r=g","caption":"Mathieu"},"url":"https:\/\/www.altercampagne.net\/?author=214"}]}},"_links":{"self":[{"href":"https:\/\/www.altercampagne.net\/index.php?rest_route=\/wp\/v2\/posts\/7494","targetHints":{"allow":["GET"]}}],"collection":[{"href":"https:\/\/www.altercampagne.net\/index.php?rest_route=\/wp\/v2\/posts"}],"about":[{"href":"https:\/\/www.altercampagne.net\/index.php?rest_route=\/wp\/v2\/types\/post"}],"author":[{"embeddable":true,"href":"https:\/\/www.altercampagne.net\/index.php?rest_route=\/wp\/v2\/users\/214"}],"replies":[{"embeddable":true,"href":"https:\/\/www.altercampagne.net\/index.php?rest_route=%2Fwp%2Fv2%2Fcomments&post=7494"}],"version-history":[{"count":0,"href":"https:\/\/www.altercampagne.net\/index.php?rest_route=\/wp\/v2\/posts\/7494\/revisions"}],"wp:featuredmedia":[{"embeddable":true,"href":"https:\/\/www.altercampagne.net\/index.php?rest_route=\/wp\/v2\/media\/15866"}],"wp:attachment":[{"href":"https:\/\/www.altercampagne.net\/index.php?rest_route=%2Fwp%2Fv2%2Fmedia&parent=7494"}],"wp:term":[{"taxonomy":"category","embeddable":true,"href":"https:\/\/www.altercampagne.net\/index.php?rest_route=%2Fwp%2Fv2%2Fcategories&post=7494"},{"taxonomy":"post_tag","embeddable":true,"href":"https:\/\/www.altercampagne.net\/index.php?rest_route=%2Fwp%2Fv2%2Ftags&post=7494"}],"curies":[{"name":"wp","href":"https:\/\/api.w.org\/{rel}","templated":true}]}}