{"id":7496,"date":"2017-08-03T21:23:27","date_gmt":"2017-08-03T19:23:27","guid":{"rendered":"http:\/\/www.altercampagne.net\/?p=7496"},"modified":"2018-02-26T22:17:42","modified_gmt":"2018-02-26T21:17:42","slug":"etape-du-3-aout-ribaute-les-tavernes-besseges-le-collectif-creatif-du-castellas","status":"publish","type":"post","link":"https:\/\/www.altercampagne.net\/?p=7496","title":{"rendered":"\u00c9tape du 3 ao\u00fbt : Ribaute-les-Tavernes &#8211; Bess\u00e8ges : le Collectif Cr\u00e9atif du Castellas"},"content":{"rendered":"<p>Pour \u00e9viter la grosse chaleur, la journ\u00e9e du 3 ao\u00fbt a commenc\u00e9 \u00e0 6 heures.<\/p>\n<p>D\u00e9part de Ribaute Les Tavernes direction Bess\u00e8ges.<\/p>\n<p>Nous passons par V\u00e9z\u00e9nobre, St Christol les Al\u00e8s, Mons, petite pause \u00e0 Salindres, avant de nous arr\u00eater pour une pause baignade et repas au bord d\u2019une rivi\u00e8re de St Ambroix.<\/p>\n<p>Apr\u00e8s les derniers kilom\u00e8tres rendus difficile par la chaleur, nous arrivons au Collectif Cr\u00e9atif du Castellas.<\/p>\n<p>Nous sommes accueilli avec du sirop de sureau maison et du melon. Nous avons \u00e9galement le plaisir de d\u00e9couvrir que nous pouvons profiter des chambres et des douches.<\/p>\n<p>La pr\u00e9sentation du lieu se fera le lendemain, mais il n\u2019est pas difficile de comprendre que les activit\u00e9s sont nombreuses\u00a0: Jardin, Poulailler, Ruche\u2026<\/p>\n<p>La journ\u00e9e ce termine avec un cercle de parole et une conf\u00e9rence anim\u00e9 par Guillaume sur les OGM.<\/p>\n<p style=\"text-align: right;\"><strong>L\u00e9a<\/strong><\/p>\n","protected":false},"excerpt":{"rendered":"<p>Pour \u00e9viter la grosse chaleur, la journ\u00e9e du 3 ao\u00fbt a commenc\u00e9 \u00e0 6 heures. D\u00e9part de Ribaute Les Tavernes direction Bess\u00e8ges. Nous passons par V\u00e9z\u00e9nobre, St Christol les Al\u00e8s, Mons, petite pause \u00e0 Salindres, avant de nous arr\u00eater pour une pause baignade et repas au bord d\u2019une rivi\u00e8re de &#8230; <\/p>\n<div><a href=\"https:\/\/www.altercampagne.net\/?p=7496\" class=\"more-link\">Read More<\/a><\/div>\n","protected":false},"author":214,"featured_media":9482,"comment_status":"closed","ping_status":"closed","sticky":false,"template":"","format":"standard","meta":{"footnotes":""},"categories":[3471,3457,3486,3485],"tags":[1075,1973,2783,2784,2857,3051,3176],"class_list":["post-7496","post","type-post","status-publish","format-standard","has-post-thumbnail","hentry","category-auvergne-rhone-alpes","category-edition-2017","category-environnement","category-habitat","tag-gard","tag-languedoc-roussillon","tag-altertour-2017","tag-2784","tag-collectif-creatif-du-castellas","tag-besseges","tag-occiatinie"],"yoast_head":"<!-- This site is optimized with the Yoast SEO plugin v27.3 - https:\/\/yoast.com\/product\/yoast-seo-wordpress\/ -->\n<title>\u00c9tape du 3 ao\u00fbt : Ribaute-les-Tavernes - Bess\u00e8ges : le Collectif Cr\u00e9atif du Castellas - AlterTour<\/title>\n<meta name=\"robots\" content=\"index, follow, max-snippet:-1, max-image-preview:large, max-video-preview:-1\" \/>\n<link rel=\"canonical\" href=\"https:\/\/www.altercampagne.net\/?p=7496\" \/>\n<meta property=\"og:locale\" content=\"fr_FR\" \/>\n<meta property=\"og:type\" content=\"article\" \/>\n<meta property=\"og:title\" content=\"\u00c9tape du 3 ao\u00fbt : Ribaute-les-Tavernes - Bess\u00e8ges : le Collectif Cr\u00e9atif du Castellas - AlterTour\" \/>\n<meta property=\"og:description\" content=\"Pour \u00e9viter la grosse chaleur, la journ\u00e9e du 3 ao\u00fbt a commenc\u00e9 \u00e0 6 heures. D\u00e9part de Ribaute Les Tavernes direction Bess\u00e8ges. Nous passons par V\u00e9z\u00e9nobre, St Christol les Al\u00e8s, Mons, petite pause \u00e0 Salindres, avant de nous arr\u00eater pour une pause baignade et repas au bord d\u2019une rivi\u00e8re de ... Read More\" \/>\n<meta property=\"og:url\" content=\"https:\/\/www.altercampagne.net\/?p=7496\" \/>\n<meta property=\"og:site_name\" content=\"AlterTour\" \/>\n<meta property=\"article:published_time\" content=\"2017-08-03T19:23:27+00:00\" \/>\n<meta property=\"article:modified_time\" content=\"2018-02-26T21:17:42+00:00\" \/>\n<meta property=\"og:image\" content=\"https:\/\/www.altercampagne.net\/wp-content\/uploads\/2017\/08\/2017-08-04_10.15.jpg\" \/>\n\t<meta property=\"og:image:width\" content=\"837\" \/>\n\t<meta property=\"og:image:height\" content=\"437\" \/>\n\t<meta property=\"og:image:type\" content=\"image\/jpeg\" \/>\n<meta name=\"author\" content=\"Mathieu\" \/>\n<meta name=\"twitter:card\" content=\"summary_large_image\" \/>\n<meta name=\"twitter:label1\" content=\"\u00c9crit par\" \/>\n\t<meta name=\"twitter:data1\" content=\"Mathieu\" \/>\n\t<meta name=\"twitter:label2\" content=\"Dur\u00e9e de lecture estim\u00e9e\" \/>\n\t<meta name=\"twitter:data2\" content=\"1 minute\" \/>\n<script type=\"application\/ld+json\" class=\"yoast-schema-graph\">{\"@context\":\"https:\\\/\\\/schema.org\",\"@graph\":[{\"@type\":\"Article\",\"@id\":\"https:\\\/\\\/www.altercampagne.net\\\/?p=7496#article\",\"isPartOf\":{\"@id\":\"https:\\\/\\\/www.altercampagne.net\\\/?p=7496\"},\"author\":{\"name\":\"Mathieu\",\"@id\":\"https:\\\/\\\/www.altercampagne.net\\\/#\\\/schema\\\/person\\\/0f261460c09e430caa0f9bcffa319109\"},\"headline\":\"\u00c9tape du 3 ao\u00fbt : Ribaute-les-Tavernes &#8211; Bess\u00e8ges : le Collectif Cr\u00e9atif du Castellas\",\"datePublished\":\"2017-08-03T19:23:27+00:00\",\"dateModified\":\"2018-02-26T21:17:42+00:00\",\"mainEntityOfPage\":{\"@id\":\"https:\\\/\\\/www.altercampagne.net\\\/?p=7496\"},\"wordCount\":168,\"image\":{\"@id\":\"https:\\\/\\\/www.altercampagne.net\\\/?p=7496#primaryimage\"},\"thumbnailUrl\":\"https:\\\/\\\/www.altercampagne.net\\\/wp-content\\\/uploads\\\/2017\\\/08\\\/2017-08-04_10.15.jpg\",\"keywords\":[\"Gard\",\"languedoc-roussillon\",\"AlterTour 2017\",\"2017\",\"Collectif Cr\u00e9atif du Castellas\",\"Bess\u00e8ges\",\"Occiatinie\"],\"articleSection\":[\"Auvergne-Rh\u00f4ne-Alpes\",\"\u00c9dition 2017\",\"Environnement\",\"Habitat\"],\"inLanguage\":\"fr-FR\"},{\"@type\":\"WebPage\",\"@id\":\"https:\\\/\\\/www.altercampagne.net\\\/?p=7496\",\"url\":\"https:\\\/\\\/www.altercampagne.net\\\/?p=7496\",\"name\":\"\u00c9tape du 3 ao\u00fbt : Ribaute-les-Tavernes - Bess\u00e8ges : le Collectif Cr\u00e9atif du Castellas - AlterTour\",\"isPartOf\":{\"@id\":\"https:\\\/\\\/www.altercampagne.net\\\/#website\"},\"primaryImageOfPage\":{\"@id\":\"https:\\\/\\\/www.altercampagne.net\\\/?p=7496#primaryimage\"},\"image\":{\"@id\":\"https:\\\/\\\/www.altercampagne.net\\\/?p=7496#primaryimage\"},\"thumbnailUrl\":\"https:\\\/\\\/www.altercampagne.net\\\/wp-content\\\/uploads\\\/2017\\\/08\\\/2017-08-04_10.15.jpg\",\"datePublished\":\"2017-08-03T19:23:27+00:00\",\"dateModified\":\"2018-02-26T21:17:42+00:00\",\"author\":{\"@id\":\"https:\\\/\\\/www.altercampagne.net\\\/#\\\/schema\\\/person\\\/0f261460c09e430caa0f9bcffa319109\"},\"breadcrumb\":{\"@id\":\"https:\\\/\\\/www.altercampagne.net\\\/?p=7496#breadcrumb\"},\"inLanguage\":\"fr-FR\",\"potentialAction\":[{\"@type\":\"ReadAction\",\"target\":[\"https:\\\/\\\/www.altercampagne.net\\\/?p=7496\"]}]},{\"@type\":\"ImageObject\",\"inLanguage\":\"fr-FR\",\"@id\":\"https:\\\/\\\/www.altercampagne.net\\\/?p=7496#primaryimage\",\"url\":\"https:\\\/\\\/www.altercampagne.net\\\/wp-content\\\/uploads\\\/2017\\\/08\\\/2017-08-04_10.15.jpg\",\"contentUrl\":\"https:\\\/\\\/www.altercampagne.net\\\/wp-content\\\/uploads\\\/2017\\\/08\\\/2017-08-04_10.15.jpg\",\"width\":837,\"height\":437},{\"@type\":\"BreadcrumbList\",\"@id\":\"https:\\\/\\\/www.altercampagne.net\\\/?p=7496#breadcrumb\",\"itemListElement\":[{\"@type\":\"ListItem\",\"position\":1,\"name\":\"Accueil\",\"item\":\"https:\\\/\\\/www.altercampagne.net\\\/\"},{\"@type\":\"ListItem\",\"position\":2,\"name\":\"\u00c9tape du 3 ao\u00fbt : Ribaute-les-Tavernes &#8211; Bess\u00e8ges : le Collectif Cr\u00e9atif du Castellas\"}]},{\"@type\":\"WebSite\",\"@id\":\"https:\\\/\\\/www.altercampagne.net\\\/#website\",\"url\":\"https:\\\/\\\/www.altercampagne.net\\\/\",\"name\":\"AlterTour\",\"description\":\"Reliez les Alternatives \u00e0 v\u00e9lo\",\"potentialAction\":[{\"@type\":\"SearchAction\",\"target\":{\"@type\":\"EntryPoint\",\"urlTemplate\":\"https:\\\/\\\/www.altercampagne.net\\\/?s={search_term_string}\"},\"query-input\":{\"@type\":\"PropertyValueSpecification\",\"valueRequired\":true,\"valueName\":\"search_term_string\"}}],\"inLanguage\":\"fr-FR\"},{\"@type\":\"Person\",\"@id\":\"https:\\\/\\\/www.altercampagne.net\\\/#\\\/schema\\\/person\\\/0f261460c09e430caa0f9bcffa319109\",\"name\":\"Mathieu\",\"image\":{\"@type\":\"ImageObject\",\"inLanguage\":\"fr-FR\",\"@id\":\"https:\\\/\\\/secure.gravatar.com\\\/avatar\\\/aa9d3d24c83f2141e5e2709d0f63d09a99f6be6bb7a50abc4915838d9f54501a?s=96&d=mm&r=g\",\"url\":\"https:\\\/\\\/secure.gravatar.com\\\/avatar\\\/aa9d3d24c83f2141e5e2709d0f63d09a99f6be6bb7a50abc4915838d9f54501a?s=96&d=mm&r=g\",\"contentUrl\":\"https:\\\/\\\/secure.gravatar.com\\\/avatar\\\/aa9d3d24c83f2141e5e2709d0f63d09a99f6be6bb7a50abc4915838d9f54501a?s=96&d=mm&r=g\",\"caption\":\"Mathieu\"},\"url\":\"https:\\\/\\\/www.altercampagne.net\\\/?author=214\"}]}<\/script>\n<!-- \/ Yoast SEO plugin. -->","yoast_head_json":{"title":"\u00c9tape du 3 ao\u00fbt : Ribaute-les-Tavernes - Bess\u00e8ges : le Collectif Cr\u00e9atif du Castellas - AlterTour","robots":{"index":"index","follow":"follow","max-snippet":"max-snippet:-1","max-image-preview":"max-image-preview:large","max-video-preview":"max-video-preview:-1"},"canonical":"https:\/\/www.altercampagne.net\/?p=7496","og_locale":"fr_FR","og_type":"article","og_title":"\u00c9tape du 3 ao\u00fbt : Ribaute-les-Tavernes - Bess\u00e8ges : le Collectif Cr\u00e9atif du Castellas - AlterTour","og_description":"Pour \u00e9viter la grosse chaleur, la journ\u00e9e du 3 ao\u00fbt a commenc\u00e9 \u00e0 6 heures. D\u00e9part de Ribaute Les Tavernes direction Bess\u00e8ges. Nous passons par V\u00e9z\u00e9nobre, St Christol les Al\u00e8s, Mons, petite pause \u00e0 Salindres, avant de nous arr\u00eater pour une pause baignade et repas au bord d\u2019une rivi\u00e8re de ... Read More","og_url":"https:\/\/www.altercampagne.net\/?p=7496","og_site_name":"AlterTour","article_published_time":"2017-08-03T19:23:27+00:00","article_modified_time":"2018-02-26T21:17:42+00:00","og_image":[{"width":837,"height":437,"url":"https:\/\/www.altercampagne.net\/wp-content\/uploads\/2017\/08\/2017-08-04_10.15.jpg","type":"image\/jpeg"}],"author":"Mathieu","twitter_card":"summary_large_image","twitter_misc":{"\u00c9crit par":"Mathieu","Dur\u00e9e de lecture estim\u00e9e":"1 minute"},"schema":{"@context":"https:\/\/schema.org","@graph":[{"@type":"Article","@id":"https:\/\/www.altercampagne.net\/?p=7496#article","isPartOf":{"@id":"https:\/\/www.altercampagne.net\/?p=7496"},"author":{"name":"Mathieu","@id":"https:\/\/www.altercampagne.net\/#\/schema\/person\/0f261460c09e430caa0f9bcffa319109"},"headline":"\u00c9tape du 3 ao\u00fbt : Ribaute-les-Tavernes &#8211; Bess\u00e8ges : le Collectif Cr\u00e9atif du Castellas","datePublished":"2017-08-03T19:23:27+00:00","dateModified":"2018-02-26T21:17:42+00:00","mainEntityOfPage":{"@id":"https:\/\/www.altercampagne.net\/?p=7496"},"wordCount":168,"image":{"@id":"https:\/\/www.altercampagne.net\/?p=7496#primaryimage"},"thumbnailUrl":"https:\/\/www.altercampagne.net\/wp-content\/uploads\/2017\/08\/2017-08-04_10.15.jpg","keywords":["Gard","languedoc-roussillon","AlterTour 2017","2017","Collectif Cr\u00e9atif du Castellas","Bess\u00e8ges","Occiatinie"],"articleSection":["Auvergne-Rh\u00f4ne-Alpes","\u00c9dition 2017","Environnement","Habitat"],"inLanguage":"fr-FR"},{"@type":"WebPage","@id":"https:\/\/www.altercampagne.net\/?p=7496","url":"https:\/\/www.altercampagne.net\/?p=7496","name":"\u00c9tape du 3 ao\u00fbt : Ribaute-les-Tavernes - Bess\u00e8ges : le Collectif Cr\u00e9atif du Castellas - AlterTour","isPartOf":{"@id":"https:\/\/www.altercampagne.net\/#website"},"primaryImageOfPage":{"@id":"https:\/\/www.altercampagne.net\/?p=7496#primaryimage"},"image":{"@id":"https:\/\/www.altercampagne.net\/?p=7496#primaryimage"},"thumbnailUrl":"https:\/\/www.altercampagne.net\/wp-content\/uploads\/2017\/08\/2017-08-04_10.15.jpg","datePublished":"2017-08-03T19:23:27+00:00","dateModified":"2018-02-26T21:17:42+00:00","author":{"@id":"https:\/\/www.altercampagne.net\/#\/schema\/person\/0f261460c09e430caa0f9bcffa319109"},"breadcrumb":{"@id":"https:\/\/www.altercampagne.net\/?p=7496#breadcrumb"},"inLanguage":"fr-FR","potentialAction":[{"@type":"ReadAction","target":["https:\/\/www.altercampagne.net\/?p=7496"]}]},{"@type":"ImageObject","inLanguage":"fr-FR","@id":"https:\/\/www.altercampagne.net\/?p=7496#primaryimage","url":"https:\/\/www.altercampagne.net\/wp-content\/uploads\/2017\/08\/2017-08-04_10.15.jpg","contentUrl":"https:\/\/www.altercampagne.net\/wp-content\/uploads\/2017\/08\/2017-08-04_10.15.jpg","width":837,"height":437},{"@type":"BreadcrumbList","@id":"https:\/\/www.altercampagne.net\/?p=7496#breadcrumb","itemListElement":[{"@type":"ListItem","position":1,"name":"Accueil","item":"https:\/\/www.altercampagne.net\/"},{"@type":"ListItem","position":2,"name":"\u00c9tape du 3 ao\u00fbt : Ribaute-les-Tavernes &#8211; Bess\u00e8ges : le Collectif Cr\u00e9atif du Castellas"}]},{"@type":"WebSite","@id":"https:\/\/www.altercampagne.net\/#website","url":"https:\/\/www.altercampagne.net\/","name":"AlterTour","description":"Reliez les Alternatives \u00e0 v\u00e9lo","potentialAction":[{"@type":"SearchAction","target":{"@type":"EntryPoint","urlTemplate":"https:\/\/www.altercampagne.net\/?s={search_term_string}"},"query-input":{"@type":"PropertyValueSpecification","valueRequired":true,"valueName":"search_term_string"}}],"inLanguage":"fr-FR"},{"@type":"Person","@id":"https:\/\/www.altercampagne.net\/#\/schema\/person\/0f261460c09e430caa0f9bcffa319109","name":"Mathieu","image":{"@type":"ImageObject","inLanguage":"fr-FR","@id":"https:\/\/secure.gravatar.com\/avatar\/aa9d3d24c83f2141e5e2709d0f63d09a99f6be6bb7a50abc4915838d9f54501a?s=96&d=mm&r=g","url":"https:\/\/secure.gravatar.com\/avatar\/aa9d3d24c83f2141e5e2709d0f63d09a99f6be6bb7a50abc4915838d9f54501a?s=96&d=mm&r=g","contentUrl":"https:\/\/secure.gravatar.com\/avatar\/aa9d3d24c83f2141e5e2709d0f63d09a99f6be6bb7a50abc4915838d9f54501a?s=96&d=mm&r=g","caption":"Mathieu"},"url":"https:\/\/www.altercampagne.net\/?author=214"}]}},"_links":{"self":[{"href":"https:\/\/www.altercampagne.net\/index.php?rest_route=\/wp\/v2\/posts\/7496","targetHints":{"allow":["GET"]}}],"collection":[{"href":"https:\/\/www.altercampagne.net\/index.php?rest_route=\/wp\/v2\/posts"}],"about":[{"href":"https:\/\/www.altercampagne.net\/index.php?rest_route=\/wp\/v2\/types\/post"}],"author":[{"embeddable":true,"href":"https:\/\/www.altercampagne.net\/index.php?rest_route=\/wp\/v2\/users\/214"}],"replies":[{"embeddable":true,"href":"https:\/\/www.altercampagne.net\/index.php?rest_route=%2Fwp%2Fv2%2Fcomments&post=7496"}],"version-history":[{"count":0,"href":"https:\/\/www.altercampagne.net\/index.php?rest_route=\/wp\/v2\/posts\/7496\/revisions"}],"wp:featuredmedia":[{"embeddable":true,"href":"https:\/\/www.altercampagne.net\/index.php?rest_route=\/wp\/v2\/media\/9482"}],"wp:attachment":[{"href":"https:\/\/www.altercampagne.net\/index.php?rest_route=%2Fwp%2Fv2%2Fmedia&parent=7496"}],"wp:term":[{"taxonomy":"category","embeddable":true,"href":"https:\/\/www.altercampagne.net\/index.php?rest_route=%2Fwp%2Fv2%2Fcategories&post=7496"},{"taxonomy":"post_tag","embeddable":true,"href":"https:\/\/www.altercampagne.net\/index.php?rest_route=%2Fwp%2Fv2%2Ftags&post=7496"}],"curies":[{"name":"wp","href":"https:\/\/api.w.org\/{rel}","templated":true}]}}