{"id":7501,"date":"2017-08-06T18:26:27","date_gmt":"2017-08-06T16:26:27","guid":{"rendered":"http:\/\/www.altercampagne.net\/?p=7501"},"modified":"2018-02-23T17:52:36","modified_gmt":"2018-02-23T16:52:36","slug":"7501","status":"publish","type":"post","link":"https:\/\/www.altercampagne.net\/?p=7501","title":{"rendered":"L\u2019AlterTour, un tour \u00e0 v\u00e9lo mais pour qui et pour quoi ?"},"content":{"rendered":"<p><b><a href=\"http:\/\/www.altercampagne.net\/\">L\u2019AlterTour<\/a>\u00a0est un voyage \u00e0 v\u00e9lo\u00a0<\/b><b>organis\u00e9e en France depuis 2008.\u00a0<\/b>Un voyage\u00a0engag\u00e9 dans la construction d\u2019un monde plus responsable. L\u2019association\u00a0<b>Altercampagne\u00a0<\/b>en est l\u2019instigatrice et\u00a0<b>chaque \u00e9t\u00e9<\/b>, sur une p\u00e9riode d\u2019<b>environ 45 jours <\/b>(mais on peut aussi s\u2019inscrire pour quelques jours), l\u2019AlterTour propose d\u2019aller \u00e0 la rencontre d\u2019alternatives concr\u00e8tes men\u00e9es par les populations locales (alternatives agricoles, \u00e9conomiques, \u00e9ducatives, \u00e9nerg\u00e9tiques, sociales, culturelles\u2026).\u00a0<b>Ces voyages se font dans un objectif d\u2019\u00e9changes et d\u2019enrichissement mutuel.<\/b>\u00a0Dans ce cadre, le v\u00e9lo est un moyen de faire le lien entre ces initiatives mais aussi de sillonner\u00a0les r\u00e9gions de France (<b>40 km par jour env<\/b>), de prendre le temps de d\u00e9couvrir ses traditions, ses habitants et partager la vision d\u2019un monde que nous aimerions transmettre \u00e0 nos enfants.<\/p>\n<p><b>L\u2019AlterTour en quelques chiffres 2007\/2016 :<\/b><\/p>\n<ul>\n<li>260 b\u00e9n\u00e9voles sur 10 ans<\/li>\n<li>3 000h de b\u00e9n\u00e9volat en 2016<\/li>\n<li>2 000 participants cumul\u00e9s<\/li>\n<li>Multi g\u00e9n\u00e9rationnel\u00a0: de 2 mois \u00e0 79 ans<\/li>\n<li>320\u00a0\u00a0AlterCyclistes en 2016<\/li>\n<li>400 jours cumul\u00e9s de v\u00e9lo<\/li>\n<li>750 Alternatives rencontr\u00e9es<\/li>\n<li>17 000 km cumul\u00e9s<\/li>\n<\/ul>\n<h2>Pr\u00e9paration du tour 2017, une organisation bien rod\u00e9e<\/h2>\n<h4>Dans les backstages de l\u2019AlterTour<\/h4>\n<p>En d\u00e9cembre 2016, \u00e0 peine install\u00e9 sur Toulouse, je prend connaissance du futur itin\u00e9raire de l\u2019AlterTour 2017. Un tour qui d\u00e9butera cette ann\u00e9e de \u00ab\u00a0la ville rose\u00a0\u00bb, une aubaine pour moi qui souhaite d\u00e9couvrir la vie associative de la r\u00e9gion. Un premier email \u00e0 Mathieu Fromont, coordinateur de l\u2019AlterTour depuis sa premier \u00e9dition et me voila invit\u00e9 \u00e0 la prochaine r\u00e9union Skype. Les premi\u00e8res semaines sont difficiles, beaucoup de vocabulaire \u00e0 int\u00e9grer, une organisation tr\u00e8s bien rod\u00e9e qui s\u2019est affin\u00e9e avec les ann\u00e9es. D\u2019ailleurs la majorit\u00e9 des b\u00e9n\u00e9voles sont d\u2019anciens participants de l\u2019AlterTour.<\/p>\n<p>Le choix des pr\u00e9parateurs d\u2019\u00e9tapes pour les quarante cinq jours de l\u2019aventure se fait naturellement, au fil de l\u2019eau. \u00a0Nos \u00e9changes se font avec en support un document partag\u00e9 reprenant l\u2019agenda du tour jour par jour. Au d\u00e9but beaucoup d\u2019indicateurs sont au rouge, on retrouve les informations sur les pr\u00e9parateurs d\u2019\u00e9tape, les villes \u00e9tapes, les alternatives rencontr\u00e9es, le nombre de kilom\u00e8tres pr\u00e9vu, les itin\u00e9raires, etc\u2026 \u00a0J\u2019en profite pour m\u2019inscrire comme pr\u00e9parateur d\u2019\u00e9tape sur les six premiers jours. Elsa forte de ses quatre participations \u00e0 l\u2019AlterTour se joint \u00e0 moi sur cette p\u00e9riode. Elle ma\u00eetrise le jargon et fait preuve d\u2019une organisation sans faille, un sacr\u00e9 coup de pouce pour me guider dans le labyrinthe des terminologies Alter et dans le d\u00e9m\u00ealage des t\u00e2ches.<\/p>\n<p>Les r\u00e9unions Skype se succ\u00e8dent toutes les deux semaines environ. On y fait le d\u00e9tail de la pr\u00e9paration des \u00e9tapes. Chaque journ\u00e9e de l\u2019agenda est pass\u00e9e en revue. Identification des points bloquants, partage des bonnes nouvelles, passage de bons plans. Un moment o\u00f9 l\u2019on apprend aussi \u00e0 se connaitre. A l\u2019approche du printemps des r\u00e9unions pl\u00e9ni\u00e8res sont organis\u00e9es aux quatre coins de la France. L\u2019occasion de mettre des visages sur des noms et prendre des d\u00e9cisions sur des sujets plus g\u00e9n\u00e9raux. D\u2019autres rencontres sont organis\u00e9es pour l\u2019entretien de la vingtaine de v\u00e9los destin\u00e9s aux participants de l\u2019AlterTour, une autre pour r\u00e9aliser l\u2019inventaire du mat\u00e9riel, pr\u00e9parer le camion et la voiture balais.<\/p>\n<h4>Tu seras pr\u00e9parateur d\u2019\u00e9tape !<\/h4>\n<p>Parmi les missions du pr\u00e9parateur d\u2019\u00e9tape on retrouve :<\/p>\n<blockquote>\n<ul>\n<li>Prise de contact avec des alternatives locales et r\u00e9flexion sur les activit\u00e9s qu\u2019il serait possible de proposer (ateliers, visites, projections, d\u00e9bats, concerts)<\/li>\n<li>Recherche de lieux d\u2019accueil pour l\u2019installation du campement. Identification d\u2019un espace pour une quarantaine de tentes, de deux toilettes s\u00e8ches, un point d\u2019eau pour les douches et un espace pour le camion et l\u2019espace cuisine<\/li>\n<li>Planifier les itin\u00e9raires \u00a0cyclables avec l\u2019objectif de proposer un trac\u00e9 accessible \u00e0 tous et avec une s\u00e9curit\u00e9 maximum (cartes et tours de rep\u00e9rage)<\/li>\n<li>Identification de lieux de pause d\u00e9jeuner pour la pr\u00e9paration des repas et le r\u00e9approvisionnement en eau (contacter les municipalit\u00e9s, associations locales)<\/li>\n<li>Recherche de primeurs ou producteurs locaux pour le r\u00e9approvisionnement en produits bio et locaux (fromages, pains, fruits et l\u00e9gumes) Contacter bien \u00e0 l\u2019avance pour permettre d\u2019anticiper les quantit\u00e9s n\u00e9cessaires \u00e0 planter<\/li>\n<\/ul>\n<\/blockquote>\n<p>La notori\u00e9t\u00e9 de l\u2019AlterTour m\u2019a agr\u00e9ablement surpris lors de nos recherches. Beaucoup des alternatives contact\u00e9es connaissaient l\u2019\u00e9v\u00e9nement et \u00e9taient ravies de nous rencontrer. \u00a0Il est vrai que l\u2019\u00e9dition 2012 \u00e9tait pass\u00e9e par Toulouse et notre carnet d\u2019adresses reprenait plusieurs des alternatives de cette \u00e9dition.<\/p>\n<p>Lorsqu\u2019une alternative est d\u2019accord pour nous accueillir, nous lui demandons g\u00e9n\u00e9ralement d\u2019\u00eatre force de proposition sur le fond et la forme de notre future rencontre. Pas toujours \u00e9vident pour des structures n\u2019ayant jamais accueilli un groupe de cyclistes itin\u00e9rants. Il faut effectivement int\u00e9grer un temps pour permettre aux alter-cyclistes d\u2019installer le campement, se laver, se reposer les jambes. Finalement, il ne reste pas \u00e9norm\u00e9ment de temps apr\u00e8s une visite pour d\u2019autres activit\u00e9s. La soir\u00e9e se poursuit souvent autour d\u2019un fond musical, d\u2019un repas partag\u00e9. Un contexte parfait pour permettre a ceux qui le souhaite de poursuivre la conversation. \u00a0Lorsque nous sommes accueillis plusieurs jours il est alors envisageable de proposer des ateliers et chantiers participatifs.<\/p>\n<p>L\u2019organisation des six jours nous aura finalement occup\u00e9 pendant les six premiers mois de l\u2019ann\u00e9e.<\/p>\n<blockquote>\n<h4>Dimanche 9 Juillet 2017, Toulouse<\/h4>\n<p><a class=\"ngg-fancybox\" title=\" \" href=\"http:\/\/carnetdespossibles.fr\/wp-content\/gallery\/altertour-2017\/HabFab.jpg\" rel=\"\" data-image-id=\"5\" data-src=\"http:\/\/carnetdespossibles.fr\/wp-content\/gallery\/altertour-2017\/HabFab.jpg\" data-thumbnail=\"http:\/\/carnetdespossibles.fr\/wp-content\/gallery\/altertour-2017\/thumbs\/thumbs_HabFab.jpg\" data-title=\"HabFab\" data-description=\" \"><img loading=\"lazy\" decoding=\"async\" class=\"ngg-singlepic ngg-none alignleft\" src=\"http:\/\/carnetdespossibles.fr\/wp-content\/gallery\/altertour-2017\/thumbs\/thumbs_HabFab.jpg\" alt=\"HabFab\" width=\"149\" height=\"99\" \/><\/a>Organisation d\u2019une journ\u00e9e \u00e0 la d\u00e9couverte d\u2019une vingtaine d\u2019alternatives toulousaines en collaboration avec l\u2019association Via Brachy. \u00a0Une dizaine de groupes de cyclistes ont ainsi sillonn\u00e9 la ville \u00e0 la rencontre d\u2019alternatives sur des th\u00e9matiques vari\u00e9es (Cin\u00e9ma ind\u00e9pendant, recyclage de mat\u00e9riaux de chantiers, jardins partag\u00e9s, ateliers v\u00e9los et beaucoup d\u2019autres). Retrouvaille le soir m\u00eame pour partager sur la journ\u00e9e et faire la f\u00eate. \u00a0Une journ\u00e9e aux couleurs de l\u2019Europe avec la participation de siciliens, grecques et portugais venus participer au \u00ab\u00a0voyage en h\u00e9t\u00e9rotopie\u00a0\u00bb organis\u00e9 par Via Brachy.<\/p>\n<h4>Lundi 10 juillet 2017, Montaigut sur Save<\/h4>\n<p><a class=\"ngg-fancybox\" title=\" \" href=\"http:\/\/carnetdespossibles.fr\/wp-content\/gallery\/altertour-2017\/FermeLaBouzigue.jpg\" rel=\"\" data-image-id=\"4\" data-src=\"http:\/\/carnetdespossibles.fr\/wp-content\/gallery\/altertour-2017\/FermeLaBouzigue.jpg\" data-thumbnail=\"http:\/\/carnetdespossibles.fr\/wp-content\/gallery\/altertour-2017\/thumbs\/thumbs_FermeLaBouzigue.jpg\" data-title=\"FermeLaBouzigue\" data-description=\" \"><img loading=\"lazy\" decoding=\"async\" class=\"ngg-singlepic ngg-none alignleft\" src=\"http:\/\/carnetdespossibles.fr\/wp-content\/gallery\/altertour-2017\/thumbs\/thumbs_FermeLaBouzigue.jpg\" alt=\"FermeLaBouzigue\" width=\"149\" height=\"99\" \/><\/a>D\u00e9couverte de la ferme de la Bouzigue, ferme p\u00e9dagogique et lieu de promotion de l\u2019\u00e9ducation \u00e0 l\u2019environnement.<\/p>\n<p>Au programme d\u00e9couverte du potager \u00e9cologique, des animaux de la ferme et des deux jeunes alpagas. Une rencontre anim\u00e9e par le duo Valerie &amp; Valerie p\u00e9tillantes et passionnantes. L\u2019apr\u00e8s midi se poursuit avec le concert du c\u00e9l\u00e8bre pianiste nomade Marc Vella. Marc a parcouru \u00a0environ 200 000 km en 25 ans accompagn\u00e9 de son fid\u00e8le piano. \u00a0Nous poursuivons la soir\u00e9e au rythme de \u00ab\u00a0la caravane amoureuse\u00a0\u00bb film documentaire retra\u00e7ant le voyage de Marc en Inde.<\/p>\n<h4>Mardi 11 juillet 2017, Beaumont sur Leze<\/h4>\n<p><a class=\"ngg-fancybox\" title=\" \" href=\"http:\/\/carnetdespossibles.fr\/wp-content\/gallery\/altertour-2017\/NonAValTolosa2.jpg\" rel=\"\" data-image-id=\"7\" data-src=\"http:\/\/carnetdespossibles.fr\/wp-content\/gallery\/altertour-2017\/NonAValTolosa2.jpg\" data-thumbnail=\"http:\/\/carnetdespossibles.fr\/wp-content\/gallery\/altertour-2017\/thumbs\/thumbs_NonAValTolosa2.jpg\" data-title=\"NonAValTolosa2\" data-description=\" \"><img loading=\"lazy\" decoding=\"async\" class=\"ngg-singlepic ngg-left alignleft\" src=\"http:\/\/carnetdespossibles.fr\/wp-content\/gallery\/altertour-2017\/thumbs\/thumbs_NonAValTolosa2.jpg\" alt=\"NonAValTolosa2\" width=\"147\" height=\"98\" \/><\/a>Une premi\u00e8re rencontre en milieu de journ\u00e9e avec les militants de \u00ab\u00a0Non \u00e0 Val Tolosa\u00a0\u00bb. Un collectif citoyen qui milite depuis plus de dix ans pour la pr\u00e9servation d\u2019une zone d\u2019accueil de plusieurs esp\u00e8ces de plantes prot\u00e9g\u00e9es mise en p\u00e9ril par le projet de centre commercial qu\u2019ils sont en voie de remporter.<\/p>\n<p>Apr\u00e8s un itin\u00e9raire anim\u00e9 par les champs de tournesol nous rencontrons les habitants de Mas Coop, une coop\u00e9rative d\u2019habitants avec un projet d\u2019habitat partag\u00e9 dans un lieu paradisiaque. Un accueil survitamin\u00e9 avec en point d\u2019orgue une soir\u00e9e musicale enflamm\u00e9e par <strong>R\u00e9mi Mouillerac<\/strong>, guitariste et chanteur reconnu sur la sc\u00e8ne toulousaine.<\/p>\n<h4>Mercredi 12 Juillet, Caz\u00e9res<\/h4>\n<p><a class=\"ngg-fancybox\" title=\" \" href=\"http:\/\/carnetdespossibles.fr\/wp-content\/gallery\/altertour-2017\/an011.jpg\" rel=\"\" data-image-id=\"10\" data-src=\"http:\/\/carnetdespossibles.fr\/wp-content\/gallery\/altertour-2017\/an011.jpg\" data-thumbnail=\"http:\/\/carnetdespossibles.fr\/wp-content\/gallery\/altertour-2017\/thumbs\/thumbs_an011.jpg\" data-title=\"an01[1]\" data-description=\" \"><img loading=\"lazy\" decoding=\"async\" class=\"ngg-singlepic ngg-none alignleft\" src=\"http:\/\/carnetdespossibles.fr\/wp-content\/gallery\/altertour-2017\/thumbs\/thumbs_an011.jpg\" alt=\"an01[1]\" width=\"146\" height=\"97\" \/><\/a>Apr\u00e8s une journ\u00e9e vallonn\u00e9e nous rencontrons les habitants de l\u2019an 01, une coop\u00e9rative d\u2019habitants cr\u00e9\u00e9 en 2014, install\u00e9 dans un ancien corps de ferme du d\u00e9but du si\u00e8cle. La propri\u00e9t\u00e9 est entour\u00e9e d\u2019une zone mara\u00eech\u00e8re et c\u00e9r\u00e9ali\u00e8re, exploit\u00e9e par deux des membres du collectif, Alban le mara\u00eecher et Diego le paysan-boulanger. Installation du campement suivi d\u2019une pr\u00e9sentation du lieu et des activit\u00e9s mara\u00eech\u00e8res avant de partir en centre ville pour rencontrer le groupe d\u2019opposants \u00e0 la r\u00e9ouverture de la mine de Salau. Une mine de tungst\u00e8ne ferm\u00e9e il y a une trentaine d\u2019ann\u00e9es. Une exploitation principalement destin\u00e9e \u00e0 l\u2019industrie militaire. Plus qu\u2019un probl\u00e8me environnemental, c\u2019est la sant\u00e9 des mineurs qui est directement en jeux avec des risques av\u00e9r\u00e9 de\u00a0d\u2019asbestose et de cancer.<\/p><\/blockquote>\n<h2>\u00a0Grosso modo comment se passe une journ\u00e9e d\u2019un alter-cycliste?<\/h2>\n<h4>Un planning bien ficel\u00e9<\/h4>\n<p>L\u2019emploi du temps de chaque journ\u00e9e est r\u00e9fl\u00e9chis bien en amont. Il est construit en fonction des disponibilit\u00e9s des accueillants, des activit\u00e9s que l\u2019on souhaite proposer, des distances \u00e0 parcourir. Il est aussi r\u00e9gis par les temps de trajet \u00e0 v\u00e9lo ( 10 km\/h de moyenne), des temps de pause, des briefings, des pauses repas. Le d\u00e9tail de chaque journ\u00e9e est ainsi savamment organis\u00e9 et visible sur l\u2019agenda de l\u2019AlterTour. Il permet \u00e0 chacun de se faire une id\u00e9e du d\u00e9roulement des journ\u00e9es et de pouvoir au besoin retrouver le groupe en cours de route.<\/p>\n<figure id=\"attachment_134\" class=\"wp-caption aligncenter\"><a href=\"http:\/\/carnetdespossibles.fr\/wp-content\/uploads\/2017\/08\/fiche-jour-altertour.jpg\"><img loading=\"lazy\" decoding=\"async\" class=\"wp-image-134 size-medium\" src=\"http:\/\/carnetdespossibles.fr\/wp-content\/uploads\/2017\/08\/fiche-jour-altertour-300x225.jpg\" srcset=\"http:\/\/carnetdespossibles.fr\/wp-content\/uploads\/2017\/08\/fiche-jour-altertour-300x225.jpg 300w, http:\/\/carnetdespossibles.fr\/wp-content\/uploads\/2017\/08\/fiche-jour-altertour-768x575.jpg 768w, http:\/\/carnetdespossibles.fr\/wp-content\/uploads\/2017\/08\/fiche-jour-altertour-1024x767.jpg 1024w, http:\/\/carnetdespossibles.fr\/wp-content\/uploads\/2017\/08\/fiche-jour-altertour-110x82.jpg 110w, http:\/\/carnetdespossibles.fr\/wp-content\/uploads\/2017\/08\/fiche-jour-altertour-420x315.jpg 420w, http:\/\/carnetdespossibles.fr\/wp-content\/uploads\/2017\/08\/fiche-jour-altertour-574x430.jpg 574w, http:\/\/carnetdespossibles.fr\/wp-content\/uploads\/2017\/08\/fiche-jour-altertour.jpg 1137w\" alt=\"\" width=\"300\" height=\"225\" \/><\/a><figcaption class=\"wp-caption-text\">Fiche d\u00e9taill\u00e9e d\u2019une journ\u00e9e \u00e0 l\u2019Altertour<\/figcaption><\/figure>\n<p>&nbsp;<\/p>\n<p>L\u2019AlterTour fonctionne de mani\u00e8re autog\u00e9r\u00e9, \u00a0c\u2019est-\u00e0-dire qu\u2019il n\u2019y a pas de structure hi\u00e9rarchique de commandement, ni d\u2019individu qui occupe un r\u00f4le pr\u00e9d\u00e9fini. Il y a effectivement des r\u00e9f\u00e9rents mais ils n\u2019ont d\u2019autres r\u00f4les que de donner des indications. Ainsi chaque soir un briefing est organis\u00e9 avec pour ordre du jour le remplissage du tableau des postes du lendemain. Une quarantaine de \u00a0t\u00e2ches sont \u00e0 pouvoir au quotidien<\/p>\n<blockquote>\n<ul>\n<li>Pr\u00e9pos\u00e9s au r\u00e9veil de l\u2019ensemble du groupe (en r\u00e8gle g\u00e9n\u00e9rale, un r\u00e9veil au son d\u2019un instrument de musique)<\/li>\n<li>Cuisiniers pour le petit d\u00e9jeuner, d\u00e9jeuner, d\u00eener<\/li>\n<li>Poste de ma\u00eetre du temps (Il connait le planning et intervient pour pr\u00e9venir d\u2019un d\u00e9passement du temps)<\/li>\n<li>Pr\u00e9pos\u00e9s \u00e0 la vaisselle<\/li>\n<li>Postes de conducteur des deux v\u00e9hicules<\/li>\n<li>Poste r\u00e9parateur v\u00e9lo<\/li>\n<li>Poste montage\/d\u00e9montage des toilettes s\u00e8ches<\/li>\n<li>Poste journaliste du jour<\/li>\n<li>Poste rangement de l\u2019\u00e9quipement dans le camion<\/li>\n<li>\u2026<\/li>\n<\/ul>\n<\/blockquote>\n<p>C\u2019est donc \u00e0 chacun de s\u2019impliquer pour contribuer \u00e0 la bonne marche de l\u2019AlterTour. \u00a0Les postes tournent chaque jour et l\u2019on constate que la majorit\u00e9 joue le jeu. L\u2019organisation du tour se fait de la bonne volont\u00e9 de l\u2019ensemble du groupe. C\u2019est un \u00e9quilibre qui parait fragile mais qui fonctionne depuis la toute premi\u00e8re \u00e9dition.<\/p>\n<h4>On the road<\/h4>\n<p>Sur la route c\u2019est aussi tout une histoire, l\u00e0 encore l\u2019autogestion est de rigueur, \u00a0il y a bien un guide en t\u00eate de file, pas forcement le ou les pr\u00e9parateurs de l\u2019\u00e9tape du jour mais en g\u00e9n\u00e9ral une personne famili\u00e8re de la r\u00e9gion. \u00a0Un alter-cycliste se propose aussi pour jouer le r\u00f4le de \u00ab\u00a0serre-file\u00a0\u00bb. Il cl\u00f4ture le peloton et dispose d\u2019une boite \u00e0 outils et \u00e0 pharmacie pour palier a toutes avaries. \u00a0Entre ces deux portes drapeaux le groupe s\u2019\u00e9tire au rythme des sportifs et des fl\u00e2neurs. Il y a d\u00e9j\u00e0 eu plus d\u2019une heure d\u2019\u00e9cart entre les deux extr\u00e9mit\u00e9s de la file mais tout le monde arrive \u00e0 bon port. \u00a0Et comment faire pour ne pas perdre un cycliste aux intersections ? Et bien c\u2019est l\u00e0 qu\u2019interviennent les \u00ab\u00a0fl\u00e8ches humaines\u00a0\u00bb. Le guide doit toujours \u00eatre suivi de pr\u00eat par plusieurs alter-cyclistes, \u00e0 l\u2019approche d\u2019une intersection un des suiveurs s\u2019arr\u00eate spontan\u00e9ment pour montrer le chemin au reste de la caravane.<\/p>\n<h2>Bref !<\/h2>\n<p>Bref ce premier pas dans l\u2019univers AlterTour m\u2019a ouvert les yeux sur un monde d\u2019alternatives avec beaucoup de bonnes id\u00e9es. Il a fallu franchir plusieurs portes, s\u2019accrocher pour d\u00e9crypter les terminologies du monde \u00ab\u00a0alter\u00a0\u00bb avant d\u2019appr\u00e9cier l\u2019importance du r\u00e9seau d\u2019alternatives et les interconnexions qui le font vivre. C\u2019est aussi et surtout une aventure humaine o\u00f9 l\u2019on se plait \u00e0 d\u00e9couvrir des personnes porteuses de projets responsables, avec une volont\u00e9 de limiter leur impact environnemental et d\u00e9velopper une soci\u00e9t\u00e9 plus \u00e9quitable. \u00a0Ces gens investissent leur temps et leur \u00e9nergie dans un but id\u00e9ologique, c\u2019est aussi un domaine en pleine effervescence o\u00f9 chacun peut venir s\u2019exprimer et proposer de nouvelles id\u00e9es. J\u2019aime d\u00e9couvrir ces projets o\u00f9 l\u2019on imagine d\u2019autres mani\u00e8res de vivre, de consommer. Ils n\u2019ont pas forcement vocation \u00e0 changer le monde mais ils permettent de d\u00e9velopper un esprit critique sur notre soci\u00e9t\u00e9 et d\u2019imaginer des solutions pour l\u2019am\u00e9liorer. En tout cas une chose est s\u00fbre, je serai l\u00e0 pour l\u2019\u00e9dition AlterTour 2018.<\/p>\n<p>Merci \u00e0 toute l\u2019\u00e9quipe AlterTour !<\/p>\n<p style=\"text-align: right;\"><strong>Virgile<\/strong>, <a href=\"http:\/\/carnetdespossibles.fr\/2017\/08\/06\/altertour-2017\/\" target=\"_blank\" rel=\"noopener\">Le Carnet des possibles<\/a><\/p>\n","protected":false},"excerpt":{"rendered":"<p>L\u2019AlterTour\u00a0est un voyage \u00e0 v\u00e9lo\u00a0organis\u00e9e en France depuis 2008.\u00a0Un voyage\u00a0engag\u00e9 dans la construction d\u2019un monde plus responsable. L\u2019association\u00a0Altercampagne\u00a0en est l\u2019instigatrice et\u00a0chaque \u00e9t\u00e9, sur une p\u00e9riode d\u2019environ 45 jours (mais on peut aussi s\u2019inscrire pour quelques jours), l\u2019AlterTour propose d\u2019aller \u00e0 la rencontre d\u2019alternatives concr\u00e8tes men\u00e9es par les populations locales (alternatives &#8230; <\/p>\n<div><a href=\"https:\/\/www.altercampagne.net\/?p=7501\" class=\"more-link\">Read More<\/a><\/div>\n","protected":false},"author":215,"featured_media":9397,"comment_status":"closed","ping_status":"closed","sticky":false,"template":"","format":"standard","meta":{"footnotes":""},"categories":[3457,3486,3485,3480,3488],"tags":[84,88,2252,2783,2784,2785,2790,2824,2977,3005,3006,3119,3294,3295,3296],"class_list":["post-7501","post","type-post","status-publish","format-standard","has-post-thumbnail","hentry","category-edition-2017","category-environnement","category-habitat","category-occitanie","category-social","tag-cazeres","tag-toulouse","tag-marc-vella","tag-altertour-2017","tag-2784","tag-occitanie","tag-mas-coop","tag-beaumont-sur-leze","tag-via-brachy","tag-montaigut-sur-save","tag-ferme-de-la-bouzigue","tag-non-a-val-tolosa","tag-remi-mouillerac","tag-cooperative-dhabitants-lan-01","tag-stop-mine-de-salau"],"yoast_head":"<!-- This site is optimized with the Yoast SEO plugin v27.3 - https:\/\/yoast.com\/product\/yoast-seo-wordpress\/ -->\n<title>L\u2019AlterTour, un tour \u00e0 v\u00e9lo mais pour qui et pour quoi ? - AlterTour<\/title>\n<meta name=\"robots\" content=\"index, follow, max-snippet:-1, max-image-preview:large, max-video-preview:-1\" \/>\n<link rel=\"canonical\" href=\"https:\/\/www.altercampagne.net\/?p=7501\" \/>\n<meta property=\"og:locale\" content=\"fr_FR\" \/>\n<meta property=\"og:type\" content=\"article\" \/>\n<meta property=\"og:title\" content=\"L\u2019AlterTour, un tour \u00e0 v\u00e9lo mais pour qui et pour quoi ? - AlterTour\" \/>\n<meta property=\"og:description\" content=\"L\u2019AlterTour\u00a0est un voyage \u00e0 v\u00e9lo\u00a0organis\u00e9e en France depuis 2008.\u00a0Un voyage\u00a0engag\u00e9 dans la construction d\u2019un monde plus responsable. L\u2019association\u00a0Altercampagne\u00a0en est l\u2019instigatrice et\u00a0chaque \u00e9t\u00e9, sur une p\u00e9riode d\u2019environ 45 jours (mais on peut aussi s\u2019inscrire pour quelques jours), l\u2019AlterTour propose d\u2019aller \u00e0 la rencontre d\u2019alternatives concr\u00e8tes men\u00e9es par les populations locales (alternatives ... Read More\" \/>\n<meta property=\"og:url\" content=\"https:\/\/www.altercampagne.net\/?p=7501\" \/>\n<meta property=\"og:site_name\" content=\"AlterTour\" \/>\n<meta property=\"article:published_time\" content=\"2017-08-06T16:26:27+00:00\" \/>\n<meta property=\"article:modified_time\" content=\"2018-02-23T16:52:36+00:00\" \/>\n<meta property=\"og:image\" content=\"https:\/\/www.altercampagne.net\/wp-content\/uploads\/2018\/02\/IMG_20170801_113651.jpg\" \/>\n\t<meta property=\"og:image:width\" content=\"850\" \/>\n\t<meta property=\"og:image:height\" content=\"444\" \/>\n\t<meta property=\"og:image:type\" content=\"image\/jpeg\" \/>\n<meta name=\"author\" content=\"AlterTour\" \/>\n<meta name=\"twitter:card\" content=\"summary_large_image\" \/>\n<meta name=\"twitter:label1\" content=\"\u00c9crit par\" \/>\n\t<meta name=\"twitter:data1\" content=\"AlterTour\" \/>\n\t<meta name=\"twitter:label2\" content=\"Dur\u00e9e de lecture estim\u00e9e\" \/>\n\t<meta name=\"twitter:data2\" content=\"11 minutes\" \/>\n<script type=\"application\/ld+json\" class=\"yoast-schema-graph\">{\"@context\":\"https:\\\/\\\/schema.org\",\"@graph\":[{\"@type\":\"Article\",\"@id\":\"https:\\\/\\\/www.altercampagne.net\\\/?p=7501#article\",\"isPartOf\":{\"@id\":\"https:\\\/\\\/www.altercampagne.net\\\/?p=7501\"},\"author\":{\"name\":\"AlterTour\",\"@id\":\"https:\\\/\\\/www.altercampagne.net\\\/#\\\/schema\\\/person\\\/e5b68c803196f649c2152249d262d94a\"},\"headline\":\"L\u2019AlterTour, un tour \u00e0 v\u00e9lo mais pour qui et pour quoi ?\",\"datePublished\":\"2017-08-06T16:26:27+00:00\",\"dateModified\":\"2018-02-23T16:52:36+00:00\",\"mainEntityOfPage\":{\"@id\":\"https:\\\/\\\/www.altercampagne.net\\\/?p=7501\"},\"wordCount\":2231,\"image\":{\"@id\":\"https:\\\/\\\/www.altercampagne.net\\\/?p=7501#primaryimage\"},\"thumbnailUrl\":\"https:\\\/\\\/www.altercampagne.net\\\/wp-content\\\/uploads\\\/2018\\\/02\\\/IMG_20170801_113651.jpg\",\"keywords\":[\"Caz\u00e8res\",\"Toulouse\",\"Marc Vella\",\"AlterTour 2017\",\"2017\",\"Occitanie\",\"Mas Coop\",\"Beaumont-sur-L\u00e8ze\",\"Via Brachy\",\"Montaigut-sur-Save\",\"Ferme de la Bouzigue\",\"Non \u00e0 Val Tolosa\",\"R\u00e9mi Mouillerac\",\"coop\u00e9rative d\u2019habitants l'an 01\",\"Stop mine de Salau\"],\"articleSection\":[\"\u00c9dition 2017\",\"Environnement\",\"Habitat\",\"Occitanie\",\"Social\"],\"inLanguage\":\"fr-FR\"},{\"@type\":\"WebPage\",\"@id\":\"https:\\\/\\\/www.altercampagne.net\\\/?p=7501\",\"url\":\"https:\\\/\\\/www.altercampagne.net\\\/?p=7501\",\"name\":\"L\u2019AlterTour, un tour \u00e0 v\u00e9lo mais pour qui et pour quoi ? - AlterTour\",\"isPartOf\":{\"@id\":\"https:\\\/\\\/www.altercampagne.net\\\/#website\"},\"primaryImageOfPage\":{\"@id\":\"https:\\\/\\\/www.altercampagne.net\\\/?p=7501#primaryimage\"},\"image\":{\"@id\":\"https:\\\/\\\/www.altercampagne.net\\\/?p=7501#primaryimage\"},\"thumbnailUrl\":\"https:\\\/\\\/www.altercampagne.net\\\/wp-content\\\/uploads\\\/2018\\\/02\\\/IMG_20170801_113651.jpg\",\"datePublished\":\"2017-08-06T16:26:27+00:00\",\"dateModified\":\"2018-02-23T16:52:36+00:00\",\"author\":{\"@id\":\"https:\\\/\\\/www.altercampagne.net\\\/#\\\/schema\\\/person\\\/e5b68c803196f649c2152249d262d94a\"},\"breadcrumb\":{\"@id\":\"https:\\\/\\\/www.altercampagne.net\\\/?p=7501#breadcrumb\"},\"inLanguage\":\"fr-FR\",\"potentialAction\":[{\"@type\":\"ReadAction\",\"target\":[\"https:\\\/\\\/www.altercampagne.net\\\/?p=7501\"]}]},{\"@type\":\"ImageObject\",\"inLanguage\":\"fr-FR\",\"@id\":\"https:\\\/\\\/www.altercampagne.net\\\/?p=7501#primaryimage\",\"url\":\"https:\\\/\\\/www.altercampagne.net\\\/wp-content\\\/uploads\\\/2018\\\/02\\\/IMG_20170801_113651.jpg\",\"contentUrl\":\"https:\\\/\\\/www.altercampagne.net\\\/wp-content\\\/uploads\\\/2018\\\/02\\\/IMG_20170801_113651.jpg\",\"width\":850,\"height\":444},{\"@type\":\"BreadcrumbList\",\"@id\":\"https:\\\/\\\/www.altercampagne.net\\\/?p=7501#breadcrumb\",\"itemListElement\":[{\"@type\":\"ListItem\",\"position\":1,\"name\":\"Accueil\",\"item\":\"https:\\\/\\\/www.altercampagne.net\\\/\"},{\"@type\":\"ListItem\",\"position\":2,\"name\":\"L\u2019AlterTour, un tour \u00e0 v\u00e9lo mais pour qui et pour quoi ?\"}]},{\"@type\":\"WebSite\",\"@id\":\"https:\\\/\\\/www.altercampagne.net\\\/#website\",\"url\":\"https:\\\/\\\/www.altercampagne.net\\\/\",\"name\":\"AlterTour\",\"description\":\"Reliez les Alternatives \u00e0 v\u00e9lo\",\"potentialAction\":[{\"@type\":\"SearchAction\",\"target\":{\"@type\":\"EntryPoint\",\"urlTemplate\":\"https:\\\/\\\/www.altercampagne.net\\\/?s={search_term_string}\"},\"query-input\":{\"@type\":\"PropertyValueSpecification\",\"valueRequired\":true,\"valueName\":\"search_term_string\"}}],\"inLanguage\":\"fr-FR\"},{\"@type\":\"Person\",\"@id\":\"https:\\\/\\\/www.altercampagne.net\\\/#\\\/schema\\\/person\\\/e5b68c803196f649c2152249d262d94a\",\"name\":\"AlterTour\",\"image\":{\"@type\":\"ImageObject\",\"inLanguage\":\"fr-FR\",\"@id\":\"https:\\\/\\\/secure.gravatar.com\\\/avatar\\\/3f2ed77f8506b8ea264ad5938bb0114bfa10f35b64086a66dfbb6e9f58ad9693?s=96&d=mm&r=g\",\"url\":\"https:\\\/\\\/secure.gravatar.com\\\/avatar\\\/3f2ed77f8506b8ea264ad5938bb0114bfa10f35b64086a66dfbb6e9f58ad9693?s=96&d=mm&r=g\",\"contentUrl\":\"https:\\\/\\\/secure.gravatar.com\\\/avatar\\\/3f2ed77f8506b8ea264ad5938bb0114bfa10f35b64086a66dfbb6e9f58ad9693?s=96&d=mm&r=g\",\"caption\":\"AlterTour\"},\"url\":\"https:\\\/\\\/www.altercampagne.net\\\/?author=215\"}]}<\/script>\n<!-- \/ Yoast SEO plugin. -->","yoast_head_json":{"title":"L\u2019AlterTour, un tour \u00e0 v\u00e9lo mais pour qui et pour quoi ? - AlterTour","robots":{"index":"index","follow":"follow","max-snippet":"max-snippet:-1","max-image-preview":"max-image-preview:large","max-video-preview":"max-video-preview:-1"},"canonical":"https:\/\/www.altercampagne.net\/?p=7501","og_locale":"fr_FR","og_type":"article","og_title":"L\u2019AlterTour, un tour \u00e0 v\u00e9lo mais pour qui et pour quoi ? - AlterTour","og_description":"L\u2019AlterTour\u00a0est un voyage \u00e0 v\u00e9lo\u00a0organis\u00e9e en France depuis 2008.\u00a0Un voyage\u00a0engag\u00e9 dans la construction d\u2019un monde plus responsable. L\u2019association\u00a0Altercampagne\u00a0en est l\u2019instigatrice et\u00a0chaque \u00e9t\u00e9, sur une p\u00e9riode d\u2019environ 45 jours (mais on peut aussi s\u2019inscrire pour quelques jours), l\u2019AlterTour propose d\u2019aller \u00e0 la rencontre d\u2019alternatives concr\u00e8tes men\u00e9es par les populations locales (alternatives ... Read More","og_url":"https:\/\/www.altercampagne.net\/?p=7501","og_site_name":"AlterTour","article_published_time":"2017-08-06T16:26:27+00:00","article_modified_time":"2018-02-23T16:52:36+00:00","og_image":[{"width":850,"height":444,"url":"https:\/\/www.altercampagne.net\/wp-content\/uploads\/2018\/02\/IMG_20170801_113651.jpg","type":"image\/jpeg"}],"author":"AlterTour","twitter_card":"summary_large_image","twitter_misc":{"\u00c9crit par":"AlterTour","Dur\u00e9e de lecture estim\u00e9e":"11 minutes"},"schema":{"@context":"https:\/\/schema.org","@graph":[{"@type":"Article","@id":"https:\/\/www.altercampagne.net\/?p=7501#article","isPartOf":{"@id":"https:\/\/www.altercampagne.net\/?p=7501"},"author":{"name":"AlterTour","@id":"https:\/\/www.altercampagne.net\/#\/schema\/person\/e5b68c803196f649c2152249d262d94a"},"headline":"L\u2019AlterTour, un tour \u00e0 v\u00e9lo mais pour qui et pour quoi ?","datePublished":"2017-08-06T16:26:27+00:00","dateModified":"2018-02-23T16:52:36+00:00","mainEntityOfPage":{"@id":"https:\/\/www.altercampagne.net\/?p=7501"},"wordCount":2231,"image":{"@id":"https:\/\/www.altercampagne.net\/?p=7501#primaryimage"},"thumbnailUrl":"https:\/\/www.altercampagne.net\/wp-content\/uploads\/2018\/02\/IMG_20170801_113651.jpg","keywords":["Caz\u00e8res","Toulouse","Marc Vella","AlterTour 2017","2017","Occitanie","Mas Coop","Beaumont-sur-L\u00e8ze","Via Brachy","Montaigut-sur-Save","Ferme de la Bouzigue","Non \u00e0 Val Tolosa","R\u00e9mi Mouillerac","coop\u00e9rative d\u2019habitants l'an 01","Stop mine de Salau"],"articleSection":["\u00c9dition 2017","Environnement","Habitat","Occitanie","Social"],"inLanguage":"fr-FR"},{"@type":"WebPage","@id":"https:\/\/www.altercampagne.net\/?p=7501","url":"https:\/\/www.altercampagne.net\/?p=7501","name":"L\u2019AlterTour, un tour \u00e0 v\u00e9lo mais pour qui et pour quoi ? - AlterTour","isPartOf":{"@id":"https:\/\/www.altercampagne.net\/#website"},"primaryImageOfPage":{"@id":"https:\/\/www.altercampagne.net\/?p=7501#primaryimage"},"image":{"@id":"https:\/\/www.altercampagne.net\/?p=7501#primaryimage"},"thumbnailUrl":"https:\/\/www.altercampagne.net\/wp-content\/uploads\/2018\/02\/IMG_20170801_113651.jpg","datePublished":"2017-08-06T16:26:27+00:00","dateModified":"2018-02-23T16:52:36+00:00","author":{"@id":"https:\/\/www.altercampagne.net\/#\/schema\/person\/e5b68c803196f649c2152249d262d94a"},"breadcrumb":{"@id":"https:\/\/www.altercampagne.net\/?p=7501#breadcrumb"},"inLanguage":"fr-FR","potentialAction":[{"@type":"ReadAction","target":["https:\/\/www.altercampagne.net\/?p=7501"]}]},{"@type":"ImageObject","inLanguage":"fr-FR","@id":"https:\/\/www.altercampagne.net\/?p=7501#primaryimage","url":"https:\/\/www.altercampagne.net\/wp-content\/uploads\/2018\/02\/IMG_20170801_113651.jpg","contentUrl":"https:\/\/www.altercampagne.net\/wp-content\/uploads\/2018\/02\/IMG_20170801_113651.jpg","width":850,"height":444},{"@type":"BreadcrumbList","@id":"https:\/\/www.altercampagne.net\/?p=7501#breadcrumb","itemListElement":[{"@type":"ListItem","position":1,"name":"Accueil","item":"https:\/\/www.altercampagne.net\/"},{"@type":"ListItem","position":2,"name":"L\u2019AlterTour, un tour \u00e0 v\u00e9lo mais pour qui et pour quoi ?"}]},{"@type":"WebSite","@id":"https:\/\/www.altercampagne.net\/#website","url":"https:\/\/www.altercampagne.net\/","name":"AlterTour","description":"Reliez les Alternatives \u00e0 v\u00e9lo","potentialAction":[{"@type":"SearchAction","target":{"@type":"EntryPoint","urlTemplate":"https:\/\/www.altercampagne.net\/?s={search_term_string}"},"query-input":{"@type":"PropertyValueSpecification","valueRequired":true,"valueName":"search_term_string"}}],"inLanguage":"fr-FR"},{"@type":"Person","@id":"https:\/\/www.altercampagne.net\/#\/schema\/person\/e5b68c803196f649c2152249d262d94a","name":"AlterTour","image":{"@type":"ImageObject","inLanguage":"fr-FR","@id":"https:\/\/secure.gravatar.com\/avatar\/3f2ed77f8506b8ea264ad5938bb0114bfa10f35b64086a66dfbb6e9f58ad9693?s=96&d=mm&r=g","url":"https:\/\/secure.gravatar.com\/avatar\/3f2ed77f8506b8ea264ad5938bb0114bfa10f35b64086a66dfbb6e9f58ad9693?s=96&d=mm&r=g","contentUrl":"https:\/\/secure.gravatar.com\/avatar\/3f2ed77f8506b8ea264ad5938bb0114bfa10f35b64086a66dfbb6e9f58ad9693?s=96&d=mm&r=g","caption":"AlterTour"},"url":"https:\/\/www.altercampagne.net\/?author=215"}]}},"_links":{"self":[{"href":"https:\/\/www.altercampagne.net\/index.php?rest_route=\/wp\/v2\/posts\/7501","targetHints":{"allow":["GET"]}}],"collection":[{"href":"https:\/\/www.altercampagne.net\/index.php?rest_route=\/wp\/v2\/posts"}],"about":[{"href":"https:\/\/www.altercampagne.net\/index.php?rest_route=\/wp\/v2\/types\/post"}],"author":[{"embeddable":true,"href":"https:\/\/www.altercampagne.net\/index.php?rest_route=\/wp\/v2\/users\/215"}],"replies":[{"embeddable":true,"href":"https:\/\/www.altercampagne.net\/index.php?rest_route=%2Fwp%2Fv2%2Fcomments&post=7501"}],"version-history":[{"count":0,"href":"https:\/\/www.altercampagne.net\/index.php?rest_route=\/wp\/v2\/posts\/7501\/revisions"}],"wp:featuredmedia":[{"embeddable":true,"href":"https:\/\/www.altercampagne.net\/index.php?rest_route=\/wp\/v2\/media\/9397"}],"wp:attachment":[{"href":"https:\/\/www.altercampagne.net\/index.php?rest_route=%2Fwp%2Fv2%2Fmedia&parent=7501"}],"wp:term":[{"taxonomy":"category","embeddable":true,"href":"https:\/\/www.altercampagne.net\/index.php?rest_route=%2Fwp%2Fv2%2Fcategories&post=7501"},{"taxonomy":"post_tag","embeddable":true,"href":"https:\/\/www.altercampagne.net\/index.php?rest_route=%2Fwp%2Fv2%2Ftags&post=7501"}],"curies":[{"name":"wp","href":"https:\/\/api.w.org\/{rel}","templated":true}]}}