{"id":7516,"date":"2017-08-09T22:50:54","date_gmt":"2017-08-09T20:50:54","guid":{"rendered":"http:\/\/www.altercampagne.net\/?p=7516"},"modified":"2020-02-24T10:54:48","modified_gmt":"2020-02-24T09:54:48","slug":"etape-du-9-aout-saint-pierreville-croux-la-ferme-de-la-jaubernie","status":"publish","type":"post","link":"https:\/\/www.altercampagne.net\/?p=7516","title":{"rendered":"\u00c9tape du 9 ao\u00fbt : Saint Pierreville \u2013 Croux : La ferme de la Jaubernie"},"content":{"rendered":"<p>A la ferme de la Jaubernie nous avons \u00e9t\u00e9 re\u00e7u par trois personnes\u00a0: V\u00e9ro et Gilles les \u00e9leveurs historiques de la ferme caprines <strong><a href=\"https:\/\/fr-fr.facebook.com\/biquettejaubernie\" target=\"_blank\" rel=\"noopener noreferrer\">La Jaubernie<\/a><\/strong> ainsi que C\u00e9line associ\u00e9e depuis janvier qui va d\u2019abord prendre la rel\u00e8ve du couple qui va progressivement prendre sa retraite. La ferme comporte en outre les 56 ch\u00e8vres laiti\u00e8res, trois boucs, moultes canards, des cochons et peut-\u00eatre bient\u00f4t une vache pour nourrir les jeunes cabris.<\/p>\n<p>Les sujets de discussions ont \u00e9t\u00e9 nombreux et passionn\u00e9s\u00a0: du mode de production du fromage local AOC\u00a0: le picodon, \u00e0 l\u2019am\u00e9nagement progressif de la ferme pour laisser la place \u00e0 la rel\u00e8ve, le toit qui comporte une petite centrale photovolta\u00efque qui permet d\u2019alimenter une dizaine de maisons, la phyto\u00e9puration. Le trio tr\u00e8s militants a cependant tr\u00e8s vite orient\u00e9 les d\u00e9bats vers des sujets qui leurs tiennent vraiment \u00e0 c\u0153ur et qui peuvent \u00eatre clivants\u00a0: le pu\u00e7age des b\u00eates (qu\u2019ils jugent pas adapt\u00e9 \u00e0 leur mode de production et n\u2019est pas n\u00e9cessairement garant d\u2019une meilleure tra\u00e7abilit\u00e9), le loup qui est peu pr\u00e9sent dans ce coin d\u2019Ard\u00e8che mais des amis agriculteurs \u00e0 eux sont en revanche tr\u00e8s concern\u00e9s\u00a0; selon eux on ne peut pas \u00eatre pour ou contre le loup, seulement tout comme l\u2019homme le loup est un pr\u00e9dateur qui doit \u00eatre r\u00e9guler.<\/p>\n<p>D\u2019autres producteurs du coin se sont joins \u00e0 nous pour la soir\u00e9e\u00a0: Pascal et Muriel mara\u00eechers qui utilisent la traction animale pour travailler leur exploitation et qui nous ont r\u00e9gal\u00e9 de tartes sal\u00e9es garnies de leurs l\u00e9gumes et Maud paysanne boulang\u00e8re qui poss\u00e8de un terrain proche depuis l\u2019automne apr\u00e8s dix ans de recherches et de luttes aupr\u00e8s des institutions soutenues par la <a href=\"http:\/\/confederationpaysanne.fr\/\" target=\"_blank\" rel=\"noopener noreferrer\"><strong>Conf\u00e9d\u00e9ration Paysanne<\/strong><\/a>. Dans un amphith\u00e9\u00e2tre de bottes de paille, davantage de sujets sont encore abord\u00e9s et l\u2019on peut percevoir qu\u2019ils ont d\u00e9j\u00e0 \u00e9t\u00e9 longuement r\u00e9fl\u00e9chis et discut\u00e9s\u00a0(et qu\u2019ils le sont toujours) : l\u2019int\u00e9r\u00eat et les limites du label agriculture biologique AB, la PAC et les subventions, le bien-\u00eatre animal et l\u2019interdiction de l\u2019abattage des b\u00eates sur les exploitations, les r\u00e9gimes v\u00e9g\u00e9tarien et v\u00e9g\u00e9tarien. Tous membres actifs de la Conf\u00e9d\u00e9ration Paysanne ils alternent les actions de lutte et d\u2019information sur le d\u00e9partement.<\/p>\n<p>Comme si \u00e7a n\u2019est pas assez V\u00e9ro est \u00e9galement tr\u00e8s investie au sien de <a href=\"https:\/\/viacampesina.org\/fr\/\" target=\"_blank\" rel=\"noopener noreferrer\"><strong>Via Campesina<\/strong><\/a>, organisation mondiale d\u2019agriculteurs d\u2019exploitation de taille familiale, \u00a0aupr\u00e8s de laquelle elle anime-entre autre- des ateliers sur la reconnaissance des femmes dans le monde agricole. Avec C\u00e9line elles animent bient\u00f4t un atelier sur ce th\u00e8me dans lequel elles pr\u00e9sentent des t\u00e9moignages et r\u00e9cits d\u2019exp\u00e9riences.<\/p>\n<p>Avec la retraite\u00a0 prochaine de nos h\u00f4tes, l\u2019activit\u00e9 \u00e0 La Jaubernie n\u2019est pas pr\u00eate de ralentir (au contraire), de nouvelles personnes pourraient rejoindre prochainement ce lieu car C\u00e9line cherche un\/une\/des associ\u00e9(e\/s) pour la reprise de l\u2019exploitation et exp\u00e9rimenter des formes d\u2019association innovantes dans le monde agricole \u2013 ce qui n\u2019est pas pour d\u00e9plaire aux futurs retrait\u00e9s.<\/p>\n<p style=\"text-align: right;\"><strong>H\u00e9l\u00e8ne<\/strong><\/p>\n","protected":false},"excerpt":{"rendered":"<p>A la ferme de la Jaubernie nous avons \u00e9t\u00e9 re\u00e7u par trois personnes\u00a0: V\u00e9ro et Gilles les \u00e9leveurs historiques de la ferme caprines La Jaubernie ainsi que C\u00e9line associ\u00e9e depuis janvier qui va d\u2019abord prendre la rel\u00e8ve du couple qui va progressivement prendre sa retraite. La ferme comporte en outre &#8230; <\/p>\n<div><a href=\"https:\/\/www.altercampagne.net\/?p=7516\" class=\"more-link\">Read More<\/a><\/div>\n","protected":false},"author":214,"featured_media":9451,"comment_status":"closed","ping_status":"closed","sticky":false,"template":"","format":"standard","meta":{"footnotes":""},"categories":[3471,3483,3457],"tags":[449,868,1489,1650,2738,2783,2784,2986,3179],"class_list":["post-7516","post","type-post","status-publish","format-standard","has-post-thumbnail","hentry","category-auvergne-rhone-alpes","category-agriculture","category-edition-2017","tag-confederation-paysanne","tag-via-campesina","tag-auvergne-rhone-alpes","tag-rhone-alpes","tag-ardeche","tag-altertour-2017","tag-2784","tag-ferme-de-la-jaubernie","tag-croux"],"yoast_head":"<!-- This site is optimized with the Yoast SEO plugin v27.3 - https:\/\/yoast.com\/product\/yoast-seo-wordpress\/ -->\n<title>\u00c9tape du 9 ao\u00fbt : Saint Pierreville \u2013 Croux : La ferme de la Jaubernie - AlterTour<\/title>\n<meta name=\"robots\" content=\"index, follow, max-snippet:-1, max-image-preview:large, max-video-preview:-1\" \/>\n<link rel=\"canonical\" href=\"https:\/\/www.altercampagne.net\/?p=7516\" \/>\n<meta property=\"og:locale\" content=\"fr_FR\" \/>\n<meta property=\"og:type\" content=\"article\" \/>\n<meta property=\"og:title\" content=\"\u00c9tape du 9 ao\u00fbt : Saint Pierreville \u2013 Croux : La ferme de la Jaubernie - AlterTour\" \/>\n<meta property=\"og:description\" content=\"A la ferme de la Jaubernie nous avons \u00e9t\u00e9 re\u00e7u par trois personnes\u00a0: V\u00e9ro et Gilles les \u00e9leveurs historiques de la ferme caprines La Jaubernie ainsi que C\u00e9line associ\u00e9e depuis janvier qui va d\u2019abord prendre la rel\u00e8ve du couple qui va progressivement prendre sa retraite. La ferme comporte en outre ... Read More\" \/>\n<meta property=\"og:url\" content=\"https:\/\/www.altercampagne.net\/?p=7516\" \/>\n<meta property=\"og:site_name\" content=\"AlterTour\" \/>\n<meta property=\"article:published_time\" content=\"2017-08-09T20:50:54+00:00\" \/>\n<meta property=\"article:modified_time\" content=\"2020-02-24T09:54:48+00:00\" \/>\n<meta property=\"og:image\" content=\"https:\/\/www.altercampagne.net\/wp-content\/uploads\/2017\/08\/2017-08-09_0001P1220345.jpg\" \/>\n\t<meta property=\"og:image:width\" content=\"615\" \/>\n\t<meta property=\"og:image:height\" content=\"321\" \/>\n\t<meta property=\"og:image:type\" content=\"image\/jpeg\" \/>\n<meta name=\"author\" content=\"Mathieu\" \/>\n<meta name=\"twitter:card\" content=\"summary_large_image\" \/>\n<meta name=\"twitter:label1\" content=\"\u00c9crit par\" \/>\n\t<meta name=\"twitter:data1\" content=\"Mathieu\" \/>\n\t<meta name=\"twitter:label2\" content=\"Dur\u00e9e de lecture estim\u00e9e\" \/>\n\t<meta name=\"twitter:data2\" content=\"3 minutes\" \/>\n<script type=\"application\/ld+json\" class=\"yoast-schema-graph\">{\"@context\":\"https:\\\/\\\/schema.org\",\"@graph\":[{\"@type\":\"Article\",\"@id\":\"https:\\\/\\\/www.altercampagne.net\\\/?p=7516#article\",\"isPartOf\":{\"@id\":\"https:\\\/\\\/www.altercampagne.net\\\/?p=7516\"},\"author\":{\"name\":\"Mathieu\",\"@id\":\"https:\\\/\\\/www.altercampagne.net\\\/#\\\/schema\\\/person\\\/0f261460c09e430caa0f9bcffa319109\"},\"headline\":\"\u00c9tape du 9 ao\u00fbt : Saint Pierreville \u2013 Croux : La ferme de la Jaubernie\",\"datePublished\":\"2017-08-09T20:50:54+00:00\",\"dateModified\":\"2020-02-24T09:54:48+00:00\",\"mainEntityOfPage\":{\"@id\":\"https:\\\/\\\/www.altercampagne.net\\\/?p=7516\"},\"wordCount\":578,\"image\":{\"@id\":\"https:\\\/\\\/www.altercampagne.net\\\/?p=7516#primaryimage\"},\"thumbnailUrl\":\"https:\\\/\\\/www.altercampagne.net\\\/wp-content\\\/uploads\\\/2017\\\/08\\\/2017-08-09_0001P1220345.jpg\",\"keywords\":[\"conf\u00e9d\u00e9ration paysanne\",\"V\u00eda Campesina\",\"Auvergne-Rh\u00f4ne-Alpes\",\"Rhone-Alpes\",\"Ard\u00e8che\",\"AlterTour 2017\",\"2017\",\"Ferme de la Jaubernie\",\"Croux\"],\"articleSection\":[\"Auvergne-Rh\u00f4ne-Alpes\",\"Agriculture\",\"\u00c9dition 2017\"],\"inLanguage\":\"fr-FR\"},{\"@type\":\"WebPage\",\"@id\":\"https:\\\/\\\/www.altercampagne.net\\\/?p=7516\",\"url\":\"https:\\\/\\\/www.altercampagne.net\\\/?p=7516\",\"name\":\"\u00c9tape du 9 ao\u00fbt : Saint Pierreville \u2013 Croux : La ferme de la Jaubernie - AlterTour\",\"isPartOf\":{\"@id\":\"https:\\\/\\\/www.altercampagne.net\\\/#website\"},\"primaryImageOfPage\":{\"@id\":\"https:\\\/\\\/www.altercampagne.net\\\/?p=7516#primaryimage\"},\"image\":{\"@id\":\"https:\\\/\\\/www.altercampagne.net\\\/?p=7516#primaryimage\"},\"thumbnailUrl\":\"https:\\\/\\\/www.altercampagne.net\\\/wp-content\\\/uploads\\\/2017\\\/08\\\/2017-08-09_0001P1220345.jpg\",\"datePublished\":\"2017-08-09T20:50:54+00:00\",\"dateModified\":\"2020-02-24T09:54:48+00:00\",\"author\":{\"@id\":\"https:\\\/\\\/www.altercampagne.net\\\/#\\\/schema\\\/person\\\/0f261460c09e430caa0f9bcffa319109\"},\"breadcrumb\":{\"@id\":\"https:\\\/\\\/www.altercampagne.net\\\/?p=7516#breadcrumb\"},\"inLanguage\":\"fr-FR\",\"potentialAction\":[{\"@type\":\"ReadAction\",\"target\":[\"https:\\\/\\\/www.altercampagne.net\\\/?p=7516\"]}]},{\"@type\":\"ImageObject\",\"inLanguage\":\"fr-FR\",\"@id\":\"https:\\\/\\\/www.altercampagne.net\\\/?p=7516#primaryimage\",\"url\":\"https:\\\/\\\/www.altercampagne.net\\\/wp-content\\\/uploads\\\/2017\\\/08\\\/2017-08-09_0001P1220345.jpg\",\"contentUrl\":\"https:\\\/\\\/www.altercampagne.net\\\/wp-content\\\/uploads\\\/2017\\\/08\\\/2017-08-09_0001P1220345.jpg\",\"width\":615,\"height\":321},{\"@type\":\"BreadcrumbList\",\"@id\":\"https:\\\/\\\/www.altercampagne.net\\\/?p=7516#breadcrumb\",\"itemListElement\":[{\"@type\":\"ListItem\",\"position\":1,\"name\":\"Accueil\",\"item\":\"https:\\\/\\\/www.altercampagne.net\\\/\"},{\"@type\":\"ListItem\",\"position\":2,\"name\":\"\u00c9tape du 9 ao\u00fbt : Saint Pierreville \u2013 Croux : La ferme de la Jaubernie\"}]},{\"@type\":\"WebSite\",\"@id\":\"https:\\\/\\\/www.altercampagne.net\\\/#website\",\"url\":\"https:\\\/\\\/www.altercampagne.net\\\/\",\"name\":\"AlterTour\",\"description\":\"Reliez les Alternatives \u00e0 v\u00e9lo\",\"potentialAction\":[{\"@type\":\"SearchAction\",\"target\":{\"@type\":\"EntryPoint\",\"urlTemplate\":\"https:\\\/\\\/www.altercampagne.net\\\/?s={search_term_string}\"},\"query-input\":{\"@type\":\"PropertyValueSpecification\",\"valueRequired\":true,\"valueName\":\"search_term_string\"}}],\"inLanguage\":\"fr-FR\"},{\"@type\":\"Person\",\"@id\":\"https:\\\/\\\/www.altercampagne.net\\\/#\\\/schema\\\/person\\\/0f261460c09e430caa0f9bcffa319109\",\"name\":\"Mathieu\",\"image\":{\"@type\":\"ImageObject\",\"inLanguage\":\"fr-FR\",\"@id\":\"https:\\\/\\\/secure.gravatar.com\\\/avatar\\\/aa9d3d24c83f2141e5e2709d0f63d09a99f6be6bb7a50abc4915838d9f54501a?s=96&d=mm&r=g\",\"url\":\"https:\\\/\\\/secure.gravatar.com\\\/avatar\\\/aa9d3d24c83f2141e5e2709d0f63d09a99f6be6bb7a50abc4915838d9f54501a?s=96&d=mm&r=g\",\"contentUrl\":\"https:\\\/\\\/secure.gravatar.com\\\/avatar\\\/aa9d3d24c83f2141e5e2709d0f63d09a99f6be6bb7a50abc4915838d9f54501a?s=96&d=mm&r=g\",\"caption\":\"Mathieu\"},\"url\":\"https:\\\/\\\/www.altercampagne.net\\\/?author=214\"}]}<\/script>\n<!-- \/ Yoast SEO plugin. -->","yoast_head_json":{"title":"\u00c9tape du 9 ao\u00fbt : Saint Pierreville \u2013 Croux : La ferme de la Jaubernie - AlterTour","robots":{"index":"index","follow":"follow","max-snippet":"max-snippet:-1","max-image-preview":"max-image-preview:large","max-video-preview":"max-video-preview:-1"},"canonical":"https:\/\/www.altercampagne.net\/?p=7516","og_locale":"fr_FR","og_type":"article","og_title":"\u00c9tape du 9 ao\u00fbt : Saint Pierreville \u2013 Croux : La ferme de la Jaubernie - AlterTour","og_description":"A la ferme de la Jaubernie nous avons \u00e9t\u00e9 re\u00e7u par trois personnes\u00a0: V\u00e9ro et Gilles les \u00e9leveurs historiques de la ferme caprines La Jaubernie ainsi que C\u00e9line associ\u00e9e depuis janvier qui va d\u2019abord prendre la rel\u00e8ve du couple qui va progressivement prendre sa retraite. La ferme comporte en outre ... Read More","og_url":"https:\/\/www.altercampagne.net\/?p=7516","og_site_name":"AlterTour","article_published_time":"2017-08-09T20:50:54+00:00","article_modified_time":"2020-02-24T09:54:48+00:00","og_image":[{"width":615,"height":321,"url":"https:\/\/www.altercampagne.net\/wp-content\/uploads\/2017\/08\/2017-08-09_0001P1220345.jpg","type":"image\/jpeg"}],"author":"Mathieu","twitter_card":"summary_large_image","twitter_misc":{"\u00c9crit par":"Mathieu","Dur\u00e9e de lecture estim\u00e9e":"3 minutes"},"schema":{"@context":"https:\/\/schema.org","@graph":[{"@type":"Article","@id":"https:\/\/www.altercampagne.net\/?p=7516#article","isPartOf":{"@id":"https:\/\/www.altercampagne.net\/?p=7516"},"author":{"name":"Mathieu","@id":"https:\/\/www.altercampagne.net\/#\/schema\/person\/0f261460c09e430caa0f9bcffa319109"},"headline":"\u00c9tape du 9 ao\u00fbt : Saint Pierreville \u2013 Croux : La ferme de la Jaubernie","datePublished":"2017-08-09T20:50:54+00:00","dateModified":"2020-02-24T09:54:48+00:00","mainEntityOfPage":{"@id":"https:\/\/www.altercampagne.net\/?p=7516"},"wordCount":578,"image":{"@id":"https:\/\/www.altercampagne.net\/?p=7516#primaryimage"},"thumbnailUrl":"https:\/\/www.altercampagne.net\/wp-content\/uploads\/2017\/08\/2017-08-09_0001P1220345.jpg","keywords":["conf\u00e9d\u00e9ration paysanne","V\u00eda Campesina","Auvergne-Rh\u00f4ne-Alpes","Rhone-Alpes","Ard\u00e8che","AlterTour 2017","2017","Ferme de la Jaubernie","Croux"],"articleSection":["Auvergne-Rh\u00f4ne-Alpes","Agriculture","\u00c9dition 2017"],"inLanguage":"fr-FR"},{"@type":"WebPage","@id":"https:\/\/www.altercampagne.net\/?p=7516","url":"https:\/\/www.altercampagne.net\/?p=7516","name":"\u00c9tape du 9 ao\u00fbt : Saint Pierreville \u2013 Croux : La ferme de la Jaubernie - AlterTour","isPartOf":{"@id":"https:\/\/www.altercampagne.net\/#website"},"primaryImageOfPage":{"@id":"https:\/\/www.altercampagne.net\/?p=7516#primaryimage"},"image":{"@id":"https:\/\/www.altercampagne.net\/?p=7516#primaryimage"},"thumbnailUrl":"https:\/\/www.altercampagne.net\/wp-content\/uploads\/2017\/08\/2017-08-09_0001P1220345.jpg","datePublished":"2017-08-09T20:50:54+00:00","dateModified":"2020-02-24T09:54:48+00:00","author":{"@id":"https:\/\/www.altercampagne.net\/#\/schema\/person\/0f261460c09e430caa0f9bcffa319109"},"breadcrumb":{"@id":"https:\/\/www.altercampagne.net\/?p=7516#breadcrumb"},"inLanguage":"fr-FR","potentialAction":[{"@type":"ReadAction","target":["https:\/\/www.altercampagne.net\/?p=7516"]}]},{"@type":"ImageObject","inLanguage":"fr-FR","@id":"https:\/\/www.altercampagne.net\/?p=7516#primaryimage","url":"https:\/\/www.altercampagne.net\/wp-content\/uploads\/2017\/08\/2017-08-09_0001P1220345.jpg","contentUrl":"https:\/\/www.altercampagne.net\/wp-content\/uploads\/2017\/08\/2017-08-09_0001P1220345.jpg","width":615,"height":321},{"@type":"BreadcrumbList","@id":"https:\/\/www.altercampagne.net\/?p=7516#breadcrumb","itemListElement":[{"@type":"ListItem","position":1,"name":"Accueil","item":"https:\/\/www.altercampagne.net\/"},{"@type":"ListItem","position":2,"name":"\u00c9tape du 9 ao\u00fbt : Saint Pierreville \u2013 Croux : La ferme de la Jaubernie"}]},{"@type":"WebSite","@id":"https:\/\/www.altercampagne.net\/#website","url":"https:\/\/www.altercampagne.net\/","name":"AlterTour","description":"Reliez les Alternatives \u00e0 v\u00e9lo","potentialAction":[{"@type":"SearchAction","target":{"@type":"EntryPoint","urlTemplate":"https:\/\/www.altercampagne.net\/?s={search_term_string}"},"query-input":{"@type":"PropertyValueSpecification","valueRequired":true,"valueName":"search_term_string"}}],"inLanguage":"fr-FR"},{"@type":"Person","@id":"https:\/\/www.altercampagne.net\/#\/schema\/person\/0f261460c09e430caa0f9bcffa319109","name":"Mathieu","image":{"@type":"ImageObject","inLanguage":"fr-FR","@id":"https:\/\/secure.gravatar.com\/avatar\/aa9d3d24c83f2141e5e2709d0f63d09a99f6be6bb7a50abc4915838d9f54501a?s=96&d=mm&r=g","url":"https:\/\/secure.gravatar.com\/avatar\/aa9d3d24c83f2141e5e2709d0f63d09a99f6be6bb7a50abc4915838d9f54501a?s=96&d=mm&r=g","contentUrl":"https:\/\/secure.gravatar.com\/avatar\/aa9d3d24c83f2141e5e2709d0f63d09a99f6be6bb7a50abc4915838d9f54501a?s=96&d=mm&r=g","caption":"Mathieu"},"url":"https:\/\/www.altercampagne.net\/?author=214"}]}},"_links":{"self":[{"href":"https:\/\/www.altercampagne.net\/index.php?rest_route=\/wp\/v2\/posts\/7516","targetHints":{"allow":["GET"]}}],"collection":[{"href":"https:\/\/www.altercampagne.net\/index.php?rest_route=\/wp\/v2\/posts"}],"about":[{"href":"https:\/\/www.altercampagne.net\/index.php?rest_route=\/wp\/v2\/types\/post"}],"author":[{"embeddable":true,"href":"https:\/\/www.altercampagne.net\/index.php?rest_route=\/wp\/v2\/users\/214"}],"replies":[{"embeddable":true,"href":"https:\/\/www.altercampagne.net\/index.php?rest_route=%2Fwp%2Fv2%2Fcomments&post=7516"}],"version-history":[{"count":2,"href":"https:\/\/www.altercampagne.net\/index.php?rest_route=\/wp\/v2\/posts\/7516\/revisions"}],"predecessor-version":[{"id":17268,"href":"https:\/\/www.altercampagne.net\/index.php?rest_route=\/wp\/v2\/posts\/7516\/revisions\/17268"}],"wp:featuredmedia":[{"embeddable":true,"href":"https:\/\/www.altercampagne.net\/index.php?rest_route=\/wp\/v2\/media\/9451"}],"wp:attachment":[{"href":"https:\/\/www.altercampagne.net\/index.php?rest_route=%2Fwp%2Fv2%2Fmedia&parent=7516"}],"wp:term":[{"taxonomy":"category","embeddable":true,"href":"https:\/\/www.altercampagne.net\/index.php?rest_route=%2Fwp%2Fv2%2Fcategories&post=7516"},{"taxonomy":"post_tag","embeddable":true,"href":"https:\/\/www.altercampagne.net\/index.php?rest_route=%2Fwp%2Fv2%2Ftags&post=7516"}],"curies":[{"name":"wp","href":"https:\/\/api.w.org\/{rel}","templated":true}]}}