{"id":7522,"date":"2017-08-07T22:45:05","date_gmt":"2017-08-07T20:45:05","guid":{"rendered":"http:\/\/www.altercampagne.net\/?p=7522"},"modified":"2018-02-23T17:48:05","modified_gmt":"2018-02-23T16:48:05","slug":"etape-du-7-aout-saint-julien-du-serre-saint-pierreville-ardelaine","status":"publish","type":"post","link":"https:\/\/www.altercampagne.net\/?p=7522","title":{"rendered":"\u00c9tape du 7 aout : Saint-julien du Serre \u2013 Saint Pierreville : Ardelaine"},"content":{"rendered":"<p>Deuxi\u00e8me jour \u00e0 Saint Pierreville pittoresque village de l\u2019Ard\u00e8che du Sud nich\u00e9 au creux d\u2019une vall\u00e9e abondamment bois\u00e9e. La nuit fut courte pour certains Altercyclistes dont le sommeil fut troubl\u00e9 par le tonnerre et la pluie intempestive. Heureusement la joie et la bonne humeur des membres d\u2019<a href=\"http:\/\/www.ardelaine.fr\/\" target=\"_blank\" rel=\"noopener\">Ardelaine<\/a> remis tout le monde d\u2019aplomb. On vit alors des Altercyclistes enthousiastes, pr\u00eater main forte dans des activit\u00e9s diverses\u00a0: mises sous plis de lettres, \u00e9pluchage d\u2019\u00e9chalotes avec l&rsquo;<a href=\"http:\/\/www.le-bateleur.org\/\" target=\"_blank\" rel=\"noopener\">Association le Bateleur<\/a>. Pendant que nos compagnons de route parcouraient les contreforts de l\u2019Eyrieux (charmante rivi\u00e8re locale) \u00e0 la d\u00e9couverte de la manufacture de laine locale qui a sut diversifier ses produits au fil du temps (v\u00eatements, restauration, accueil de touristes).<\/p>\n<p><a href=\"http:\/\/www.altercampagne.net\/?attachment_id=9463\" rel=\"attachment wp-att-9462\"><img loading=\"lazy\" decoding=\"async\" class=\"wp-image-9463 size-large aligncenter\" src=\"http:\/\/www.altercampagne.net\/wp-content\/uploads\/2017\/08\/P1220226-1024x768.jpg\" alt=\"\" width=\"742\" height=\"557\" srcset=\"https:\/\/www.altercampagne.net\/wp-content\/uploads\/2017\/08\/P1220226-1024x768.jpg 1024w, https:\/\/www.altercampagne.net\/wp-content\/uploads\/2017\/08\/P1220226-300x225.jpg 300w, https:\/\/www.altercampagne.net\/wp-content\/uploads\/2017\/08\/P1220226-768x576.jpg 768w, https:\/\/www.altercampagne.net\/wp-content\/uploads\/2017\/08\/P1220226-100x75.jpg 100w, https:\/\/www.altercampagne.net\/wp-content\/uploads\/2017\/08\/P1220226-862x647.jpg 862w, https:\/\/www.altercampagne.net\/wp-content\/uploads\/2017\/08\/P1220226-1080x810.jpg 1080w, https:\/\/www.altercampagne.net\/wp-content\/uploads\/2017\/08\/P1220226.jpg 1276w\" sizes=\"auto, (max-width: 742px) 100vw, 742px\" \/><\/a><\/p>\n<p>Curieuse attraction que cette SCOP qui d\u00e9fie le temps depuis plus de 3 d\u00e9cennies. Car c\u2019est dans les ann\u00e9es 80, que se jouait d\u00e9j\u00e0 l\u2019enjeu de la revitalisation des territoires ruraux. Une dizaine de jeunes gens aux comp\u00e9tences diverses unissaient leurs forces et faisaient le pari fou de reprendre une fabrique de laine moribonde dans ce qui \u00e9tait \u00e0 l\u2019\u00e9poque un mod\u00e8le d\u2019organisation rare\u00a0: la SCOP. Il serait bien long de relater l\u2019histoire d\u2019Ardelaine mais sachez que l\u2019AlterTour ne pouvait passer en Ard\u00e8che et faire impasse de ce lieu. En effet, la transmission entre les g\u00e9n\u00e9rations, la recherche d\u2019une alternative viable \u00e0 la production de masse ou encore l\u2019autogestion du groupe sont autant d\u2019objectifs communs. Aujourd\u2019hui\u00a0 Ardelaine\u00a0 repr\u00e9sente 45 emplois, accumule les r\u00e9compenses (prix HEC pour le management innovant en 2010) et d\u00e9fie toujours plus les formes de management traditionnels\u00a0; Demain nous reprendrons la route en gardant chacun \u00e0 l\u2019esprit cette rencontre inoubliable.<\/p>\n<p style=\"text-align: right;\"><strong>Baptiste &amp; Gaultier<\/strong><\/p>\n","protected":false},"excerpt":{"rendered":"<p>Deuxi\u00e8me jour \u00e0 Saint Pierreville pittoresque village de l\u2019Ard\u00e8che du Sud nich\u00e9 au creux d\u2019une vall\u00e9e abondamment bois\u00e9e. La nuit fut courte pour certains Altercyclistes dont le sommeil fut troubl\u00e9 par le tonnerre et la pluie intempestive. Heureusement la joie et la bonne humeur des membres d\u2019Ardelaine remis tout le &#8230; <\/p>\n<div><a href=\"https:\/\/www.altercampagne.net\/?p=7522\" class=\"more-link\">Read More<\/a><\/div>\n","protected":false},"author":214,"featured_media":9407,"comment_status":"closed","ping_status":"closed","sticky":false,"template":"","format":"standard","meta":{"footnotes":""},"categories":[3471,3489,3457,3488],"tags":[1489,1650,2738,2783,2784,2807,3056,3181,3182],"class_list":["post-7522","post","type-post","status-publish","format-standard","has-post-thumbnail","hentry","category-auvergne-rhone-alpes","category-alimentation","category-edition-2017","category-social","tag-auvergne-rhone-alpes","tag-rhone-alpes","tag-ardeche","tag-altertour-2017","tag-2784","tag-ardelaine","tag-saint-pierreville","tag-association-le-bateleur","tag-le-bateleur"],"yoast_head":"<!-- This site is optimized with the Yoast SEO plugin v27.3 - https:\/\/yoast.com\/product\/yoast-seo-wordpress\/ -->\n<title>\u00c9tape du 7 aout : Saint-julien du Serre \u2013 Saint Pierreville : Ardelaine - AlterTour<\/title>\n<meta name=\"robots\" content=\"index, follow, max-snippet:-1, max-image-preview:large, max-video-preview:-1\" \/>\n<link rel=\"canonical\" href=\"https:\/\/www.altercampagne.net\/?p=7522\" \/>\n<meta property=\"og:locale\" content=\"fr_FR\" \/>\n<meta property=\"og:type\" content=\"article\" \/>\n<meta property=\"og:title\" content=\"\u00c9tape du 7 aout : Saint-julien du Serre \u2013 Saint Pierreville : Ardelaine - AlterTour\" \/>\n<meta property=\"og:description\" content=\"Deuxi\u00e8me jour \u00e0 Saint Pierreville pittoresque village de l\u2019Ard\u00e8che du Sud nich\u00e9 au creux d\u2019une vall\u00e9e abondamment bois\u00e9e. La nuit fut courte pour certains Altercyclistes dont le sommeil fut troubl\u00e9 par le tonnerre et la pluie intempestive. Heureusement la joie et la bonne humeur des membres d\u2019Ardelaine remis tout le ... Read More\" \/>\n<meta property=\"og:url\" content=\"https:\/\/www.altercampagne.net\/?p=7522\" \/>\n<meta property=\"og:site_name\" content=\"AlterTour\" \/>\n<meta property=\"article:published_time\" content=\"2017-08-07T20:45:05+00:00\" \/>\n<meta property=\"article:modified_time\" content=\"2018-02-23T16:48:05+00:00\" \/>\n<meta property=\"og:image\" content=\"https:\/\/www.altercampagne.net\/wp-content\/uploads\/2017\/12\/2017-08-07_18.04.jpg\" \/>\n\t<meta property=\"og:image:width\" content=\"837\" \/>\n\t<meta property=\"og:image:height\" content=\"437\" \/>\n\t<meta property=\"og:image:type\" content=\"image\/jpeg\" \/>\n<meta name=\"author\" content=\"Mathieu\" \/>\n<meta name=\"twitter:card\" content=\"summary_large_image\" \/>\n<meta name=\"twitter:label1\" content=\"\u00c9crit par\" \/>\n\t<meta name=\"twitter:data1\" content=\"Mathieu\" \/>\n\t<meta name=\"twitter:label2\" content=\"Dur\u00e9e de lecture estim\u00e9e\" \/>\n\t<meta name=\"twitter:data2\" content=\"2 minutes\" \/>\n<script type=\"application\/ld+json\" class=\"yoast-schema-graph\">{\"@context\":\"https:\\\/\\\/schema.org\",\"@graph\":[{\"@type\":\"Article\",\"@id\":\"https:\\\/\\\/www.altercampagne.net\\\/?p=7522#article\",\"isPartOf\":{\"@id\":\"https:\\\/\\\/www.altercampagne.net\\\/?p=7522\"},\"author\":{\"name\":\"Mathieu\",\"@id\":\"https:\\\/\\\/www.altercampagne.net\\\/#\\\/schema\\\/person\\\/0f261460c09e430caa0f9bcffa319109\"},\"headline\":\"\u00c9tape du 7 aout : Saint-julien du Serre \u2013 Saint Pierreville : Ardelaine\",\"datePublished\":\"2017-08-07T20:45:05+00:00\",\"dateModified\":\"2018-02-23T16:48:05+00:00\",\"mainEntityOfPage\":{\"@id\":\"https:\\\/\\\/www.altercampagne.net\\\/?p=7522\"},\"wordCount\":310,\"image\":{\"@id\":\"https:\\\/\\\/www.altercampagne.net\\\/?p=7522#primaryimage\"},\"thumbnailUrl\":\"https:\\\/\\\/www.altercampagne.net\\\/wp-content\\\/uploads\\\/2017\\\/12\\\/2017-08-07_18.04.jpg\",\"keywords\":[\"Auvergne-Rh\u00f4ne-Alpes\",\"Rhone-Alpes\",\"Ard\u00e8che\",\"AlterTour 2017\",\"2017\",\"Ardelaine\",\"Saint Pierreville\",\"Association le Bateleur\",\"le Bateleur\"],\"articleSection\":[\"Auvergne-Rh\u00f4ne-Alpes\",\"Alimentation\",\"\u00c9dition 2017\",\"Social\"],\"inLanguage\":\"fr-FR\"},{\"@type\":\"WebPage\",\"@id\":\"https:\\\/\\\/www.altercampagne.net\\\/?p=7522\",\"url\":\"https:\\\/\\\/www.altercampagne.net\\\/?p=7522\",\"name\":\"\u00c9tape du 7 aout : Saint-julien du Serre \u2013 Saint Pierreville : Ardelaine - AlterTour\",\"isPartOf\":{\"@id\":\"https:\\\/\\\/www.altercampagne.net\\\/#website\"},\"primaryImageOfPage\":{\"@id\":\"https:\\\/\\\/www.altercampagne.net\\\/?p=7522#primaryimage\"},\"image\":{\"@id\":\"https:\\\/\\\/www.altercampagne.net\\\/?p=7522#primaryimage\"},\"thumbnailUrl\":\"https:\\\/\\\/www.altercampagne.net\\\/wp-content\\\/uploads\\\/2017\\\/12\\\/2017-08-07_18.04.jpg\",\"datePublished\":\"2017-08-07T20:45:05+00:00\",\"dateModified\":\"2018-02-23T16:48:05+00:00\",\"author\":{\"@id\":\"https:\\\/\\\/www.altercampagne.net\\\/#\\\/schema\\\/person\\\/0f261460c09e430caa0f9bcffa319109\"},\"breadcrumb\":{\"@id\":\"https:\\\/\\\/www.altercampagne.net\\\/?p=7522#breadcrumb\"},\"inLanguage\":\"fr-FR\",\"potentialAction\":[{\"@type\":\"ReadAction\",\"target\":[\"https:\\\/\\\/www.altercampagne.net\\\/?p=7522\"]}]},{\"@type\":\"ImageObject\",\"inLanguage\":\"fr-FR\",\"@id\":\"https:\\\/\\\/www.altercampagne.net\\\/?p=7522#primaryimage\",\"url\":\"https:\\\/\\\/www.altercampagne.net\\\/wp-content\\\/uploads\\\/2017\\\/12\\\/2017-08-07_18.04.jpg\",\"contentUrl\":\"https:\\\/\\\/www.altercampagne.net\\\/wp-content\\\/uploads\\\/2017\\\/12\\\/2017-08-07_18.04.jpg\",\"width\":837,\"height\":437},{\"@type\":\"BreadcrumbList\",\"@id\":\"https:\\\/\\\/www.altercampagne.net\\\/?p=7522#breadcrumb\",\"itemListElement\":[{\"@type\":\"ListItem\",\"position\":1,\"name\":\"Accueil\",\"item\":\"https:\\\/\\\/www.altercampagne.net\\\/\"},{\"@type\":\"ListItem\",\"position\":2,\"name\":\"\u00c9tape du 7 aout : Saint-julien du Serre \u2013 Saint Pierreville : Ardelaine\"}]},{\"@type\":\"WebSite\",\"@id\":\"https:\\\/\\\/www.altercampagne.net\\\/#website\",\"url\":\"https:\\\/\\\/www.altercampagne.net\\\/\",\"name\":\"AlterTour\",\"description\":\"Reliez les Alternatives \u00e0 v\u00e9lo\",\"potentialAction\":[{\"@type\":\"SearchAction\",\"target\":{\"@type\":\"EntryPoint\",\"urlTemplate\":\"https:\\\/\\\/www.altercampagne.net\\\/?s={search_term_string}\"},\"query-input\":{\"@type\":\"PropertyValueSpecification\",\"valueRequired\":true,\"valueName\":\"search_term_string\"}}],\"inLanguage\":\"fr-FR\"},{\"@type\":\"Person\",\"@id\":\"https:\\\/\\\/www.altercampagne.net\\\/#\\\/schema\\\/person\\\/0f261460c09e430caa0f9bcffa319109\",\"name\":\"Mathieu\",\"image\":{\"@type\":\"ImageObject\",\"inLanguage\":\"fr-FR\",\"@id\":\"https:\\\/\\\/secure.gravatar.com\\\/avatar\\\/aa9d3d24c83f2141e5e2709d0f63d09a99f6be6bb7a50abc4915838d9f54501a?s=96&d=mm&r=g\",\"url\":\"https:\\\/\\\/secure.gravatar.com\\\/avatar\\\/aa9d3d24c83f2141e5e2709d0f63d09a99f6be6bb7a50abc4915838d9f54501a?s=96&d=mm&r=g\",\"contentUrl\":\"https:\\\/\\\/secure.gravatar.com\\\/avatar\\\/aa9d3d24c83f2141e5e2709d0f63d09a99f6be6bb7a50abc4915838d9f54501a?s=96&d=mm&r=g\",\"caption\":\"Mathieu\"},\"url\":\"https:\\\/\\\/www.altercampagne.net\\\/?author=214\"}]}<\/script>\n<!-- \/ Yoast SEO plugin. -->","yoast_head_json":{"title":"\u00c9tape du 7 aout : Saint-julien du Serre \u2013 Saint Pierreville : Ardelaine - AlterTour","robots":{"index":"index","follow":"follow","max-snippet":"max-snippet:-1","max-image-preview":"max-image-preview:large","max-video-preview":"max-video-preview:-1"},"canonical":"https:\/\/www.altercampagne.net\/?p=7522","og_locale":"fr_FR","og_type":"article","og_title":"\u00c9tape du 7 aout : Saint-julien du Serre \u2013 Saint Pierreville : Ardelaine - AlterTour","og_description":"Deuxi\u00e8me jour \u00e0 Saint Pierreville pittoresque village de l\u2019Ard\u00e8che du Sud nich\u00e9 au creux d\u2019une vall\u00e9e abondamment bois\u00e9e. La nuit fut courte pour certains Altercyclistes dont le sommeil fut troubl\u00e9 par le tonnerre et la pluie intempestive. Heureusement la joie et la bonne humeur des membres d\u2019Ardelaine remis tout le ... Read More","og_url":"https:\/\/www.altercampagne.net\/?p=7522","og_site_name":"AlterTour","article_published_time":"2017-08-07T20:45:05+00:00","article_modified_time":"2018-02-23T16:48:05+00:00","og_image":[{"width":837,"height":437,"url":"https:\/\/www.altercampagne.net\/wp-content\/uploads\/2017\/12\/2017-08-07_18.04.jpg","type":"image\/jpeg"}],"author":"Mathieu","twitter_card":"summary_large_image","twitter_misc":{"\u00c9crit par":"Mathieu","Dur\u00e9e de lecture estim\u00e9e":"2 minutes"},"schema":{"@context":"https:\/\/schema.org","@graph":[{"@type":"Article","@id":"https:\/\/www.altercampagne.net\/?p=7522#article","isPartOf":{"@id":"https:\/\/www.altercampagne.net\/?p=7522"},"author":{"name":"Mathieu","@id":"https:\/\/www.altercampagne.net\/#\/schema\/person\/0f261460c09e430caa0f9bcffa319109"},"headline":"\u00c9tape du 7 aout : Saint-julien du Serre \u2013 Saint Pierreville : Ardelaine","datePublished":"2017-08-07T20:45:05+00:00","dateModified":"2018-02-23T16:48:05+00:00","mainEntityOfPage":{"@id":"https:\/\/www.altercampagne.net\/?p=7522"},"wordCount":310,"image":{"@id":"https:\/\/www.altercampagne.net\/?p=7522#primaryimage"},"thumbnailUrl":"https:\/\/www.altercampagne.net\/wp-content\/uploads\/2017\/12\/2017-08-07_18.04.jpg","keywords":["Auvergne-Rh\u00f4ne-Alpes","Rhone-Alpes","Ard\u00e8che","AlterTour 2017","2017","Ardelaine","Saint Pierreville","Association le Bateleur","le Bateleur"],"articleSection":["Auvergne-Rh\u00f4ne-Alpes","Alimentation","\u00c9dition 2017","Social"],"inLanguage":"fr-FR"},{"@type":"WebPage","@id":"https:\/\/www.altercampagne.net\/?p=7522","url":"https:\/\/www.altercampagne.net\/?p=7522","name":"\u00c9tape du 7 aout : Saint-julien du Serre \u2013 Saint Pierreville : Ardelaine - AlterTour","isPartOf":{"@id":"https:\/\/www.altercampagne.net\/#website"},"primaryImageOfPage":{"@id":"https:\/\/www.altercampagne.net\/?p=7522#primaryimage"},"image":{"@id":"https:\/\/www.altercampagne.net\/?p=7522#primaryimage"},"thumbnailUrl":"https:\/\/www.altercampagne.net\/wp-content\/uploads\/2017\/12\/2017-08-07_18.04.jpg","datePublished":"2017-08-07T20:45:05+00:00","dateModified":"2018-02-23T16:48:05+00:00","author":{"@id":"https:\/\/www.altercampagne.net\/#\/schema\/person\/0f261460c09e430caa0f9bcffa319109"},"breadcrumb":{"@id":"https:\/\/www.altercampagne.net\/?p=7522#breadcrumb"},"inLanguage":"fr-FR","potentialAction":[{"@type":"ReadAction","target":["https:\/\/www.altercampagne.net\/?p=7522"]}]},{"@type":"ImageObject","inLanguage":"fr-FR","@id":"https:\/\/www.altercampagne.net\/?p=7522#primaryimage","url":"https:\/\/www.altercampagne.net\/wp-content\/uploads\/2017\/12\/2017-08-07_18.04.jpg","contentUrl":"https:\/\/www.altercampagne.net\/wp-content\/uploads\/2017\/12\/2017-08-07_18.04.jpg","width":837,"height":437},{"@type":"BreadcrumbList","@id":"https:\/\/www.altercampagne.net\/?p=7522#breadcrumb","itemListElement":[{"@type":"ListItem","position":1,"name":"Accueil","item":"https:\/\/www.altercampagne.net\/"},{"@type":"ListItem","position":2,"name":"\u00c9tape du 7 aout : Saint-julien du Serre \u2013 Saint Pierreville : Ardelaine"}]},{"@type":"WebSite","@id":"https:\/\/www.altercampagne.net\/#website","url":"https:\/\/www.altercampagne.net\/","name":"AlterTour","description":"Reliez les Alternatives \u00e0 v\u00e9lo","potentialAction":[{"@type":"SearchAction","target":{"@type":"EntryPoint","urlTemplate":"https:\/\/www.altercampagne.net\/?s={search_term_string}"},"query-input":{"@type":"PropertyValueSpecification","valueRequired":true,"valueName":"search_term_string"}}],"inLanguage":"fr-FR"},{"@type":"Person","@id":"https:\/\/www.altercampagne.net\/#\/schema\/person\/0f261460c09e430caa0f9bcffa319109","name":"Mathieu","image":{"@type":"ImageObject","inLanguage":"fr-FR","@id":"https:\/\/secure.gravatar.com\/avatar\/aa9d3d24c83f2141e5e2709d0f63d09a99f6be6bb7a50abc4915838d9f54501a?s=96&d=mm&r=g","url":"https:\/\/secure.gravatar.com\/avatar\/aa9d3d24c83f2141e5e2709d0f63d09a99f6be6bb7a50abc4915838d9f54501a?s=96&d=mm&r=g","contentUrl":"https:\/\/secure.gravatar.com\/avatar\/aa9d3d24c83f2141e5e2709d0f63d09a99f6be6bb7a50abc4915838d9f54501a?s=96&d=mm&r=g","caption":"Mathieu"},"url":"https:\/\/www.altercampagne.net\/?author=214"}]}},"_links":{"self":[{"href":"https:\/\/www.altercampagne.net\/index.php?rest_route=\/wp\/v2\/posts\/7522","targetHints":{"allow":["GET"]}}],"collection":[{"href":"https:\/\/www.altercampagne.net\/index.php?rest_route=\/wp\/v2\/posts"}],"about":[{"href":"https:\/\/www.altercampagne.net\/index.php?rest_route=\/wp\/v2\/types\/post"}],"author":[{"embeddable":true,"href":"https:\/\/www.altercampagne.net\/index.php?rest_route=\/wp\/v2\/users\/214"}],"replies":[{"embeddable":true,"href":"https:\/\/www.altercampagne.net\/index.php?rest_route=%2Fwp%2Fv2%2Fcomments&post=7522"}],"version-history":[{"count":0,"href":"https:\/\/www.altercampagne.net\/index.php?rest_route=\/wp\/v2\/posts\/7522\/revisions"}],"wp:featuredmedia":[{"embeddable":true,"href":"https:\/\/www.altercampagne.net\/index.php?rest_route=\/wp\/v2\/media\/9407"}],"wp:attachment":[{"href":"https:\/\/www.altercampagne.net\/index.php?rest_route=%2Fwp%2Fv2%2Fmedia&parent=7522"}],"wp:term":[{"taxonomy":"category","embeddable":true,"href":"https:\/\/www.altercampagne.net\/index.php?rest_route=%2Fwp%2Fv2%2Fcategories&post=7522"},{"taxonomy":"post_tag","embeddable":true,"href":"https:\/\/www.altercampagne.net\/index.php?rest_route=%2Fwp%2Fv2%2Ftags&post=7522"}],"curies":[{"name":"wp","href":"https:\/\/api.w.org\/{rel}","templated":true}]}}