{"id":7529,"date":"2017-08-14T22:38:19","date_gmt":"2017-08-14T20:38:19","guid":{"rendered":"http:\/\/www.altercampagne.net\/?p=7529"},"modified":"2018-02-23T17:13:41","modified_gmt":"2018-02-23T16:13:41","slug":"etape-du-aout-vassieux-en-vercors-saint-jean-en-royans-la-ferme-des-roussets","status":"publish","type":"post","link":"https:\/\/www.altercampagne.net\/?p=7529","title":{"rendered":"\u00c9tape du 14 ao\u00fbt : Vassieux-en-Vercors \u2013 Saint Jean en Royans : La Ferme des Roussets"},"content":{"rendered":"<p>Au cours des AlterTour 2009 et de 2010, Nicolas rencontres des anciens compagnons du <a href=\"http:\/\/www.reseaurepas.free.fr\/\" target=\"_blank\" rel=\"noopener\">R\u00e9seau d\u2019\u00c9changes et de Pratiques Alternatives<\/a> (REPAS). En 2011, il rejoint le compagnonnage. Pendant 5 mois il s&rsquo;immerge dans les entreprises du R\u00e9seau et exp\u00e9rimente le \u00ab\u00a0travail autrement\u00a0\u00bb : \u00e9galit\u00e9 de salaire, prise de d\u00e9cision collectives et horizontales&#8230; ils sont 6 \u00e0 vouloir aller plus loin ensemble, quitter leur travail et leur domicile pour un projet plus proche de la terre et de leurs aspirations\u00a0: ils ach\u00e8tent la <a href=\"https:\/\/www.fermedesroussets.org\/\" target=\"_blank\" rel=\"noopener\">Ferme des Roussets<\/a>, encaiss\u00e9e au pied du Vercors (le soleil n\u2019y met pas les pieds l\u2019hiver\u00a0!). Des activit\u00e9s sont mises en place depuis 3 ans\u00a0: le maraichage en bio, l\u2019apiculture, la boulange, des balades en \u00e2nes.<\/p>\n<p>Les maraichers accueillent des woofers depuis 1 an, cela apporte de la vie et de l\u2019aide m\u00eame si cela ne fait pas toujours gagner du temps. Le co\u00fbt de la ferme \u00e9tait relativement abordable (150000 euros) car elle ne comprend pas de logement\u00a0: l\u2019apiculteur vit sur place dans une yourte, l\u2019amoureux des \u00e2nes dans une caravane, les autres dans des maisons au village voisin. Mais une belle salle commune avec un po\u00eale \u00e0 bois a \u00e9t\u00e9 retap\u00e9e et sert pour les r\u00e9unions de l\u2019association et du GAEC.<\/p>\n<p>Chaque vendredi soir la ferme est ouverte, c\u2019est aussi le jour de la fourn\u00e9e hebdomadaire (150 kg de pain\/fourn\u00e9e dans un four \u00e0 bois\u00a0!). Il y a de la bi\u00e8re locale, de la limonade bio et souvent de la musique comme ce jour de notre arriv\u00e9e o\u00f9 deux groupes de musique trad se sont succ\u00e9d\u00e9s sur la sc\u00e8ne. Pour l\u2019occasion l\u2019<a href=\"https:\/\/www.facebook.com\/marielle.couder\/\" target=\"_blank\" rel=\"noopener\">\u00c9chapp\u00e9e Belle Food-Truck<\/a> et une caravane \u00e0 cr\u00eapes pr\u00e9parent le repas pour le <a href=\"https:\/\/agendatrad.org\/e_2017-08\/tit-bal-altertour_18570.html\" target=\"_blank\" rel=\"noopener\">P&rsquo;tit Bal de l&rsquo;AlterTour<\/a>.<\/p>\n<p>A la ferme, les choses s\u2019installent peu \u00e0 peu, il y a une certaine pression car la subvention d\u2019installation en bio les oblige \u00e0 un certain \u00e9quilibre avant la 5<sup>e<\/sup> ann\u00e9e. Mais ils vivent maintenant en accord avec leurs r\u00eaves, des b\u00e9b\u00e9s arrivent et ils ont encore plein d\u2019id\u00e9es.<\/p>\n<p style=\"text-align: right;\"><strong>Pierre-Luc<\/strong><\/p>\n","protected":false},"excerpt":{"rendered":"<p>Au cours des AlterTour 2009 et de 2010, Nicolas rencontres des anciens compagnons du R\u00e9seau d\u2019\u00c9changes et de Pratiques Alternatives (REPAS). En 2011, il rejoint le compagnonnage. Pendant 5 mois il s&rsquo;immerge dans les entreprises du R\u00e9seau et exp\u00e9rimente le \u00ab\u00a0travail autrement\u00a0\u00bb : \u00e9galit\u00e9 de salaire, prise de d\u00e9cision collectives &#8230; <\/p>\n<div><a href=\"https:\/\/www.altercampagne.net\/?p=7529\" class=\"more-link\">Read More<\/a><\/div>\n","protected":false},"author":214,"featured_media":9448,"comment_status":"closed","ping_status":"closed","sticky":false,"template":"","format":"standard","meta":{"footnotes":""},"categories":[3471,3483,3457,3488],"tags":[378,1091,1489,1543,1650,2783,2784,2987,3067,3183,3184],"class_list":["post-7529","post","type-post","status-publish","format-standard","has-post-thumbnail","hentry","category-auvergne-rhone-alpes","category-agriculture","category-edition-2017","category-social","tag-woofing","tag-drome","tag-auvergne-rhone-alpes","tag-woofeurs","tag-rhone-alpes","tag-altertour-2017","tag-2784","tag-ferme-des-roussets","tag-saint-jean-en-royans","tag-reseau-dechanges-et-de-pratiques-alternatives","tag-repas"],"yoast_head":"<!-- This site is optimized with the Yoast SEO plugin v27.3 - https:\/\/yoast.com\/product\/yoast-seo-wordpress\/ -->\n<title>\u00c9tape du 14 ao\u00fbt : Vassieux-en-Vercors \u2013 Saint Jean en Royans : La Ferme des Roussets - AlterTour<\/title>\n<meta name=\"robots\" content=\"index, follow, max-snippet:-1, max-image-preview:large, max-video-preview:-1\" \/>\n<link rel=\"canonical\" href=\"https:\/\/www.altercampagne.net\/?p=7529\" \/>\n<meta property=\"og:locale\" content=\"fr_FR\" \/>\n<meta property=\"og:type\" content=\"article\" \/>\n<meta property=\"og:title\" content=\"\u00c9tape du 14 ao\u00fbt : Vassieux-en-Vercors \u2013 Saint Jean en Royans : La Ferme des Roussets - AlterTour\" \/>\n<meta property=\"og:description\" content=\"Au cours des AlterTour 2009 et de 2010, Nicolas rencontres des anciens compagnons du R\u00e9seau d\u2019\u00c9changes et de Pratiques Alternatives (REPAS). En 2011, il rejoint le compagnonnage. Pendant 5 mois il s&rsquo;immerge dans les entreprises du R\u00e9seau et exp\u00e9rimente le \u00ab\u00a0travail autrement\u00a0\u00bb : \u00e9galit\u00e9 de salaire, prise de d\u00e9cision collectives ... Read More\" \/>\n<meta property=\"og:url\" content=\"https:\/\/www.altercampagne.net\/?p=7529\" \/>\n<meta property=\"og:site_name\" content=\"AlterTour\" \/>\n<meta property=\"article:published_time\" content=\"2017-08-14T20:38:19+00:00\" \/>\n<meta property=\"article:modified_time\" content=\"2018-02-23T16:13:41+00:00\" \/>\n<meta property=\"og:image\" content=\"https:\/\/www.altercampagne.net\/wp-content\/uploads\/2017\/08\/2840946.jpg.jpg\" \/>\n\t<meta property=\"og:image:width\" content=\"1200\" \/>\n\t<meta property=\"og:image:height\" content=\"627\" \/>\n\t<meta property=\"og:image:type\" content=\"image\/jpeg\" \/>\n<meta name=\"author\" content=\"Mathieu\" \/>\n<meta name=\"twitter:card\" content=\"summary_large_image\" \/>\n<meta name=\"twitter:label1\" content=\"\u00c9crit par\" \/>\n\t<meta name=\"twitter:data1\" content=\"Mathieu\" \/>\n\t<meta name=\"twitter:label2\" content=\"Dur\u00e9e de lecture estim\u00e9e\" \/>\n\t<meta name=\"twitter:data2\" content=\"2 minutes\" \/>\n<script type=\"application\/ld+json\" class=\"yoast-schema-graph\">{\"@context\":\"https:\\\/\\\/schema.org\",\"@graph\":[{\"@type\":\"Article\",\"@id\":\"https:\\\/\\\/www.altercampagne.net\\\/?p=7529#article\",\"isPartOf\":{\"@id\":\"https:\\\/\\\/www.altercampagne.net\\\/?p=7529\"},\"author\":{\"name\":\"Mathieu\",\"@id\":\"https:\\\/\\\/www.altercampagne.net\\\/#\\\/schema\\\/person\\\/0f261460c09e430caa0f9bcffa319109\"},\"headline\":\"\u00c9tape du 14 ao\u00fbt : Vassieux-en-Vercors \u2013 Saint Jean en Royans : La Ferme des Roussets\",\"datePublished\":\"2017-08-14T20:38:19+00:00\",\"dateModified\":\"2018-02-23T16:13:41+00:00\",\"mainEntityOfPage\":{\"@id\":\"https:\\\/\\\/www.altercampagne.net\\\/?p=7529\"},\"wordCount\":374,\"image\":{\"@id\":\"https:\\\/\\\/www.altercampagne.net\\\/?p=7529#primaryimage\"},\"thumbnailUrl\":\"https:\\\/\\\/www.altercampagne.net\\\/wp-content\\\/uploads\\\/2017\\\/08\\\/2840946.jpg.jpg\",\"keywords\":[\"woofing\",\"Dr\u00f4me\",\"Auvergne-Rh\u00f4ne-Alpes\",\"woofeurs\",\"Rhone-Alpes\",\"AlterTour 2017\",\"2017\",\"Ferme des Roussets\",\"Saint-Jean-En-Royans\",\"R\u00e9seau d\u2019\u00c9changes et de Pratiques Alternatives\",\"REPAS\"],\"articleSection\":[\"Auvergne-Rh\u00f4ne-Alpes\",\"Agriculture\",\"\u00c9dition 2017\",\"Social\"],\"inLanguage\":\"fr-FR\"},{\"@type\":\"WebPage\",\"@id\":\"https:\\\/\\\/www.altercampagne.net\\\/?p=7529\",\"url\":\"https:\\\/\\\/www.altercampagne.net\\\/?p=7529\",\"name\":\"\u00c9tape du 14 ao\u00fbt : Vassieux-en-Vercors \u2013 Saint Jean en Royans : La Ferme des Roussets - AlterTour\",\"isPartOf\":{\"@id\":\"https:\\\/\\\/www.altercampagne.net\\\/#website\"},\"primaryImageOfPage\":{\"@id\":\"https:\\\/\\\/www.altercampagne.net\\\/?p=7529#primaryimage\"},\"image\":{\"@id\":\"https:\\\/\\\/www.altercampagne.net\\\/?p=7529#primaryimage\"},\"thumbnailUrl\":\"https:\\\/\\\/www.altercampagne.net\\\/wp-content\\\/uploads\\\/2017\\\/08\\\/2840946.jpg.jpg\",\"datePublished\":\"2017-08-14T20:38:19+00:00\",\"dateModified\":\"2018-02-23T16:13:41+00:00\",\"author\":{\"@id\":\"https:\\\/\\\/www.altercampagne.net\\\/#\\\/schema\\\/person\\\/0f261460c09e430caa0f9bcffa319109\"},\"breadcrumb\":{\"@id\":\"https:\\\/\\\/www.altercampagne.net\\\/?p=7529#breadcrumb\"},\"inLanguage\":\"fr-FR\",\"potentialAction\":[{\"@type\":\"ReadAction\",\"target\":[\"https:\\\/\\\/www.altercampagne.net\\\/?p=7529\"]}]},{\"@type\":\"ImageObject\",\"inLanguage\":\"fr-FR\",\"@id\":\"https:\\\/\\\/www.altercampagne.net\\\/?p=7529#primaryimage\",\"url\":\"https:\\\/\\\/www.altercampagne.net\\\/wp-content\\\/uploads\\\/2017\\\/08\\\/2840946.jpg.jpg\",\"contentUrl\":\"https:\\\/\\\/www.altercampagne.net\\\/wp-content\\\/uploads\\\/2017\\\/08\\\/2840946.jpg.jpg\",\"width\":1200,\"height\":627},{\"@type\":\"BreadcrumbList\",\"@id\":\"https:\\\/\\\/www.altercampagne.net\\\/?p=7529#breadcrumb\",\"itemListElement\":[{\"@type\":\"ListItem\",\"position\":1,\"name\":\"Accueil\",\"item\":\"https:\\\/\\\/www.altercampagne.net\\\/\"},{\"@type\":\"ListItem\",\"position\":2,\"name\":\"\u00c9tape du 14 ao\u00fbt : Vassieux-en-Vercors \u2013 Saint Jean en Royans : La Ferme des Roussets\"}]},{\"@type\":\"WebSite\",\"@id\":\"https:\\\/\\\/www.altercampagne.net\\\/#website\",\"url\":\"https:\\\/\\\/www.altercampagne.net\\\/\",\"name\":\"AlterTour\",\"description\":\"Reliez les Alternatives \u00e0 v\u00e9lo\",\"potentialAction\":[{\"@type\":\"SearchAction\",\"target\":{\"@type\":\"EntryPoint\",\"urlTemplate\":\"https:\\\/\\\/www.altercampagne.net\\\/?s={search_term_string}\"},\"query-input\":{\"@type\":\"PropertyValueSpecification\",\"valueRequired\":true,\"valueName\":\"search_term_string\"}}],\"inLanguage\":\"fr-FR\"},{\"@type\":\"Person\",\"@id\":\"https:\\\/\\\/www.altercampagne.net\\\/#\\\/schema\\\/person\\\/0f261460c09e430caa0f9bcffa319109\",\"name\":\"Mathieu\",\"image\":{\"@type\":\"ImageObject\",\"inLanguage\":\"fr-FR\",\"@id\":\"https:\\\/\\\/secure.gravatar.com\\\/avatar\\\/aa9d3d24c83f2141e5e2709d0f63d09a99f6be6bb7a50abc4915838d9f54501a?s=96&d=mm&r=g\",\"url\":\"https:\\\/\\\/secure.gravatar.com\\\/avatar\\\/aa9d3d24c83f2141e5e2709d0f63d09a99f6be6bb7a50abc4915838d9f54501a?s=96&d=mm&r=g\",\"contentUrl\":\"https:\\\/\\\/secure.gravatar.com\\\/avatar\\\/aa9d3d24c83f2141e5e2709d0f63d09a99f6be6bb7a50abc4915838d9f54501a?s=96&d=mm&r=g\",\"caption\":\"Mathieu\"},\"url\":\"https:\\\/\\\/www.altercampagne.net\\\/?author=214\"}]}<\/script>\n<!-- \/ Yoast SEO plugin. -->","yoast_head_json":{"title":"\u00c9tape du 14 ao\u00fbt : Vassieux-en-Vercors \u2013 Saint Jean en Royans : La Ferme des Roussets - AlterTour","robots":{"index":"index","follow":"follow","max-snippet":"max-snippet:-1","max-image-preview":"max-image-preview:large","max-video-preview":"max-video-preview:-1"},"canonical":"https:\/\/www.altercampagne.net\/?p=7529","og_locale":"fr_FR","og_type":"article","og_title":"\u00c9tape du 14 ao\u00fbt : Vassieux-en-Vercors \u2013 Saint Jean en Royans : La Ferme des Roussets - AlterTour","og_description":"Au cours des AlterTour 2009 et de 2010, Nicolas rencontres des anciens compagnons du R\u00e9seau d\u2019\u00c9changes et de Pratiques Alternatives (REPAS). En 2011, il rejoint le compagnonnage. Pendant 5 mois il s&rsquo;immerge dans les entreprises du R\u00e9seau et exp\u00e9rimente le \u00ab\u00a0travail autrement\u00a0\u00bb : \u00e9galit\u00e9 de salaire, prise de d\u00e9cision collectives ... Read More","og_url":"https:\/\/www.altercampagne.net\/?p=7529","og_site_name":"AlterTour","article_published_time":"2017-08-14T20:38:19+00:00","article_modified_time":"2018-02-23T16:13:41+00:00","og_image":[{"width":1200,"height":627,"url":"https:\/\/www.altercampagne.net\/wp-content\/uploads\/2017\/08\/2840946.jpg.jpg","type":"image\/jpeg"}],"author":"Mathieu","twitter_card":"summary_large_image","twitter_misc":{"\u00c9crit par":"Mathieu","Dur\u00e9e de lecture estim\u00e9e":"2 minutes"},"schema":{"@context":"https:\/\/schema.org","@graph":[{"@type":"Article","@id":"https:\/\/www.altercampagne.net\/?p=7529#article","isPartOf":{"@id":"https:\/\/www.altercampagne.net\/?p=7529"},"author":{"name":"Mathieu","@id":"https:\/\/www.altercampagne.net\/#\/schema\/person\/0f261460c09e430caa0f9bcffa319109"},"headline":"\u00c9tape du 14 ao\u00fbt : Vassieux-en-Vercors \u2013 Saint Jean en Royans : La Ferme des Roussets","datePublished":"2017-08-14T20:38:19+00:00","dateModified":"2018-02-23T16:13:41+00:00","mainEntityOfPage":{"@id":"https:\/\/www.altercampagne.net\/?p=7529"},"wordCount":374,"image":{"@id":"https:\/\/www.altercampagne.net\/?p=7529#primaryimage"},"thumbnailUrl":"https:\/\/www.altercampagne.net\/wp-content\/uploads\/2017\/08\/2840946.jpg.jpg","keywords":["woofing","Dr\u00f4me","Auvergne-Rh\u00f4ne-Alpes","woofeurs","Rhone-Alpes","AlterTour 2017","2017","Ferme des Roussets","Saint-Jean-En-Royans","R\u00e9seau d\u2019\u00c9changes et de Pratiques Alternatives","REPAS"],"articleSection":["Auvergne-Rh\u00f4ne-Alpes","Agriculture","\u00c9dition 2017","Social"],"inLanguage":"fr-FR"},{"@type":"WebPage","@id":"https:\/\/www.altercampagne.net\/?p=7529","url":"https:\/\/www.altercampagne.net\/?p=7529","name":"\u00c9tape du 14 ao\u00fbt : Vassieux-en-Vercors \u2013 Saint Jean en Royans : La Ferme des Roussets - AlterTour","isPartOf":{"@id":"https:\/\/www.altercampagne.net\/#website"},"primaryImageOfPage":{"@id":"https:\/\/www.altercampagne.net\/?p=7529#primaryimage"},"image":{"@id":"https:\/\/www.altercampagne.net\/?p=7529#primaryimage"},"thumbnailUrl":"https:\/\/www.altercampagne.net\/wp-content\/uploads\/2017\/08\/2840946.jpg.jpg","datePublished":"2017-08-14T20:38:19+00:00","dateModified":"2018-02-23T16:13:41+00:00","author":{"@id":"https:\/\/www.altercampagne.net\/#\/schema\/person\/0f261460c09e430caa0f9bcffa319109"},"breadcrumb":{"@id":"https:\/\/www.altercampagne.net\/?p=7529#breadcrumb"},"inLanguage":"fr-FR","potentialAction":[{"@type":"ReadAction","target":["https:\/\/www.altercampagne.net\/?p=7529"]}]},{"@type":"ImageObject","inLanguage":"fr-FR","@id":"https:\/\/www.altercampagne.net\/?p=7529#primaryimage","url":"https:\/\/www.altercampagne.net\/wp-content\/uploads\/2017\/08\/2840946.jpg.jpg","contentUrl":"https:\/\/www.altercampagne.net\/wp-content\/uploads\/2017\/08\/2840946.jpg.jpg","width":1200,"height":627},{"@type":"BreadcrumbList","@id":"https:\/\/www.altercampagne.net\/?p=7529#breadcrumb","itemListElement":[{"@type":"ListItem","position":1,"name":"Accueil","item":"https:\/\/www.altercampagne.net\/"},{"@type":"ListItem","position":2,"name":"\u00c9tape du 14 ao\u00fbt : Vassieux-en-Vercors \u2013 Saint Jean en Royans : La Ferme des Roussets"}]},{"@type":"WebSite","@id":"https:\/\/www.altercampagne.net\/#website","url":"https:\/\/www.altercampagne.net\/","name":"AlterTour","description":"Reliez les Alternatives \u00e0 v\u00e9lo","potentialAction":[{"@type":"SearchAction","target":{"@type":"EntryPoint","urlTemplate":"https:\/\/www.altercampagne.net\/?s={search_term_string}"},"query-input":{"@type":"PropertyValueSpecification","valueRequired":true,"valueName":"search_term_string"}}],"inLanguage":"fr-FR"},{"@type":"Person","@id":"https:\/\/www.altercampagne.net\/#\/schema\/person\/0f261460c09e430caa0f9bcffa319109","name":"Mathieu","image":{"@type":"ImageObject","inLanguage":"fr-FR","@id":"https:\/\/secure.gravatar.com\/avatar\/aa9d3d24c83f2141e5e2709d0f63d09a99f6be6bb7a50abc4915838d9f54501a?s=96&d=mm&r=g","url":"https:\/\/secure.gravatar.com\/avatar\/aa9d3d24c83f2141e5e2709d0f63d09a99f6be6bb7a50abc4915838d9f54501a?s=96&d=mm&r=g","contentUrl":"https:\/\/secure.gravatar.com\/avatar\/aa9d3d24c83f2141e5e2709d0f63d09a99f6be6bb7a50abc4915838d9f54501a?s=96&d=mm&r=g","caption":"Mathieu"},"url":"https:\/\/www.altercampagne.net\/?author=214"}]}},"_links":{"self":[{"href":"https:\/\/www.altercampagne.net\/index.php?rest_route=\/wp\/v2\/posts\/7529","targetHints":{"allow":["GET"]}}],"collection":[{"href":"https:\/\/www.altercampagne.net\/index.php?rest_route=\/wp\/v2\/posts"}],"about":[{"href":"https:\/\/www.altercampagne.net\/index.php?rest_route=\/wp\/v2\/types\/post"}],"author":[{"embeddable":true,"href":"https:\/\/www.altercampagne.net\/index.php?rest_route=\/wp\/v2\/users\/214"}],"replies":[{"embeddable":true,"href":"https:\/\/www.altercampagne.net\/index.php?rest_route=%2Fwp%2Fv2%2Fcomments&post=7529"}],"version-history":[{"count":0,"href":"https:\/\/www.altercampagne.net\/index.php?rest_route=\/wp\/v2\/posts\/7529\/revisions"}],"wp:featuredmedia":[{"embeddable":true,"href":"https:\/\/www.altercampagne.net\/index.php?rest_route=\/wp\/v2\/media\/9448"}],"wp:attachment":[{"href":"https:\/\/www.altercampagne.net\/index.php?rest_route=%2Fwp%2Fv2%2Fmedia&parent=7529"}],"wp:term":[{"taxonomy":"category","embeddable":true,"href":"https:\/\/www.altercampagne.net\/index.php?rest_route=%2Fwp%2Fv2%2Fcategories&post=7529"},{"taxonomy":"post_tag","embeddable":true,"href":"https:\/\/www.altercampagne.net\/index.php?rest_route=%2Fwp%2Fv2%2Ftags&post=7529"}],"curies":[{"name":"wp","href":"https:\/\/api.w.org\/{rel}","templated":true}]}}