{"id":7536,"date":"2017-08-15T20:34:35","date_gmt":"2017-08-15T18:34:35","guid":{"rendered":"http:\/\/www.altercampagne.net\/?p=7536"},"modified":"2020-04-06T12:29:18","modified_gmt":"2020-04-06T10:29:18","slug":"journee-du-15-aout-la-ferme-des-roussets","status":"publish","type":"post","link":"https:\/\/www.altercampagne.net\/?p=7536","title":{"rendered":"Journ\u00e9e du 15 ao\u00fbt : La Ferme des Roussets"},"content":{"rendered":"<p>Apr\u00e8s une soir\u00e9e dansante o\u00f9 nous nous sommes toutes et tous essay\u00e9-e-s aux danses folks traditionnelles, la journ\u00e9e du mardi 15 ao\u00fbt a d\u00e9marr\u00e9 charg\u00e9 en activit\u00e9\u00a0: balade avec les \u00e2nes au bord de la rivi\u00e8re \u00ab\u00a0le cholet\u00a0\u00bb pour les un-e-s, chantier d\u00e9sherbage des planches de poireaux pour les autres.<\/p>\n<p>L\u2019apr\u00e8s-midi, la digestion cumul\u00e9e \u00e0 une l\u00e9g\u00e8re fatigue due \u00e0 la soir\u00e9e festive de la veille ne nous a pas arr\u00eat\u00e9\u00a0: cercle de paroles entre altercyclistes et baignades dans \u00ab\u00a0le cholet\u00a0\u00bb. Requinqu\u00e9-e-s, ravigot\u00e9-e-s, nous avons ensuite eu un chouette temps d\u2019\u00e9change avec l\u2019un de nos accueillants\u00a0: Nicolas, le paysan boulanger de la Ferme des Roussets. Nicolas, ancien Alercycliste (\u00e9ditions 2009\/2010) nous a partag\u00e9 son beau parcours sur les chemins de transition\u2026.<\/p>\n<p>Ing\u00e9nieur en physique de formation, il a longtemps travaill\u00e9 \u00e0 Paris en tant que d\u00e9veloppeur de logiciels. Cependant, c\u2019est suite \u00e0 ces diverses exp\u00e9riences et rencontres \u00e0 l\u2019AlterTour notamment, qu\u2019il s\u2019est de plus en plus investi dans une AMAP o\u00f9 il y a d\u00e9couvert le m\u00e9tier de paysan boulanger. C\u2019est \u00e9galement \u00e0 travers l\u2019AlterTour qu\u2019il a connu Florence et Karine qui lui ont parl\u00e9 du compagnonnage <strong><a href=\"http:\/\/www.reseaurepas.free.fr\/dotclear\/index.php?category\/Actualit%C3%A9s\" target=\"_blank\" rel=\"noopener noreferrer\">REPAS<\/a><\/strong>. C\u2019est ainsi qu\u2019en 2011, Nicolas prend la d\u00e9cision de quitter son travail \u00e0 Paris pour aller plus loin dans ses r\u00e9flexions sur l\u2019\u00e9nergie, les alternatives, l\u2019organisation collective, etc. en poursuivant la formation de compagnonnage REPAS. L\u2019envie de s\u2019installer comme paysan boulanger est peu \u00e0 peu pass\u00e9 de r\u00eave \u00e0 r\u00e9alit\u00e9 gr\u00e2ce \u00e0 la rencontre de 5 compagnon-ne-s avec qui il a cr\u00e9\u00e9 l\u2019association culturelle \u00ab\u00a0Batotopie\u00a0\u00bb pour faire le lien entre culture et monde agricole, puis une colocation d\u2019un an dans le Vercors o\u00f9 ils ont commenc\u00e9 \u00e0 communiquer sur leur projet d\u2019installation, jusqu\u2019\u00e0 l\u2019achat de la <a href=\"https:\/\/www.fermedesroussets.org\/\" target=\"_blank\" rel=\"noopener noreferrer\"><strong>Ferme des Roussets<\/strong><\/a> et l\u2019installation en GAEC.<\/p>\n<p>Depuis 2014, les 6 compagnon-ne-s exp\u00e9rimentent mara\u00eechage, miel, pain et activit\u00e9s culturelles \u00e0 la Ferme des Roussets. Un joli t\u00e9moignage de parcours de vie en plein transition qui nous montre qu\u2019 \u00ab\u00a0on est tous capables d\u2019acqu\u00e9rir des comp\u00e9tences\u00a0\u00bb*.<\/p>\n<p>Pour mieux comprendre les diff\u00e9rentes \u00e9tapes de cr\u00e9ation de la Ferme des Roussets, nous avons tent\u00e9 de les sch\u00e9matiser ci-dessous. Et pour plus d\u2019infos, les membres de la Ferme des Roussets ont post\u00e9 une courte vid\u00e9o explicative sur Internet : <a href=\"https:\/\/www.youtube.com\/watch?v=Tv3KRcSTCmA\" target=\"_blank\" rel=\"noopener noreferrer\"><strong>https:\/\/www.youtube.com\/watch?v=Tv3KRcSTCmA<\/strong><\/a>.<\/p>\n<p>A tr\u00e8s vite sur les chemins\u2026<\/p>\n<p>*Nicolas.<\/p>\n<p style=\"text-align: right;\"><strong>Laura et Ga\u00ebtan<\/strong><\/p>\n<p style=\"text-align: left;\"><a href=\"http:\/\/www.altercampagne.net\/wp-content\/uploads\/2017\/08\/2017-08-15-Ferme-des-roussets.jpg\"><img loading=\"lazy\" decoding=\"async\" class=\"aligncenter size-full wp-image-7539\" src=\"http:\/\/www.altercampagne.net\/wp-content\/uploads\/2017\/08\/2017-08-15-Ferme-des-roussets.jpg\" alt=\"2017-08-15---Ferme-des-roussets\" width=\"729\" height=\"564\" srcset=\"https:\/\/www.altercampagne.net\/wp-content\/uploads\/2017\/08\/2017-08-15-Ferme-des-roussets.jpg 729w, https:\/\/www.altercampagne.net\/wp-content\/uploads\/2017\/08\/2017-08-15-Ferme-des-roussets-300x232.jpg 300w\" sizes=\"auto, (max-width: 729px) 100vw, 729px\" \/><\/a><\/p>\n","protected":false},"excerpt":{"rendered":"<p>Apr\u00e8s une soir\u00e9e dansante o\u00f9 nous nous sommes toutes et tous essay\u00e9-e-s aux danses folks traditionnelles, la journ\u00e9e du mardi 15 ao\u00fbt a d\u00e9marr\u00e9 charg\u00e9 en activit\u00e9\u00a0: balade avec les \u00e2nes au bord de la rivi\u00e8re \u00ab\u00a0le cholet\u00a0\u00bb pour les un-e-s, chantier d\u00e9sherbage des planches de poireaux pour les autres. &#8230; <\/p>\n<div><a href=\"https:\/\/www.altercampagne.net\/?p=7536\" class=\"more-link\">Read More<\/a><\/div>\n","protected":false},"author":214,"featured_media":9445,"comment_status":"closed","ping_status":"closed","sticky":false,"template":"","format":"standard","meta":{"footnotes":""},"categories":[3471,3483,3457,3488],"tags":[736,1091,1489,1650,2783,2784,2987,2988,3066,3067,3184,3185,3186],"class_list":["post-7536","post","type-post","status-publish","format-standard","has-post-thumbnail","hentry","category-auvergne-rhone-alpes","category-agriculture","category-edition-2017","category-social","tag-compagnonnage-repas","tag-drome","tag-auvergne-rhone-alpes","tag-rhone-alpes","tag-altertour-2017","tag-2784","tag-ferme-des-roussets","tag-batotopie","tag-vercors","tag-saint-jean-en-royans","tag-repas","tag-cholet","tag-reseau-dechanges-et-de-pratiques-alternatives-et-solidaires"],"yoast_head":"<!-- This site is optimized with the Yoast SEO plugin v27.3 - https:\/\/yoast.com\/product\/yoast-seo-wordpress\/ -->\n<title>Journ\u00e9e du 15 ao\u00fbt : La Ferme des Roussets - AlterTour<\/title>\n<meta name=\"robots\" content=\"index, follow, max-snippet:-1, max-image-preview:large, max-video-preview:-1\" \/>\n<link rel=\"canonical\" href=\"https:\/\/www.altercampagne.net\/?p=7536\" \/>\n<meta property=\"og:locale\" content=\"fr_FR\" \/>\n<meta property=\"og:type\" content=\"article\" \/>\n<meta property=\"og:title\" content=\"Journ\u00e9e du 15 ao\u00fbt : La Ferme des Roussets - AlterTour\" \/>\n<meta property=\"og:description\" content=\"Apr\u00e8s une soir\u00e9e dansante o\u00f9 nous nous sommes toutes et tous essay\u00e9-e-s aux danses folks traditionnelles, la journ\u00e9e du mardi 15 ao\u00fbt a d\u00e9marr\u00e9 charg\u00e9 en activit\u00e9\u00a0: balade avec les \u00e2nes au bord de la rivi\u00e8re \u00ab\u00a0le cholet\u00a0\u00bb pour les un-e-s, chantier d\u00e9sherbage des planches de poireaux pour les autres. ... Read More\" \/>\n<meta property=\"og:url\" content=\"https:\/\/www.altercampagne.net\/?p=7536\" \/>\n<meta property=\"og:site_name\" content=\"AlterTour\" \/>\n<meta property=\"article:published_time\" content=\"2017-08-15T18:34:35+00:00\" \/>\n<meta property=\"article:modified_time\" content=\"2020-04-06T10:29:18+00:00\" \/>\n<meta property=\"og:image\" content=\"https:\/\/www.altercampagne.net\/wp-content\/uploads\/2017\/08\/2017-08-15_0001DSCF3737.jpg\" \/>\n\t<meta property=\"og:image:width\" content=\"713\" \/>\n\t<meta property=\"og:image:height\" content=\"373\" \/>\n\t<meta property=\"og:image:type\" content=\"image\/jpeg\" \/>\n<meta name=\"author\" content=\"Mathieu\" \/>\n<meta name=\"twitter:card\" content=\"summary_large_image\" \/>\n<meta name=\"twitter:label1\" content=\"\u00c9crit par\" \/>\n\t<meta name=\"twitter:data1\" content=\"Mathieu\" \/>\n\t<meta name=\"twitter:label2\" content=\"Dur\u00e9e de lecture estim\u00e9e\" \/>\n\t<meta name=\"twitter:data2\" content=\"2 minutes\" \/>\n<script type=\"application\/ld+json\" class=\"yoast-schema-graph\">{\"@context\":\"https:\\\/\\\/schema.org\",\"@graph\":[{\"@type\":\"Article\",\"@id\":\"https:\\\/\\\/www.altercampagne.net\\\/?p=7536#article\",\"isPartOf\":{\"@id\":\"https:\\\/\\\/www.altercampagne.net\\\/?p=7536\"},\"author\":{\"name\":\"Mathieu\",\"@id\":\"https:\\\/\\\/www.altercampagne.net\\\/#\\\/schema\\\/person\\\/0f261460c09e430caa0f9bcffa319109\"},\"headline\":\"Journ\u00e9e du 15 ao\u00fbt : La Ferme des Roussets\",\"datePublished\":\"2017-08-15T18:34:35+00:00\",\"dateModified\":\"2020-04-06T10:29:18+00:00\",\"mainEntityOfPage\":{\"@id\":\"https:\\\/\\\/www.altercampagne.net\\\/?p=7536\"},\"wordCount\":438,\"image\":{\"@id\":\"https:\\\/\\\/www.altercampagne.net\\\/?p=7536#primaryimage\"},\"thumbnailUrl\":\"https:\\\/\\\/www.altercampagne.net\\\/wp-content\\\/uploads\\\/2017\\\/08\\\/2017-08-15_0001DSCF3737.jpg\",\"keywords\":[\"compagnonnage repas\",\"Dr\u00f4me\",\"Auvergne-Rh\u00f4ne-Alpes\",\"Rhone-Alpes\",\"AlterTour 2017\",\"2017\",\"Ferme des Roussets\",\"Batotopie\",\"Vercors\",\"Saint-Jean-En-Royans\",\"REPAS\",\"cholet\",\"R\u00e9seau d'Echanges et de Pratiques Alternatives et Solidaires\"],\"articleSection\":[\"Auvergne-Rh\u00f4ne-Alpes\",\"Agriculture\",\"\u00c9dition 2017\",\"Social\"],\"inLanguage\":\"fr-FR\"},{\"@type\":\"WebPage\",\"@id\":\"https:\\\/\\\/www.altercampagne.net\\\/?p=7536\",\"url\":\"https:\\\/\\\/www.altercampagne.net\\\/?p=7536\",\"name\":\"Journ\u00e9e du 15 ao\u00fbt : La Ferme des Roussets - AlterTour\",\"isPartOf\":{\"@id\":\"https:\\\/\\\/www.altercampagne.net\\\/#website\"},\"primaryImageOfPage\":{\"@id\":\"https:\\\/\\\/www.altercampagne.net\\\/?p=7536#primaryimage\"},\"image\":{\"@id\":\"https:\\\/\\\/www.altercampagne.net\\\/?p=7536#primaryimage\"},\"thumbnailUrl\":\"https:\\\/\\\/www.altercampagne.net\\\/wp-content\\\/uploads\\\/2017\\\/08\\\/2017-08-15_0001DSCF3737.jpg\",\"datePublished\":\"2017-08-15T18:34:35+00:00\",\"dateModified\":\"2020-04-06T10:29:18+00:00\",\"author\":{\"@id\":\"https:\\\/\\\/www.altercampagne.net\\\/#\\\/schema\\\/person\\\/0f261460c09e430caa0f9bcffa319109\"},\"breadcrumb\":{\"@id\":\"https:\\\/\\\/www.altercampagne.net\\\/?p=7536#breadcrumb\"},\"inLanguage\":\"fr-FR\",\"potentialAction\":[{\"@type\":\"ReadAction\",\"target\":[\"https:\\\/\\\/www.altercampagne.net\\\/?p=7536\"]}]},{\"@type\":\"ImageObject\",\"inLanguage\":\"fr-FR\",\"@id\":\"https:\\\/\\\/www.altercampagne.net\\\/?p=7536#primaryimage\",\"url\":\"https:\\\/\\\/www.altercampagne.net\\\/wp-content\\\/uploads\\\/2017\\\/08\\\/2017-08-15_0001DSCF3737.jpg\",\"contentUrl\":\"https:\\\/\\\/www.altercampagne.net\\\/wp-content\\\/uploads\\\/2017\\\/08\\\/2017-08-15_0001DSCF3737.jpg\",\"width\":713,\"height\":373},{\"@type\":\"BreadcrumbList\",\"@id\":\"https:\\\/\\\/www.altercampagne.net\\\/?p=7536#breadcrumb\",\"itemListElement\":[{\"@type\":\"ListItem\",\"position\":1,\"name\":\"Accueil\",\"item\":\"https:\\\/\\\/www.altercampagne.net\\\/\"},{\"@type\":\"ListItem\",\"position\":2,\"name\":\"Journ\u00e9e du 15 ao\u00fbt : La Ferme des Roussets\"}]},{\"@type\":\"WebSite\",\"@id\":\"https:\\\/\\\/www.altercampagne.net\\\/#website\",\"url\":\"https:\\\/\\\/www.altercampagne.net\\\/\",\"name\":\"AlterTour\",\"description\":\"Reliez les Alternatives \u00e0 v\u00e9lo\",\"potentialAction\":[{\"@type\":\"SearchAction\",\"target\":{\"@type\":\"EntryPoint\",\"urlTemplate\":\"https:\\\/\\\/www.altercampagne.net\\\/?s={search_term_string}\"},\"query-input\":{\"@type\":\"PropertyValueSpecification\",\"valueRequired\":true,\"valueName\":\"search_term_string\"}}],\"inLanguage\":\"fr-FR\"},{\"@type\":\"Person\",\"@id\":\"https:\\\/\\\/www.altercampagne.net\\\/#\\\/schema\\\/person\\\/0f261460c09e430caa0f9bcffa319109\",\"name\":\"Mathieu\",\"image\":{\"@type\":\"ImageObject\",\"inLanguage\":\"fr-FR\",\"@id\":\"https:\\\/\\\/secure.gravatar.com\\\/avatar\\\/aa9d3d24c83f2141e5e2709d0f63d09a99f6be6bb7a50abc4915838d9f54501a?s=96&d=mm&r=g\",\"url\":\"https:\\\/\\\/secure.gravatar.com\\\/avatar\\\/aa9d3d24c83f2141e5e2709d0f63d09a99f6be6bb7a50abc4915838d9f54501a?s=96&d=mm&r=g\",\"contentUrl\":\"https:\\\/\\\/secure.gravatar.com\\\/avatar\\\/aa9d3d24c83f2141e5e2709d0f63d09a99f6be6bb7a50abc4915838d9f54501a?s=96&d=mm&r=g\",\"caption\":\"Mathieu\"},\"url\":\"https:\\\/\\\/www.altercampagne.net\\\/?author=214\"}]}<\/script>\n<!-- \/ Yoast SEO plugin. -->","yoast_head_json":{"title":"Journ\u00e9e du 15 ao\u00fbt : La Ferme des Roussets - AlterTour","robots":{"index":"index","follow":"follow","max-snippet":"max-snippet:-1","max-image-preview":"max-image-preview:large","max-video-preview":"max-video-preview:-1"},"canonical":"https:\/\/www.altercampagne.net\/?p=7536","og_locale":"fr_FR","og_type":"article","og_title":"Journ\u00e9e du 15 ao\u00fbt : La Ferme des Roussets - AlterTour","og_description":"Apr\u00e8s une soir\u00e9e dansante o\u00f9 nous nous sommes toutes et tous essay\u00e9-e-s aux danses folks traditionnelles, la journ\u00e9e du mardi 15 ao\u00fbt a d\u00e9marr\u00e9 charg\u00e9 en activit\u00e9\u00a0: balade avec les \u00e2nes au bord de la rivi\u00e8re \u00ab\u00a0le cholet\u00a0\u00bb pour les un-e-s, chantier d\u00e9sherbage des planches de poireaux pour les autres. ... Read More","og_url":"https:\/\/www.altercampagne.net\/?p=7536","og_site_name":"AlterTour","article_published_time":"2017-08-15T18:34:35+00:00","article_modified_time":"2020-04-06T10:29:18+00:00","og_image":[{"width":713,"height":373,"url":"https:\/\/www.altercampagne.net\/wp-content\/uploads\/2017\/08\/2017-08-15_0001DSCF3737.jpg","type":"image\/jpeg"}],"author":"Mathieu","twitter_card":"summary_large_image","twitter_misc":{"\u00c9crit par":"Mathieu","Dur\u00e9e de lecture estim\u00e9e":"2 minutes"},"schema":{"@context":"https:\/\/schema.org","@graph":[{"@type":"Article","@id":"https:\/\/www.altercampagne.net\/?p=7536#article","isPartOf":{"@id":"https:\/\/www.altercampagne.net\/?p=7536"},"author":{"name":"Mathieu","@id":"https:\/\/www.altercampagne.net\/#\/schema\/person\/0f261460c09e430caa0f9bcffa319109"},"headline":"Journ\u00e9e du 15 ao\u00fbt : La Ferme des Roussets","datePublished":"2017-08-15T18:34:35+00:00","dateModified":"2020-04-06T10:29:18+00:00","mainEntityOfPage":{"@id":"https:\/\/www.altercampagne.net\/?p=7536"},"wordCount":438,"image":{"@id":"https:\/\/www.altercampagne.net\/?p=7536#primaryimage"},"thumbnailUrl":"https:\/\/www.altercampagne.net\/wp-content\/uploads\/2017\/08\/2017-08-15_0001DSCF3737.jpg","keywords":["compagnonnage repas","Dr\u00f4me","Auvergne-Rh\u00f4ne-Alpes","Rhone-Alpes","AlterTour 2017","2017","Ferme des Roussets","Batotopie","Vercors","Saint-Jean-En-Royans","REPAS","cholet","R\u00e9seau d'Echanges et de Pratiques Alternatives et Solidaires"],"articleSection":["Auvergne-Rh\u00f4ne-Alpes","Agriculture","\u00c9dition 2017","Social"],"inLanguage":"fr-FR"},{"@type":"WebPage","@id":"https:\/\/www.altercampagne.net\/?p=7536","url":"https:\/\/www.altercampagne.net\/?p=7536","name":"Journ\u00e9e du 15 ao\u00fbt : La Ferme des Roussets - AlterTour","isPartOf":{"@id":"https:\/\/www.altercampagne.net\/#website"},"primaryImageOfPage":{"@id":"https:\/\/www.altercampagne.net\/?p=7536#primaryimage"},"image":{"@id":"https:\/\/www.altercampagne.net\/?p=7536#primaryimage"},"thumbnailUrl":"https:\/\/www.altercampagne.net\/wp-content\/uploads\/2017\/08\/2017-08-15_0001DSCF3737.jpg","datePublished":"2017-08-15T18:34:35+00:00","dateModified":"2020-04-06T10:29:18+00:00","author":{"@id":"https:\/\/www.altercampagne.net\/#\/schema\/person\/0f261460c09e430caa0f9bcffa319109"},"breadcrumb":{"@id":"https:\/\/www.altercampagne.net\/?p=7536#breadcrumb"},"inLanguage":"fr-FR","potentialAction":[{"@type":"ReadAction","target":["https:\/\/www.altercampagne.net\/?p=7536"]}]},{"@type":"ImageObject","inLanguage":"fr-FR","@id":"https:\/\/www.altercampagne.net\/?p=7536#primaryimage","url":"https:\/\/www.altercampagne.net\/wp-content\/uploads\/2017\/08\/2017-08-15_0001DSCF3737.jpg","contentUrl":"https:\/\/www.altercampagne.net\/wp-content\/uploads\/2017\/08\/2017-08-15_0001DSCF3737.jpg","width":713,"height":373},{"@type":"BreadcrumbList","@id":"https:\/\/www.altercampagne.net\/?p=7536#breadcrumb","itemListElement":[{"@type":"ListItem","position":1,"name":"Accueil","item":"https:\/\/www.altercampagne.net\/"},{"@type":"ListItem","position":2,"name":"Journ\u00e9e du 15 ao\u00fbt : La Ferme des Roussets"}]},{"@type":"WebSite","@id":"https:\/\/www.altercampagne.net\/#website","url":"https:\/\/www.altercampagne.net\/","name":"AlterTour","description":"Reliez les Alternatives \u00e0 v\u00e9lo","potentialAction":[{"@type":"SearchAction","target":{"@type":"EntryPoint","urlTemplate":"https:\/\/www.altercampagne.net\/?s={search_term_string}"},"query-input":{"@type":"PropertyValueSpecification","valueRequired":true,"valueName":"search_term_string"}}],"inLanguage":"fr-FR"},{"@type":"Person","@id":"https:\/\/www.altercampagne.net\/#\/schema\/person\/0f261460c09e430caa0f9bcffa319109","name":"Mathieu","image":{"@type":"ImageObject","inLanguage":"fr-FR","@id":"https:\/\/secure.gravatar.com\/avatar\/aa9d3d24c83f2141e5e2709d0f63d09a99f6be6bb7a50abc4915838d9f54501a?s=96&d=mm&r=g","url":"https:\/\/secure.gravatar.com\/avatar\/aa9d3d24c83f2141e5e2709d0f63d09a99f6be6bb7a50abc4915838d9f54501a?s=96&d=mm&r=g","contentUrl":"https:\/\/secure.gravatar.com\/avatar\/aa9d3d24c83f2141e5e2709d0f63d09a99f6be6bb7a50abc4915838d9f54501a?s=96&d=mm&r=g","caption":"Mathieu"},"url":"https:\/\/www.altercampagne.net\/?author=214"}]}},"_links":{"self":[{"href":"https:\/\/www.altercampagne.net\/index.php?rest_route=\/wp\/v2\/posts\/7536","targetHints":{"allow":["GET"]}}],"collection":[{"href":"https:\/\/www.altercampagne.net\/index.php?rest_route=\/wp\/v2\/posts"}],"about":[{"href":"https:\/\/www.altercampagne.net\/index.php?rest_route=\/wp\/v2\/types\/post"}],"author":[{"embeddable":true,"href":"https:\/\/www.altercampagne.net\/index.php?rest_route=\/wp\/v2\/users\/214"}],"replies":[{"embeddable":true,"href":"https:\/\/www.altercampagne.net\/index.php?rest_route=%2Fwp%2Fv2%2Fcomments&post=7536"}],"version-history":[{"count":2,"href":"https:\/\/www.altercampagne.net\/index.php?rest_route=\/wp\/v2\/posts\/7536\/revisions"}],"predecessor-version":[{"id":18000,"href":"https:\/\/www.altercampagne.net\/index.php?rest_route=\/wp\/v2\/posts\/7536\/revisions\/18000"}],"wp:featuredmedia":[{"embeddable":true,"href":"https:\/\/www.altercampagne.net\/index.php?rest_route=\/wp\/v2\/media\/9445"}],"wp:attachment":[{"href":"https:\/\/www.altercampagne.net\/index.php?rest_route=%2Fwp%2Fv2%2Fmedia&parent=7536"}],"wp:term":[{"taxonomy":"category","embeddable":true,"href":"https:\/\/www.altercampagne.net\/index.php?rest_route=%2Fwp%2Fv2%2Fcategories&post=7536"},{"taxonomy":"post_tag","embeddable":true,"href":"https:\/\/www.altercampagne.net\/index.php?rest_route=%2Fwp%2Fv2%2Ftags&post=7536"}],"curies":[{"name":"wp","href":"https:\/\/api.w.org\/{rel}","templated":true}]}}