{"id":7541,"date":"2017-08-20T20:48:11","date_gmt":"2017-08-20T18:48:11","guid":{"rendered":"http:\/\/www.altercampagne.net\/?p=7541"},"modified":"2021-03-23T13:24:54","modified_gmt":"2021-03-23T12:24:54","slug":"journee-du-19-aout-a-valence-jardinenvie-le-mat-drome-la-criirad-la-ruche-truk-muche","status":"publish","type":"post","link":"https:\/\/www.altercampagne.net\/?p=7541","title":{"rendered":"Journ\u00e9e du 19 ao\u00fbt \u00e0 Valence : Jardin\u2019Envie, Le Mat Dr\u00f4me, La Criirad, La Ruche Truk Muche"},"content":{"rendered":"<p><b>Les Altercyclistes au bord de la surchauffe&#8230; terminent leur tour avec une belle \u00e9nergie\u00a0!<\/b><br \/>\nA 7:00 sous un soleil prometteur le campement s\u2019\u00e9veille sur \u00ab\u00a0Alter Tour\u00a0mon amour\u00a0\u00bb, une version dr\u00f4le et sentimentale d\u2019un titre du groupe T\u00e9l\u00e9phone \u00e9crite et chant\u00e9e par les deux pr\u00e9pos\u00e9s au r\u00e9veil. Apr\u00e8s le petit-d\u00e9jeuner, en selle pour Jardin\u2019Envie, une coop\u00e9rative d\u2019artisans semenciers qui nous pr\u00e9sente son action pour la promotion des semences paysannes.<br \/>\n<b>Jardin\u2019Envie \u00ab\u00a0<i>Pour un retour vers le Progr\u00e8s\u00a0\u00bb<\/i> <\/b><\/p>\n<p><b>Eric Marchand, co-g\u00e9rant de la Scop <\/b><b><a href=\"http:\/\/www.jardinenvie.com\/\" target=\"_blank\" rel=\"noopener\" data-saferedirecturl=\"https:\/\/www.google.com\/url?hl=fr&amp;q=http:\/\/www.jardinenvie.com\/&amp;source=gmail&amp;ust=1503597495544000&amp;usg=AFQjCNF_HZTSPlej3usGAsEV2Q3QYb9V-g\">Jardin\u2019Envie<\/a>,<\/b> nous \u00e9claire sur l\u2019int\u00e9r\u00eat des semences paysannes, qui contrairement aux semences hybrides, m\u00eame utilis\u00e9es en agriculture biologique, permettent de favoriser la co-\u00e9volution plante-humain-terroir. Les l\u00e9gumes tir\u00e9s de ces semences paysannes ne sont pas promus actuellement car ils jouissent d\u2019une mauvaise image sur leur aspect ou leur rendement. Jardin\u2019Envie veut renverser cette image en d\u00e9montrant leur go\u00fbt, leur robustesse et leur int\u00e9r\u00eat \u00e9cologique et alimentaire. Depuis 50 ans plus de 75 % des vari\u00e9t\u00e9s traditionnelles ont disparu de la circulation.<br \/>\nIl s\u2019agit de renverser la logique dominante qui suppose qu\u2019on adapte les territoires et les outils aux semences. Jardin\u2019Envie produit des semences mais aussi des l\u00e9gumes, qui ont l\u2019int\u00e9r\u00eat de pouvoir tester les vari\u00e9t\u00e9s en plein champ et de faire des recherches sur les meilleurs modes de culture, mais aussi de vendre ces produits pour les promouvoir aupr\u00e8s des professionnels et du grand public.<\/p>\n<p>En 2017 c\u2019est la 4\u00e8me ann\u00e9e de culture sur ce terrain, auparavant d\u00e9di\u00e9 au ma\u00efs de culture conventionnelle, et la premi\u00e8re o\u00f9 ils ont pu produire des l\u00e9gumes, car \u00ab\u00a0<i>on avait h\u00e9rit\u00e9 d\u2019un sol mort\u00a0<\/i>\u00bb. Notre h\u00f4te nous rappelle \u00e9galement la mobilisation citoyenne qui a permis d\u2019arracher ces moins de deux hectares \u00e0 la pression fonci\u00e8re et de conserver cette terre agricole en zone p\u00e9riurbaine, en convaincant la mairie de Bourg-l\u00e8s-Valence de geler un projet de zone d\u2019activit\u00e9s commerciales\u2026 et en r\u00e9coltant quelques inimiti\u00e9s du c\u00f4t\u00e9 des b\u00e9n\u00e9ficiaires de la sp\u00e9culation fonci\u00e8re. Mais l\u2019\u00e9quipe est tenace, et fait le choix de d\u00e9sob\u00e9ir et questionner la l\u00e9gislation sur les semences qui bride la vente des semences non homologu\u00e9es aux professionnels. C\u2019est tout le syst\u00e8me de l\u2019alimentation qui est \u00e0 revoir, et au-del\u00e0, celui de la citoyennet\u00e9, de la souverainet\u00e9 alimentaire, de l\u2019attribution des terres, etc.<\/p>\n<p>L\u2019association Jardin\u2019Envie, devenue Scop en 2016, travaille avec de nombreux r\u00e9seaux\u00a0: distributeurs locaux et artisans (boulangers, restaurateurs&#8230;) impliqu\u00e9s dans l\u2019\u00e9ducation autour de ces produits, un r\u00e9seau de 240 fermes en France, le r\u00e9seau <a href=\"http:\/\/www.minga.net\/\" target=\"_blank\" rel=\"noopener\" data-saferedirecturl=\"https:\/\/www.google.com\/url?hl=fr&amp;q=http:\/\/www.minga.net\/&amp;source=gmail&amp;ust=1503597495544000&amp;usg=AFQjCNERDw8KTK6oShCQt-ky1wg428ue6g\">Minga<\/a>, mais aussi des laboratoires, des universitaires\u2026 Jardin\u2019Envie participe \u00e0 l\u2019organisation d\u2019un \u00e9v\u00e9nement parisien pour promouvoir le m\u00e9tier d\u2019artisan semencier, \u00e0 noter dans vos calepins\u00a0: <b>dimanche 24 septembre 2017<\/b><\/p>\n<p>Et c\u2019est ainsi que les alter-cyclistes, malgr\u00e9 un soleil br\u00fblant, ont \u00e9cout\u00e9 avec jubilation pendant deux heures Eric Marchand, passionn\u00e9 et passionnant semencier, qui lui-m\u00eame a v\u00e9cu sa transition professionnelle apr\u00e8s avoir quitt\u00e9 le monde de l\u2019informatique\u2026<\/p>\n<p><a href=\"http:\/\/www.altercampagne.net\/wp-content\/uploads\/2017\/08\/2017-08-19_0001DSC01031.jpg\"><img loading=\"lazy\" decoding=\"async\" class=\"aligncenter size-full wp-image-7748\" src=\"http:\/\/www.altercampagne.net\/wp-content\/uploads\/2017\/08\/2017-08-19_0001DSC01031.jpg\" alt=\"2017-08-19_0001DSC01031\" width=\"1070\" height=\"803\" srcset=\"https:\/\/www.altercampagne.net\/wp-content\/uploads\/2017\/08\/2017-08-19_0001DSC01031.jpg 1070w, https:\/\/www.altercampagne.net\/wp-content\/uploads\/2017\/08\/2017-08-19_0001DSC01031-300x225.jpg 300w, https:\/\/www.altercampagne.net\/wp-content\/uploads\/2017\/08\/2017-08-19_0001DSC01031-1024x768.jpg 1024w\" sizes=\"auto, (max-width: 1070px) 100vw, 1070px\" \/><\/a><b>Jardins de Valence, car tous les habitants ont droit \u00e0 la beaut\u00e9&#8230;<\/b><br \/>\nPas le temps de buller car rendez-vous \u00e0 Valence dans le quartier de Fontbarlettes o\u00f9 nous sommes re\u00e7us par la vice-pr\u00e9sidente de l\u2019association le <a href=\"https:\/\/lemat.hotglue.me\/?qui\" target=\"_blank\" rel=\"noopener\" data-saferedirecturl=\"https:\/\/www.google.com\/url?hl=fr&amp;q=https:\/\/lemat.hotglue.me\/?qui&amp;source=gmail&amp;ust=1503597495544000&amp;usg=AFQjCNGOAbUKC2gbQ_exL27nieRxowLNQg\">Mat Dr\u00f4me<\/a> et des habitants-jardiniers. Dans ce quartier \u00ab\u00a0class\u00e9 sensible\u00a0\u00bb, l\u2019association a cr\u00e9\u00e9 avec les habitants plusieurs espaces o\u00f9 sont pratiqu\u00e9s le jardinage au naturel voire une micro-agriculture urbaine. Le jardin Michelet o\u00f9 nous nous trouvons est un lieu de vie partag\u00e9, mais aussi d\u2019expression personnelle o\u00f9 la sensibilit\u00e9 et la culture de chacun peuvent s\u2019exprimer dans les parcelles de 80 \u00e0 100 m\u00b2 attribu\u00e9es aux 80 familles b\u00e9n\u00e9ficiaires. Des espaces collectifs existent aussi, comme celui qui accueille une ruche p\u00e9dagogique. Le jardin participe \u00e0 la rencontre des habitants, \u00e0 leur bonne sant\u00e9, \u00e0 l\u2019apaisement et \u00e0 l\u2019embellissement du quartier, mais est aussi un support pour des actions p\u00e9dagogiques et inter-g\u00e9n\u00e9rationnelles autour de la nature, des abeilles, de l\u2019alimentation&#8230; 1400 m\u00e8tres de l\u00e9gumes et de fleurs gagn\u00e9s sur un ancien parking, la voil\u00e0 l\u2019alternative\u00a0!<\/p>\n<p><b>La Criirad, pour sortir de la d\u00e9sinformation<\/b><br \/>\nOn file a mollets raccourcis vers d\u2019autres citoyens engag\u00e9s, les membres de la CRIIRAD, soit la commission de recherche et d\u2019information ind\u00e9pendante sur la radioactivit\u00e9, une association cr\u00e9\u00e9e en 1986 suite \u00e0 l\u2019accident de Tchernobyl par des citoyens de la Dr\u00f4me et de l\u2019Ard\u00e8che r\u00e9volt\u00e9s par la d\u00e9sinformation officielle autour du nucl\u00e9aire. La Criirad regroupe 3 salari\u00e9s et de nombreux b\u00e9n\u00e9voles, et comprend un laboratoire agr\u00e9\u00e9 par l\u2019Agence Nationale de S\u00fbret\u00e9. Son action consiste \u00e0 mesurer la radioactivit\u00e9 li\u00e9e aux activit\u00e9s nucl\u00e9aires mais aussi naturelle, comme celle du radon, gr\u00e2ce \u00e0 un r\u00e9seau de balises install\u00e9es en Rh\u00f4nes-Alpes, et \u00e0 mener des campagnes d\u2019information et d\u2019\u00e9ducation, comme derni\u00e8rement apr\u00e8s Fukushima, \u00ab\u00a0<i>pour que le d\u00e9faut d\u2019information ne se reproduise plus\u00a0<\/i>\u00bb. Si elle n\u2019a pas de position officielle pour ou contre l\u2019\u00e9nergie nucl\u00e9aire, elle se place du c\u00f4t\u00e9 de l\u2019information des citoyens et revendique son ind\u00e9pendance. Sa production est reconnue pour son s\u00e9rieux, comme l\u2019atlas de la contamination en France et en Europe (\u00e9dit\u00e9 en 1996), dont les chiffres ne sont pas contest\u00e9s. Pour savoir o\u00f9 se trouvent des balises pr\u00e8s de chez vous\u00a0: <a href=\"http:\/\/balises.criirad.org\/\" target=\"_blank\" rel=\"noopener\" data-saferedirecturl=\"https:\/\/www.google.com\/url?hl=fr&amp;q=http:\/\/balises.criirad.org\/&amp;source=gmail&amp;ust=1503597495544000&amp;usg=AFQjCNFDCCGrMuPe-5DUC7CxNv5r_5RpYA\">http:\/\/balises.criirad.org\/<\/a><\/p>\n<p><b><a href=\"http:\/\/www.altercampagne.net\/?attachment_id=9439\" rel=\"attachment wp-att-9439\"><img loading=\"lazy\" decoding=\"async\" class=\"size-full wp-image-9439 aligncenter\" src=\"http:\/\/www.altercampagne.net\/wp-content\/uploads\/2017\/08\/DSC01057.jpg\" alt=\"\" width=\"850\" height=\"638\" srcset=\"https:\/\/www.altercampagne.net\/wp-content\/uploads\/2017\/08\/DSC01057.jpg 850w, https:\/\/www.altercampagne.net\/wp-content\/uploads\/2017\/08\/DSC01057-300x225.jpg 300w, https:\/\/www.altercampagne.net\/wp-content\/uploads\/2017\/08\/DSC01057-768x576.jpg 768w, https:\/\/www.altercampagne.net\/wp-content\/uploads\/2017\/08\/DSC01057-100x75.jpg 100w\" sizes=\"auto, (max-width: 850px) 100vw, 850px\" \/><\/a>F\u00eate de Cl\u00f4ture de l\u2019Alter Tour 2017, on-n\u2019est-pas-fatigu\u00e9s\u00a0!<\/b><br \/>\nPour enfin d\u00e9tendre nos cerveaux congestionn\u00e9s et nos corps ass\u00e9ch\u00e9s par cette longue journ\u00e9e, nous filons bzz \u00e0 vive allure vers la <a href=\"https:\/\/www.facebook.com\/piratesdumillenaire\/\" target=\"_blank\" rel=\"noopener\">Ruche Truk&rsquo;Muche<\/a>, soit comme le dit leur site internet, \u00ab\u00a0<i>une association de bzzbzzteurs : artisans, musiciens, colporteurs ou d\u00e9ambulateurs d&rsquo;un nouvel art de vivre&#8230;<\/i>\u00a0\u00bb Un lieu collectif anim\u00e9 par des manifestations conviviales et culturelles (soir\u00e9es concerts, th\u00e9\u00e2tre, soir\u00e9e \u00e0 th\u00e8me, repas partag\u00e9s), des ateliers, et la production du miel &#8230; Ils nous ont pr\u00e9par\u00e9 une f\u00eate \u00e9norme, avec Batucada, concerts, bar ouvert et buffets o\u00f9 l\u2019on retrouve les excellents l\u00e9gumes de Jardin\u2019Envie\u2026 Quand la boucle est boucl\u00e9e, la f\u00eate de cl\u00f4ture du tour peut commencer, et les Altercyclistes s\u2019en sont donn\u00e9s \u00e0 c\u0153ur joie. Encore un peu de boulot, avec la repr\u00e9sentation d\u2019une derni\u00e8re conf\u00e9rence gesticul\u00e9e, bilan de l\u2019alter tour 2017\u00a0: on chante\u00a0les \u00ab\u00a0ptits mollets\u00a0\u00bb, avant le bal, o\u00f9 les alter-cyclistes improvisent une chor\u00e9graphie collective consistant \u00e0\u2026 mimer des cyclistes\u2026 Quand on aime\u2026<\/p>\n<p>Et vous savez quoi\u00a0? On trouve des photos de la f\u00eate sur leur site internet\u00a0: <a href=\"https:\/\/www.facebook.com\/pg\/piratesdumillenaire\/photos\/?tab=album&amp;album_id=1913264088886261\" target=\"_blank\" rel=\"noopener\" data-saferedirecturl=\"https:\/\/www.google.com\/url?hl=fr&amp;q=https:\/\/www.facebook.com\/pg\/piratesdumillenaire\/photos\/?tab%3Dalbum%26album_id%3D1913264088886261&amp;source=gmail&amp;ust=1503597495544000&amp;usg=AFQjCNFK1GLuYACVk00uPeLL7J2ciHpX6g\">ici.<\/a><\/p>\n<p><strong>Dimanche 20 ao\u00fbt<\/strong><br \/>\nDernier jour de tour, pas le temps pour une sieste ?<\/p>\n<p>Le dernier jour de tour, au lieu de se reposer comme un dimanche, les alter-cyclistes s\u2019activent pour tout r\u00e9pertorier, nettoyer et ranger, au son des chants collectifs et de l\u2019accord\u00e9on. Il reste de l\u2019\u00e9nergie pour lancer de belles blagues et quelques potins, vider les toilettes s\u00e8ches, philosopher sur un autre monde et lutter contre l\u2019angoisse de l\u2019alter-retour\u2026 On embrasse les copains, on s\u2019\u00e9change nos coordonn\u00e9es, on se donne rendez-vous pour les prochaines r\u00e9unions\u2026 On adapte la Madrague \u00e0 la situation :\u2026 \u00ab Pourtant je sais bien l&rsquo;ann\u00e9e prochaine, tout recommencera nous reviendrons, mais en attendant je suis en peine, de quitter la route et mon guidon&#8230; \u00bb\u2026<\/p>\n<p style=\"text-align: right;\" align=\"justify\"><strong>C\u00e9line de Rennes<\/strong><\/p>\n","protected":false},"excerpt":{"rendered":"<p>Les Altercyclistes au bord de la surchauffe&#8230; terminent leur tour avec une belle \u00e9nergie\u00a0! A 7:00 sous un soleil prometteur le campement s\u2019\u00e9veille sur \u00ab\u00a0Alter Tour\u00a0mon amour\u00a0\u00bb, une version dr\u00f4le et sentimentale d\u2019un titre du groupe T\u00e9l\u00e9phone \u00e9crite et chant\u00e9e par les deux pr\u00e9pos\u00e9s au r\u00e9veil. Apr\u00e8s le petit-d\u00e9jeuner, en &#8230; <\/p>\n<div><a href=\"https:\/\/www.altercampagne.net\/?p=7541\" class=\"more-link\">Read More<\/a><\/div>\n","protected":false},"author":2,"featured_media":9438,"comment_status":"closed","ping_status":"closed","sticky":false,"template":"","format":"standard","meta":{"footnotes":""},"categories":[3471,3483,3457,3486],"tags":[1091,1489,1650,2042,2783,2784,3095,3187,3188,3189,3190],"class_list":["post-7541","post","type-post","status-publish","format-standard","has-post-thumbnail","hentry","category-auvergne-rhone-alpes","category-agriculture","category-edition-2017","category-environnement","tag-drome","tag-auvergne-rhone-alpes","tag-rhone-alpes","tag-valence","tag-altertour-2017","tag-2784","tag-criirad","tag-jardinenvie","tag-eric-marchand","tag-mat-drome","tag-ruche-truk-muche"],"yoast_head":"<!-- This site is optimized with the Yoast SEO plugin v27.3 - https:\/\/yoast.com\/product\/yoast-seo-wordpress\/ -->\n<title>Journ\u00e9e du 19 ao\u00fbt \u00e0 Valence : Jardin\u2019Envie, Le Mat Dr\u00f4me, La Criirad, La Ruche Truk Muche - AlterTour<\/title>\n<meta name=\"robots\" content=\"index, follow, max-snippet:-1, max-image-preview:large, max-video-preview:-1\" \/>\n<link rel=\"canonical\" href=\"https:\/\/www.altercampagne.net\/?p=7541\" \/>\n<meta property=\"og:locale\" content=\"fr_FR\" \/>\n<meta property=\"og:type\" content=\"article\" \/>\n<meta property=\"og:title\" content=\"Journ\u00e9e du 19 ao\u00fbt \u00e0 Valence : Jardin\u2019Envie, Le Mat Dr\u00f4me, La Criirad, La Ruche Truk Muche - AlterTour\" \/>\n<meta property=\"og:description\" content=\"Les Altercyclistes au bord de la surchauffe&#8230; terminent leur tour avec une belle \u00e9nergie\u00a0! A 7:00 sous un soleil prometteur le campement s\u2019\u00e9veille sur \u00ab\u00a0Alter Tour\u00a0mon amour\u00a0\u00bb, une version dr\u00f4le et sentimentale d\u2019un titre du groupe T\u00e9l\u00e9phone \u00e9crite et chant\u00e9e par les deux pr\u00e9pos\u00e9s au r\u00e9veil. Apr\u00e8s le petit-d\u00e9jeuner, en ... Read More\" \/>\n<meta property=\"og:url\" content=\"https:\/\/www.altercampagne.net\/?p=7541\" \/>\n<meta property=\"og:site_name\" content=\"AlterTour\" \/>\n<meta property=\"article:published_time\" content=\"2017-08-20T18:48:11+00:00\" \/>\n<meta property=\"article:modified_time\" content=\"2021-03-23T12:24:54+00:00\" \/>\n<meta property=\"og:image\" content=\"https:\/\/www.altercampagne.net\/wp-content\/uploads\/2017\/08\/DSC01028.jpg\" \/>\n\t<meta property=\"og:image:width\" content=\"853\" \/>\n\t<meta property=\"og:image:height\" content=\"446\" \/>\n\t<meta property=\"og:image:type\" content=\"image\/jpeg\" \/>\n<meta name=\"author\" content=\"canard\" \/>\n<meta name=\"twitter:card\" content=\"summary_large_image\" \/>\n<meta name=\"twitter:label1\" content=\"\u00c9crit par\" \/>\n\t<meta name=\"twitter:data1\" content=\"canard\" \/>\n\t<meta name=\"twitter:label2\" content=\"Dur\u00e9e de lecture estim\u00e9e\" \/>\n\t<meta name=\"twitter:data2\" content=\"6 minutes\" \/>\n<script type=\"application\/ld+json\" class=\"yoast-schema-graph\">{\"@context\":\"https:\\\/\\\/schema.org\",\"@graph\":[{\"@type\":\"Article\",\"@id\":\"https:\\\/\\\/www.altercampagne.net\\\/?p=7541#article\",\"isPartOf\":{\"@id\":\"https:\\\/\\\/www.altercampagne.net\\\/?p=7541\"},\"author\":{\"name\":\"canard\",\"@id\":\"https:\\\/\\\/www.altercampagne.net\\\/#\\\/schema\\\/person\\\/4b856930ce5242d1b50941c134b38bed\"},\"headline\":\"Journ\u00e9e du 19 ao\u00fbt \u00e0 Valence : Jardin\u2019Envie, Le Mat Dr\u00f4me, La Criirad, La Ruche Truk Muche\",\"datePublished\":\"2017-08-20T18:48:11+00:00\",\"dateModified\":\"2021-03-23T12:24:54+00:00\",\"mainEntityOfPage\":{\"@id\":\"https:\\\/\\\/www.altercampagne.net\\\/?p=7541\"},\"wordCount\":1320,\"image\":{\"@id\":\"https:\\\/\\\/www.altercampagne.net\\\/?p=7541#primaryimage\"},\"thumbnailUrl\":\"https:\\\/\\\/www.altercampagne.net\\\/wp-content\\\/uploads\\\/2017\\\/08\\\/DSC01028.jpg\",\"keywords\":[\"Dr\u00f4me\",\"Auvergne-Rh\u00f4ne-Alpes\",\"Rhone-Alpes\",\"Valence\",\"AlterTour 2017\",\"2017\",\"Criirad\",\"Jardin\u2019Envie\",\"Eric Marchand\",\"Mat Dr\u00f4me\",\"Ruche Truk Muche\"],\"articleSection\":[\"Auvergne-Rh\u00f4ne-Alpes\",\"Agriculture\",\"\u00c9dition 2017\",\"Environnement\"],\"inLanguage\":\"fr-FR\"},{\"@type\":\"WebPage\",\"@id\":\"https:\\\/\\\/www.altercampagne.net\\\/?p=7541\",\"url\":\"https:\\\/\\\/www.altercampagne.net\\\/?p=7541\",\"name\":\"Journ\u00e9e du 19 ao\u00fbt \u00e0 Valence : Jardin\u2019Envie, Le Mat Dr\u00f4me, La Criirad, La Ruche Truk Muche - AlterTour\",\"isPartOf\":{\"@id\":\"https:\\\/\\\/www.altercampagne.net\\\/#website\"},\"primaryImageOfPage\":{\"@id\":\"https:\\\/\\\/www.altercampagne.net\\\/?p=7541#primaryimage\"},\"image\":{\"@id\":\"https:\\\/\\\/www.altercampagne.net\\\/?p=7541#primaryimage\"},\"thumbnailUrl\":\"https:\\\/\\\/www.altercampagne.net\\\/wp-content\\\/uploads\\\/2017\\\/08\\\/DSC01028.jpg\",\"datePublished\":\"2017-08-20T18:48:11+00:00\",\"dateModified\":\"2021-03-23T12:24:54+00:00\",\"author\":{\"@id\":\"https:\\\/\\\/www.altercampagne.net\\\/#\\\/schema\\\/person\\\/4b856930ce5242d1b50941c134b38bed\"},\"breadcrumb\":{\"@id\":\"https:\\\/\\\/www.altercampagne.net\\\/?p=7541#breadcrumb\"},\"inLanguage\":\"fr-FR\",\"potentialAction\":[{\"@type\":\"ReadAction\",\"target\":[\"https:\\\/\\\/www.altercampagne.net\\\/?p=7541\"]}]},{\"@type\":\"ImageObject\",\"inLanguage\":\"fr-FR\",\"@id\":\"https:\\\/\\\/www.altercampagne.net\\\/?p=7541#primaryimage\",\"url\":\"https:\\\/\\\/www.altercampagne.net\\\/wp-content\\\/uploads\\\/2017\\\/08\\\/DSC01028.jpg\",\"contentUrl\":\"https:\\\/\\\/www.altercampagne.net\\\/wp-content\\\/uploads\\\/2017\\\/08\\\/DSC01028.jpg\",\"width\":853,\"height\":446},{\"@type\":\"BreadcrumbList\",\"@id\":\"https:\\\/\\\/www.altercampagne.net\\\/?p=7541#breadcrumb\",\"itemListElement\":[{\"@type\":\"ListItem\",\"position\":1,\"name\":\"Accueil\",\"item\":\"https:\\\/\\\/www.altercampagne.net\\\/\"},{\"@type\":\"ListItem\",\"position\":2,\"name\":\"Journ\u00e9e du 19 ao\u00fbt \u00e0 Valence : Jardin\u2019Envie, Le Mat Dr\u00f4me, La Criirad, La Ruche Truk Muche\"}]},{\"@type\":\"WebSite\",\"@id\":\"https:\\\/\\\/www.altercampagne.net\\\/#website\",\"url\":\"https:\\\/\\\/www.altercampagne.net\\\/\",\"name\":\"AlterTour\",\"description\":\"Reliez les Alternatives \u00e0 v\u00e9lo\",\"potentialAction\":[{\"@type\":\"SearchAction\",\"target\":{\"@type\":\"EntryPoint\",\"urlTemplate\":\"https:\\\/\\\/www.altercampagne.net\\\/?s={search_term_string}\"},\"query-input\":{\"@type\":\"PropertyValueSpecification\",\"valueRequired\":true,\"valueName\":\"search_term_string\"}}],\"inLanguage\":\"fr-FR\"},{\"@type\":\"Person\",\"@id\":\"https:\\\/\\\/www.altercampagne.net\\\/#\\\/schema\\\/person\\\/4b856930ce5242d1b50941c134b38bed\",\"name\":\"canard\",\"image\":{\"@type\":\"ImageObject\",\"inLanguage\":\"fr-FR\",\"@id\":\"https:\\\/\\\/secure.gravatar.com\\\/avatar\\\/e316667bdb1624df5c6af3fcebcc08ed27b0081d878da70c7062c25aedd51a54?s=96&d=mm&r=g\",\"url\":\"https:\\\/\\\/secure.gravatar.com\\\/avatar\\\/e316667bdb1624df5c6af3fcebcc08ed27b0081d878da70c7062c25aedd51a54?s=96&d=mm&r=g\",\"contentUrl\":\"https:\\\/\\\/secure.gravatar.com\\\/avatar\\\/e316667bdb1624df5c6af3fcebcc08ed27b0081d878da70c7062c25aedd51a54?s=96&d=mm&r=g\",\"caption\":\"canard\"},\"url\":\"https:\\\/\\\/www.altercampagne.net\\\/?author=2\"}]}<\/script>\n<!-- \/ Yoast SEO plugin. -->","yoast_head_json":{"title":"Journ\u00e9e du 19 ao\u00fbt \u00e0 Valence : Jardin\u2019Envie, Le Mat Dr\u00f4me, La Criirad, La Ruche Truk Muche - AlterTour","robots":{"index":"index","follow":"follow","max-snippet":"max-snippet:-1","max-image-preview":"max-image-preview:large","max-video-preview":"max-video-preview:-1"},"canonical":"https:\/\/www.altercampagne.net\/?p=7541","og_locale":"fr_FR","og_type":"article","og_title":"Journ\u00e9e du 19 ao\u00fbt \u00e0 Valence : Jardin\u2019Envie, Le Mat Dr\u00f4me, La Criirad, La Ruche Truk Muche - AlterTour","og_description":"Les Altercyclistes au bord de la surchauffe&#8230; terminent leur tour avec une belle \u00e9nergie\u00a0! A 7:00 sous un soleil prometteur le campement s\u2019\u00e9veille sur \u00ab\u00a0Alter Tour\u00a0mon amour\u00a0\u00bb, une version dr\u00f4le et sentimentale d\u2019un titre du groupe T\u00e9l\u00e9phone \u00e9crite et chant\u00e9e par les deux pr\u00e9pos\u00e9s au r\u00e9veil. Apr\u00e8s le petit-d\u00e9jeuner, en ... Read More","og_url":"https:\/\/www.altercampagne.net\/?p=7541","og_site_name":"AlterTour","article_published_time":"2017-08-20T18:48:11+00:00","article_modified_time":"2021-03-23T12:24:54+00:00","og_image":[{"width":853,"height":446,"url":"https:\/\/www.altercampagne.net\/wp-content\/uploads\/2017\/08\/DSC01028.jpg","type":"image\/jpeg"}],"author":"canard","twitter_card":"summary_large_image","twitter_misc":{"\u00c9crit par":"canard","Dur\u00e9e de lecture estim\u00e9e":"6 minutes"},"schema":{"@context":"https:\/\/schema.org","@graph":[{"@type":"Article","@id":"https:\/\/www.altercampagne.net\/?p=7541#article","isPartOf":{"@id":"https:\/\/www.altercampagne.net\/?p=7541"},"author":{"name":"canard","@id":"https:\/\/www.altercampagne.net\/#\/schema\/person\/4b856930ce5242d1b50941c134b38bed"},"headline":"Journ\u00e9e du 19 ao\u00fbt \u00e0 Valence : Jardin\u2019Envie, Le Mat Dr\u00f4me, La Criirad, La Ruche Truk Muche","datePublished":"2017-08-20T18:48:11+00:00","dateModified":"2021-03-23T12:24:54+00:00","mainEntityOfPage":{"@id":"https:\/\/www.altercampagne.net\/?p=7541"},"wordCount":1320,"image":{"@id":"https:\/\/www.altercampagne.net\/?p=7541#primaryimage"},"thumbnailUrl":"https:\/\/www.altercampagne.net\/wp-content\/uploads\/2017\/08\/DSC01028.jpg","keywords":["Dr\u00f4me","Auvergne-Rh\u00f4ne-Alpes","Rhone-Alpes","Valence","AlterTour 2017","2017","Criirad","Jardin\u2019Envie","Eric Marchand","Mat Dr\u00f4me","Ruche Truk Muche"],"articleSection":["Auvergne-Rh\u00f4ne-Alpes","Agriculture","\u00c9dition 2017","Environnement"],"inLanguage":"fr-FR"},{"@type":"WebPage","@id":"https:\/\/www.altercampagne.net\/?p=7541","url":"https:\/\/www.altercampagne.net\/?p=7541","name":"Journ\u00e9e du 19 ao\u00fbt \u00e0 Valence : Jardin\u2019Envie, Le Mat Dr\u00f4me, La Criirad, La Ruche Truk Muche - AlterTour","isPartOf":{"@id":"https:\/\/www.altercampagne.net\/#website"},"primaryImageOfPage":{"@id":"https:\/\/www.altercampagne.net\/?p=7541#primaryimage"},"image":{"@id":"https:\/\/www.altercampagne.net\/?p=7541#primaryimage"},"thumbnailUrl":"https:\/\/www.altercampagne.net\/wp-content\/uploads\/2017\/08\/DSC01028.jpg","datePublished":"2017-08-20T18:48:11+00:00","dateModified":"2021-03-23T12:24:54+00:00","author":{"@id":"https:\/\/www.altercampagne.net\/#\/schema\/person\/4b856930ce5242d1b50941c134b38bed"},"breadcrumb":{"@id":"https:\/\/www.altercampagne.net\/?p=7541#breadcrumb"},"inLanguage":"fr-FR","potentialAction":[{"@type":"ReadAction","target":["https:\/\/www.altercampagne.net\/?p=7541"]}]},{"@type":"ImageObject","inLanguage":"fr-FR","@id":"https:\/\/www.altercampagne.net\/?p=7541#primaryimage","url":"https:\/\/www.altercampagne.net\/wp-content\/uploads\/2017\/08\/DSC01028.jpg","contentUrl":"https:\/\/www.altercampagne.net\/wp-content\/uploads\/2017\/08\/DSC01028.jpg","width":853,"height":446},{"@type":"BreadcrumbList","@id":"https:\/\/www.altercampagne.net\/?p=7541#breadcrumb","itemListElement":[{"@type":"ListItem","position":1,"name":"Accueil","item":"https:\/\/www.altercampagne.net\/"},{"@type":"ListItem","position":2,"name":"Journ\u00e9e du 19 ao\u00fbt \u00e0 Valence : Jardin\u2019Envie, Le Mat Dr\u00f4me, La Criirad, La Ruche Truk Muche"}]},{"@type":"WebSite","@id":"https:\/\/www.altercampagne.net\/#website","url":"https:\/\/www.altercampagne.net\/","name":"AlterTour","description":"Reliez les Alternatives \u00e0 v\u00e9lo","potentialAction":[{"@type":"SearchAction","target":{"@type":"EntryPoint","urlTemplate":"https:\/\/www.altercampagne.net\/?s={search_term_string}"},"query-input":{"@type":"PropertyValueSpecification","valueRequired":true,"valueName":"search_term_string"}}],"inLanguage":"fr-FR"},{"@type":"Person","@id":"https:\/\/www.altercampagne.net\/#\/schema\/person\/4b856930ce5242d1b50941c134b38bed","name":"canard","image":{"@type":"ImageObject","inLanguage":"fr-FR","@id":"https:\/\/secure.gravatar.com\/avatar\/e316667bdb1624df5c6af3fcebcc08ed27b0081d878da70c7062c25aedd51a54?s=96&d=mm&r=g","url":"https:\/\/secure.gravatar.com\/avatar\/e316667bdb1624df5c6af3fcebcc08ed27b0081d878da70c7062c25aedd51a54?s=96&d=mm&r=g","contentUrl":"https:\/\/secure.gravatar.com\/avatar\/e316667bdb1624df5c6af3fcebcc08ed27b0081d878da70c7062c25aedd51a54?s=96&d=mm&r=g","caption":"canard"},"url":"https:\/\/www.altercampagne.net\/?author=2"}]}},"_links":{"self":[{"href":"https:\/\/www.altercampagne.net\/index.php?rest_route=\/wp\/v2\/posts\/7541","targetHints":{"allow":["GET"]}}],"collection":[{"href":"https:\/\/www.altercampagne.net\/index.php?rest_route=\/wp\/v2\/posts"}],"about":[{"href":"https:\/\/www.altercampagne.net\/index.php?rest_route=\/wp\/v2\/types\/post"}],"author":[{"embeddable":true,"href":"https:\/\/www.altercampagne.net\/index.php?rest_route=\/wp\/v2\/users\/2"}],"replies":[{"embeddable":true,"href":"https:\/\/www.altercampagne.net\/index.php?rest_route=%2Fwp%2Fv2%2Fcomments&post=7541"}],"version-history":[{"count":2,"href":"https:\/\/www.altercampagne.net\/index.php?rest_route=\/wp\/v2\/posts\/7541\/revisions"}],"predecessor-version":[{"id":20948,"href":"https:\/\/www.altercampagne.net\/index.php?rest_route=\/wp\/v2\/posts\/7541\/revisions\/20948"}],"wp:featuredmedia":[{"embeddable":true,"href":"https:\/\/www.altercampagne.net\/index.php?rest_route=\/wp\/v2\/media\/9438"}],"wp:attachment":[{"href":"https:\/\/www.altercampagne.net\/index.php?rest_route=%2Fwp%2Fv2%2Fmedia&parent=7541"}],"wp:term":[{"taxonomy":"category","embeddable":true,"href":"https:\/\/www.altercampagne.net\/index.php?rest_route=%2Fwp%2Fv2%2Fcategories&post=7541"},{"taxonomy":"post_tag","embeddable":true,"href":"https:\/\/www.altercampagne.net\/index.php?rest_route=%2Fwp%2Fv2%2Ftags&post=7541"}],"curies":[{"name":"wp","href":"https:\/\/api.w.org\/{rel}","templated":true}]}}