{"id":7554,"date":"2017-08-04T21:33:13","date_gmt":"2017-08-04T19:33:13","guid":{"rendered":"http:\/\/www.altercampagne.net\/?p=7554"},"modified":"2018-02-26T22:05:12","modified_gmt":"2018-02-26T21:05:12","slug":"le-velo-pour-parler-de-la-transition-ecologique","status":"publish","type":"post","link":"https:\/\/www.altercampagne.net\/?p=7554","title":{"rendered":"Le v\u00e9lo pour parler de la transition \u00e9cologique"},"content":{"rendered":"<p>La dixi\u00e8me \u00e9dition de l&rsquo;AlterTour s&rsquo;est \u00e9lanc\u00e9e cette ann\u00e9e le 8 juillet de Toulouse, il s&rsquo;ach\u00e8vera \u00e0 Valence le 20 ao\u00fbt, en passant par Narbonne, Montpellier, Saint-Jean-du-Gard, Saint-Pierreville, Saillans et aussi une \u00e9tape dans notre village ce dimanche 6 ao\u00fbt.<\/p>\n<p>Le fond de l&rsquo;affaire d\u00e9bute en 2004 lors d&rsquo;une journ\u00e9e mondiale d&rsquo;opposition aux OGM (Organismes g\u00e9n\u00e9tiquement modifi\u00e9s) agricoles sous l&rsquo;angle d&rsquo;une r\u00e9flexion sur le dopage. On sait que le sport est sous surveillance continue ; il baigne la finance (crise des subprimes) ; peut-on penser que le nucl\u00e9aire pousse \u00e0 consommer plus (en produisant des d\u00e9chets de longue vie) ; la chimie produit des engrais et des pesticides qui augmente la production (mais \u00e0 quels prix?) ; enfin la publicit\u00e9 qui pr\u00f4ne une consommation irraisonn\u00e9e sans se soucier des d\u00e9chets subs\u00e9quents. On ajoutera le p\u00e9trole dont la ressource s&rsquo;\u00e9puise en facilitant les d\u00e9placements dont s\u2019\u00e9chappent du dioxyde de carbone.<\/p>\n<p>D&rsquo;o\u00f9 l&rsquo;id\u00e9e d&rsquo;une \u201cv\u00e9lorution\u201d, l\u2019occasion de r\u00e9\u00e9quilibrer le rapport de force entre automobilistes et cyclistes, afin de montrer que le cyclisme est l\u2019avenir et que l\u2019auto, si polluante, appartient au pass\u00e9.<\/p>\n<p>L&rsquo;\u00e9tape du jour, suivie par une soixantaine de cyclistes, partira de Rosi\u00e8res et se terminera au Mas des Foug\u00e8res vers midi. S&rsquo;en suivront les repas, le repos et des cercles de paroles (qui peuvent s&rsquo;ouvrir \u00e0 ceux qui ne veulent pas d\u00e9primer), puis une belle soir\u00e9e. Le lendemain matin, une \u00e9tape de montagne attend ce monde courageux pour rejoindre Saint-Pierreville via Saint-Joseph-des-Bancs puis le col de la Fayolle.<\/p>\n<p style=\"text-align: right;\"><a href=\"http:\/\/c.ledauphine.com\/ardeche\/2017\/08\/04\/le-velo-pour-parler-de-la-transition-ecologique\" target=\"_blank\" rel=\"noopener\"><strong>Le Dauphin\u00e9<\/strong><\/a><\/p>\n","protected":false},"excerpt":{"rendered":"<p>La dixi\u00e8me \u00e9dition de l&rsquo;AlterTour s&rsquo;est \u00e9lanc\u00e9e cette ann\u00e9e le 8 juillet de Toulouse, il s&rsquo;ach\u00e8vera \u00e0 Valence le 20 ao\u00fbt, en passant par Narbonne, Montpellier, Saint-Jean-du-Gard, Saint-Pierreville, Saillans et aussi une \u00e9tape dans notre village ce dimanche 6 ao\u00fbt. Le fond de l&rsquo;affaire d\u00e9bute en 2004 lors d&rsquo;une journ\u00e9e &#8230; <\/p>\n<div><a href=\"https:\/\/www.altercampagne.net\/?p=7554\" class=\"more-link\">Read More<\/a><\/div>\n","protected":false},"author":214,"featured_media":9476,"comment_status":"closed","ping_status":"closed","sticky":false,"template":"","format":"standard","meta":{"footnotes":""},"categories":[3471,239,3457],"tags":[102,1489,1650,2738,2783,2784,3193,3198,3199],"class_list":["post-7554","post","type-post","status-publish","format-standard","has-post-thumbnail","hentry","category-auvergne-rhone-alpes","category-revue-de-presse","category-edition-2017","tag-velorution","tag-auvergne-rhone-alpes","tag-rhone-alpes","tag-ardeche","tag-altertour-2017","tag-2784","tag-le-dauphine","tag-saint-julien-du-serre","tag-mas-des-fougeres"],"yoast_head":"<!-- This site is optimized with the Yoast SEO plugin v27.3 - https:\/\/yoast.com\/product\/yoast-seo-wordpress\/ -->\n<title>Le v\u00e9lo pour parler de la transition \u00e9cologique - AlterTour<\/title>\n<meta name=\"robots\" content=\"index, follow, max-snippet:-1, max-image-preview:large, max-video-preview:-1\" \/>\n<link rel=\"canonical\" href=\"https:\/\/www.altercampagne.net\/?p=7554\" \/>\n<meta property=\"og:locale\" content=\"fr_FR\" \/>\n<meta property=\"og:type\" content=\"article\" \/>\n<meta property=\"og:title\" content=\"Le v\u00e9lo pour parler de la transition \u00e9cologique - AlterTour\" \/>\n<meta property=\"og:description\" content=\"La dixi\u00e8me \u00e9dition de l&rsquo;AlterTour s&rsquo;est \u00e9lanc\u00e9e cette ann\u00e9e le 8 juillet de Toulouse, il s&rsquo;ach\u00e8vera \u00e0 Valence le 20 ao\u00fbt, en passant par Narbonne, Montpellier, Saint-Jean-du-Gard, Saint-Pierreville, Saillans et aussi une \u00e9tape dans notre village ce dimanche 6 ao\u00fbt. Le fond de l&rsquo;affaire d\u00e9bute en 2004 lors d&rsquo;une journ\u00e9e ... Read More\" \/>\n<meta property=\"og:url\" content=\"https:\/\/www.altercampagne.net\/?p=7554\" \/>\n<meta property=\"og:site_name\" content=\"AlterTour\" \/>\n<meta property=\"article:published_time\" content=\"2017-08-04T19:33:13+00:00\" \/>\n<meta property=\"article:modified_time\" content=\"2018-02-26T21:05:12+00:00\" \/>\n<meta property=\"og:image\" content=\"https:\/\/www.altercampagne.net\/wp-content\/uploads\/2017\/08\/P1220198.jpg\" \/>\n\t<meta property=\"og:image:width\" content=\"1276\" \/>\n\t<meta property=\"og:image:height\" content=\"667\" \/>\n\t<meta property=\"og:image:type\" content=\"image\/jpeg\" \/>\n<meta name=\"author\" content=\"Mathieu\" \/>\n<meta name=\"twitter:card\" content=\"summary_large_image\" \/>\n<meta name=\"twitter:label1\" content=\"\u00c9crit par\" \/>\n\t<meta name=\"twitter:data1\" content=\"Mathieu\" \/>\n\t<meta name=\"twitter:label2\" content=\"Dur\u00e9e de lecture estim\u00e9e\" \/>\n\t<meta name=\"twitter:data2\" content=\"1 minute\" \/>\n<script type=\"application\/ld+json\" class=\"yoast-schema-graph\">{\"@context\":\"https:\\\/\\\/schema.org\",\"@graph\":[{\"@type\":\"Article\",\"@id\":\"https:\\\/\\\/www.altercampagne.net\\\/?p=7554#article\",\"isPartOf\":{\"@id\":\"https:\\\/\\\/www.altercampagne.net\\\/?p=7554\"},\"author\":{\"name\":\"Mathieu\",\"@id\":\"https:\\\/\\\/www.altercampagne.net\\\/#\\\/schema\\\/person\\\/0f261460c09e430caa0f9bcffa319109\"},\"headline\":\"Le v\u00e9lo pour parler de la transition \u00e9cologique\",\"datePublished\":\"2017-08-04T19:33:13+00:00\",\"dateModified\":\"2018-02-26T21:05:12+00:00\",\"mainEntityOfPage\":{\"@id\":\"https:\\\/\\\/www.altercampagne.net\\\/?p=7554\"},\"wordCount\":293,\"image\":{\"@id\":\"https:\\\/\\\/www.altercampagne.net\\\/?p=7554#primaryimage\"},\"thumbnailUrl\":\"https:\\\/\\\/www.altercampagne.net\\\/wp-content\\\/uploads\\\/2017\\\/08\\\/P1220198.jpg\",\"keywords\":[\"v\u00e9lorution\",\"Auvergne-Rh\u00f4ne-Alpes\",\"Rhone-Alpes\",\"Ard\u00e8che\",\"AlterTour 2017\",\"2017\",\"Le Dauphin\u00e9\",\"Saint-Julien-du-Serre\",\"Mas des Foug\u00e8res\"],\"articleSection\":[\"Auvergne-Rh\u00f4ne-Alpes\",\"Revue de presse\",\"\u00c9dition 2017\"],\"inLanguage\":\"fr-FR\"},{\"@type\":\"WebPage\",\"@id\":\"https:\\\/\\\/www.altercampagne.net\\\/?p=7554\",\"url\":\"https:\\\/\\\/www.altercampagne.net\\\/?p=7554\",\"name\":\"Le v\u00e9lo pour parler de la transition \u00e9cologique - AlterTour\",\"isPartOf\":{\"@id\":\"https:\\\/\\\/www.altercampagne.net\\\/#website\"},\"primaryImageOfPage\":{\"@id\":\"https:\\\/\\\/www.altercampagne.net\\\/?p=7554#primaryimage\"},\"image\":{\"@id\":\"https:\\\/\\\/www.altercampagne.net\\\/?p=7554#primaryimage\"},\"thumbnailUrl\":\"https:\\\/\\\/www.altercampagne.net\\\/wp-content\\\/uploads\\\/2017\\\/08\\\/P1220198.jpg\",\"datePublished\":\"2017-08-04T19:33:13+00:00\",\"dateModified\":\"2018-02-26T21:05:12+00:00\",\"author\":{\"@id\":\"https:\\\/\\\/www.altercampagne.net\\\/#\\\/schema\\\/person\\\/0f261460c09e430caa0f9bcffa319109\"},\"breadcrumb\":{\"@id\":\"https:\\\/\\\/www.altercampagne.net\\\/?p=7554#breadcrumb\"},\"inLanguage\":\"fr-FR\",\"potentialAction\":[{\"@type\":\"ReadAction\",\"target\":[\"https:\\\/\\\/www.altercampagne.net\\\/?p=7554\"]}]},{\"@type\":\"ImageObject\",\"inLanguage\":\"fr-FR\",\"@id\":\"https:\\\/\\\/www.altercampagne.net\\\/?p=7554#primaryimage\",\"url\":\"https:\\\/\\\/www.altercampagne.net\\\/wp-content\\\/uploads\\\/2017\\\/08\\\/P1220198.jpg\",\"contentUrl\":\"https:\\\/\\\/www.altercampagne.net\\\/wp-content\\\/uploads\\\/2017\\\/08\\\/P1220198.jpg\",\"width\":1276,\"height\":667},{\"@type\":\"BreadcrumbList\",\"@id\":\"https:\\\/\\\/www.altercampagne.net\\\/?p=7554#breadcrumb\",\"itemListElement\":[{\"@type\":\"ListItem\",\"position\":1,\"name\":\"Accueil\",\"item\":\"https:\\\/\\\/www.altercampagne.net\\\/\"},{\"@type\":\"ListItem\",\"position\":2,\"name\":\"Le v\u00e9lo pour parler de la transition \u00e9cologique\"}]},{\"@type\":\"WebSite\",\"@id\":\"https:\\\/\\\/www.altercampagne.net\\\/#website\",\"url\":\"https:\\\/\\\/www.altercampagne.net\\\/\",\"name\":\"AlterTour\",\"description\":\"Reliez les Alternatives \u00e0 v\u00e9lo\",\"potentialAction\":[{\"@type\":\"SearchAction\",\"target\":{\"@type\":\"EntryPoint\",\"urlTemplate\":\"https:\\\/\\\/www.altercampagne.net\\\/?s={search_term_string}\"},\"query-input\":{\"@type\":\"PropertyValueSpecification\",\"valueRequired\":true,\"valueName\":\"search_term_string\"}}],\"inLanguage\":\"fr-FR\"},{\"@type\":\"Person\",\"@id\":\"https:\\\/\\\/www.altercampagne.net\\\/#\\\/schema\\\/person\\\/0f261460c09e430caa0f9bcffa319109\",\"name\":\"Mathieu\",\"image\":{\"@type\":\"ImageObject\",\"inLanguage\":\"fr-FR\",\"@id\":\"https:\\\/\\\/secure.gravatar.com\\\/avatar\\\/aa9d3d24c83f2141e5e2709d0f63d09a99f6be6bb7a50abc4915838d9f54501a?s=96&d=mm&r=g\",\"url\":\"https:\\\/\\\/secure.gravatar.com\\\/avatar\\\/aa9d3d24c83f2141e5e2709d0f63d09a99f6be6bb7a50abc4915838d9f54501a?s=96&d=mm&r=g\",\"contentUrl\":\"https:\\\/\\\/secure.gravatar.com\\\/avatar\\\/aa9d3d24c83f2141e5e2709d0f63d09a99f6be6bb7a50abc4915838d9f54501a?s=96&d=mm&r=g\",\"caption\":\"Mathieu\"},\"url\":\"https:\\\/\\\/www.altercampagne.net\\\/?author=214\"}]}<\/script>\n<!-- \/ Yoast SEO plugin. -->","yoast_head_json":{"title":"Le v\u00e9lo pour parler de la transition \u00e9cologique - AlterTour","robots":{"index":"index","follow":"follow","max-snippet":"max-snippet:-1","max-image-preview":"max-image-preview:large","max-video-preview":"max-video-preview:-1"},"canonical":"https:\/\/www.altercampagne.net\/?p=7554","og_locale":"fr_FR","og_type":"article","og_title":"Le v\u00e9lo pour parler de la transition \u00e9cologique - AlterTour","og_description":"La dixi\u00e8me \u00e9dition de l&rsquo;AlterTour s&rsquo;est \u00e9lanc\u00e9e cette ann\u00e9e le 8 juillet de Toulouse, il s&rsquo;ach\u00e8vera \u00e0 Valence le 20 ao\u00fbt, en passant par Narbonne, Montpellier, Saint-Jean-du-Gard, Saint-Pierreville, Saillans et aussi une \u00e9tape dans notre village ce dimanche 6 ao\u00fbt. Le fond de l&rsquo;affaire d\u00e9bute en 2004 lors d&rsquo;une journ\u00e9e ... Read More","og_url":"https:\/\/www.altercampagne.net\/?p=7554","og_site_name":"AlterTour","article_published_time":"2017-08-04T19:33:13+00:00","article_modified_time":"2018-02-26T21:05:12+00:00","og_image":[{"width":1276,"height":667,"url":"https:\/\/www.altercampagne.net\/wp-content\/uploads\/2017\/08\/P1220198.jpg","type":"image\/jpeg"}],"author":"Mathieu","twitter_card":"summary_large_image","twitter_misc":{"\u00c9crit par":"Mathieu","Dur\u00e9e de lecture estim\u00e9e":"1 minute"},"schema":{"@context":"https:\/\/schema.org","@graph":[{"@type":"Article","@id":"https:\/\/www.altercampagne.net\/?p=7554#article","isPartOf":{"@id":"https:\/\/www.altercampagne.net\/?p=7554"},"author":{"name":"Mathieu","@id":"https:\/\/www.altercampagne.net\/#\/schema\/person\/0f261460c09e430caa0f9bcffa319109"},"headline":"Le v\u00e9lo pour parler de la transition \u00e9cologique","datePublished":"2017-08-04T19:33:13+00:00","dateModified":"2018-02-26T21:05:12+00:00","mainEntityOfPage":{"@id":"https:\/\/www.altercampagne.net\/?p=7554"},"wordCount":293,"image":{"@id":"https:\/\/www.altercampagne.net\/?p=7554#primaryimage"},"thumbnailUrl":"https:\/\/www.altercampagne.net\/wp-content\/uploads\/2017\/08\/P1220198.jpg","keywords":["v\u00e9lorution","Auvergne-Rh\u00f4ne-Alpes","Rhone-Alpes","Ard\u00e8che","AlterTour 2017","2017","Le Dauphin\u00e9","Saint-Julien-du-Serre","Mas des Foug\u00e8res"],"articleSection":["Auvergne-Rh\u00f4ne-Alpes","Revue de presse","\u00c9dition 2017"],"inLanguage":"fr-FR"},{"@type":"WebPage","@id":"https:\/\/www.altercampagne.net\/?p=7554","url":"https:\/\/www.altercampagne.net\/?p=7554","name":"Le v\u00e9lo pour parler de la transition \u00e9cologique - AlterTour","isPartOf":{"@id":"https:\/\/www.altercampagne.net\/#website"},"primaryImageOfPage":{"@id":"https:\/\/www.altercampagne.net\/?p=7554#primaryimage"},"image":{"@id":"https:\/\/www.altercampagne.net\/?p=7554#primaryimage"},"thumbnailUrl":"https:\/\/www.altercampagne.net\/wp-content\/uploads\/2017\/08\/P1220198.jpg","datePublished":"2017-08-04T19:33:13+00:00","dateModified":"2018-02-26T21:05:12+00:00","author":{"@id":"https:\/\/www.altercampagne.net\/#\/schema\/person\/0f261460c09e430caa0f9bcffa319109"},"breadcrumb":{"@id":"https:\/\/www.altercampagne.net\/?p=7554#breadcrumb"},"inLanguage":"fr-FR","potentialAction":[{"@type":"ReadAction","target":["https:\/\/www.altercampagne.net\/?p=7554"]}]},{"@type":"ImageObject","inLanguage":"fr-FR","@id":"https:\/\/www.altercampagne.net\/?p=7554#primaryimage","url":"https:\/\/www.altercampagne.net\/wp-content\/uploads\/2017\/08\/P1220198.jpg","contentUrl":"https:\/\/www.altercampagne.net\/wp-content\/uploads\/2017\/08\/P1220198.jpg","width":1276,"height":667},{"@type":"BreadcrumbList","@id":"https:\/\/www.altercampagne.net\/?p=7554#breadcrumb","itemListElement":[{"@type":"ListItem","position":1,"name":"Accueil","item":"https:\/\/www.altercampagne.net\/"},{"@type":"ListItem","position":2,"name":"Le v\u00e9lo pour parler de la transition \u00e9cologique"}]},{"@type":"WebSite","@id":"https:\/\/www.altercampagne.net\/#website","url":"https:\/\/www.altercampagne.net\/","name":"AlterTour","description":"Reliez les Alternatives \u00e0 v\u00e9lo","potentialAction":[{"@type":"SearchAction","target":{"@type":"EntryPoint","urlTemplate":"https:\/\/www.altercampagne.net\/?s={search_term_string}"},"query-input":{"@type":"PropertyValueSpecification","valueRequired":true,"valueName":"search_term_string"}}],"inLanguage":"fr-FR"},{"@type":"Person","@id":"https:\/\/www.altercampagne.net\/#\/schema\/person\/0f261460c09e430caa0f9bcffa319109","name":"Mathieu","image":{"@type":"ImageObject","inLanguage":"fr-FR","@id":"https:\/\/secure.gravatar.com\/avatar\/aa9d3d24c83f2141e5e2709d0f63d09a99f6be6bb7a50abc4915838d9f54501a?s=96&d=mm&r=g","url":"https:\/\/secure.gravatar.com\/avatar\/aa9d3d24c83f2141e5e2709d0f63d09a99f6be6bb7a50abc4915838d9f54501a?s=96&d=mm&r=g","contentUrl":"https:\/\/secure.gravatar.com\/avatar\/aa9d3d24c83f2141e5e2709d0f63d09a99f6be6bb7a50abc4915838d9f54501a?s=96&d=mm&r=g","caption":"Mathieu"},"url":"https:\/\/www.altercampagne.net\/?author=214"}]}},"_links":{"self":[{"href":"https:\/\/www.altercampagne.net\/index.php?rest_route=\/wp\/v2\/posts\/7554","targetHints":{"allow":["GET"]}}],"collection":[{"href":"https:\/\/www.altercampagne.net\/index.php?rest_route=\/wp\/v2\/posts"}],"about":[{"href":"https:\/\/www.altercampagne.net\/index.php?rest_route=\/wp\/v2\/types\/post"}],"author":[{"embeddable":true,"href":"https:\/\/www.altercampagne.net\/index.php?rest_route=\/wp\/v2\/users\/214"}],"replies":[{"embeddable":true,"href":"https:\/\/www.altercampagne.net\/index.php?rest_route=%2Fwp%2Fv2%2Fcomments&post=7554"}],"version-history":[{"count":0,"href":"https:\/\/www.altercampagne.net\/index.php?rest_route=\/wp\/v2\/posts\/7554\/revisions"}],"wp:featuredmedia":[{"embeddable":true,"href":"https:\/\/www.altercampagne.net\/index.php?rest_route=\/wp\/v2\/media\/9476"}],"wp:attachment":[{"href":"https:\/\/www.altercampagne.net\/index.php?rest_route=%2Fwp%2Fv2%2Fmedia&parent=7554"}],"wp:term":[{"taxonomy":"category","embeddable":true,"href":"https:\/\/www.altercampagne.net\/index.php?rest_route=%2Fwp%2Fv2%2Fcategories&post=7554"},{"taxonomy":"post_tag","embeddable":true,"href":"https:\/\/www.altercampagne.net\/index.php?rest_route=%2Fwp%2Fv2%2Ftags&post=7554"}],"curies":[{"name":"wp","href":"https:\/\/api.w.org\/{rel}","templated":true}]}}