{"id":7556,"date":"2017-08-08T21:37:44","date_gmt":"2017-08-08T19:37:44","guid":{"rendered":"http:\/\/www.altercampagne.net\/?p=7556"},"modified":"2018-02-23T17:20:59","modified_gmt":"2018-02-23T16:20:59","slug":"le-collectif-esprits-libres-fait-le-point","status":"publish","type":"post","link":"https:\/\/www.altercampagne.net\/?p=7556","title":{"rendered":"Le collectif Esprits Libres fait le point"},"content":{"rendered":"<div class=\"richContentComponent textComponent\">\n<p>Lors de la r\u00e9union qui s\u2019est tenue mercredi 5 juillet, dans les locaux de Changement de cap, situ\u00e9s 13 rue des r\u00e9servoirs \u00e0 Aubenas, il a \u00e9t\u00e9 pr\u00e9sent\u00e9 le bilan couvrant l\u2019activit\u00e9 d\u2019octobre 2015 \u00e0 septembre 2016.<\/p>\n<p>Plusieurs d\u00e9cisions ont \u00e9t\u00e9 prises : \u00e9lections au Conseil des Esprits Libres de Manon, Christelle, Pascale et Marie. Acte a \u00e9t\u00e9 pris de la bonne sant\u00e9 financi\u00e8re de l\u2019association.<\/p>\n<\/div>\n<p><strong>L\u2019AlterTour \u00e0 Rosi\u00e8res le 5 ao\u00fbt<\/strong><\/p>\n<p>Esprits Libres honore les remboursements des pr\u00eateurs solidaires qui ont permis l\u2019acquisition des terres de Darbres, o\u00f9 l\u2019Oasis Emma\u00fcs verra le jour.<\/p>\n<p>Suite aux difficult\u00e9s internes de l\u2019\u00e9t\u00e9 dernier, l\u2019\u00e9quipe se r\u00e9jouit du travail accompli et de sa bonne coh\u00e9sion.<\/p>\n<p>Pour info, l\u2019\u00e9t\u00e9 verra un grand \u00e9v\u00e8nement sur le site de Rosi\u00e8res avec l\u2019accueil de l\u2019AlterTour le 5 ao\u00fbt\u2026<\/p>\n<p>En terminant cette r\u00e9union, les responsables lan\u00e7aient un appel aux personnes d\u00e9sireuses de s\u2019investir et de partager cette belle aventure, et de se retrouver dans les diff\u00e9rentes recycleries de l\u2019association Esprits Libres qui porte le projet Changement de Cap.<\/p>\n<p style=\"text-align: right;\"><strong><a href=\"http:\/\/c.ledauphine.com\/ardeche\/2017\/07\/08\/le-collectif-esprits-libres-fait-le-point\" target=\"_blank\" rel=\"noopener\">Le Dauphin\u00e9<\/a><\/strong><\/p>\n","protected":false},"excerpt":{"rendered":"<p>Lors de la r\u00e9union qui s\u2019est tenue mercredi 5 juillet, dans les locaux de Changement de cap, situ\u00e9s 13 rue des r\u00e9servoirs \u00e0 Aubenas, il a \u00e9t\u00e9 pr\u00e9sent\u00e9 le bilan couvrant l\u2019activit\u00e9 d\u2019octobre 2015 \u00e0 septembre 2016. Plusieurs d\u00e9cisions ont \u00e9t\u00e9 prises : \u00e9lections au Conseil des Esprits Libres de &#8230; <\/p>\n<div><a href=\"https:\/\/www.altercampagne.net\/?p=7556\" class=\"more-link\">Read More<\/a><\/div>\n","protected":false},"author":214,"featured_media":9455,"comment_status":"closed","ping_status":"closed","sticky":false,"template":"","format":"standard","meta":{"footnotes":""},"categories":[3471,3489,239,3457,3488],"tags":[1489,1650,2738,2783,2784,2985,3180,3193,3200],"class_list":["post-7556","post","type-post","status-publish","format-standard","has-post-thumbnail","hentry","category-auvergne-rhone-alpes","category-alimentation","category-revue-de-presse","category-edition-2017","category-social","tag-auvergne-rhone-alpes","tag-rhone-alpes","tag-ardeche","tag-altertour-2017","tag-2784","tag-changement-de-cap","tag-rosieres","tag-le-dauphine","tag-aubenas"],"yoast_head":"<!-- This site is optimized with the Yoast SEO plugin v27.3 - https:\/\/yoast.com\/product\/yoast-seo-wordpress\/ -->\n<title>Le collectif Esprits Libres fait le point - AlterTour<\/title>\n<meta name=\"robots\" content=\"index, follow, max-snippet:-1, max-image-preview:large, max-video-preview:-1\" \/>\n<link rel=\"canonical\" href=\"https:\/\/www.altercampagne.net\/?p=7556\" \/>\n<meta property=\"og:locale\" content=\"fr_FR\" \/>\n<meta property=\"og:type\" content=\"article\" \/>\n<meta property=\"og:title\" content=\"Le collectif Esprits Libres fait le point - AlterTour\" \/>\n<meta property=\"og:description\" content=\"Lors de la r\u00e9union qui s\u2019est tenue mercredi 5 juillet, dans les locaux de Changement de cap, situ\u00e9s 13 rue des r\u00e9servoirs \u00e0 Aubenas, il a \u00e9t\u00e9 pr\u00e9sent\u00e9 le bilan couvrant l\u2019activit\u00e9 d\u2019octobre 2015 \u00e0 septembre 2016. Plusieurs d\u00e9cisions ont \u00e9t\u00e9 prises : \u00e9lections au Conseil des Esprits Libres de ... Read More\" \/>\n<meta property=\"og:url\" content=\"https:\/\/www.altercampagne.net\/?p=7556\" \/>\n<meta property=\"og:site_name\" content=\"AlterTour\" \/>\n<meta property=\"article:published_time\" content=\"2017-08-08T19:37:44+00:00\" \/>\n<meta property=\"article:modified_time\" content=\"2018-02-23T16:20:59+00:00\" \/>\n<meta property=\"og:image\" content=\"https:\/\/www.altercampagne.net\/wp-content\/uploads\/2017\/08\/2017-08-05_21.05.jpg\" \/>\n\t<meta property=\"og:image:width\" content=\"761\" \/>\n\t<meta property=\"og:image:height\" content=\"397\" \/>\n\t<meta property=\"og:image:type\" content=\"image\/jpeg\" \/>\n<meta name=\"author\" content=\"Mathieu\" \/>\n<meta name=\"twitter:card\" content=\"summary_large_image\" \/>\n<meta name=\"twitter:label1\" content=\"\u00c9crit par\" \/>\n\t<meta name=\"twitter:data1\" content=\"Mathieu\" \/>\n\t<meta name=\"twitter:label2\" content=\"Dur\u00e9e de lecture estim\u00e9e\" \/>\n\t<meta name=\"twitter:data2\" content=\"1 minute\" \/>\n<script type=\"application\/ld+json\" class=\"yoast-schema-graph\">{\"@context\":\"https:\\\/\\\/schema.org\",\"@graph\":[{\"@type\":\"Article\",\"@id\":\"https:\\\/\\\/www.altercampagne.net\\\/?p=7556#article\",\"isPartOf\":{\"@id\":\"https:\\\/\\\/www.altercampagne.net\\\/?p=7556\"},\"author\":{\"name\":\"Mathieu\",\"@id\":\"https:\\\/\\\/www.altercampagne.net\\\/#\\\/schema\\\/person\\\/0f261460c09e430caa0f9bcffa319109\"},\"headline\":\"Le collectif Esprits Libres fait le point\",\"datePublished\":\"2017-08-08T19:37:44+00:00\",\"dateModified\":\"2018-02-23T16:20:59+00:00\",\"mainEntityOfPage\":{\"@id\":\"https:\\\/\\\/www.altercampagne.net\\\/?p=7556\"},\"wordCount\":203,\"image\":{\"@id\":\"https:\\\/\\\/www.altercampagne.net\\\/?p=7556#primaryimage\"},\"thumbnailUrl\":\"https:\\\/\\\/www.altercampagne.net\\\/wp-content\\\/uploads\\\/2017\\\/08\\\/2017-08-05_21.05.jpg\",\"keywords\":[\"Auvergne-Rh\u00f4ne-Alpes\",\"Rhone-Alpes\",\"Ard\u00e8che\",\"AlterTour 2017\",\"2017\",\"Changement de Cap\",\"Rosi\u00e8res\",\"Le Dauphin\u00e9\",\"Aubenas\"],\"articleSection\":[\"Auvergne-Rh\u00f4ne-Alpes\",\"Alimentation\",\"Revue de presse\",\"\u00c9dition 2017\",\"Social\"],\"inLanguage\":\"fr-FR\"},{\"@type\":\"WebPage\",\"@id\":\"https:\\\/\\\/www.altercampagne.net\\\/?p=7556\",\"url\":\"https:\\\/\\\/www.altercampagne.net\\\/?p=7556\",\"name\":\"Le collectif Esprits Libres fait le point - AlterTour\",\"isPartOf\":{\"@id\":\"https:\\\/\\\/www.altercampagne.net\\\/#website\"},\"primaryImageOfPage\":{\"@id\":\"https:\\\/\\\/www.altercampagne.net\\\/?p=7556#primaryimage\"},\"image\":{\"@id\":\"https:\\\/\\\/www.altercampagne.net\\\/?p=7556#primaryimage\"},\"thumbnailUrl\":\"https:\\\/\\\/www.altercampagne.net\\\/wp-content\\\/uploads\\\/2017\\\/08\\\/2017-08-05_21.05.jpg\",\"datePublished\":\"2017-08-08T19:37:44+00:00\",\"dateModified\":\"2018-02-23T16:20:59+00:00\",\"author\":{\"@id\":\"https:\\\/\\\/www.altercampagne.net\\\/#\\\/schema\\\/person\\\/0f261460c09e430caa0f9bcffa319109\"},\"breadcrumb\":{\"@id\":\"https:\\\/\\\/www.altercampagne.net\\\/?p=7556#breadcrumb\"},\"inLanguage\":\"fr-FR\",\"potentialAction\":[{\"@type\":\"ReadAction\",\"target\":[\"https:\\\/\\\/www.altercampagne.net\\\/?p=7556\"]}]},{\"@type\":\"ImageObject\",\"inLanguage\":\"fr-FR\",\"@id\":\"https:\\\/\\\/www.altercampagne.net\\\/?p=7556#primaryimage\",\"url\":\"https:\\\/\\\/www.altercampagne.net\\\/wp-content\\\/uploads\\\/2017\\\/08\\\/2017-08-05_21.05.jpg\",\"contentUrl\":\"https:\\\/\\\/www.altercampagne.net\\\/wp-content\\\/uploads\\\/2017\\\/08\\\/2017-08-05_21.05.jpg\",\"width\":761,\"height\":397},{\"@type\":\"BreadcrumbList\",\"@id\":\"https:\\\/\\\/www.altercampagne.net\\\/?p=7556#breadcrumb\",\"itemListElement\":[{\"@type\":\"ListItem\",\"position\":1,\"name\":\"Accueil\",\"item\":\"https:\\\/\\\/www.altercampagne.net\\\/\"},{\"@type\":\"ListItem\",\"position\":2,\"name\":\"Le collectif Esprits Libres fait le point\"}]},{\"@type\":\"WebSite\",\"@id\":\"https:\\\/\\\/www.altercampagne.net\\\/#website\",\"url\":\"https:\\\/\\\/www.altercampagne.net\\\/\",\"name\":\"AlterTour\",\"description\":\"Reliez les Alternatives \u00e0 v\u00e9lo\",\"potentialAction\":[{\"@type\":\"SearchAction\",\"target\":{\"@type\":\"EntryPoint\",\"urlTemplate\":\"https:\\\/\\\/www.altercampagne.net\\\/?s={search_term_string}\"},\"query-input\":{\"@type\":\"PropertyValueSpecification\",\"valueRequired\":true,\"valueName\":\"search_term_string\"}}],\"inLanguage\":\"fr-FR\"},{\"@type\":\"Person\",\"@id\":\"https:\\\/\\\/www.altercampagne.net\\\/#\\\/schema\\\/person\\\/0f261460c09e430caa0f9bcffa319109\",\"name\":\"Mathieu\",\"image\":{\"@type\":\"ImageObject\",\"inLanguage\":\"fr-FR\",\"@id\":\"https:\\\/\\\/secure.gravatar.com\\\/avatar\\\/aa9d3d24c83f2141e5e2709d0f63d09a99f6be6bb7a50abc4915838d9f54501a?s=96&d=mm&r=g\",\"url\":\"https:\\\/\\\/secure.gravatar.com\\\/avatar\\\/aa9d3d24c83f2141e5e2709d0f63d09a99f6be6bb7a50abc4915838d9f54501a?s=96&d=mm&r=g\",\"contentUrl\":\"https:\\\/\\\/secure.gravatar.com\\\/avatar\\\/aa9d3d24c83f2141e5e2709d0f63d09a99f6be6bb7a50abc4915838d9f54501a?s=96&d=mm&r=g\",\"caption\":\"Mathieu\"},\"url\":\"https:\\\/\\\/www.altercampagne.net\\\/?author=214\"}]}<\/script>\n<!-- \/ Yoast SEO plugin. -->","yoast_head_json":{"title":"Le collectif Esprits Libres fait le point - AlterTour","robots":{"index":"index","follow":"follow","max-snippet":"max-snippet:-1","max-image-preview":"max-image-preview:large","max-video-preview":"max-video-preview:-1"},"canonical":"https:\/\/www.altercampagne.net\/?p=7556","og_locale":"fr_FR","og_type":"article","og_title":"Le collectif Esprits Libres fait le point - AlterTour","og_description":"Lors de la r\u00e9union qui s\u2019est tenue mercredi 5 juillet, dans les locaux de Changement de cap, situ\u00e9s 13 rue des r\u00e9servoirs \u00e0 Aubenas, il a \u00e9t\u00e9 pr\u00e9sent\u00e9 le bilan couvrant l\u2019activit\u00e9 d\u2019octobre 2015 \u00e0 septembre 2016. Plusieurs d\u00e9cisions ont \u00e9t\u00e9 prises : \u00e9lections au Conseil des Esprits Libres de ... Read More","og_url":"https:\/\/www.altercampagne.net\/?p=7556","og_site_name":"AlterTour","article_published_time":"2017-08-08T19:37:44+00:00","article_modified_time":"2018-02-23T16:20:59+00:00","og_image":[{"width":761,"height":397,"url":"https:\/\/www.altercampagne.net\/wp-content\/uploads\/2017\/08\/2017-08-05_21.05.jpg","type":"image\/jpeg"}],"author":"Mathieu","twitter_card":"summary_large_image","twitter_misc":{"\u00c9crit par":"Mathieu","Dur\u00e9e de lecture estim\u00e9e":"1 minute"},"schema":{"@context":"https:\/\/schema.org","@graph":[{"@type":"Article","@id":"https:\/\/www.altercampagne.net\/?p=7556#article","isPartOf":{"@id":"https:\/\/www.altercampagne.net\/?p=7556"},"author":{"name":"Mathieu","@id":"https:\/\/www.altercampagne.net\/#\/schema\/person\/0f261460c09e430caa0f9bcffa319109"},"headline":"Le collectif Esprits Libres fait le point","datePublished":"2017-08-08T19:37:44+00:00","dateModified":"2018-02-23T16:20:59+00:00","mainEntityOfPage":{"@id":"https:\/\/www.altercampagne.net\/?p=7556"},"wordCount":203,"image":{"@id":"https:\/\/www.altercampagne.net\/?p=7556#primaryimage"},"thumbnailUrl":"https:\/\/www.altercampagne.net\/wp-content\/uploads\/2017\/08\/2017-08-05_21.05.jpg","keywords":["Auvergne-Rh\u00f4ne-Alpes","Rhone-Alpes","Ard\u00e8che","AlterTour 2017","2017","Changement de Cap","Rosi\u00e8res","Le Dauphin\u00e9","Aubenas"],"articleSection":["Auvergne-Rh\u00f4ne-Alpes","Alimentation","Revue de presse","\u00c9dition 2017","Social"],"inLanguage":"fr-FR"},{"@type":"WebPage","@id":"https:\/\/www.altercampagne.net\/?p=7556","url":"https:\/\/www.altercampagne.net\/?p=7556","name":"Le collectif Esprits Libres fait le point - AlterTour","isPartOf":{"@id":"https:\/\/www.altercampagne.net\/#website"},"primaryImageOfPage":{"@id":"https:\/\/www.altercampagne.net\/?p=7556#primaryimage"},"image":{"@id":"https:\/\/www.altercampagne.net\/?p=7556#primaryimage"},"thumbnailUrl":"https:\/\/www.altercampagne.net\/wp-content\/uploads\/2017\/08\/2017-08-05_21.05.jpg","datePublished":"2017-08-08T19:37:44+00:00","dateModified":"2018-02-23T16:20:59+00:00","author":{"@id":"https:\/\/www.altercampagne.net\/#\/schema\/person\/0f261460c09e430caa0f9bcffa319109"},"breadcrumb":{"@id":"https:\/\/www.altercampagne.net\/?p=7556#breadcrumb"},"inLanguage":"fr-FR","potentialAction":[{"@type":"ReadAction","target":["https:\/\/www.altercampagne.net\/?p=7556"]}]},{"@type":"ImageObject","inLanguage":"fr-FR","@id":"https:\/\/www.altercampagne.net\/?p=7556#primaryimage","url":"https:\/\/www.altercampagne.net\/wp-content\/uploads\/2017\/08\/2017-08-05_21.05.jpg","contentUrl":"https:\/\/www.altercampagne.net\/wp-content\/uploads\/2017\/08\/2017-08-05_21.05.jpg","width":761,"height":397},{"@type":"BreadcrumbList","@id":"https:\/\/www.altercampagne.net\/?p=7556#breadcrumb","itemListElement":[{"@type":"ListItem","position":1,"name":"Accueil","item":"https:\/\/www.altercampagne.net\/"},{"@type":"ListItem","position":2,"name":"Le collectif Esprits Libres fait le point"}]},{"@type":"WebSite","@id":"https:\/\/www.altercampagne.net\/#website","url":"https:\/\/www.altercampagne.net\/","name":"AlterTour","description":"Reliez les Alternatives \u00e0 v\u00e9lo","potentialAction":[{"@type":"SearchAction","target":{"@type":"EntryPoint","urlTemplate":"https:\/\/www.altercampagne.net\/?s={search_term_string}"},"query-input":{"@type":"PropertyValueSpecification","valueRequired":true,"valueName":"search_term_string"}}],"inLanguage":"fr-FR"},{"@type":"Person","@id":"https:\/\/www.altercampagne.net\/#\/schema\/person\/0f261460c09e430caa0f9bcffa319109","name":"Mathieu","image":{"@type":"ImageObject","inLanguage":"fr-FR","@id":"https:\/\/secure.gravatar.com\/avatar\/aa9d3d24c83f2141e5e2709d0f63d09a99f6be6bb7a50abc4915838d9f54501a?s=96&d=mm&r=g","url":"https:\/\/secure.gravatar.com\/avatar\/aa9d3d24c83f2141e5e2709d0f63d09a99f6be6bb7a50abc4915838d9f54501a?s=96&d=mm&r=g","contentUrl":"https:\/\/secure.gravatar.com\/avatar\/aa9d3d24c83f2141e5e2709d0f63d09a99f6be6bb7a50abc4915838d9f54501a?s=96&d=mm&r=g","caption":"Mathieu"},"url":"https:\/\/www.altercampagne.net\/?author=214"}]}},"_links":{"self":[{"href":"https:\/\/www.altercampagne.net\/index.php?rest_route=\/wp\/v2\/posts\/7556","targetHints":{"allow":["GET"]}}],"collection":[{"href":"https:\/\/www.altercampagne.net\/index.php?rest_route=\/wp\/v2\/posts"}],"about":[{"href":"https:\/\/www.altercampagne.net\/index.php?rest_route=\/wp\/v2\/types\/post"}],"author":[{"embeddable":true,"href":"https:\/\/www.altercampagne.net\/index.php?rest_route=\/wp\/v2\/users\/214"}],"replies":[{"embeddable":true,"href":"https:\/\/www.altercampagne.net\/index.php?rest_route=%2Fwp%2Fv2%2Fcomments&post=7556"}],"version-history":[{"count":0,"href":"https:\/\/www.altercampagne.net\/index.php?rest_route=\/wp\/v2\/posts\/7556\/revisions"}],"wp:featuredmedia":[{"embeddable":true,"href":"https:\/\/www.altercampagne.net\/index.php?rest_route=\/wp\/v2\/media\/9455"}],"wp:attachment":[{"href":"https:\/\/www.altercampagne.net\/index.php?rest_route=%2Fwp%2Fv2%2Fmedia&parent=7556"}],"wp:term":[{"taxonomy":"category","embeddable":true,"href":"https:\/\/www.altercampagne.net\/index.php?rest_route=%2Fwp%2Fv2%2Fcategories&post=7556"},{"taxonomy":"post_tag","embeddable":true,"href":"https:\/\/www.altercampagne.net\/index.php?rest_route=%2Fwp%2Fv2%2Ftags&post=7556"}],"curies":[{"name":"wp","href":"https:\/\/api.w.org\/{rel}","templated":true}]}}