{"id":7558,"date":"2017-08-21T21:42:09","date_gmt":"2017-08-21T19:42:09","guid":{"rendered":"http:\/\/www.altercampagne.net\/?p=7558"},"modified":"2018-02-23T17:09:52","modified_gmt":"2018-02-23T16:09:52","slug":"philippe-deregel-des-parcours-de-vie-ont-change-apres-notre-tour-alternatif","status":"publish","type":"post","link":"https:\/\/www.altercampagne.net\/?p=7558","title":{"rendered":"Philippe Deregel : \u00ab Des parcours de vie ont chang\u00e9 apr\u00e8s notre Tour alternatif \u00bb"},"content":{"rendered":"<div class=\"column\">\n<h2 class=\"accroche\">Philippe Deregel est l\u2019un des organisateurs de l\u2019AlterTour au sein de l\u2019association Altercampagne, qui encourage \u00ab une soci\u00e9t\u00e9 sans dopage \u00bb. Samedi soir, lors de la cl\u00f4ture de l\u2019\u00e9dition 2017 \u00e0 La Ruche Truk\u2019Muche, il a r\u00e9pondu \u00e0 nos questions.<\/h2>\n<div class=\"richContentComponent textComponent\">\n<div class=\"innerContent noprint\">Comment s\u2019est d\u00e9roul\u00e9e cette \u00e9dition qui a d\u00e9but\u00e9 le 8 juillet \u00e0 Toulouse ?<\/div>\n<p class=\"answer\">Le th\u00e8me cette ann\u00e9e \u00e9tait \u201cLes chemins de la transition\u201d. Au total, 320 personnes ont particip\u00e9 \u00e0 ce tour, se relayant sur une dur\u00e9e moyenne d\u2019une semaine. 50 % sont de nouveaux participants. Nos \u00e9tapes \u00e9taient d\u2019environ 30 km, car l\u2019objectif est bien d\u2019\u00eatre accessibles \u00e0 tous. Nous avons d\u2019ailleurs quelques familles avec des enfants qui se sont jointes \u00e0 nous. Comme les ann\u00e9es pr\u00e9c\u00e9dentes, la dimension collective a bien fonctionn\u00e9. Par exemple \u00e0 travers la pr\u00e9paration des repas en commun.<\/p>\n<p class=\"question\">Combien co\u00fbte une participation \u00e0 l\u2019AlterTour ?<\/p>\n<p class=\"answer\">Il faut payer une adh\u00e9sion \u00e0 l\u2019association de 10 \u20ac, puis une participation allant de 18 \u00e0 42 \u20ac par jour, selon son revenu. L\u2019h\u00e9bergement se fait sous tentes. Nous avons une camionnette pour les personnes qui seraient fatigu\u00e9es et ne pourraient pas r\u00e9aliser l\u2019\u00e9tape du jour. Nous pouvons aussi fournir des v\u00e9los.<\/p>\n<p class=\"question\">Comment organisez-vous le p\u00e9riple ?<\/p>\n<p class=\"answer\">C\u2019est un travail sur une ann\u00e9e. \u00c0 chaque \u00e9dition, nous sillonnons une r\u00e9gion en particulier. L\u2019an dernier, nous \u00e9tions en Bretagne, cette ann\u00e9e dans le Sud. L\u2019an prochain, nous n\u2019avons pas encore d\u00e9cid\u00e9.<\/p>\n<p class=\"question\">Comment est n\u00e9 l\u2019AlterTour ?<\/p>\n<p>En 2005, \u00e0 l\u2019issue des journ\u00e9es mondiales de lutte contre les OGM, nous avons \u00e9t\u00e9 quelques-uns \u00e0 avoir l\u2019id\u00e9e de cr\u00e9er un Tour de France alternatif. En 2008, lors de la premi\u00e8re \u00e9dition, nous sommes venus ici, \u00e0 Bourg-l\u00e8s-Valence, alors qu\u2019un collectif se montait contre un vaste projet immobilier aux Jonquettes. Nous sommes repass\u00e9s en 2011 chez Jardin\u2019enVie. Aujourd\u2019hui, les gens veulent \u00eatre de plus en plus acteurs. Les exemples de parcours de vie qui ont chang\u00e9 apr\u00e8s l\u2019Alter-Tour sont nombreux : Bruno pass\u00e9 de chauffeur de poids lourds \u00e0 accompagnateur en montagne avec des \u00e2nes ; ou cet informaticien de Paris devenu agriculteur.<\/p>\n<p style=\"text-align: right;\"><strong><span class=\"auteur\">Fr\u00e9d\u00e9ric FAYS<\/span>, <a href=\"http:\/\/c.ledauphine.com\/drome\/2017\/08\/21\/philippe-deregel-des-parcours-de-vie-ont-change-apres-notre-tour-alternatif\" target=\"_blank\" rel=\"noopener\">Le Dauphin\u00e9<\/a><\/strong><\/p>\n<\/div>\n<\/div>\n","protected":false},"excerpt":{"rendered":"<p>Philippe Deregel est l\u2019un des organisateurs de l\u2019AlterTour au sein de l\u2019association Altercampagne, qui encourage \u00ab une soci\u00e9t\u00e9 sans dopage \u00bb. Samedi soir, lors de la cl\u00f4ture de l\u2019\u00e9dition 2017 \u00e0 La Ruche Truk\u2019Muche, il a r\u00e9pondu \u00e0 nos questions. Comment s\u2019est d\u00e9roul\u00e9e cette \u00e9dition qui a d\u00e9but\u00e9 le 8 &#8230; <\/p>\n<div><a href=\"https:\/\/www.altercampagne.net\/?p=7558\" class=\"more-link\">Read More<\/a><\/div>\n","protected":false},"author":214,"featured_media":9435,"comment_status":"closed","ping_status":"closed","sticky":false,"template":"","format":"standard","meta":{"footnotes":""},"categories":[3471,3483,239,3457],"tags":[748,1091,1489,1650,2042,2783,2784,3187,3193,3195,3201,3202],"class_list":["post-7558","post","type-post","status-publish","format-standard","has-post-thumbnail","hentry","category-auvergne-rhone-alpes","category-agriculture","category-revue-de-presse","category-edition-2017","tag-philippe-deregel","tag-drome","tag-auvergne-rhone-alpes","tag-rhone-alpes","tag-valence","tag-altertour-2017","tag-2784","tag-jardinenvie","tag-le-dauphine","tag-ruche-trukmuche","tag-jonquettes","tag-frederic-fays"],"yoast_head":"<!-- This site is optimized with the Yoast SEO plugin v27.3 - https:\/\/yoast.com\/product\/yoast-seo-wordpress\/ -->\n<title>Philippe Deregel : \u00ab Des parcours de vie ont chang\u00e9 apr\u00e8s notre Tour alternatif \u00bb - AlterTour<\/title>\n<meta name=\"robots\" content=\"index, follow, max-snippet:-1, max-image-preview:large, max-video-preview:-1\" \/>\n<link rel=\"canonical\" href=\"https:\/\/www.altercampagne.net\/?p=7558\" \/>\n<meta property=\"og:locale\" content=\"fr_FR\" \/>\n<meta property=\"og:type\" content=\"article\" \/>\n<meta property=\"og:title\" content=\"Philippe Deregel : \u00ab Des parcours de vie ont chang\u00e9 apr\u00e8s notre Tour alternatif \u00bb - AlterTour\" \/>\n<meta property=\"og:description\" content=\"Philippe Deregel est l\u2019un des organisateurs de l\u2019AlterTour au sein de l\u2019association Altercampagne, qui encourage \u00ab une soci\u00e9t\u00e9 sans dopage \u00bb. Samedi soir, lors de la cl\u00f4ture de l\u2019\u00e9dition 2017 \u00e0 La Ruche Truk\u2019Muche, il a r\u00e9pondu \u00e0 nos questions. Comment s\u2019est d\u00e9roul\u00e9e cette \u00e9dition qui a d\u00e9but\u00e9 le 8 ... Read More\" \/>\n<meta property=\"og:url\" content=\"https:\/\/www.altercampagne.net\/?p=7558\" \/>\n<meta property=\"og:site_name\" content=\"AlterTour\" \/>\n<meta property=\"article:published_time\" content=\"2017-08-21T19:42:09+00:00\" \/>\n<meta property=\"article:modified_time\" content=\"2018-02-23T16:09:52+00:00\" \/>\n<meta property=\"og:image\" content=\"https:\/\/www.altercampagne.net\/wp-content\/uploads\/2017\/08\/DSC00876.jpg\" \/>\n\t<meta property=\"og:image:width\" content=\"755\" \/>\n\t<meta property=\"og:image:height\" content=\"395\" \/>\n\t<meta property=\"og:image:type\" content=\"image\/jpeg\" \/>\n<meta name=\"author\" content=\"Mathieu\" \/>\n<meta name=\"twitter:card\" content=\"summary_large_image\" \/>\n<meta name=\"twitter:label1\" content=\"\u00c9crit par\" \/>\n\t<meta name=\"twitter:data1\" content=\"Mathieu\" \/>\n\t<meta name=\"twitter:label2\" content=\"Dur\u00e9e de lecture estim\u00e9e\" \/>\n\t<meta name=\"twitter:data2\" content=\"2 minutes\" \/>\n<script type=\"application\/ld+json\" class=\"yoast-schema-graph\">{\"@context\":\"https:\\\/\\\/schema.org\",\"@graph\":[{\"@type\":\"Article\",\"@id\":\"https:\\\/\\\/www.altercampagne.net\\\/?p=7558#article\",\"isPartOf\":{\"@id\":\"https:\\\/\\\/www.altercampagne.net\\\/?p=7558\"},\"author\":{\"name\":\"Mathieu\",\"@id\":\"https:\\\/\\\/www.altercampagne.net\\\/#\\\/schema\\\/person\\\/0f261460c09e430caa0f9bcffa319109\"},\"headline\":\"Philippe Deregel : \u00ab Des parcours de vie ont chang\u00e9 apr\u00e8s notre Tour alternatif \u00bb\",\"datePublished\":\"2017-08-21T19:42:09+00:00\",\"dateModified\":\"2018-02-23T16:09:52+00:00\",\"mainEntityOfPage\":{\"@id\":\"https:\\\/\\\/www.altercampagne.net\\\/?p=7558\"},\"wordCount\":381,\"image\":{\"@id\":\"https:\\\/\\\/www.altercampagne.net\\\/?p=7558#primaryimage\"},\"thumbnailUrl\":\"https:\\\/\\\/www.altercampagne.net\\\/wp-content\\\/uploads\\\/2017\\\/08\\\/DSC00876.jpg\",\"keywords\":[\"Philippe Der\u00e9gel\",\"Dr\u00f4me\",\"Auvergne-Rh\u00f4ne-Alpes\",\"Rhone-Alpes\",\"Valence\",\"AlterTour 2017\",\"2017\",\"Jardin\u2019Envie\",\"Le Dauphin\u00e9\",\"Ruche Truk\u2019Muche\",\"Jonquettes\",\"Fr\u00e9d\u00e9ric FAYS\"],\"articleSection\":[\"Auvergne-Rh\u00f4ne-Alpes\",\"Agriculture\",\"Revue de presse\",\"\u00c9dition 2017\"],\"inLanguage\":\"fr-FR\"},{\"@type\":\"WebPage\",\"@id\":\"https:\\\/\\\/www.altercampagne.net\\\/?p=7558\",\"url\":\"https:\\\/\\\/www.altercampagne.net\\\/?p=7558\",\"name\":\"Philippe Deregel : \u00ab Des parcours de vie ont chang\u00e9 apr\u00e8s notre Tour alternatif \u00bb - AlterTour\",\"isPartOf\":{\"@id\":\"https:\\\/\\\/www.altercampagne.net\\\/#website\"},\"primaryImageOfPage\":{\"@id\":\"https:\\\/\\\/www.altercampagne.net\\\/?p=7558#primaryimage\"},\"image\":{\"@id\":\"https:\\\/\\\/www.altercampagne.net\\\/?p=7558#primaryimage\"},\"thumbnailUrl\":\"https:\\\/\\\/www.altercampagne.net\\\/wp-content\\\/uploads\\\/2017\\\/08\\\/DSC00876.jpg\",\"datePublished\":\"2017-08-21T19:42:09+00:00\",\"dateModified\":\"2018-02-23T16:09:52+00:00\",\"author\":{\"@id\":\"https:\\\/\\\/www.altercampagne.net\\\/#\\\/schema\\\/person\\\/0f261460c09e430caa0f9bcffa319109\"},\"breadcrumb\":{\"@id\":\"https:\\\/\\\/www.altercampagne.net\\\/?p=7558#breadcrumb\"},\"inLanguage\":\"fr-FR\",\"potentialAction\":[{\"@type\":\"ReadAction\",\"target\":[\"https:\\\/\\\/www.altercampagne.net\\\/?p=7558\"]}]},{\"@type\":\"ImageObject\",\"inLanguage\":\"fr-FR\",\"@id\":\"https:\\\/\\\/www.altercampagne.net\\\/?p=7558#primaryimage\",\"url\":\"https:\\\/\\\/www.altercampagne.net\\\/wp-content\\\/uploads\\\/2017\\\/08\\\/DSC00876.jpg\",\"contentUrl\":\"https:\\\/\\\/www.altercampagne.net\\\/wp-content\\\/uploads\\\/2017\\\/08\\\/DSC00876.jpg\",\"width\":755,\"height\":395},{\"@type\":\"BreadcrumbList\",\"@id\":\"https:\\\/\\\/www.altercampagne.net\\\/?p=7558#breadcrumb\",\"itemListElement\":[{\"@type\":\"ListItem\",\"position\":1,\"name\":\"Accueil\",\"item\":\"https:\\\/\\\/www.altercampagne.net\\\/\"},{\"@type\":\"ListItem\",\"position\":2,\"name\":\"Philippe Deregel : \u00ab Des parcours de vie ont chang\u00e9 apr\u00e8s notre Tour alternatif \u00bb\"}]},{\"@type\":\"WebSite\",\"@id\":\"https:\\\/\\\/www.altercampagne.net\\\/#website\",\"url\":\"https:\\\/\\\/www.altercampagne.net\\\/\",\"name\":\"AlterTour\",\"description\":\"Reliez les Alternatives \u00e0 v\u00e9lo\",\"potentialAction\":[{\"@type\":\"SearchAction\",\"target\":{\"@type\":\"EntryPoint\",\"urlTemplate\":\"https:\\\/\\\/www.altercampagne.net\\\/?s={search_term_string}\"},\"query-input\":{\"@type\":\"PropertyValueSpecification\",\"valueRequired\":true,\"valueName\":\"search_term_string\"}}],\"inLanguage\":\"fr-FR\"},{\"@type\":\"Person\",\"@id\":\"https:\\\/\\\/www.altercampagne.net\\\/#\\\/schema\\\/person\\\/0f261460c09e430caa0f9bcffa319109\",\"name\":\"Mathieu\",\"image\":{\"@type\":\"ImageObject\",\"inLanguage\":\"fr-FR\",\"@id\":\"https:\\\/\\\/secure.gravatar.com\\\/avatar\\\/aa9d3d24c83f2141e5e2709d0f63d09a99f6be6bb7a50abc4915838d9f54501a?s=96&d=mm&r=g\",\"url\":\"https:\\\/\\\/secure.gravatar.com\\\/avatar\\\/aa9d3d24c83f2141e5e2709d0f63d09a99f6be6bb7a50abc4915838d9f54501a?s=96&d=mm&r=g\",\"contentUrl\":\"https:\\\/\\\/secure.gravatar.com\\\/avatar\\\/aa9d3d24c83f2141e5e2709d0f63d09a99f6be6bb7a50abc4915838d9f54501a?s=96&d=mm&r=g\",\"caption\":\"Mathieu\"},\"url\":\"https:\\\/\\\/www.altercampagne.net\\\/?author=214\"}]}<\/script>\n<!-- \/ Yoast SEO plugin. -->","yoast_head_json":{"title":"Philippe Deregel : \u00ab Des parcours de vie ont chang\u00e9 apr\u00e8s notre Tour alternatif \u00bb - AlterTour","robots":{"index":"index","follow":"follow","max-snippet":"max-snippet:-1","max-image-preview":"max-image-preview:large","max-video-preview":"max-video-preview:-1"},"canonical":"https:\/\/www.altercampagne.net\/?p=7558","og_locale":"fr_FR","og_type":"article","og_title":"Philippe Deregel : \u00ab Des parcours de vie ont chang\u00e9 apr\u00e8s notre Tour alternatif \u00bb - AlterTour","og_description":"Philippe Deregel est l\u2019un des organisateurs de l\u2019AlterTour au sein de l\u2019association Altercampagne, qui encourage \u00ab une soci\u00e9t\u00e9 sans dopage \u00bb. Samedi soir, lors de la cl\u00f4ture de l\u2019\u00e9dition 2017 \u00e0 La Ruche Truk\u2019Muche, il a r\u00e9pondu \u00e0 nos questions. Comment s\u2019est d\u00e9roul\u00e9e cette \u00e9dition qui a d\u00e9but\u00e9 le 8 ... Read More","og_url":"https:\/\/www.altercampagne.net\/?p=7558","og_site_name":"AlterTour","article_published_time":"2017-08-21T19:42:09+00:00","article_modified_time":"2018-02-23T16:09:52+00:00","og_image":[{"width":755,"height":395,"url":"https:\/\/www.altercampagne.net\/wp-content\/uploads\/2017\/08\/DSC00876.jpg","type":"image\/jpeg"}],"author":"Mathieu","twitter_card":"summary_large_image","twitter_misc":{"\u00c9crit par":"Mathieu","Dur\u00e9e de lecture estim\u00e9e":"2 minutes"},"schema":{"@context":"https:\/\/schema.org","@graph":[{"@type":"Article","@id":"https:\/\/www.altercampagne.net\/?p=7558#article","isPartOf":{"@id":"https:\/\/www.altercampagne.net\/?p=7558"},"author":{"name":"Mathieu","@id":"https:\/\/www.altercampagne.net\/#\/schema\/person\/0f261460c09e430caa0f9bcffa319109"},"headline":"Philippe Deregel : \u00ab Des parcours de vie ont chang\u00e9 apr\u00e8s notre Tour alternatif \u00bb","datePublished":"2017-08-21T19:42:09+00:00","dateModified":"2018-02-23T16:09:52+00:00","mainEntityOfPage":{"@id":"https:\/\/www.altercampagne.net\/?p=7558"},"wordCount":381,"image":{"@id":"https:\/\/www.altercampagne.net\/?p=7558#primaryimage"},"thumbnailUrl":"https:\/\/www.altercampagne.net\/wp-content\/uploads\/2017\/08\/DSC00876.jpg","keywords":["Philippe Der\u00e9gel","Dr\u00f4me","Auvergne-Rh\u00f4ne-Alpes","Rhone-Alpes","Valence","AlterTour 2017","2017","Jardin\u2019Envie","Le Dauphin\u00e9","Ruche Truk\u2019Muche","Jonquettes","Fr\u00e9d\u00e9ric FAYS"],"articleSection":["Auvergne-Rh\u00f4ne-Alpes","Agriculture","Revue de presse","\u00c9dition 2017"],"inLanguage":"fr-FR"},{"@type":"WebPage","@id":"https:\/\/www.altercampagne.net\/?p=7558","url":"https:\/\/www.altercampagne.net\/?p=7558","name":"Philippe Deregel : \u00ab Des parcours de vie ont chang\u00e9 apr\u00e8s notre Tour alternatif \u00bb - AlterTour","isPartOf":{"@id":"https:\/\/www.altercampagne.net\/#website"},"primaryImageOfPage":{"@id":"https:\/\/www.altercampagne.net\/?p=7558#primaryimage"},"image":{"@id":"https:\/\/www.altercampagne.net\/?p=7558#primaryimage"},"thumbnailUrl":"https:\/\/www.altercampagne.net\/wp-content\/uploads\/2017\/08\/DSC00876.jpg","datePublished":"2017-08-21T19:42:09+00:00","dateModified":"2018-02-23T16:09:52+00:00","author":{"@id":"https:\/\/www.altercampagne.net\/#\/schema\/person\/0f261460c09e430caa0f9bcffa319109"},"breadcrumb":{"@id":"https:\/\/www.altercampagne.net\/?p=7558#breadcrumb"},"inLanguage":"fr-FR","potentialAction":[{"@type":"ReadAction","target":["https:\/\/www.altercampagne.net\/?p=7558"]}]},{"@type":"ImageObject","inLanguage":"fr-FR","@id":"https:\/\/www.altercampagne.net\/?p=7558#primaryimage","url":"https:\/\/www.altercampagne.net\/wp-content\/uploads\/2017\/08\/DSC00876.jpg","contentUrl":"https:\/\/www.altercampagne.net\/wp-content\/uploads\/2017\/08\/DSC00876.jpg","width":755,"height":395},{"@type":"BreadcrumbList","@id":"https:\/\/www.altercampagne.net\/?p=7558#breadcrumb","itemListElement":[{"@type":"ListItem","position":1,"name":"Accueil","item":"https:\/\/www.altercampagne.net\/"},{"@type":"ListItem","position":2,"name":"Philippe Deregel : \u00ab Des parcours de vie ont chang\u00e9 apr\u00e8s notre Tour alternatif \u00bb"}]},{"@type":"WebSite","@id":"https:\/\/www.altercampagne.net\/#website","url":"https:\/\/www.altercampagne.net\/","name":"AlterTour","description":"Reliez les Alternatives \u00e0 v\u00e9lo","potentialAction":[{"@type":"SearchAction","target":{"@type":"EntryPoint","urlTemplate":"https:\/\/www.altercampagne.net\/?s={search_term_string}"},"query-input":{"@type":"PropertyValueSpecification","valueRequired":true,"valueName":"search_term_string"}}],"inLanguage":"fr-FR"},{"@type":"Person","@id":"https:\/\/www.altercampagne.net\/#\/schema\/person\/0f261460c09e430caa0f9bcffa319109","name":"Mathieu","image":{"@type":"ImageObject","inLanguage":"fr-FR","@id":"https:\/\/secure.gravatar.com\/avatar\/aa9d3d24c83f2141e5e2709d0f63d09a99f6be6bb7a50abc4915838d9f54501a?s=96&d=mm&r=g","url":"https:\/\/secure.gravatar.com\/avatar\/aa9d3d24c83f2141e5e2709d0f63d09a99f6be6bb7a50abc4915838d9f54501a?s=96&d=mm&r=g","contentUrl":"https:\/\/secure.gravatar.com\/avatar\/aa9d3d24c83f2141e5e2709d0f63d09a99f6be6bb7a50abc4915838d9f54501a?s=96&d=mm&r=g","caption":"Mathieu"},"url":"https:\/\/www.altercampagne.net\/?author=214"}]}},"_links":{"self":[{"href":"https:\/\/www.altercampagne.net\/index.php?rest_route=\/wp\/v2\/posts\/7558","targetHints":{"allow":["GET"]}}],"collection":[{"href":"https:\/\/www.altercampagne.net\/index.php?rest_route=\/wp\/v2\/posts"}],"about":[{"href":"https:\/\/www.altercampagne.net\/index.php?rest_route=\/wp\/v2\/types\/post"}],"author":[{"embeddable":true,"href":"https:\/\/www.altercampagne.net\/index.php?rest_route=\/wp\/v2\/users\/214"}],"replies":[{"embeddable":true,"href":"https:\/\/www.altercampagne.net\/index.php?rest_route=%2Fwp%2Fv2%2Fcomments&post=7558"}],"version-history":[{"count":0,"href":"https:\/\/www.altercampagne.net\/index.php?rest_route=\/wp\/v2\/posts\/7558\/revisions"}],"wp:featuredmedia":[{"embeddable":true,"href":"https:\/\/www.altercampagne.net\/index.php?rest_route=\/wp\/v2\/media\/9435"}],"wp:attachment":[{"href":"https:\/\/www.altercampagne.net\/index.php?rest_route=%2Fwp%2Fv2%2Fmedia&parent=7558"}],"wp:term":[{"taxonomy":"category","embeddable":true,"href":"https:\/\/www.altercampagne.net\/index.php?rest_route=%2Fwp%2Fv2%2Fcategories&post=7558"},{"taxonomy":"post_tag","embeddable":true,"href":"https:\/\/www.altercampagne.net\/index.php?rest_route=%2Fwp%2Fv2%2Ftags&post=7558"}],"curies":[{"name":"wp","href":"https:\/\/api.w.org\/{rel}","templated":true}]}}