{"id":7560,"date":"2017-08-19T21:47:02","date_gmt":"2017-08-19T19:47:02","guid":{"rendered":"http:\/\/www.altercampagne.net\/?p=7560"},"modified":"2018-02-23T17:11:55","modified_gmt":"2018-02-23T16:11:55","slug":"ce-soir-la-cloture-de-laltertour-a-la-ruche-trukmuche","status":"publish","type":"post","link":"https:\/\/www.altercampagne.net\/?p=7560","title":{"rendered":"Ce soir, la cl\u00f4ture de l\u2019AlterTour \u00e0 La Ruche Truk\u2019Muche"},"content":{"rendered":"<p>La 10<span class=\"exposant\">e<\/span> \u00e9dition de l\u2019AlterTour arrive donc ce soir \u00e0 Bourg-l\u00e8s-Valence. Avec une premi\u00e8re escale chez Jardin\u2019enVie qui pr\u00e9sentera sa d\u00e9marche autour des cultures de semences paysannes sur une parcelle de Bourg-l\u00e8s-Valence (ce matin \u00e0 10 heures au 429 route de Chaux). Apr\u00e8s un pique-nique du c\u00f4t\u00e9 des jardins partag\u00e9s du Mat \u00e0 Fontbarlettes et une visite de la CRIIRAD (Commission de recherche et d\u2019information ind\u00e9pendantes sur la radioactivit\u00e9), c\u2019est une soir\u00e9e festive qui est propos\u00e9e \u00e0 la Ruche Truk\u2019Muche \u00e0 partir de 19 heures. Au programme des concerts de Z\u00e9n\u00e9kar (bal tzigane) et Atypic Groove (batucada), un l\u00e2cher de clowns qui s\u2019annonce \u00e9tonnant, un repas 100 % vari\u00e9t\u00e9s paysannes. L\u2019entr\u00e9e est \u00e0 prix libre, le repas (5 plats \u00e0 base l\u00e9gumes) est \u00e0 10 \u20ac.<\/p>\n<p>Rappelons que l\u2019AlterTour, parti le 8 juillet de Toulouse, rassemble des cyclistes curieux de d\u00e9couvrir d\u2019autres mani\u00e8res de vivre, produire et consommer. Ils sont 320 au total qui se sont relay\u00e9s au fil des \u00e9tapes pour finir une cinquantaine pour ce dernier jour.<\/p>\n<p style=\"text-align: right;\"><a href=\"http:\/\/c.ledauphine.com\/drome\/2017\/08\/19\/ce-soir-la-cloture-de-l-alter-tour-a-la-ruche-truk-muche\" target=\"_blank\" rel=\"noopener\"><strong>Le Dauphin\u00e9<\/strong><\/a><\/p>\n","protected":false},"excerpt":{"rendered":"<p>La 10e \u00e9dition de l\u2019AlterTour arrive donc ce soir \u00e0 Bourg-l\u00e8s-Valence. Avec une premi\u00e8re escale chez Jardin\u2019enVie qui pr\u00e9sentera sa d\u00e9marche autour des cultures de semences paysannes sur une parcelle de Bourg-l\u00e8s-Valence (ce matin \u00e0 10 heures au 429 route de Chaux). Apr\u00e8s un pique-nique du c\u00f4t\u00e9 des jardins partag\u00e9s &#8230; <\/p>\n<div><a href=\"https:\/\/www.altercampagne.net\/?p=7560\" class=\"more-link\">Read More<\/a><\/div>\n","protected":false},"author":214,"featured_media":9441,"comment_status":"closed","ping_status":"closed","sticky":false,"template":"","format":"standard","meta":{"footnotes":""},"categories":[3471,239,3457,3486,3488],"tags":[1091,1489,1650,2042,2783,2784,3095,3187,3194,3195,3196,3197,3203,3204],"class_list":["post-7560","post","type-post","status-publish","format-standard","has-post-thumbnail","hentry","category-auvergne-rhone-alpes","category-revue-de-presse","category-edition-2017","category-environnement","category-social","tag-drome","tag-auvergne-rhone-alpes","tag-rhone-alpes","tag-valence","tag-altertour-2017","tag-2784","tag-criirad","tag-jardinenvie","tag-bourg-les-valence","tag-ruche-trukmuche","tag-atypic-groove","tag-zenekar","tag-fontbarlettes","tag-le-mat-drome"],"yoast_head":"<!-- This site is optimized with the Yoast SEO plugin v27.3 - https:\/\/yoast.com\/product\/yoast-seo-wordpress\/ -->\n<title>Ce soir, la cl\u00f4ture de l\u2019AlterTour \u00e0 La Ruche Truk\u2019Muche - AlterTour<\/title>\n<meta name=\"robots\" content=\"index, follow, max-snippet:-1, max-image-preview:large, max-video-preview:-1\" \/>\n<link rel=\"canonical\" href=\"https:\/\/www.altercampagne.net\/?p=7560\" \/>\n<meta property=\"og:locale\" content=\"fr_FR\" \/>\n<meta property=\"og:type\" content=\"article\" \/>\n<meta property=\"og:title\" content=\"Ce soir, la cl\u00f4ture de l\u2019AlterTour \u00e0 La Ruche Truk\u2019Muche - AlterTour\" \/>\n<meta property=\"og:description\" content=\"La 10e \u00e9dition de l\u2019AlterTour arrive donc ce soir \u00e0 Bourg-l\u00e8s-Valence. Avec une premi\u00e8re escale chez Jardin\u2019enVie qui pr\u00e9sentera sa d\u00e9marche autour des cultures de semences paysannes sur une parcelle de Bourg-l\u00e8s-Valence (ce matin \u00e0 10 heures au 429 route de Chaux). Apr\u00e8s un pique-nique du c\u00f4t\u00e9 des jardins partag\u00e9s ... Read More\" \/>\n<meta property=\"og:url\" content=\"https:\/\/www.altercampagne.net\/?p=7560\" \/>\n<meta property=\"og:site_name\" content=\"AlterTour\" \/>\n<meta property=\"article:published_time\" content=\"2017-08-19T19:47:02+00:00\" \/>\n<meta property=\"article:modified_time\" content=\"2018-02-23T16:11:55+00:00\" \/>\n<meta property=\"og:image\" content=\"https:\/\/www.altercampagne.net\/wp-content\/uploads\/2017\/08\/DSC01048.jpg\" \/>\n\t<meta property=\"og:image:width\" content=\"850\" \/>\n\t<meta property=\"og:image:height\" content=\"444\" \/>\n\t<meta property=\"og:image:type\" content=\"image\/jpeg\" \/>\n<meta name=\"author\" content=\"Mathieu\" \/>\n<meta name=\"twitter:card\" content=\"summary_large_image\" \/>\n<meta name=\"twitter:label1\" content=\"\u00c9crit par\" \/>\n\t<meta name=\"twitter:data1\" content=\"Mathieu\" \/>\n\t<meta name=\"twitter:label2\" content=\"Dur\u00e9e de lecture estim\u00e9e\" \/>\n\t<meta name=\"twitter:data2\" content=\"1 minute\" \/>\n<script type=\"application\/ld+json\" class=\"yoast-schema-graph\">{\"@context\":\"https:\\\/\\\/schema.org\",\"@graph\":[{\"@type\":\"Article\",\"@id\":\"https:\\\/\\\/www.altercampagne.net\\\/?p=7560#article\",\"isPartOf\":{\"@id\":\"https:\\\/\\\/www.altercampagne.net\\\/?p=7560\"},\"author\":{\"name\":\"Mathieu\",\"@id\":\"https:\\\/\\\/www.altercampagne.net\\\/#\\\/schema\\\/person\\\/0f261460c09e430caa0f9bcffa319109\"},\"headline\":\"Ce soir, la cl\u00f4ture de l\u2019AlterTour \u00e0 La Ruche Truk\u2019Muche\",\"datePublished\":\"2017-08-19T19:47:02+00:00\",\"dateModified\":\"2018-02-23T16:11:55+00:00\",\"mainEntityOfPage\":{\"@id\":\"https:\\\/\\\/www.altercampagne.net\\\/?p=7560\"},\"wordCount\":195,\"image\":{\"@id\":\"https:\\\/\\\/www.altercampagne.net\\\/?p=7560#primaryimage\"},\"thumbnailUrl\":\"https:\\\/\\\/www.altercampagne.net\\\/wp-content\\\/uploads\\\/2017\\\/08\\\/DSC01048.jpg\",\"keywords\":[\"Dr\u00f4me\",\"Auvergne-Rh\u00f4ne-Alpes\",\"Rhone-Alpes\",\"Valence\",\"AlterTour 2017\",\"2017\",\"Criirad\",\"Jardin\u2019Envie\",\"Bourg-l\u00e8s-Valence\",\"Ruche Truk\u2019Muche\",\"Atypic Groove\",\"Z\u00e9n\u00e9kar\",\"Fontbarlettes\",\".Le Mat Dr\u00f4me\"],\"articleSection\":[\"Auvergne-Rh\u00f4ne-Alpes\",\"Revue de presse\",\"\u00c9dition 2017\",\"Environnement\",\"Social\"],\"inLanguage\":\"fr-FR\"},{\"@type\":\"WebPage\",\"@id\":\"https:\\\/\\\/www.altercampagne.net\\\/?p=7560\",\"url\":\"https:\\\/\\\/www.altercampagne.net\\\/?p=7560\",\"name\":\"Ce soir, la cl\u00f4ture de l\u2019AlterTour \u00e0 La Ruche Truk\u2019Muche - AlterTour\",\"isPartOf\":{\"@id\":\"https:\\\/\\\/www.altercampagne.net\\\/#website\"},\"primaryImageOfPage\":{\"@id\":\"https:\\\/\\\/www.altercampagne.net\\\/?p=7560#primaryimage\"},\"image\":{\"@id\":\"https:\\\/\\\/www.altercampagne.net\\\/?p=7560#primaryimage\"},\"thumbnailUrl\":\"https:\\\/\\\/www.altercampagne.net\\\/wp-content\\\/uploads\\\/2017\\\/08\\\/DSC01048.jpg\",\"datePublished\":\"2017-08-19T19:47:02+00:00\",\"dateModified\":\"2018-02-23T16:11:55+00:00\",\"author\":{\"@id\":\"https:\\\/\\\/www.altercampagne.net\\\/#\\\/schema\\\/person\\\/0f261460c09e430caa0f9bcffa319109\"},\"breadcrumb\":{\"@id\":\"https:\\\/\\\/www.altercampagne.net\\\/?p=7560#breadcrumb\"},\"inLanguage\":\"fr-FR\",\"potentialAction\":[{\"@type\":\"ReadAction\",\"target\":[\"https:\\\/\\\/www.altercampagne.net\\\/?p=7560\"]}]},{\"@type\":\"ImageObject\",\"inLanguage\":\"fr-FR\",\"@id\":\"https:\\\/\\\/www.altercampagne.net\\\/?p=7560#primaryimage\",\"url\":\"https:\\\/\\\/www.altercampagne.net\\\/wp-content\\\/uploads\\\/2017\\\/08\\\/DSC01048.jpg\",\"contentUrl\":\"https:\\\/\\\/www.altercampagne.net\\\/wp-content\\\/uploads\\\/2017\\\/08\\\/DSC01048.jpg\",\"width\":850,\"height\":444},{\"@type\":\"BreadcrumbList\",\"@id\":\"https:\\\/\\\/www.altercampagne.net\\\/?p=7560#breadcrumb\",\"itemListElement\":[{\"@type\":\"ListItem\",\"position\":1,\"name\":\"Accueil\",\"item\":\"https:\\\/\\\/www.altercampagne.net\\\/\"},{\"@type\":\"ListItem\",\"position\":2,\"name\":\"Ce soir, la cl\u00f4ture de l\u2019AlterTour \u00e0 La Ruche Truk\u2019Muche\"}]},{\"@type\":\"WebSite\",\"@id\":\"https:\\\/\\\/www.altercampagne.net\\\/#website\",\"url\":\"https:\\\/\\\/www.altercampagne.net\\\/\",\"name\":\"AlterTour\",\"description\":\"Reliez les Alternatives \u00e0 v\u00e9lo\",\"potentialAction\":[{\"@type\":\"SearchAction\",\"target\":{\"@type\":\"EntryPoint\",\"urlTemplate\":\"https:\\\/\\\/www.altercampagne.net\\\/?s={search_term_string}\"},\"query-input\":{\"@type\":\"PropertyValueSpecification\",\"valueRequired\":true,\"valueName\":\"search_term_string\"}}],\"inLanguage\":\"fr-FR\"},{\"@type\":\"Person\",\"@id\":\"https:\\\/\\\/www.altercampagne.net\\\/#\\\/schema\\\/person\\\/0f261460c09e430caa0f9bcffa319109\",\"name\":\"Mathieu\",\"image\":{\"@type\":\"ImageObject\",\"inLanguage\":\"fr-FR\",\"@id\":\"https:\\\/\\\/secure.gravatar.com\\\/avatar\\\/aa9d3d24c83f2141e5e2709d0f63d09a99f6be6bb7a50abc4915838d9f54501a?s=96&d=mm&r=g\",\"url\":\"https:\\\/\\\/secure.gravatar.com\\\/avatar\\\/aa9d3d24c83f2141e5e2709d0f63d09a99f6be6bb7a50abc4915838d9f54501a?s=96&d=mm&r=g\",\"contentUrl\":\"https:\\\/\\\/secure.gravatar.com\\\/avatar\\\/aa9d3d24c83f2141e5e2709d0f63d09a99f6be6bb7a50abc4915838d9f54501a?s=96&d=mm&r=g\",\"caption\":\"Mathieu\"},\"url\":\"https:\\\/\\\/www.altercampagne.net\\\/?author=214\"}]}<\/script>\n<!-- \/ Yoast SEO plugin. -->","yoast_head_json":{"title":"Ce soir, la cl\u00f4ture de l\u2019AlterTour \u00e0 La Ruche Truk\u2019Muche - AlterTour","robots":{"index":"index","follow":"follow","max-snippet":"max-snippet:-1","max-image-preview":"max-image-preview:large","max-video-preview":"max-video-preview:-1"},"canonical":"https:\/\/www.altercampagne.net\/?p=7560","og_locale":"fr_FR","og_type":"article","og_title":"Ce soir, la cl\u00f4ture de l\u2019AlterTour \u00e0 La Ruche Truk\u2019Muche - AlterTour","og_description":"La 10e \u00e9dition de l\u2019AlterTour arrive donc ce soir \u00e0 Bourg-l\u00e8s-Valence. Avec une premi\u00e8re escale chez Jardin\u2019enVie qui pr\u00e9sentera sa d\u00e9marche autour des cultures de semences paysannes sur une parcelle de Bourg-l\u00e8s-Valence (ce matin \u00e0 10 heures au 429 route de Chaux). Apr\u00e8s un pique-nique du c\u00f4t\u00e9 des jardins partag\u00e9s ... Read More","og_url":"https:\/\/www.altercampagne.net\/?p=7560","og_site_name":"AlterTour","article_published_time":"2017-08-19T19:47:02+00:00","article_modified_time":"2018-02-23T16:11:55+00:00","og_image":[{"width":850,"height":444,"url":"https:\/\/www.altercampagne.net\/wp-content\/uploads\/2017\/08\/DSC01048.jpg","type":"image\/jpeg"}],"author":"Mathieu","twitter_card":"summary_large_image","twitter_misc":{"\u00c9crit par":"Mathieu","Dur\u00e9e de lecture estim\u00e9e":"1 minute"},"schema":{"@context":"https:\/\/schema.org","@graph":[{"@type":"Article","@id":"https:\/\/www.altercampagne.net\/?p=7560#article","isPartOf":{"@id":"https:\/\/www.altercampagne.net\/?p=7560"},"author":{"name":"Mathieu","@id":"https:\/\/www.altercampagne.net\/#\/schema\/person\/0f261460c09e430caa0f9bcffa319109"},"headline":"Ce soir, la cl\u00f4ture de l\u2019AlterTour \u00e0 La Ruche Truk\u2019Muche","datePublished":"2017-08-19T19:47:02+00:00","dateModified":"2018-02-23T16:11:55+00:00","mainEntityOfPage":{"@id":"https:\/\/www.altercampagne.net\/?p=7560"},"wordCount":195,"image":{"@id":"https:\/\/www.altercampagne.net\/?p=7560#primaryimage"},"thumbnailUrl":"https:\/\/www.altercampagne.net\/wp-content\/uploads\/2017\/08\/DSC01048.jpg","keywords":["Dr\u00f4me","Auvergne-Rh\u00f4ne-Alpes","Rhone-Alpes","Valence","AlterTour 2017","2017","Criirad","Jardin\u2019Envie","Bourg-l\u00e8s-Valence","Ruche Truk\u2019Muche","Atypic Groove","Z\u00e9n\u00e9kar","Fontbarlettes",".Le Mat Dr\u00f4me"],"articleSection":["Auvergne-Rh\u00f4ne-Alpes","Revue de presse","\u00c9dition 2017","Environnement","Social"],"inLanguage":"fr-FR"},{"@type":"WebPage","@id":"https:\/\/www.altercampagne.net\/?p=7560","url":"https:\/\/www.altercampagne.net\/?p=7560","name":"Ce soir, la cl\u00f4ture de l\u2019AlterTour \u00e0 La Ruche Truk\u2019Muche - AlterTour","isPartOf":{"@id":"https:\/\/www.altercampagne.net\/#website"},"primaryImageOfPage":{"@id":"https:\/\/www.altercampagne.net\/?p=7560#primaryimage"},"image":{"@id":"https:\/\/www.altercampagne.net\/?p=7560#primaryimage"},"thumbnailUrl":"https:\/\/www.altercampagne.net\/wp-content\/uploads\/2017\/08\/DSC01048.jpg","datePublished":"2017-08-19T19:47:02+00:00","dateModified":"2018-02-23T16:11:55+00:00","author":{"@id":"https:\/\/www.altercampagne.net\/#\/schema\/person\/0f261460c09e430caa0f9bcffa319109"},"breadcrumb":{"@id":"https:\/\/www.altercampagne.net\/?p=7560#breadcrumb"},"inLanguage":"fr-FR","potentialAction":[{"@type":"ReadAction","target":["https:\/\/www.altercampagne.net\/?p=7560"]}]},{"@type":"ImageObject","inLanguage":"fr-FR","@id":"https:\/\/www.altercampagne.net\/?p=7560#primaryimage","url":"https:\/\/www.altercampagne.net\/wp-content\/uploads\/2017\/08\/DSC01048.jpg","contentUrl":"https:\/\/www.altercampagne.net\/wp-content\/uploads\/2017\/08\/DSC01048.jpg","width":850,"height":444},{"@type":"BreadcrumbList","@id":"https:\/\/www.altercampagne.net\/?p=7560#breadcrumb","itemListElement":[{"@type":"ListItem","position":1,"name":"Accueil","item":"https:\/\/www.altercampagne.net\/"},{"@type":"ListItem","position":2,"name":"Ce soir, la cl\u00f4ture de l\u2019AlterTour \u00e0 La Ruche Truk\u2019Muche"}]},{"@type":"WebSite","@id":"https:\/\/www.altercampagne.net\/#website","url":"https:\/\/www.altercampagne.net\/","name":"AlterTour","description":"Reliez les Alternatives \u00e0 v\u00e9lo","potentialAction":[{"@type":"SearchAction","target":{"@type":"EntryPoint","urlTemplate":"https:\/\/www.altercampagne.net\/?s={search_term_string}"},"query-input":{"@type":"PropertyValueSpecification","valueRequired":true,"valueName":"search_term_string"}}],"inLanguage":"fr-FR"},{"@type":"Person","@id":"https:\/\/www.altercampagne.net\/#\/schema\/person\/0f261460c09e430caa0f9bcffa319109","name":"Mathieu","image":{"@type":"ImageObject","inLanguage":"fr-FR","@id":"https:\/\/secure.gravatar.com\/avatar\/aa9d3d24c83f2141e5e2709d0f63d09a99f6be6bb7a50abc4915838d9f54501a?s=96&d=mm&r=g","url":"https:\/\/secure.gravatar.com\/avatar\/aa9d3d24c83f2141e5e2709d0f63d09a99f6be6bb7a50abc4915838d9f54501a?s=96&d=mm&r=g","contentUrl":"https:\/\/secure.gravatar.com\/avatar\/aa9d3d24c83f2141e5e2709d0f63d09a99f6be6bb7a50abc4915838d9f54501a?s=96&d=mm&r=g","caption":"Mathieu"},"url":"https:\/\/www.altercampagne.net\/?author=214"}]}},"_links":{"self":[{"href":"https:\/\/www.altercampagne.net\/index.php?rest_route=\/wp\/v2\/posts\/7560","targetHints":{"allow":["GET"]}}],"collection":[{"href":"https:\/\/www.altercampagne.net\/index.php?rest_route=\/wp\/v2\/posts"}],"about":[{"href":"https:\/\/www.altercampagne.net\/index.php?rest_route=\/wp\/v2\/types\/post"}],"author":[{"embeddable":true,"href":"https:\/\/www.altercampagne.net\/index.php?rest_route=\/wp\/v2\/users\/214"}],"replies":[{"embeddable":true,"href":"https:\/\/www.altercampagne.net\/index.php?rest_route=%2Fwp%2Fv2%2Fcomments&post=7560"}],"version-history":[{"count":0,"href":"https:\/\/www.altercampagne.net\/index.php?rest_route=\/wp\/v2\/posts\/7560\/revisions"}],"wp:featuredmedia":[{"embeddable":true,"href":"https:\/\/www.altercampagne.net\/index.php?rest_route=\/wp\/v2\/media\/9441"}],"wp:attachment":[{"href":"https:\/\/www.altercampagne.net\/index.php?rest_route=%2Fwp%2Fv2%2Fmedia&parent=7560"}],"wp:term":[{"taxonomy":"category","embeddable":true,"href":"https:\/\/www.altercampagne.net\/index.php?rest_route=%2Fwp%2Fv2%2Fcategories&post=7560"},{"taxonomy":"post_tag","embeddable":true,"href":"https:\/\/www.altercampagne.net\/index.php?rest_route=%2Fwp%2Fv2%2Ftags&post=7560"}],"curies":[{"name":"wp","href":"https:\/\/api.w.org\/{rel}","templated":true}]}}